{"id":84880,"date":"2022-07-18T19:03:04","date_gmt":"2022-07-18T22:03:04","guid":{"rendered":"https:\/\/www.gaveanews.com\/?p=84880"},"modified":"2022-07-18T19:03:19","modified_gmt":"2022-07-18T22:03:19","slug":"flamengo-busca-mais-reforcos-enquanto-tenta-fechar-contratacoes-de-wendel-e-walace","status":"publish","type":"post","link":"https:\/\/www.gaveanews.com\/index.php\/2022\/07\/18\/flamengo-busca-mais-reforcos-enquanto-tenta-fechar-contratacoes-de-wendel-e-walace\/","title":{"rendered":"Flamengo busca mais refor\u00e7os enquanto tenta fechar contrata\u00e7\u00f5es de Wendel e Walace"},"content":{"rendered":"\n<p>A janela de transfer\u00eancias come\u00e7ou quente no Flamengo e promete ainda mais novidades para a Na\u00e7\u00e3o Rubro-Negra. At\u00e9 o momento, o Mais Querido j\u00e1 acertou as contrata\u00e7\u00f5es de Cebolinha e Vidal. Al\u00e9m disso, tenta fechar com os volantes Wendel e Walace, e ainda mais refor\u00e7os.<\/p>\n\n\n\n<p>Em rela\u00e7\u00e3o a Wendel, o sucesso da negocia\u00e7\u00e3o entre as partes depende de um acordo com os russos na proposta do Fla de empr\u00e9stimo de um ano. De acordo com o \u2018GE\u2019, h\u00e1 expectativa de novidades no caso nesta segunda-feira. O volante de 24 anos tem mais tr\u00eas anos de contrato e pode usar o mecanismo da Fifa para suspender o v\u00ednculo.<\/p>\n\n\n\n<p>J\u00e1 Walace, tem situa\u00e7\u00e3o mais tranquila do que Wendel. O volante da Udinese tem bases salariais acertadas com o Rubro-Negro, sendo o \u00fanico impasse o valor da venda dos direitos. O empres\u00e1rio do jogador viajou \u00e0 It\u00e1lia para se reunir com o clube e a expectativa, segundo \u2018GE, \u00e9 de novidades nesta ter\u00e7a-feira.<\/p>\n\n\n\n<p>Al\u00e9m dos volantes, o Mais Querido ainda tenta outras pe\u00e7as que o t\u00e9cnico Dorival Jr enxerga como necess\u00e1rio para o elenco. Oscar, que hoje est\u00e1 na China, \u00e9 um nome que interessa o clube, mas a quest\u00e3o financeira \u00e9 um empecilho. A estrat\u00e9gia do Meng\u00e3o, ainda segundo o portal, neste caso, \u00e9 ir com cautela e procurar brechas.<\/p>\n\n\n\n<p>Retirado de: Di\u00e1rio do Fla<\/p>\n","protected":false},"excerpt":{"rendered":"<p>A janela de transfer\u00eancias come\u00e7ou quente no Flamengo e promete ainda mais novidades para a Na\u00e7\u00e3o Rubro-Negra. At\u00e9 o momento, o Mais Querido j\u00e1 acertou as contrata\u00e7\u00f5es de Cebolinha e Vidal. Al\u00e9m disso, tenta fechar com os volantes Wendel e Walace, e ainda mais refor\u00e7os. Em rela\u00e7\u00e3o a Wendel, o sucesso da negocia\u00e7\u00e3o entre as [&hellip;]<\/p>\n","protected":false},"author":1,"featured_media":84769,"comment_status":"open","ping_status":"closed","sticky":false,"template":"","format":"standard","meta":{"footnotes":""},"categories":[48],"tags":[],"class_list":["post-84880","post","type-post","status-publish","format-standard","has-post-thumbnail","hentry","category-negociacoes"],"yoast_head":"<!-- This site is optimized with the Yoast SEO Premium plugin v24.2 (Yoast SEO v26.9) - https:\/\/yoast.com\/product\/yoast-seo-premium-wordpress\/ -->\n<title>Flamengo busca mais refor\u00e7os enquanto tenta fechar contrata\u00e7\u00f5es de Wendel e Walace<\/title>\n<meta name=\"robots\" content=\"index, follow, max-snippet:-1, max-image-preview:large, max-video-preview:-1\" \/>\n<link rel=\"canonical\" href=\"https:\/\/www.gaveanews.com\/index.php\/2022\/07\/18\/flamengo-busca-mais-reforcos-enquanto-tenta-fechar-contratacoes-de-wendel-e-walace\/\" \/>\n<meta property=\"og:locale\" content=\"pt_BR\" \/>\n<meta property=\"og:type\" content=\"article\" \/>\n<meta property=\"og:title\" content=\"Flamengo busca mais refor\u00e7os enquanto tenta fechar contrata\u00e7\u00f5es de Wendel e Walace\" \/>\n<meta property=\"og:description\" content=\"A janela de transfer\u00eancias come\u00e7ou quente no Flamengo e promete ainda mais novidades para a Na\u00e7\u00e3o Rubro-Negra. At\u00e9 o momento, o Mais Querido j\u00e1 acertou as contrata\u00e7\u00f5es de Cebolinha e Vidal. Al\u00e9m disso, tenta fechar com os volantes Wendel e Walace, e ainda mais refor\u00e7os. Em rela\u00e7\u00e3o a Wendel, o sucesso da negocia\u00e7\u00e3o entre as [&hellip;]\" \/>\n<meta property=\"og:url\" content=\"https:\/\/www.gaveanews.com\/index.php\/2022\/07\/18\/flamengo-busca-mais-reforcos-enquanto-tenta-fechar-contratacoes-de-wendel-e-walace\/\" \/>\n<meta property=\"og:site_name\" content=\"G\u00e1vea News\" \/>\n<meta property=\"article:publisher\" content=\"https:\/\/facebook.com\/gaveaNews\/\" \/>\n<meta property=\"article:published_time\" content=\"2022-07-18T22:03:04+00:00\" \/>\n<meta property=\"article:modified_time\" content=\"2022-07-18T22:03:19+00:00\" \/>\n<meta property=\"og:image\" content=\"https:\/\/www.gaveanews.com\/wp-content\/uploads\/Walace-jogador-da-Udinese.webp\" \/>\n\t<meta property=\"og:image:width\" content=\"889\" \/>\n\t<meta property=\"og:image:height\" content=\"567\" \/>\n\t<meta property=\"og:image:type\" content=\"image\/png\" \/>\n<meta name=\"author\" content=\"Equipe G\u00e1vea News\" \/>\n<meta name=\"twitter:card\" content=\"summary_large_image\" \/>\n<meta name=\"twitter:label1\" content=\"Escrito por\" \/>\n\t<meta name=\"twitter:data1\" content=\"Equipe G\u00e1vea News\" \/>\n\t<meta name=\"twitter:label2\" content=\"Est. tempo de leitura\" \/>\n\t<meta name=\"twitter:data2\" content=\"2 minutos\" \/>\n<script type=\"application\/ld+json\" class=\"yoast-schema-graph\">{\"@context\":\"https:\/\/schema.org\",\"@graph\":[{\"@type\":\"NewsArticle\",\"@id\":\"https:\/\/www.gaveanews.com\/index.php\/2022\/07\/18\/flamengo-busca-mais-reforcos-enquanto-tenta-fechar-contratacoes-de-wendel-e-walace\/#article\",\"isPartOf\":{\"@id\":\"https:\/\/www.gaveanews.com\/index.php\/2022\/07\/18\/flamengo-busca-mais-reforcos-enquanto-tenta-fechar-contratacoes-de-wendel-e-walace\/\"},\"author\":{\"name\":\"Equipe G\u00e1vea News\",\"@id\":\"https:\/\/www.gaveanews.com\/#\/schema\/person\/2ec14f73fb96be2caf28f91afb14749d\"},\"headline\":\"Flamengo busca mais refor\u00e7os enquanto tenta fechar contrata\u00e7\u00f5es de Wendel e Walace\",\"datePublished\":\"2022-07-18T22:03:04+00:00\",\"dateModified\":\"2022-07-18T22:03:19+00:00\",\"mainEntityOfPage\":{\"@id\":\"https:\/\/www.gaveanews.com\/index.php\/2022\/07\/18\/flamengo-busca-mais-reforcos-enquanto-tenta-fechar-contratacoes-de-wendel-e-walace\/\"},\"wordCount\":254,\"commentCount\":0,\"image\":{\"@id\":\"https:\/\/www.gaveanews.com\/index.php\/2022\/07\/18\/flamengo-busca-mais-reforcos-enquanto-tenta-fechar-contratacoes-de-wendel-e-walace\/#primaryimage\"},\"thumbnailUrl\":\"https:\/\/www.gaveanews.com\/wp-content\/uploads\/Walace-jogador-da-Udinese.webp\",\"articleSection\":[\"Negocia\u00e7\u00f5es\"],\"inLanguage\":\"pt-BR\",\"potentialAction\":[{\"@type\":\"CommentAction\",\"name\":\"Comment\",\"target\":[\"https:\/\/www.gaveanews.com\/index.php\/2022\/07\/18\/flamengo-busca-mais-reforcos-enquanto-tenta-fechar-contratacoes-de-wendel-e-walace\/#respond\"]}],\"copyrightYear\":\"2022\",\"copyrightHolder\":{\"@id\":\"https:\/\/www.gaveanews.com\/#organization\"}},{\"@type\":\"WebPage\",\"@id\":\"https:\/\/www.gaveanews.com\/index.php\/2022\/07\/18\/flamengo-busca-mais-reforcos-enquanto-tenta-fechar-contratacoes-de-wendel-e-walace\/\",\"url\":\"https:\/\/www.gaveanews.com\/index.php\/2022\/07\/18\/flamengo-busca-mais-reforcos-enquanto-tenta-fechar-contratacoes-de-wendel-e-walace\/\",\"name\":\"Flamengo busca mais refor\u00e7os enquanto tenta fechar contrata\u00e7\u00f5es de Wendel e Walace\",\"isPartOf\":{\"@id\":\"https:\/\/www.gaveanews.com\/#website\"},\"primaryImageOfPage\":{\"@id\":\"https:\/\/www.gaveanews.com\/index.php\/2022\/07\/18\/flamengo-busca-mais-reforcos-enquanto-tenta-fechar-contratacoes-de-wendel-e-walace\/#primaryimage\"},\"image\":{\"@id\":\"https:\/\/www.gaveanews.com\/index.php\/2022\/07\/18\/flamengo-busca-mais-reforcos-enquanto-tenta-fechar-contratacoes-de-wendel-e-walace\/#primaryimage\"},\"thumbnailUrl\":\"https:\/\/www.gaveanews.com\/wp-content\/uploads\/Walace-jogador-da-Udinese.webp\",\"datePublished\":\"2022-07-18T22:03:04+00:00\",\"dateModified\":\"2022-07-18T22:03:19+00:00\",\"author\":{\"@id\":\"https:\/\/www.gaveanews.com\/#\/schema\/person\/2ec14f73fb96be2caf28f91afb14749d\"},\"breadcrumb\":{\"@id\":\"https:\/\/www.gaveanews.com\/index.php\/2022\/07\/18\/flamengo-busca-mais-reforcos-enquanto-tenta-fechar-contratacoes-de-wendel-e-walace\/#breadcrumb\"},\"inLanguage\":\"pt-BR\",\"potentialAction\":[{\"@type\":\"ReadAction\",\"target\":[\"https:\/\/www.gaveanews.com\/index.php\/2022\/07\/18\/flamengo-busca-mais-reforcos-enquanto-tenta-fechar-contratacoes-de-wendel-e-walace\/\"]}]},{\"@type\":\"ImageObject\",\"inLanguage\":\"pt-BR\",\"@id\":\"https:\/\/www.gaveanews.com\/index.php\/2022\/07\/18\/flamengo-busca-mais-reforcos-enquanto-tenta-fechar-contratacoes-de-wendel-e-walace\/#primaryimage\",\"url\":\"https:\/\/www.gaveanews.com\/wp-content\/uploads\/Walace-jogador-da-Udinese.webp\",\"contentUrl\":\"https:\/\/www.gaveanews.com\/wp-content\/uploads\/Walace-jogador-da-Udinese.webp\",\"width\":889,\"height\":567,\"caption\":\"Walace, jogador da Udinese (Foto: Reprodu\u00e7\u00e3o)\"},{\"@type\":\"BreadcrumbList\",\"@id\":\"https:\/\/www.gaveanews.com\/index.php\/2022\/07\/18\/flamengo-busca-mais-reforcos-enquanto-tenta-fechar-contratacoes-de-wendel-e-walace\/#breadcrumb\",\"itemListElement\":[{\"@type\":\"ListItem\",\"position\":1,\"name\":\"Home\",\"item\":\"https:\/\/www.gaveanews.com\/\"},{\"@type\":\"ListItem\",\"position\":2,\"name\":\"Flamengo busca mais refor\u00e7os enquanto tenta fechar contrata\u00e7\u00f5es de Wendel e Walace\"}]},{\"@type\":\"WebSite\",\"@id\":\"https:\/\/www.gaveanews.com\/#website\",\"url\":\"https:\/\/www.gaveanews.com\/\",\"name\":\"G\u00e1vea News\",\"description\":\"Veja todas as not\u00edcias sobre o Flamengo: Contrata\u00e7\u00f5es, categorias de base, resultados das partidas, tabela de classifica\u00e7\u00e3o, pr\u00f3ximos jogos!\",\"potentialAction\":[{\"@type\":\"SearchAction\",\"target\":{\"@type\":\"EntryPoint\",\"urlTemplate\":\"https:\/\/www.gaveanews.com\/?s={search_term_string}\"},\"query-input\":{\"@type\":\"PropertyValueSpecification\",\"valueRequired\":true,\"valueName\":\"search_term_string\"}}],\"inLanguage\":\"pt-BR\"},{\"@type\":\"Person\",\"@id\":\"https:\/\/www.gaveanews.com\/#\/schema\/person\/2ec14f73fb96be2caf28f91afb14749d\",\"name\":\"Equipe G\u00e1vea News\",\"image\":{\"@type\":\"ImageObject\",\"inLanguage\":\"pt-BR\",\"@id\":\"https:\/\/www.gaveanews.com\/#\/schema\/person\/image\/\",\"url\":\"https:\/\/secure.gravatar.com\/avatar\/1e1956f1facbffd3f8fa53a326721950116b3b9dc9bd44939c01180fd4a745a9?s=96&d=mm&r=g\",\"contentUrl\":\"https:\/\/secure.gravatar.com\/avatar\/1e1956f1facbffd3f8fa53a326721950116b3b9dc9bd44939c01180fd4a745a9?s=96&d=mm&r=g\",\"caption\":\"Equipe G\u00e1vea News\"}}]}<\/script>\n<!-- \/ Yoast SEO Premium plugin. -->","yoast_head_json":{"title":"Flamengo busca mais refor\u00e7os enquanto tenta fechar contrata\u00e7\u00f5es de Wendel e Walace","robots":{"index":"index","follow":"follow","max-snippet":"max-snippet:-1","max-image-preview":"max-image-preview:large","max-video-preview":"max-video-preview:-1"},"canonical":"https:\/\/www.gaveanews.com\/index.php\/2022\/07\/18\/flamengo-busca-mais-reforcos-enquanto-tenta-fechar-contratacoes-de-wendel-e-walace\/","og_locale":"pt_BR","og_type":"article","og_title":"Flamengo busca mais refor\u00e7os enquanto tenta fechar contrata\u00e7\u00f5es de Wendel e Walace","og_description":"A janela de transfer\u00eancias come\u00e7ou quente no Flamengo e promete ainda mais novidades para a Na\u00e7\u00e3o Rubro-Negra. At\u00e9 o momento, o Mais Querido j\u00e1 acertou as contrata\u00e7\u00f5es de Cebolinha e Vidal. Al\u00e9m disso, tenta fechar com os volantes Wendel e Walace, e ainda mais refor\u00e7os. Em rela\u00e7\u00e3o a Wendel, o sucesso da negocia\u00e7\u00e3o entre as [&hellip;]","og_url":"https:\/\/www.gaveanews.com\/index.php\/2022\/07\/18\/flamengo-busca-mais-reforcos-enquanto-tenta-fechar-contratacoes-de-wendel-e-walace\/","og_site_name":"G\u00e1vea News","article_publisher":"https:\/\/facebook.com\/gaveaNews\/","article_published_time":"2022-07-18T22:03:04+00:00","article_modified_time":"2022-07-18T22:03:19+00:00","og_image":[{"width":889,"height":567,"url":"https:\/\/www.gaveanews.com\/wp-content\/uploads\/Walace-jogador-da-Udinese.webp","type":"image\/png"}],"author":"Equipe G\u00e1vea News","twitter_card":"summary_large_image","twitter_misc":{"Escrito por":"Equipe G\u00e1vea News","Est. tempo de leitura":"2 minutos"},"schema":{"@context":"https:\/\/schema.org","@graph":[{"@type":"NewsArticle","@id":"https:\/\/www.gaveanews.com\/index.php\/2022\/07\/18\/flamengo-busca-mais-reforcos-enquanto-tenta-fechar-contratacoes-de-wendel-e-walace\/#article","isPartOf":{"@id":"https:\/\/www.gaveanews.com\/index.php\/2022\/07\/18\/flamengo-busca-mais-reforcos-enquanto-tenta-fechar-contratacoes-de-wendel-e-walace\/"},"author":{"name":"Equipe G\u00e1vea News","@id":"https:\/\/www.gaveanews.com\/#\/schema\/person\/2ec14f73fb96be2caf28f91afb14749d"},"headline":"Flamengo busca mais refor\u00e7os enquanto tenta fechar contrata\u00e7\u00f5es de Wendel e Walace","datePublished":"2022-07-18T22:03:04+00:00","dateModified":"2022-07-18T22:03:19+00:00","mainEntityOfPage":{"@id":"https:\/\/www.gaveanews.com\/index.php\/2022\/07\/18\/flamengo-busca-mais-reforcos-enquanto-tenta-fechar-contratacoes-de-wendel-e-walace\/"},"wordCount":254,"commentCount":0,"image":{"@id":"https:\/\/www.gaveanews.com\/index.php\/2022\/07\/18\/flamengo-busca-mais-reforcos-enquanto-tenta-fechar-contratacoes-de-wendel-e-walace\/#primaryimage"},"thumbnailUrl":"https:\/\/www.gaveanews.com\/wp-content\/uploads\/Walace-jogador-da-Udinese.webp","articleSection":["Negocia\u00e7\u00f5es"],"inLanguage":"pt-BR","potentialAction":[{"@type":"CommentAction","name":"Comment","target":["https:\/\/www.gaveanews.com\/index.php\/2022\/07\/18\/flamengo-busca-mais-reforcos-enquanto-tenta-fechar-contratacoes-de-wendel-e-walace\/#respond"]}],"copyrightYear":"2022","copyrightHolder":{"@id":"https:\/\/www.gaveanews.com\/#organization"}},{"@type":"WebPage","@id":"https:\/\/www.gaveanews.com\/index.php\/2022\/07\/18\/flamengo-busca-mais-reforcos-enquanto-tenta-fechar-contratacoes-de-wendel-e-walace\/","url":"https:\/\/www.gaveanews.com\/index.php\/2022\/07\/18\/flamengo-busca-mais-reforcos-enquanto-tenta-fechar-contratacoes-de-wendel-e-walace\/","name":"Flamengo busca mais refor\u00e7os enquanto tenta fechar contrata\u00e7\u00f5es de Wendel e Walace","isPartOf":{"@id":"https:\/\/www.gaveanews.com\/#website"},"primaryImageOfPage":{"@id":"https:\/\/www.gaveanews.com\/index.php\/2022\/07\/18\/flamengo-busca-mais-reforcos-enquanto-tenta-fechar-contratacoes-de-wendel-e-walace\/#primaryimage"},"image":{"@id":"https:\/\/www.gaveanews.com\/index.php\/2022\/07\/18\/flamengo-busca-mais-reforcos-enquanto-tenta-fechar-contratacoes-de-wendel-e-walace\/#primaryimage"},"thumbnailUrl":"https:\/\/www.gaveanews.com\/wp-content\/uploads\/Walace-jogador-da-Udinese.webp","datePublished":"2022-07-18T22:03:04+00:00","dateModified":"2022-07-18T22:03:19+00:00","author":{"@id":"https:\/\/www.gaveanews.com\/#\/schema\/person\/2ec14f73fb96be2caf28f91afb14749d"},"breadcrumb":{"@id":"https:\/\/www.gaveanews.com\/index.php\/2022\/07\/18\/flamengo-busca-mais-reforcos-enquanto-tenta-fechar-contratacoes-de-wendel-e-walace\/#breadcrumb"},"inLanguage":"pt-BR","potentialAction":[{"@type":"ReadAction","target":["https:\/\/www.gaveanews.com\/index.php\/2022\/07\/18\/flamengo-busca-mais-reforcos-enquanto-tenta-fechar-contratacoes-de-wendel-e-walace\/"]}]},{"@type":"ImageObject","inLanguage":"pt-BR","@id":"https:\/\/www.gaveanews.com\/index.php\/2022\/07\/18\/flamengo-busca-mais-reforcos-enquanto-tenta-fechar-contratacoes-de-wendel-e-walace\/#primaryimage","url":"https:\/\/www.gaveanews.com\/wp-content\/uploads\/Walace-jogador-da-Udinese.webp","contentUrl":"https:\/\/www.gaveanews.com\/wp-content\/uploads\/Walace-jogador-da-Udinese.webp","width":889,"height":567,"caption":"Walace, jogador da Udinese (Foto: Reprodu\u00e7\u00e3o)"},{"@type":"BreadcrumbList","@id":"https:\/\/www.gaveanews.com\/index.php\/2022\/07\/18\/flamengo-busca-mais-reforcos-enquanto-tenta-fechar-contratacoes-de-wendel-e-walace\/#breadcrumb","itemListElement":[{"@type":"ListItem","position":1,"name":"Home","item":"https:\/\/www.gaveanews.com\/"},{"@type":"ListItem","position":2,"name":"Flamengo busca mais refor\u00e7os enquanto tenta fechar contrata\u00e7\u00f5es de Wendel e Walace"}]},{"@type":"WebSite","@id":"https:\/\/www.gaveanews.com\/#website","url":"https:\/\/www.gaveanews.com\/","name":"G\u00e1vea News","description":"Veja todas as not\u00edcias sobre o Flamengo: Contrata\u00e7\u00f5es, categorias de base, resultados das partidas, tabela de classifica\u00e7\u00e3o, pr\u00f3ximos jogos!","potentialAction":[{"@type":"SearchAction","target":{"@type":"EntryPoint","urlTemplate":"https:\/\/www.gaveanews.com\/?s={search_term_string}"},"query-input":{"@type":"PropertyValueSpecification","valueRequired":true,"valueName":"search_term_string"}}],"inLanguage":"pt-BR"},{"@type":"Person","@id":"https:\/\/www.gaveanews.com\/#\/schema\/person\/2ec14f73fb96be2caf28f91afb14749d","name":"Equipe G\u00e1vea News","image":{"@type":"ImageObject","inLanguage":"pt-BR","@id":"https:\/\/www.gaveanews.com\/#\/schema\/person\/image\/","url":"https:\/\/secure.gravatar.com\/avatar\/1e1956f1facbffd3f8fa53a326721950116b3b9dc9bd44939c01180fd4a745a9?s=96&d=mm&r=g","contentUrl":"https:\/\/secure.gravatar.com\/avatar\/1e1956f1facbffd3f8fa53a326721950116b3b9dc9bd44939c01180fd4a745a9?s=96&d=mm&r=g","caption":"Equipe G\u00e1vea News"}}]}},"_links":{"self":[{"href":"https:\/\/www.gaveanews.com\/index.php\/wp-json\/wp\/v2\/posts\/84880","targetHints":{"allow":["GET"]}}],"collection":[{"href":"https:\/\/www.gaveanews.com\/index.php\/wp-json\/wp\/v2\/posts"}],"about":[{"href":"https:\/\/www.gaveanews.com\/index.php\/wp-json\/wp\/v2\/types\/post"}],"author":[{"embeddable":true,"href":"https:\/\/www.gaveanews.com\/index.php\/wp-json\/wp\/v2\/users\/1"}],"replies":[{"embeddable":true,"href":"https:\/\/www.gaveanews.com\/index.php\/wp-json\/wp\/v2\/comments?post=84880"}],"version-history":[{"count":0,"href":"https:\/\/www.gaveanews.com\/index.php\/wp-json\/wp\/v2\/posts\/84880\/revisions"}],"wp:featuredmedia":[{"embeddable":true,"href":"https:\/\/www.gaveanews.com\/index.php\/wp-json\/wp\/v2\/media\/84769"}],"wp:attachment":[{"href":"https:\/\/www.gaveanews.com\/index.php\/wp-json\/wp\/v2\/media?parent=84880"}],"wp:term":[{"taxonomy":"category","embeddable":true,"href":"https:\/\/www.gaveanews.com\/index.php\/wp-json\/wp\/v2\/categories?post=84880"},{"taxonomy":"post_tag","embeddable":true,"href":"https:\/\/www.gaveanews.com\/index.php\/wp-json\/wp\/v2\/tags?post=84880"}],"curies":[{"name":"wp","href":"https:\/\/api.w.org\/{rel}","templated":true}]}}