{"id":84884,"date":"2022-07-18T21:34:45","date_gmt":"2022-07-19T00:34:45","guid":{"rendered":"https:\/\/www.gaveanews.com\/?p=84884"},"modified":"2022-07-18T21:34:47","modified_gmt":"2022-07-19T00:34:47","slug":"wendel-do-zenit-frustra-sonho-do-flamengo","status":"publish","type":"post","link":"https:\/\/www.gaveanews.com\/index.php\/2022\/07\/18\/wendel-do-zenit-frustra-sonho-do-flamengo\/","title":{"rendered":"Wendel, do Zenit, frustra sonho do Flamengo"},"content":{"rendered":"\n<p>Enquanto se aproxima de Walace (reuni\u00e3o nesta ter\u00e7a-feira pode sacramentar a compra junto \u00e0 Udinese), o Flamengo v\u00ea contrata\u00e7\u00e3o de Wendel se tornar imposs\u00edvel. Segundo fontes ligadas ao time carioca, nesta segunda-feira, os empres\u00e1rios do meia &#8211; e o pr\u00f3prio atleta &#8211; aceitaram a melhoria contratual apresentada pelo Zenit, e o contrato com o time russo ser\u00e1 renovado, al\u00e9m de ter uma valoriza\u00e7\u00e3o salarial. Ou seja, o Rubro-Negro, pelo menos neste momento, n\u00e3o conseguir\u00e1 a contrata\u00e7\u00e3o do jogador.<\/p>\n\n\n\n<p>Como existia uma negocia\u00e7\u00e3o em andamento com o Flamengo, o estafe de Wendel comunicou oficialmente aos dirigentes do Fla e encerrou o sonho de o time carioca em ter o meia por empr\u00e9stimo at\u00e9 o meio de 2023, como a c\u00fapula rubro-negra desejava.<\/p>\n\n\n\n<p>A opera\u00e7\u00e3o j\u00e1 era considerada dif\u00edcil de ser concretizada, mas Marcos Braz e Bruno Spindel, mesmo cientes da dificuldade, sustentavam a ideia em ter Wendel no elenco e n\u00e3o mediram esfor\u00e7os. O vice de futebol, inclusive, estevem em contato direto com o jogador e a sua fam\u00edlia, e o diretor executivo conversava diretamente com os representantes do meia.<\/p>\n\n\n\n<p>Por\u00e9m, desde as primeiras conversas entre as partes, Wendel e seus agentes deixaram claro que n\u00e3o iriam exercer a cl\u00e1usula da Fifa, que permite jogadores de clubes da R\u00fassia e da Ucr\u00e2nia a sa\u00edrem de gra\u00e7a por empr\u00e9stimo por conta da guerra entre os pa\u00edses. No entendimento do atleta, essa atitude poderia fazer com que ele deixasse o Zenit pela porta dos fundos e, quando retornasse ao clube, n\u00e3o teria mais o mesmo status, que hoje \u00e9 de principal jogador do elenco e valorizado, tanto \u00e9 que os russos ofereceram uma valoriza\u00e7\u00e3o.<\/p>\n\n\n\n<p>Ou seja, as possibilidades de o Flamengo ter Wendel eram: apresentar uma proposta de compra junto ao Zenit, com valores acima de 15 milh\u00f5es de euros, quantia que os russos desejam, ou que os agentes do jogador conseguissem uma libera\u00e7\u00e3o de gra\u00e7a, o que era praticamente imposs\u00edvel no entendimento dos representantes do atleta.<\/p>\n\n\n\n<p>Na \u00faltima sexta-feira, os representantes de Wendel foram para a R\u00fassia para se reunir com o Zenit para decidir qual caminho seguir e o que o clube desejava. Ent\u00e3o, os russos, que j\u00e1 haviam apresentado uma melhoria contratual, voltaram a deixar claro o desejo em manter o meia no elenco e conseguiram acertar a extens\u00e3o do v\u00ednculo.<\/p>\n\n\n\n<p>Retirado de: O Dia<\/p>\n","protected":false},"excerpt":{"rendered":"<p>Enquanto se aproxima de Walace (reuni\u00e3o nesta ter\u00e7a-feira pode sacramentar a compra junto \u00e0 Udinese), o Flamengo v\u00ea contrata\u00e7\u00e3o de Wendel se tornar imposs\u00edvel. Segundo fontes ligadas ao time carioca, nesta segunda-feira, os empres\u00e1rios do meia &#8211; e o pr\u00f3prio atleta &#8211; aceitaram a melhoria contratual apresentada pelo Zenit, e o contrato com o time [&hellip;]<\/p>\n","protected":false},"author":1,"featured_media":31302,"comment_status":"open","ping_status":"closed","sticky":false,"template":"","format":"standard","meta":{"footnotes":""},"categories":[48],"tags":[],"class_list":["post-84884","post","type-post","status-publish","format-standard","has-post-thumbnail","hentry","category-negociacoes"],"yoast_head":"<!-- This site is optimized with the Yoast SEO Premium plugin v24.2 (Yoast SEO v26.9) - https:\/\/yoast.com\/product\/yoast-seo-premium-wordpress\/ -->\n<title>Wendel, do Zenit, frustra sonho do Flamengo<\/title>\n<meta name=\"robots\" content=\"index, follow, max-snippet:-1, max-image-preview:large, max-video-preview:-1\" \/>\n<link rel=\"canonical\" href=\"https:\/\/www.gaveanews.com\/index.php\/2022\/07\/18\/wendel-do-zenit-frustra-sonho-do-flamengo\/\" \/>\n<meta property=\"og:locale\" content=\"pt_BR\" \/>\n<meta property=\"og:type\" content=\"article\" \/>\n<meta property=\"og:title\" content=\"Wendel, do Zenit, frustra sonho do Flamengo\" \/>\n<meta property=\"og:description\" content=\"Enquanto se aproxima de Walace (reuni\u00e3o nesta ter\u00e7a-feira pode sacramentar a compra junto \u00e0 Udinese), o Flamengo v\u00ea contrata\u00e7\u00e3o de Wendel se tornar imposs\u00edvel. Segundo fontes ligadas ao time carioca, nesta segunda-feira, os empres\u00e1rios do meia &#8211; e o pr\u00f3prio atleta &#8211; aceitaram a melhoria contratual apresentada pelo Zenit, e o contrato com o time [&hellip;]\" \/>\n<meta property=\"og:url\" content=\"https:\/\/www.gaveanews.com\/index.php\/2022\/07\/18\/wendel-do-zenit-frustra-sonho-do-flamengo\/\" \/>\n<meta property=\"og:site_name\" content=\"G\u00e1vea News\" \/>\n<meta property=\"article:publisher\" content=\"https:\/\/facebook.com\/gaveaNews\/\" \/>\n<meta property=\"article:published_time\" content=\"2022-07-19T00:34:45+00:00\" \/>\n<meta property=\"article:modified_time\" content=\"2022-07-19T00:34:47+00:00\" \/>\n<meta property=\"og:image\" content=\"https:\/\/www.gaveanews.com\/wp-content\/uploads\/Wendel-durante-treinamento-do-Brasil.webp\" \/>\n\t<meta property=\"og:image:width\" content=\"1280\" \/>\n\t<meta property=\"og:image:height\" content=\"720\" \/>\n\t<meta property=\"og:image:type\" content=\"image\/jpeg\" \/>\n<meta name=\"author\" content=\"Equipe G\u00e1vea News\" \/>\n<meta name=\"twitter:card\" content=\"summary_large_image\" \/>\n<meta name=\"twitter:label1\" content=\"Escrito por\" \/>\n\t<meta name=\"twitter:data1\" content=\"Equipe G\u00e1vea News\" \/>\n\t<meta name=\"twitter:label2\" content=\"Est. tempo de leitura\" \/>\n\t<meta name=\"twitter:data2\" content=\"3 minutos\" \/>\n<script type=\"application\/ld+json\" class=\"yoast-schema-graph\">{\"@context\":\"https:\/\/schema.org\",\"@graph\":[{\"@type\":\"NewsArticle\",\"@id\":\"https:\/\/www.gaveanews.com\/index.php\/2022\/07\/18\/wendel-do-zenit-frustra-sonho-do-flamengo\/#article\",\"isPartOf\":{\"@id\":\"https:\/\/www.gaveanews.com\/index.php\/2022\/07\/18\/wendel-do-zenit-frustra-sonho-do-flamengo\/\"},\"author\":{\"name\":\"Equipe G\u00e1vea News\",\"@id\":\"https:\/\/www.gaveanews.com\/#\/schema\/person\/2ec14f73fb96be2caf28f91afb14749d\"},\"headline\":\"Wendel, do Zenit, frustra sonho do Flamengo\",\"datePublished\":\"2022-07-19T00:34:45+00:00\",\"dateModified\":\"2022-07-19T00:34:47+00:00\",\"mainEntityOfPage\":{\"@id\":\"https:\/\/www.gaveanews.com\/index.php\/2022\/07\/18\/wendel-do-zenit-frustra-sonho-do-flamengo\/\"},\"wordCount\":424,\"commentCount\":0,\"image\":{\"@id\":\"https:\/\/www.gaveanews.com\/index.php\/2022\/07\/18\/wendel-do-zenit-frustra-sonho-do-flamengo\/#primaryimage\"},\"thumbnailUrl\":\"https:\/\/www.gaveanews.com\/wp-content\/uploads\/Wendel-durante-treinamento-do-Brasil.webp\",\"articleSection\":[\"Negocia\u00e7\u00f5es\"],\"inLanguage\":\"pt-BR\",\"potentialAction\":[{\"@type\":\"CommentAction\",\"name\":\"Comment\",\"target\":[\"https:\/\/www.gaveanews.com\/index.php\/2022\/07\/18\/wendel-do-zenit-frustra-sonho-do-flamengo\/#respond\"]}],\"copyrightYear\":\"2022\",\"copyrightHolder\":{\"@id\":\"https:\/\/www.gaveanews.com\/#organization\"}},{\"@type\":\"WebPage\",\"@id\":\"https:\/\/www.gaveanews.com\/index.php\/2022\/07\/18\/wendel-do-zenit-frustra-sonho-do-flamengo\/\",\"url\":\"https:\/\/www.gaveanews.com\/index.php\/2022\/07\/18\/wendel-do-zenit-frustra-sonho-do-flamengo\/\",\"name\":\"Wendel, do Zenit, frustra sonho do Flamengo\",\"isPartOf\":{\"@id\":\"https:\/\/www.gaveanews.com\/#website\"},\"primaryImageOfPage\":{\"@id\":\"https:\/\/www.gaveanews.com\/index.php\/2022\/07\/18\/wendel-do-zenit-frustra-sonho-do-flamengo\/#primaryimage\"},\"image\":{\"@id\":\"https:\/\/www.gaveanews.com\/index.php\/2022\/07\/18\/wendel-do-zenit-frustra-sonho-do-flamengo\/#primaryimage\"},\"thumbnailUrl\":\"https:\/\/www.gaveanews.com\/wp-content\/uploads\/Wendel-durante-treinamento-do-Brasil.webp\",\"datePublished\":\"2022-07-19T00:34:45+00:00\",\"dateModified\":\"2022-07-19T00:34:47+00:00\",\"author\":{\"@id\":\"https:\/\/www.gaveanews.com\/#\/schema\/person\/2ec14f73fb96be2caf28f91afb14749d\"},\"breadcrumb\":{\"@id\":\"https:\/\/www.gaveanews.com\/index.php\/2022\/07\/18\/wendel-do-zenit-frustra-sonho-do-flamengo\/#breadcrumb\"},\"inLanguage\":\"pt-BR\",\"potentialAction\":[{\"@type\":\"ReadAction\",\"target\":[\"https:\/\/www.gaveanews.com\/index.php\/2022\/07\/18\/wendel-do-zenit-frustra-sonho-do-flamengo\/\"]}]},{\"@type\":\"ImageObject\",\"inLanguage\":\"pt-BR\",\"@id\":\"https:\/\/www.gaveanews.com\/index.php\/2022\/07\/18\/wendel-do-zenit-frustra-sonho-do-flamengo\/#primaryimage\",\"url\":\"https:\/\/www.gaveanews.com\/wp-content\/uploads\/Wendel-durante-treinamento-do-Brasil.webp\",\"contentUrl\":\"https:\/\/www.gaveanews.com\/wp-content\/uploads\/Wendel-durante-treinamento-do-Brasil.webp\",\"width\":1280,\"height\":720},{\"@type\":\"BreadcrumbList\",\"@id\":\"https:\/\/www.gaveanews.com\/index.php\/2022\/07\/18\/wendel-do-zenit-frustra-sonho-do-flamengo\/#breadcrumb\",\"itemListElement\":[{\"@type\":\"ListItem\",\"position\":1,\"name\":\"Home\",\"item\":\"https:\/\/www.gaveanews.com\/\"},{\"@type\":\"ListItem\",\"position\":2,\"name\":\"Wendel, do Zenit, frustra sonho do Flamengo\"}]},{\"@type\":\"WebSite\",\"@id\":\"https:\/\/www.gaveanews.com\/#website\",\"url\":\"https:\/\/www.gaveanews.com\/\",\"name\":\"G\u00e1vea News\",\"description\":\"Veja todas as not\u00edcias sobre o Flamengo: Contrata\u00e7\u00f5es, categorias de base, resultados das partidas, tabela de classifica\u00e7\u00e3o, pr\u00f3ximos jogos!\",\"potentialAction\":[{\"@type\":\"SearchAction\",\"target\":{\"@type\":\"EntryPoint\",\"urlTemplate\":\"https:\/\/www.gaveanews.com\/?s={search_term_string}\"},\"query-input\":{\"@type\":\"PropertyValueSpecification\",\"valueRequired\":true,\"valueName\":\"search_term_string\"}}],\"inLanguage\":\"pt-BR\"},{\"@type\":\"Person\",\"@id\":\"https:\/\/www.gaveanews.com\/#\/schema\/person\/2ec14f73fb96be2caf28f91afb14749d\",\"name\":\"Equipe G\u00e1vea News\",\"image\":{\"@type\":\"ImageObject\",\"inLanguage\":\"pt-BR\",\"@id\":\"https:\/\/www.gaveanews.com\/#\/schema\/person\/image\/\",\"url\":\"https:\/\/secure.gravatar.com\/avatar\/1e1956f1facbffd3f8fa53a326721950116b3b9dc9bd44939c01180fd4a745a9?s=96&d=mm&r=g\",\"contentUrl\":\"https:\/\/secure.gravatar.com\/avatar\/1e1956f1facbffd3f8fa53a326721950116b3b9dc9bd44939c01180fd4a745a9?s=96&d=mm&r=g\",\"caption\":\"Equipe G\u00e1vea News\"}}]}<\/script>\n<!-- \/ Yoast SEO Premium plugin. -->","yoast_head_json":{"title":"Wendel, do Zenit, frustra sonho do Flamengo","robots":{"index":"index","follow":"follow","max-snippet":"max-snippet:-1","max-image-preview":"max-image-preview:large","max-video-preview":"max-video-preview:-1"},"canonical":"https:\/\/www.gaveanews.com\/index.php\/2022\/07\/18\/wendel-do-zenit-frustra-sonho-do-flamengo\/","og_locale":"pt_BR","og_type":"article","og_title":"Wendel, do Zenit, frustra sonho do Flamengo","og_description":"Enquanto se aproxima de Walace (reuni\u00e3o nesta ter\u00e7a-feira pode sacramentar a compra junto \u00e0 Udinese), o Flamengo v\u00ea contrata\u00e7\u00e3o de Wendel se tornar imposs\u00edvel. Segundo fontes ligadas ao time carioca, nesta segunda-feira, os empres\u00e1rios do meia &#8211; e o pr\u00f3prio atleta &#8211; aceitaram a melhoria contratual apresentada pelo Zenit, e o contrato com o time [&hellip;]","og_url":"https:\/\/www.gaveanews.com\/index.php\/2022\/07\/18\/wendel-do-zenit-frustra-sonho-do-flamengo\/","og_site_name":"G\u00e1vea News","article_publisher":"https:\/\/facebook.com\/gaveaNews\/","article_published_time":"2022-07-19T00:34:45+00:00","article_modified_time":"2022-07-19T00:34:47+00:00","og_image":[{"width":1280,"height":720,"url":"https:\/\/www.gaveanews.com\/wp-content\/uploads\/Wendel-durante-treinamento-do-Brasil.webp","type":"image\/jpeg"}],"author":"Equipe G\u00e1vea News","twitter_card":"summary_large_image","twitter_misc":{"Escrito por":"Equipe G\u00e1vea News","Est. tempo de leitura":"3 minutos"},"schema":{"@context":"https:\/\/schema.org","@graph":[{"@type":"NewsArticle","@id":"https:\/\/www.gaveanews.com\/index.php\/2022\/07\/18\/wendel-do-zenit-frustra-sonho-do-flamengo\/#article","isPartOf":{"@id":"https:\/\/www.gaveanews.com\/index.php\/2022\/07\/18\/wendel-do-zenit-frustra-sonho-do-flamengo\/"},"author":{"name":"Equipe G\u00e1vea News","@id":"https:\/\/www.gaveanews.com\/#\/schema\/person\/2ec14f73fb96be2caf28f91afb14749d"},"headline":"Wendel, do Zenit, frustra sonho do Flamengo","datePublished":"2022-07-19T00:34:45+00:00","dateModified":"2022-07-19T00:34:47+00:00","mainEntityOfPage":{"@id":"https:\/\/www.gaveanews.com\/index.php\/2022\/07\/18\/wendel-do-zenit-frustra-sonho-do-flamengo\/"},"wordCount":424,"commentCount":0,"image":{"@id":"https:\/\/www.gaveanews.com\/index.php\/2022\/07\/18\/wendel-do-zenit-frustra-sonho-do-flamengo\/#primaryimage"},"thumbnailUrl":"https:\/\/www.gaveanews.com\/wp-content\/uploads\/Wendel-durante-treinamento-do-Brasil.webp","articleSection":["Negocia\u00e7\u00f5es"],"inLanguage":"pt-BR","potentialAction":[{"@type":"CommentAction","name":"Comment","target":["https:\/\/www.gaveanews.com\/index.php\/2022\/07\/18\/wendel-do-zenit-frustra-sonho-do-flamengo\/#respond"]}],"copyrightYear":"2022","copyrightHolder":{"@id":"https:\/\/www.gaveanews.com\/#organization"}},{"@type":"WebPage","@id":"https:\/\/www.gaveanews.com\/index.php\/2022\/07\/18\/wendel-do-zenit-frustra-sonho-do-flamengo\/","url":"https:\/\/www.gaveanews.com\/index.php\/2022\/07\/18\/wendel-do-zenit-frustra-sonho-do-flamengo\/","name":"Wendel, do Zenit, frustra sonho do Flamengo","isPartOf":{"@id":"https:\/\/www.gaveanews.com\/#website"},"primaryImageOfPage":{"@id":"https:\/\/www.gaveanews.com\/index.php\/2022\/07\/18\/wendel-do-zenit-frustra-sonho-do-flamengo\/#primaryimage"},"image":{"@id":"https:\/\/www.gaveanews.com\/index.php\/2022\/07\/18\/wendel-do-zenit-frustra-sonho-do-flamengo\/#primaryimage"},"thumbnailUrl":"https:\/\/www.gaveanews.com\/wp-content\/uploads\/Wendel-durante-treinamento-do-Brasil.webp","datePublished":"2022-07-19T00:34:45+00:00","dateModified":"2022-07-19T00:34:47+00:00","author":{"@id":"https:\/\/www.gaveanews.com\/#\/schema\/person\/2ec14f73fb96be2caf28f91afb14749d"},"breadcrumb":{"@id":"https:\/\/www.gaveanews.com\/index.php\/2022\/07\/18\/wendel-do-zenit-frustra-sonho-do-flamengo\/#breadcrumb"},"inLanguage":"pt-BR","potentialAction":[{"@type":"ReadAction","target":["https:\/\/www.gaveanews.com\/index.php\/2022\/07\/18\/wendel-do-zenit-frustra-sonho-do-flamengo\/"]}]},{"@type":"ImageObject","inLanguage":"pt-BR","@id":"https:\/\/www.gaveanews.com\/index.php\/2022\/07\/18\/wendel-do-zenit-frustra-sonho-do-flamengo\/#primaryimage","url":"https:\/\/www.gaveanews.com\/wp-content\/uploads\/Wendel-durante-treinamento-do-Brasil.webp","contentUrl":"https:\/\/www.gaveanews.com\/wp-content\/uploads\/Wendel-durante-treinamento-do-Brasil.webp","width":1280,"height":720},{"@type":"BreadcrumbList","@id":"https:\/\/www.gaveanews.com\/index.php\/2022\/07\/18\/wendel-do-zenit-frustra-sonho-do-flamengo\/#breadcrumb","itemListElement":[{"@type":"ListItem","position":1,"name":"Home","item":"https:\/\/www.gaveanews.com\/"},{"@type":"ListItem","position":2,"name":"Wendel, do Zenit, frustra sonho do Flamengo"}]},{"@type":"WebSite","@id":"https:\/\/www.gaveanews.com\/#website","url":"https:\/\/www.gaveanews.com\/","name":"G\u00e1vea News","description":"Veja todas as not\u00edcias sobre o Flamengo: Contrata\u00e7\u00f5es, categorias de base, resultados das partidas, tabela de classifica\u00e7\u00e3o, pr\u00f3ximos jogos!","potentialAction":[{"@type":"SearchAction","target":{"@type":"EntryPoint","urlTemplate":"https:\/\/www.gaveanews.com\/?s={search_term_string}"},"query-input":{"@type":"PropertyValueSpecification","valueRequired":true,"valueName":"search_term_string"}}],"inLanguage":"pt-BR"},{"@type":"Person","@id":"https:\/\/www.gaveanews.com\/#\/schema\/person\/2ec14f73fb96be2caf28f91afb14749d","name":"Equipe G\u00e1vea News","image":{"@type":"ImageObject","inLanguage":"pt-BR","@id":"https:\/\/www.gaveanews.com\/#\/schema\/person\/image\/","url":"https:\/\/secure.gravatar.com\/avatar\/1e1956f1facbffd3f8fa53a326721950116b3b9dc9bd44939c01180fd4a745a9?s=96&d=mm&r=g","contentUrl":"https:\/\/secure.gravatar.com\/avatar\/1e1956f1facbffd3f8fa53a326721950116b3b9dc9bd44939c01180fd4a745a9?s=96&d=mm&r=g","caption":"Equipe G\u00e1vea News"}}]}},"_links":{"self":[{"href":"https:\/\/www.gaveanews.com\/index.php\/wp-json\/wp\/v2\/posts\/84884","targetHints":{"allow":["GET"]}}],"collection":[{"href":"https:\/\/www.gaveanews.com\/index.php\/wp-json\/wp\/v2\/posts"}],"about":[{"href":"https:\/\/www.gaveanews.com\/index.php\/wp-json\/wp\/v2\/types\/post"}],"author":[{"embeddable":true,"href":"https:\/\/www.gaveanews.com\/index.php\/wp-json\/wp\/v2\/users\/1"}],"replies":[{"embeddable":true,"href":"https:\/\/www.gaveanews.com\/index.php\/wp-json\/wp\/v2\/comments?post=84884"}],"version-history":[{"count":0,"href":"https:\/\/www.gaveanews.com\/index.php\/wp-json\/wp\/v2\/posts\/84884\/revisions"}],"wp:featuredmedia":[{"embeddable":true,"href":"https:\/\/www.gaveanews.com\/index.php\/wp-json\/wp\/v2\/media\/31302"}],"wp:attachment":[{"href":"https:\/\/www.gaveanews.com\/index.php\/wp-json\/wp\/v2\/media?parent=84884"}],"wp:term":[{"taxonomy":"category","embeddable":true,"href":"https:\/\/www.gaveanews.com\/index.php\/wp-json\/wp\/v2\/categories?post=84884"},{"taxonomy":"post_tag","embeddable":true,"href":"https:\/\/www.gaveanews.com\/index.php\/wp-json\/wp\/v2\/tags?post=84884"}],"curies":[{"name":"wp","href":"https:\/\/api.w.org\/{rel}","templated":true}]}}