{"id":84892,"date":"2022-07-19T00:47:44","date_gmt":"2022-07-19T03:47:44","guid":{"rendered":"https:\/\/www.gaveanews.com\/?p=84892"},"modified":"2022-07-19T00:47:47","modified_gmt":"2022-07-19T03:47:47","slug":"everton-cebolinha-pode-ajudar-o-flamengo-na-contratacao-de-mais-um-reforco","status":"publish","type":"post","link":"https:\/\/www.gaveanews.com\/index.php\/2022\/07\/19\/everton-cebolinha-pode-ajudar-o-flamengo-na-contratacao-de-mais-um-reforco\/","title":{"rendered":"Everton Cebolinha pode ajudar o Flamengo na contrata\u00e7\u00e3o de mais um refor\u00e7o"},"content":{"rendered":"\n<p>Na mira do Flamengo h\u00e1 algumas semanas, o meio-campista Walace, que pertence a Udinese, da It\u00e1lia, pode chegar ao clube rubro-negro em definitivo, mas restam alguns detalhes para que o acordo seja oficializado.<\/p>\n\n\n\n<p>Um dos piv\u00f4s da contrata\u00e7\u00e3o \u00e9 Everton Cebolinha, que j\u00e1 trabalhou com o atleta no Gr\u00eamio. Walace ouviu conselhos de Cebolinha, que chegou recentemente ao rubro-negro carioca.<\/p>\n\n\n\n<p>Agora, resta um \u201csim\u201d do clube italiano para que o neg\u00f3cio entre Flamengo e Walace seja concretizado. Para isso, a Udinese gostaria de receber 8 milh\u00f5es de euros pelo volante brasileiro. No entanto, a diretoria do Fla busca fechar um neg\u00f3cio em 6 milh\u00f5es de euros.<\/p>\n\n\n\n<p>Revelado pelo Gr\u00eamio, Walace tem 27 anos e foi campe\u00e3o ol\u00edmpico nos Jogos Ol\u00edmpicos do Rio, em 2016. Al\u00e9m da Udinese, da It\u00e1lia, o jogador tamb\u00e9m tem passagem pelo futebol alem\u00e3o, onde defendeu Hamburgo e Hannover 96.<\/p>\n\n\n\n<p>Abel, pai de Walace e torcedor rubro-negro, declarou recentemente a ansiedade e expectativa em ver o filho defendendo as cores do Flamengo, mas afirmou que a decis\u00e3o n\u00e3o depende apenas dele.<\/p>\n\n\n\n<p><em>\u2014 Minha expectativa como Rubro-Negro declarado, \u00e9 um desejo enorme. Bom jogador, e para mim, como pai, \u00e9 melhor ainda, porque \u00e9 meu time de cora\u00e7\u00e3o. S\u00f3 que n\u00e3o depende s\u00f3 de mim para isso acontecer. Espero que as duas partes entrem em acordo e ele possa vir. Al\u00e9m de realizar meu sonho, vai ser um bom refor\u00e7o como jogador para o Flamengo<\/em>, disse o pai de Walace.<\/p>\n\n\n\n<p>Retirado de: Guia do Boleiro<\/p>\n","protected":false},"excerpt":{"rendered":"<p>Na mira do Flamengo h\u00e1 algumas semanas, o meio-campista Walace, que pertence a Udinese, da It\u00e1lia, pode chegar ao clube rubro-negro em definitivo, mas restam alguns detalhes para que o acordo seja oficializado. Um dos piv\u00f4s da contrata\u00e7\u00e3o \u00e9 Everton Cebolinha, que j\u00e1 trabalhou com o atleta no Gr\u00eamio. Walace ouviu conselhos de Cebolinha, que [&hellip;]<\/p>\n","protected":false},"author":1,"featured_media":84271,"comment_status":"open","ping_status":"closed","sticky":false,"template":"","format":"standard","meta":{"footnotes":""},"categories":[48],"tags":[],"class_list":["post-84892","post","type-post","status-publish","format-standard","has-post-thumbnail","hentry","category-negociacoes"],"yoast_head":"<!-- This site is optimized with the Yoast SEO Premium plugin v24.2 (Yoast SEO v26.9) - https:\/\/yoast.com\/product\/yoast-seo-premium-wordpress\/ -->\n<title>Everton Cebolinha pode ajudar o Flamengo na contrata\u00e7\u00e3o de mais um refor\u00e7o<\/title>\n<meta name=\"robots\" content=\"index, follow, max-snippet:-1, max-image-preview:large, max-video-preview:-1\" \/>\n<link rel=\"canonical\" href=\"https:\/\/www.gaveanews.com\/index.php\/2022\/07\/19\/everton-cebolinha-pode-ajudar-o-flamengo-na-contratacao-de-mais-um-reforco\/\" \/>\n<meta property=\"og:locale\" content=\"pt_BR\" \/>\n<meta property=\"og:type\" content=\"article\" \/>\n<meta property=\"og:title\" content=\"Everton Cebolinha pode ajudar o Flamengo na contrata\u00e7\u00e3o de mais um refor\u00e7o\" \/>\n<meta property=\"og:description\" content=\"Na mira do Flamengo h\u00e1 algumas semanas, o meio-campista Walace, que pertence a Udinese, da It\u00e1lia, pode chegar ao clube rubro-negro em definitivo, mas restam alguns detalhes para que o acordo seja oficializado. Um dos piv\u00f4s da contrata\u00e7\u00e3o \u00e9 Everton Cebolinha, que j\u00e1 trabalhou com o atleta no Gr\u00eamio. Walace ouviu conselhos de Cebolinha, que [&hellip;]\" \/>\n<meta property=\"og:url\" content=\"https:\/\/www.gaveanews.com\/index.php\/2022\/07\/19\/everton-cebolinha-pode-ajudar-o-flamengo-na-contratacao-de-mais-um-reforco\/\" \/>\n<meta property=\"og:site_name\" content=\"G\u00e1vea News\" \/>\n<meta property=\"article:publisher\" content=\"https:\/\/facebook.com\/gaveaNews\/\" \/>\n<meta property=\"article:published_time\" content=\"2022-07-19T03:47:44+00:00\" \/>\n<meta property=\"article:modified_time\" content=\"2022-07-19T03:47:47+00:00\" \/>\n<meta property=\"og:image\" content=\"https:\/\/www.gaveanews.com\/wp-content\/uploads\/Everton-Cebolinha-em-treino-do-Flamengo.webp\" \/>\n\t<meta property=\"og:image:width\" content=\"799\" \/>\n\t<meta property=\"og:image:height\" content=\"533\" \/>\n\t<meta property=\"og:image:type\" content=\"image\/jpeg\" \/>\n<meta name=\"author\" content=\"Equipe G\u00e1vea News\" \/>\n<meta name=\"twitter:card\" content=\"summary_large_image\" \/>\n<meta name=\"twitter:label1\" content=\"Escrito por\" \/>\n\t<meta name=\"twitter:data1\" content=\"Equipe G\u00e1vea News\" \/>\n\t<meta name=\"twitter:label2\" content=\"Est. tempo de leitura\" \/>\n\t<meta name=\"twitter:data2\" content=\"2 minutos\" \/>\n<script type=\"application\/ld+json\" class=\"yoast-schema-graph\">{\"@context\":\"https:\/\/schema.org\",\"@graph\":[{\"@type\":\"NewsArticle\",\"@id\":\"https:\/\/www.gaveanews.com\/index.php\/2022\/07\/19\/everton-cebolinha-pode-ajudar-o-flamengo-na-contratacao-de-mais-um-reforco\/#article\",\"isPartOf\":{\"@id\":\"https:\/\/www.gaveanews.com\/index.php\/2022\/07\/19\/everton-cebolinha-pode-ajudar-o-flamengo-na-contratacao-de-mais-um-reforco\/\"},\"author\":{\"name\":\"Equipe G\u00e1vea News\",\"@id\":\"https:\/\/www.gaveanews.com\/#\/schema\/person\/2ec14f73fb96be2caf28f91afb14749d\"},\"headline\":\"Everton Cebolinha pode ajudar o Flamengo na contrata\u00e7\u00e3o de mais um refor\u00e7o\",\"datePublished\":\"2022-07-19T03:47:44+00:00\",\"dateModified\":\"2022-07-19T03:47:47+00:00\",\"mainEntityOfPage\":{\"@id\":\"https:\/\/www.gaveanews.com\/index.php\/2022\/07\/19\/everton-cebolinha-pode-ajudar-o-flamengo-na-contratacao-de-mais-um-reforco\/\"},\"wordCount\":273,\"commentCount\":0,\"image\":{\"@id\":\"https:\/\/www.gaveanews.com\/index.php\/2022\/07\/19\/everton-cebolinha-pode-ajudar-o-flamengo-na-contratacao-de-mais-um-reforco\/#primaryimage\"},\"thumbnailUrl\":\"https:\/\/www.gaveanews.com\/wp-content\/uploads\/Everton-Cebolinha-em-treino-do-Flamengo.webp\",\"articleSection\":[\"Negocia\u00e7\u00f5es\"],\"inLanguage\":\"pt-BR\",\"potentialAction\":[{\"@type\":\"CommentAction\",\"name\":\"Comment\",\"target\":[\"https:\/\/www.gaveanews.com\/index.php\/2022\/07\/19\/everton-cebolinha-pode-ajudar-o-flamengo-na-contratacao-de-mais-um-reforco\/#respond\"]}],\"copyrightYear\":\"2022\",\"copyrightHolder\":{\"@id\":\"https:\/\/www.gaveanews.com\/#organization\"}},{\"@type\":\"WebPage\",\"@id\":\"https:\/\/www.gaveanews.com\/index.php\/2022\/07\/19\/everton-cebolinha-pode-ajudar-o-flamengo-na-contratacao-de-mais-um-reforco\/\",\"url\":\"https:\/\/www.gaveanews.com\/index.php\/2022\/07\/19\/everton-cebolinha-pode-ajudar-o-flamengo-na-contratacao-de-mais-um-reforco\/\",\"name\":\"Everton Cebolinha pode ajudar o Flamengo na contrata\u00e7\u00e3o de mais um refor\u00e7o\",\"isPartOf\":{\"@id\":\"https:\/\/www.gaveanews.com\/#website\"},\"primaryImageOfPage\":{\"@id\":\"https:\/\/www.gaveanews.com\/index.php\/2022\/07\/19\/everton-cebolinha-pode-ajudar-o-flamengo-na-contratacao-de-mais-um-reforco\/#primaryimage\"},\"image\":{\"@id\":\"https:\/\/www.gaveanews.com\/index.php\/2022\/07\/19\/everton-cebolinha-pode-ajudar-o-flamengo-na-contratacao-de-mais-um-reforco\/#primaryimage\"},\"thumbnailUrl\":\"https:\/\/www.gaveanews.com\/wp-content\/uploads\/Everton-Cebolinha-em-treino-do-Flamengo.webp\",\"datePublished\":\"2022-07-19T03:47:44+00:00\",\"dateModified\":\"2022-07-19T03:47:47+00:00\",\"author\":{\"@id\":\"https:\/\/www.gaveanews.com\/#\/schema\/person\/2ec14f73fb96be2caf28f91afb14749d\"},\"breadcrumb\":{\"@id\":\"https:\/\/www.gaveanews.com\/index.php\/2022\/07\/19\/everton-cebolinha-pode-ajudar-o-flamengo-na-contratacao-de-mais-um-reforco\/#breadcrumb\"},\"inLanguage\":\"pt-BR\",\"potentialAction\":[{\"@type\":\"ReadAction\",\"target\":[\"https:\/\/www.gaveanews.com\/index.php\/2022\/07\/19\/everton-cebolinha-pode-ajudar-o-flamengo-na-contratacao-de-mais-um-reforco\/\"]}]},{\"@type\":\"ImageObject\",\"inLanguage\":\"pt-BR\",\"@id\":\"https:\/\/www.gaveanews.com\/index.php\/2022\/07\/19\/everton-cebolinha-pode-ajudar-o-flamengo-na-contratacao-de-mais-um-reforco\/#primaryimage\",\"url\":\"https:\/\/www.gaveanews.com\/wp-content\/uploads\/Everton-Cebolinha-em-treino-do-Flamengo.webp\",\"contentUrl\":\"https:\/\/www.gaveanews.com\/wp-content\/uploads\/Everton-Cebolinha-em-treino-do-Flamengo.webp\",\"width\":799,\"height\":533,\"caption\":\"Everton Cebolinha em treino do Flamengo (Foto: Gilvan de Souza\/Flamengo)\"},{\"@type\":\"BreadcrumbList\",\"@id\":\"https:\/\/www.gaveanews.com\/index.php\/2022\/07\/19\/everton-cebolinha-pode-ajudar-o-flamengo-na-contratacao-de-mais-um-reforco\/#breadcrumb\",\"itemListElement\":[{\"@type\":\"ListItem\",\"position\":1,\"name\":\"Home\",\"item\":\"https:\/\/www.gaveanews.com\/\"},{\"@type\":\"ListItem\",\"position\":2,\"name\":\"Everton Cebolinha pode ajudar o Flamengo na contrata\u00e7\u00e3o de mais um refor\u00e7o\"}]},{\"@type\":\"WebSite\",\"@id\":\"https:\/\/www.gaveanews.com\/#website\",\"url\":\"https:\/\/www.gaveanews.com\/\",\"name\":\"G\u00e1vea News\",\"description\":\"Veja todas as not\u00edcias sobre o Flamengo: Contrata\u00e7\u00f5es, categorias de base, resultados das partidas, tabela de classifica\u00e7\u00e3o, pr\u00f3ximos jogos!\",\"potentialAction\":[{\"@type\":\"SearchAction\",\"target\":{\"@type\":\"EntryPoint\",\"urlTemplate\":\"https:\/\/www.gaveanews.com\/?s={search_term_string}\"},\"query-input\":{\"@type\":\"PropertyValueSpecification\",\"valueRequired\":true,\"valueName\":\"search_term_string\"}}],\"inLanguage\":\"pt-BR\"},{\"@type\":\"Person\",\"@id\":\"https:\/\/www.gaveanews.com\/#\/schema\/person\/2ec14f73fb96be2caf28f91afb14749d\",\"name\":\"Equipe G\u00e1vea News\",\"image\":{\"@type\":\"ImageObject\",\"inLanguage\":\"pt-BR\",\"@id\":\"https:\/\/www.gaveanews.com\/#\/schema\/person\/image\/\",\"url\":\"https:\/\/secure.gravatar.com\/avatar\/1e1956f1facbffd3f8fa53a326721950116b3b9dc9bd44939c01180fd4a745a9?s=96&d=mm&r=g\",\"contentUrl\":\"https:\/\/secure.gravatar.com\/avatar\/1e1956f1facbffd3f8fa53a326721950116b3b9dc9bd44939c01180fd4a745a9?s=96&d=mm&r=g\",\"caption\":\"Equipe G\u00e1vea News\"}}]}<\/script>\n<!-- \/ Yoast SEO Premium plugin. -->","yoast_head_json":{"title":"Everton Cebolinha pode ajudar o Flamengo na contrata\u00e7\u00e3o de mais um refor\u00e7o","robots":{"index":"index","follow":"follow","max-snippet":"max-snippet:-1","max-image-preview":"max-image-preview:large","max-video-preview":"max-video-preview:-1"},"canonical":"https:\/\/www.gaveanews.com\/index.php\/2022\/07\/19\/everton-cebolinha-pode-ajudar-o-flamengo-na-contratacao-de-mais-um-reforco\/","og_locale":"pt_BR","og_type":"article","og_title":"Everton Cebolinha pode ajudar o Flamengo na contrata\u00e7\u00e3o de mais um refor\u00e7o","og_description":"Na mira do Flamengo h\u00e1 algumas semanas, o meio-campista Walace, que pertence a Udinese, da It\u00e1lia, pode chegar ao clube rubro-negro em definitivo, mas restam alguns detalhes para que o acordo seja oficializado. Um dos piv\u00f4s da contrata\u00e7\u00e3o \u00e9 Everton Cebolinha, que j\u00e1 trabalhou com o atleta no Gr\u00eamio. Walace ouviu conselhos de Cebolinha, que [&hellip;]","og_url":"https:\/\/www.gaveanews.com\/index.php\/2022\/07\/19\/everton-cebolinha-pode-ajudar-o-flamengo-na-contratacao-de-mais-um-reforco\/","og_site_name":"G\u00e1vea News","article_publisher":"https:\/\/facebook.com\/gaveaNews\/","article_published_time":"2022-07-19T03:47:44+00:00","article_modified_time":"2022-07-19T03:47:47+00:00","og_image":[{"width":799,"height":533,"url":"https:\/\/www.gaveanews.com\/wp-content\/uploads\/Everton-Cebolinha-em-treino-do-Flamengo.webp","type":"image\/jpeg"}],"author":"Equipe G\u00e1vea News","twitter_card":"summary_large_image","twitter_misc":{"Escrito por":"Equipe G\u00e1vea News","Est. tempo de leitura":"2 minutos"},"schema":{"@context":"https:\/\/schema.org","@graph":[{"@type":"NewsArticle","@id":"https:\/\/www.gaveanews.com\/index.php\/2022\/07\/19\/everton-cebolinha-pode-ajudar-o-flamengo-na-contratacao-de-mais-um-reforco\/#article","isPartOf":{"@id":"https:\/\/www.gaveanews.com\/index.php\/2022\/07\/19\/everton-cebolinha-pode-ajudar-o-flamengo-na-contratacao-de-mais-um-reforco\/"},"author":{"name":"Equipe G\u00e1vea News","@id":"https:\/\/www.gaveanews.com\/#\/schema\/person\/2ec14f73fb96be2caf28f91afb14749d"},"headline":"Everton Cebolinha pode ajudar o Flamengo na contrata\u00e7\u00e3o de mais um refor\u00e7o","datePublished":"2022-07-19T03:47:44+00:00","dateModified":"2022-07-19T03:47:47+00:00","mainEntityOfPage":{"@id":"https:\/\/www.gaveanews.com\/index.php\/2022\/07\/19\/everton-cebolinha-pode-ajudar-o-flamengo-na-contratacao-de-mais-um-reforco\/"},"wordCount":273,"commentCount":0,"image":{"@id":"https:\/\/www.gaveanews.com\/index.php\/2022\/07\/19\/everton-cebolinha-pode-ajudar-o-flamengo-na-contratacao-de-mais-um-reforco\/#primaryimage"},"thumbnailUrl":"https:\/\/www.gaveanews.com\/wp-content\/uploads\/Everton-Cebolinha-em-treino-do-Flamengo.webp","articleSection":["Negocia\u00e7\u00f5es"],"inLanguage":"pt-BR","potentialAction":[{"@type":"CommentAction","name":"Comment","target":["https:\/\/www.gaveanews.com\/index.php\/2022\/07\/19\/everton-cebolinha-pode-ajudar-o-flamengo-na-contratacao-de-mais-um-reforco\/#respond"]}],"copyrightYear":"2022","copyrightHolder":{"@id":"https:\/\/www.gaveanews.com\/#organization"}},{"@type":"WebPage","@id":"https:\/\/www.gaveanews.com\/index.php\/2022\/07\/19\/everton-cebolinha-pode-ajudar-o-flamengo-na-contratacao-de-mais-um-reforco\/","url":"https:\/\/www.gaveanews.com\/index.php\/2022\/07\/19\/everton-cebolinha-pode-ajudar-o-flamengo-na-contratacao-de-mais-um-reforco\/","name":"Everton Cebolinha pode ajudar o Flamengo na contrata\u00e7\u00e3o de mais um refor\u00e7o","isPartOf":{"@id":"https:\/\/www.gaveanews.com\/#website"},"primaryImageOfPage":{"@id":"https:\/\/www.gaveanews.com\/index.php\/2022\/07\/19\/everton-cebolinha-pode-ajudar-o-flamengo-na-contratacao-de-mais-um-reforco\/#primaryimage"},"image":{"@id":"https:\/\/www.gaveanews.com\/index.php\/2022\/07\/19\/everton-cebolinha-pode-ajudar-o-flamengo-na-contratacao-de-mais-um-reforco\/#primaryimage"},"thumbnailUrl":"https:\/\/www.gaveanews.com\/wp-content\/uploads\/Everton-Cebolinha-em-treino-do-Flamengo.webp","datePublished":"2022-07-19T03:47:44+00:00","dateModified":"2022-07-19T03:47:47+00:00","author":{"@id":"https:\/\/www.gaveanews.com\/#\/schema\/person\/2ec14f73fb96be2caf28f91afb14749d"},"breadcrumb":{"@id":"https:\/\/www.gaveanews.com\/index.php\/2022\/07\/19\/everton-cebolinha-pode-ajudar-o-flamengo-na-contratacao-de-mais-um-reforco\/#breadcrumb"},"inLanguage":"pt-BR","potentialAction":[{"@type":"ReadAction","target":["https:\/\/www.gaveanews.com\/index.php\/2022\/07\/19\/everton-cebolinha-pode-ajudar-o-flamengo-na-contratacao-de-mais-um-reforco\/"]}]},{"@type":"ImageObject","inLanguage":"pt-BR","@id":"https:\/\/www.gaveanews.com\/index.php\/2022\/07\/19\/everton-cebolinha-pode-ajudar-o-flamengo-na-contratacao-de-mais-um-reforco\/#primaryimage","url":"https:\/\/www.gaveanews.com\/wp-content\/uploads\/Everton-Cebolinha-em-treino-do-Flamengo.webp","contentUrl":"https:\/\/www.gaveanews.com\/wp-content\/uploads\/Everton-Cebolinha-em-treino-do-Flamengo.webp","width":799,"height":533,"caption":"Everton Cebolinha em treino do Flamengo (Foto: Gilvan de Souza\/Flamengo)"},{"@type":"BreadcrumbList","@id":"https:\/\/www.gaveanews.com\/index.php\/2022\/07\/19\/everton-cebolinha-pode-ajudar-o-flamengo-na-contratacao-de-mais-um-reforco\/#breadcrumb","itemListElement":[{"@type":"ListItem","position":1,"name":"Home","item":"https:\/\/www.gaveanews.com\/"},{"@type":"ListItem","position":2,"name":"Everton Cebolinha pode ajudar o Flamengo na contrata\u00e7\u00e3o de mais um refor\u00e7o"}]},{"@type":"WebSite","@id":"https:\/\/www.gaveanews.com\/#website","url":"https:\/\/www.gaveanews.com\/","name":"G\u00e1vea News","description":"Veja todas as not\u00edcias sobre o Flamengo: Contrata\u00e7\u00f5es, categorias de base, resultados das partidas, tabela de classifica\u00e7\u00e3o, pr\u00f3ximos jogos!","potentialAction":[{"@type":"SearchAction","target":{"@type":"EntryPoint","urlTemplate":"https:\/\/www.gaveanews.com\/?s={search_term_string}"},"query-input":{"@type":"PropertyValueSpecification","valueRequired":true,"valueName":"search_term_string"}}],"inLanguage":"pt-BR"},{"@type":"Person","@id":"https:\/\/www.gaveanews.com\/#\/schema\/person\/2ec14f73fb96be2caf28f91afb14749d","name":"Equipe G\u00e1vea News","image":{"@type":"ImageObject","inLanguage":"pt-BR","@id":"https:\/\/www.gaveanews.com\/#\/schema\/person\/image\/","url":"https:\/\/secure.gravatar.com\/avatar\/1e1956f1facbffd3f8fa53a326721950116b3b9dc9bd44939c01180fd4a745a9?s=96&d=mm&r=g","contentUrl":"https:\/\/secure.gravatar.com\/avatar\/1e1956f1facbffd3f8fa53a326721950116b3b9dc9bd44939c01180fd4a745a9?s=96&d=mm&r=g","caption":"Equipe G\u00e1vea News"}}]}},"_links":{"self":[{"href":"https:\/\/www.gaveanews.com\/index.php\/wp-json\/wp\/v2\/posts\/84892","targetHints":{"allow":["GET"]}}],"collection":[{"href":"https:\/\/www.gaveanews.com\/index.php\/wp-json\/wp\/v2\/posts"}],"about":[{"href":"https:\/\/www.gaveanews.com\/index.php\/wp-json\/wp\/v2\/types\/post"}],"author":[{"embeddable":true,"href":"https:\/\/www.gaveanews.com\/index.php\/wp-json\/wp\/v2\/users\/1"}],"replies":[{"embeddable":true,"href":"https:\/\/www.gaveanews.com\/index.php\/wp-json\/wp\/v2\/comments?post=84892"}],"version-history":[{"count":0,"href":"https:\/\/www.gaveanews.com\/index.php\/wp-json\/wp\/v2\/posts\/84892\/revisions"}],"wp:featuredmedia":[{"embeddable":true,"href":"https:\/\/www.gaveanews.com\/index.php\/wp-json\/wp\/v2\/media\/84271"}],"wp:attachment":[{"href":"https:\/\/www.gaveanews.com\/index.php\/wp-json\/wp\/v2\/media?parent=84892"}],"wp:term":[{"taxonomy":"category","embeddable":true,"href":"https:\/\/www.gaveanews.com\/index.php\/wp-json\/wp\/v2\/categories?post=84892"},{"taxonomy":"post_tag","embeddable":true,"href":"https:\/\/www.gaveanews.com\/index.php\/wp-json\/wp\/v2\/tags?post=84892"}],"curies":[{"name":"wp","href":"https:\/\/api.w.org\/{rel}","templated":true}]}}