{"id":84956,"date":"2022-07-19T23:34:45","date_gmt":"2022-07-20T02:34:45","guid":{"rendered":"https:\/\/www.gaveanews.com\/?p=84956"},"modified":"2022-07-19T23:34:46","modified_gmt":"2022-07-20T02:34:46","slug":"atletico-mg-pode-ser-punido-devido-ao-jogo-contra-o-flamengo","status":"publish","type":"post","link":"https:\/\/www.gaveanews.com\/index.php\/2022\/07\/19\/atletico-mg-pode-ser-punido-devido-ao-jogo-contra-o-flamengo\/","title":{"rendered":"Atl\u00e9tico-MG pode ser punido devido ao jogo contra o Flamengo"},"content":{"rendered":"\n<p>O Atl\u00e9tico-MG ser\u00e1 julgado nesta quinta-feira pelo Supremo Tribunal de Justi\u00e7a Desportiva (STJD) por conta de &#8220;atos discriminat\u00f3rios&#8221; e &#8220;lan\u00e7amento de objetos&#8221; por parte de seus torcedores no duelo contra o Flamengo, pelo primeiro jogo das oitavas de final da Copa do Brasil, no Mineir\u00e3o.<\/p>\n\n\n\n<p>A intima\u00e7\u00e3o tem como base o artigo 243-G do C\u00f3digo Brasileiro de Justi\u00e7a Desportiva (CBJD). Em caso de condena\u00e7\u00e3o, o time mineiro pode ser multado em at\u00e9 R$ 100 mil e corre risco de perder mandos de campo.<\/p>\n\n\n\n<p>&#8220;Praticar ato discriminat\u00f3rio, desdenhoso ou ultrajante, relacionado a preconceito em raz\u00e3o de origem \u00e9tnica, ra\u00e7a, sexo, cor, idade, condi\u00e7\u00e3o de pessoa idosa ou portadora de defici\u00eancia&#8221;, explica o artigo em que o Atl\u00e9tico foi intimado.<\/p>\n\n\n\n<p>O arbitro da partida, Luiz Fl\u00e1vio de Oliveira, tamb\u00e9m ser\u00e1 julgado pelo STJD por n\u00e3o ter relatado a discrimina\u00e7\u00e3o na s\u00famula ap\u00f3s o duelo. Ele foi enquadrado no art.266 do CBJD e pode receber puni\u00e7\u00e3o de 30 a 360 dias.<\/p>\n\n\n\n<p>Por parte do Flamengo, tamb\u00e9m haver\u00e1 julgamento. O diretor de rela\u00e7\u00f5es externas do clube, Luiz Cl\u00e1udio Cotta, responder\u00e1 por &#8220;ofender algu\u00e9m em sua honra&#8221;. Ele foi citado no artigo 243-F, par\u00e1grafo 1\u00ba da CBJD.<\/p>\n\n\n\n<p>O Flamengo eliminou o Atl\u00e9tico-MG com uma vit\u00f3ria por 2 a 0 no jogo de volta, no Maracan\u00e3, e enfrentar\u00e1 o Athletico-PR pelas quartas de final da Copa do Brasil.<\/p>\n\n\n\n<p>Retirado de: UOL<\/p>\n","protected":false},"excerpt":{"rendered":"<p>O Atl\u00e9tico-MG ser\u00e1 julgado nesta quinta-feira pelo Supremo Tribunal de Justi\u00e7a Desportiva (STJD) por conta de &#8220;atos discriminat\u00f3rios&#8221; e &#8220;lan\u00e7amento de objetos&#8221; por parte de seus torcedores no duelo contra o Flamengo, pelo primeiro jogo das oitavas de final da Copa do Brasil, no Mineir\u00e3o. A intima\u00e7\u00e3o tem como base o artigo 243-G do C\u00f3digo [&hellip;]<\/p>\n","protected":false},"author":1,"featured_media":83610,"comment_status":"open","ping_status":"closed","sticky":false,"template":"","format":"standard","meta":{"footnotes":""},"categories":[1],"tags":[],"class_list":["post-84956","post","type-post","status-publish","format-standard","has-post-thumbnail","hentry","category-flamengo"],"yoast_head":"<!-- This site is optimized with the Yoast SEO Premium plugin v24.2 (Yoast SEO v26.9) - https:\/\/yoast.com\/product\/yoast-seo-premium-wordpress\/ -->\n<title>Atl\u00e9tico-MG pode ser punido devido ao jogo contra o Flamengo<\/title>\n<meta name=\"robots\" content=\"index, follow, max-snippet:-1, max-image-preview:large, max-video-preview:-1\" \/>\n<link rel=\"canonical\" href=\"https:\/\/www.gaveanews.com\/index.php\/2022\/07\/19\/atletico-mg-pode-ser-punido-devido-ao-jogo-contra-o-flamengo\/\" \/>\n<meta property=\"og:locale\" content=\"pt_BR\" \/>\n<meta property=\"og:type\" content=\"article\" \/>\n<meta property=\"og:title\" content=\"Atl\u00e9tico-MG pode ser punido devido ao jogo contra o Flamengo\" \/>\n<meta property=\"og:description\" content=\"O Atl\u00e9tico-MG ser\u00e1 julgado nesta quinta-feira pelo Supremo Tribunal de Justi\u00e7a Desportiva (STJD) por conta de &#8220;atos discriminat\u00f3rios&#8221; e &#8220;lan\u00e7amento de objetos&#8221; por parte de seus torcedores no duelo contra o Flamengo, pelo primeiro jogo das oitavas de final da Copa do Brasil, no Mineir\u00e3o. A intima\u00e7\u00e3o tem como base o artigo 243-G do C\u00f3digo [&hellip;]\" \/>\n<meta property=\"og:url\" content=\"https:\/\/www.gaveanews.com\/index.php\/2022\/07\/19\/atletico-mg-pode-ser-punido-devido-ao-jogo-contra-o-flamengo\/\" \/>\n<meta property=\"og:site_name\" content=\"G\u00e1vea News\" \/>\n<meta property=\"article:publisher\" content=\"https:\/\/facebook.com\/gaveaNews\/\" \/>\n<meta property=\"article:published_time\" content=\"2022-07-20T02:34:45+00:00\" \/>\n<meta property=\"article:modified_time\" content=\"2022-07-20T02:34:46+00:00\" \/>\n<meta property=\"og:image\" content=\"https:\/\/www.gaveanews.com\/wp-content\/uploads\/Arrascaeta-em-jogo-do-Flamengo-contra-o-Atletico-MG-pela-Copa-do-Brasil.webp\" \/>\n\t<meta property=\"og:image:width\" content=\"800\" \/>\n\t<meta property=\"og:image:height\" content=\"533\" \/>\n\t<meta property=\"og:image:type\" content=\"image\/jpeg\" \/>\n<meta name=\"author\" content=\"Equipe G\u00e1vea News\" \/>\n<meta name=\"twitter:card\" content=\"summary_large_image\" \/>\n<meta name=\"twitter:label1\" content=\"Escrito por\" \/>\n\t<meta name=\"twitter:data1\" content=\"Equipe G\u00e1vea News\" \/>\n\t<meta name=\"twitter:label2\" content=\"Est. tempo de leitura\" \/>\n\t<meta name=\"twitter:data2\" content=\"2 minutos\" \/>\n<script type=\"application\/ld+json\" class=\"yoast-schema-graph\">{\"@context\":\"https:\/\/schema.org\",\"@graph\":[{\"@type\":\"NewsArticle\",\"@id\":\"https:\/\/www.gaveanews.com\/index.php\/2022\/07\/19\/atletico-mg-pode-ser-punido-devido-ao-jogo-contra-o-flamengo\/#article\",\"isPartOf\":{\"@id\":\"https:\/\/www.gaveanews.com\/index.php\/2022\/07\/19\/atletico-mg-pode-ser-punido-devido-ao-jogo-contra-o-flamengo\/\"},\"author\":{\"name\":\"Equipe G\u00e1vea News\",\"@id\":\"https:\/\/www.gaveanews.com\/#\/schema\/person\/2ec14f73fb96be2caf28f91afb14749d\"},\"headline\":\"Atl\u00e9tico-MG pode ser punido devido ao jogo contra o Flamengo\",\"datePublished\":\"2022-07-20T02:34:45+00:00\",\"dateModified\":\"2022-07-20T02:34:46+00:00\",\"mainEntityOfPage\":{\"@id\":\"https:\/\/www.gaveanews.com\/index.php\/2022\/07\/19\/atletico-mg-pode-ser-punido-devido-ao-jogo-contra-o-flamengo\/\"},\"wordCount\":259,\"commentCount\":0,\"image\":{\"@id\":\"https:\/\/www.gaveanews.com\/index.php\/2022\/07\/19\/atletico-mg-pode-ser-punido-devido-ao-jogo-contra-o-flamengo\/#primaryimage\"},\"thumbnailUrl\":\"https:\/\/www.gaveanews.com\/wp-content\/uploads\/Arrascaeta-em-jogo-do-Flamengo-contra-o-Atletico-MG-pela-Copa-do-Brasil.webp\",\"articleSection\":[\"Flamengo\"],\"inLanguage\":\"pt-BR\",\"potentialAction\":[{\"@type\":\"CommentAction\",\"name\":\"Comment\",\"target\":[\"https:\/\/www.gaveanews.com\/index.php\/2022\/07\/19\/atletico-mg-pode-ser-punido-devido-ao-jogo-contra-o-flamengo\/#respond\"]}],\"copyrightYear\":\"2022\",\"copyrightHolder\":{\"@id\":\"https:\/\/www.gaveanews.com\/#organization\"}},{\"@type\":\"WebPage\",\"@id\":\"https:\/\/www.gaveanews.com\/index.php\/2022\/07\/19\/atletico-mg-pode-ser-punido-devido-ao-jogo-contra-o-flamengo\/\",\"url\":\"https:\/\/www.gaveanews.com\/index.php\/2022\/07\/19\/atletico-mg-pode-ser-punido-devido-ao-jogo-contra-o-flamengo\/\",\"name\":\"Atl\u00e9tico-MG pode ser punido devido ao jogo contra o Flamengo\",\"isPartOf\":{\"@id\":\"https:\/\/www.gaveanews.com\/#website\"},\"primaryImageOfPage\":{\"@id\":\"https:\/\/www.gaveanews.com\/index.php\/2022\/07\/19\/atletico-mg-pode-ser-punido-devido-ao-jogo-contra-o-flamengo\/#primaryimage\"},\"image\":{\"@id\":\"https:\/\/www.gaveanews.com\/index.php\/2022\/07\/19\/atletico-mg-pode-ser-punido-devido-ao-jogo-contra-o-flamengo\/#primaryimage\"},\"thumbnailUrl\":\"https:\/\/www.gaveanews.com\/wp-content\/uploads\/Arrascaeta-em-jogo-do-Flamengo-contra-o-Atletico-MG-pela-Copa-do-Brasil.webp\",\"datePublished\":\"2022-07-20T02:34:45+00:00\",\"dateModified\":\"2022-07-20T02:34:46+00:00\",\"author\":{\"@id\":\"https:\/\/www.gaveanews.com\/#\/schema\/person\/2ec14f73fb96be2caf28f91afb14749d\"},\"breadcrumb\":{\"@id\":\"https:\/\/www.gaveanews.com\/index.php\/2022\/07\/19\/atletico-mg-pode-ser-punido-devido-ao-jogo-contra-o-flamengo\/#breadcrumb\"},\"inLanguage\":\"pt-BR\",\"potentialAction\":[{\"@type\":\"ReadAction\",\"target\":[\"https:\/\/www.gaveanews.com\/index.php\/2022\/07\/19\/atletico-mg-pode-ser-punido-devido-ao-jogo-contra-o-flamengo\/\"]}]},{\"@type\":\"ImageObject\",\"inLanguage\":\"pt-BR\",\"@id\":\"https:\/\/www.gaveanews.com\/index.php\/2022\/07\/19\/atletico-mg-pode-ser-punido-devido-ao-jogo-contra-o-flamengo\/#primaryimage\",\"url\":\"https:\/\/www.gaveanews.com\/wp-content\/uploads\/Arrascaeta-em-jogo-do-Flamengo-contra-o-Atletico-MG-pela-Copa-do-Brasil.webp\",\"contentUrl\":\"https:\/\/www.gaveanews.com\/wp-content\/uploads\/Arrascaeta-em-jogo-do-Flamengo-contra-o-Atletico-MG-pela-Copa-do-Brasil.webp\",\"width\":800,\"height\":533,\"caption\":\"Arrascaeta em jogo do Flamengo contra o Atl\u00e9tico-MG pela Copa do Brasil (Foto: Marcelo Cortes\/Flamengo)\"},{\"@type\":\"BreadcrumbList\",\"@id\":\"https:\/\/www.gaveanews.com\/index.php\/2022\/07\/19\/atletico-mg-pode-ser-punido-devido-ao-jogo-contra-o-flamengo\/#breadcrumb\",\"itemListElement\":[{\"@type\":\"ListItem\",\"position\":1,\"name\":\"Home\",\"item\":\"https:\/\/www.gaveanews.com\/\"},{\"@type\":\"ListItem\",\"position\":2,\"name\":\"Atl\u00e9tico-MG pode ser punido devido ao jogo contra o Flamengo\"}]},{\"@type\":\"WebSite\",\"@id\":\"https:\/\/www.gaveanews.com\/#website\",\"url\":\"https:\/\/www.gaveanews.com\/\",\"name\":\"G\u00e1vea News\",\"description\":\"Veja todas as not\u00edcias sobre o Flamengo: Contrata\u00e7\u00f5es, categorias de base, resultados das partidas, tabela de classifica\u00e7\u00e3o, pr\u00f3ximos jogos!\",\"potentialAction\":[{\"@type\":\"SearchAction\",\"target\":{\"@type\":\"EntryPoint\",\"urlTemplate\":\"https:\/\/www.gaveanews.com\/?s={search_term_string}\"},\"query-input\":{\"@type\":\"PropertyValueSpecification\",\"valueRequired\":true,\"valueName\":\"search_term_string\"}}],\"inLanguage\":\"pt-BR\"},{\"@type\":\"Person\",\"@id\":\"https:\/\/www.gaveanews.com\/#\/schema\/person\/2ec14f73fb96be2caf28f91afb14749d\",\"name\":\"Equipe G\u00e1vea News\",\"image\":{\"@type\":\"ImageObject\",\"inLanguage\":\"pt-BR\",\"@id\":\"https:\/\/www.gaveanews.com\/#\/schema\/person\/image\/\",\"url\":\"https:\/\/secure.gravatar.com\/avatar\/1e1956f1facbffd3f8fa53a326721950116b3b9dc9bd44939c01180fd4a745a9?s=96&d=mm&r=g\",\"contentUrl\":\"https:\/\/secure.gravatar.com\/avatar\/1e1956f1facbffd3f8fa53a326721950116b3b9dc9bd44939c01180fd4a745a9?s=96&d=mm&r=g\",\"caption\":\"Equipe G\u00e1vea News\"}}]}<\/script>\n<!-- \/ Yoast SEO Premium plugin. -->","yoast_head_json":{"title":"Atl\u00e9tico-MG pode ser punido devido ao jogo contra o Flamengo","robots":{"index":"index","follow":"follow","max-snippet":"max-snippet:-1","max-image-preview":"max-image-preview:large","max-video-preview":"max-video-preview:-1"},"canonical":"https:\/\/www.gaveanews.com\/index.php\/2022\/07\/19\/atletico-mg-pode-ser-punido-devido-ao-jogo-contra-o-flamengo\/","og_locale":"pt_BR","og_type":"article","og_title":"Atl\u00e9tico-MG pode ser punido devido ao jogo contra o Flamengo","og_description":"O Atl\u00e9tico-MG ser\u00e1 julgado nesta quinta-feira pelo Supremo Tribunal de Justi\u00e7a Desportiva (STJD) por conta de &#8220;atos discriminat\u00f3rios&#8221; e &#8220;lan\u00e7amento de objetos&#8221; por parte de seus torcedores no duelo contra o Flamengo, pelo primeiro jogo das oitavas de final da Copa do Brasil, no Mineir\u00e3o. A intima\u00e7\u00e3o tem como base o artigo 243-G do C\u00f3digo [&hellip;]","og_url":"https:\/\/www.gaveanews.com\/index.php\/2022\/07\/19\/atletico-mg-pode-ser-punido-devido-ao-jogo-contra-o-flamengo\/","og_site_name":"G\u00e1vea News","article_publisher":"https:\/\/facebook.com\/gaveaNews\/","article_published_time":"2022-07-20T02:34:45+00:00","article_modified_time":"2022-07-20T02:34:46+00:00","og_image":[{"width":800,"height":533,"url":"https:\/\/www.gaveanews.com\/wp-content\/uploads\/Arrascaeta-em-jogo-do-Flamengo-contra-o-Atletico-MG-pela-Copa-do-Brasil.webp","type":"image\/jpeg"}],"author":"Equipe G\u00e1vea News","twitter_card":"summary_large_image","twitter_misc":{"Escrito por":"Equipe G\u00e1vea News","Est. tempo de leitura":"2 minutos"},"schema":{"@context":"https:\/\/schema.org","@graph":[{"@type":"NewsArticle","@id":"https:\/\/www.gaveanews.com\/index.php\/2022\/07\/19\/atletico-mg-pode-ser-punido-devido-ao-jogo-contra-o-flamengo\/#article","isPartOf":{"@id":"https:\/\/www.gaveanews.com\/index.php\/2022\/07\/19\/atletico-mg-pode-ser-punido-devido-ao-jogo-contra-o-flamengo\/"},"author":{"name":"Equipe G\u00e1vea News","@id":"https:\/\/www.gaveanews.com\/#\/schema\/person\/2ec14f73fb96be2caf28f91afb14749d"},"headline":"Atl\u00e9tico-MG pode ser punido devido ao jogo contra o Flamengo","datePublished":"2022-07-20T02:34:45+00:00","dateModified":"2022-07-20T02:34:46+00:00","mainEntityOfPage":{"@id":"https:\/\/www.gaveanews.com\/index.php\/2022\/07\/19\/atletico-mg-pode-ser-punido-devido-ao-jogo-contra-o-flamengo\/"},"wordCount":259,"commentCount":0,"image":{"@id":"https:\/\/www.gaveanews.com\/index.php\/2022\/07\/19\/atletico-mg-pode-ser-punido-devido-ao-jogo-contra-o-flamengo\/#primaryimage"},"thumbnailUrl":"https:\/\/www.gaveanews.com\/wp-content\/uploads\/Arrascaeta-em-jogo-do-Flamengo-contra-o-Atletico-MG-pela-Copa-do-Brasil.webp","articleSection":["Flamengo"],"inLanguage":"pt-BR","potentialAction":[{"@type":"CommentAction","name":"Comment","target":["https:\/\/www.gaveanews.com\/index.php\/2022\/07\/19\/atletico-mg-pode-ser-punido-devido-ao-jogo-contra-o-flamengo\/#respond"]}],"copyrightYear":"2022","copyrightHolder":{"@id":"https:\/\/www.gaveanews.com\/#organization"}},{"@type":"WebPage","@id":"https:\/\/www.gaveanews.com\/index.php\/2022\/07\/19\/atletico-mg-pode-ser-punido-devido-ao-jogo-contra-o-flamengo\/","url":"https:\/\/www.gaveanews.com\/index.php\/2022\/07\/19\/atletico-mg-pode-ser-punido-devido-ao-jogo-contra-o-flamengo\/","name":"Atl\u00e9tico-MG pode ser punido devido ao jogo contra o Flamengo","isPartOf":{"@id":"https:\/\/www.gaveanews.com\/#website"},"primaryImageOfPage":{"@id":"https:\/\/www.gaveanews.com\/index.php\/2022\/07\/19\/atletico-mg-pode-ser-punido-devido-ao-jogo-contra-o-flamengo\/#primaryimage"},"image":{"@id":"https:\/\/www.gaveanews.com\/index.php\/2022\/07\/19\/atletico-mg-pode-ser-punido-devido-ao-jogo-contra-o-flamengo\/#primaryimage"},"thumbnailUrl":"https:\/\/www.gaveanews.com\/wp-content\/uploads\/Arrascaeta-em-jogo-do-Flamengo-contra-o-Atletico-MG-pela-Copa-do-Brasil.webp","datePublished":"2022-07-20T02:34:45+00:00","dateModified":"2022-07-20T02:34:46+00:00","author":{"@id":"https:\/\/www.gaveanews.com\/#\/schema\/person\/2ec14f73fb96be2caf28f91afb14749d"},"breadcrumb":{"@id":"https:\/\/www.gaveanews.com\/index.php\/2022\/07\/19\/atletico-mg-pode-ser-punido-devido-ao-jogo-contra-o-flamengo\/#breadcrumb"},"inLanguage":"pt-BR","potentialAction":[{"@type":"ReadAction","target":["https:\/\/www.gaveanews.com\/index.php\/2022\/07\/19\/atletico-mg-pode-ser-punido-devido-ao-jogo-contra-o-flamengo\/"]}]},{"@type":"ImageObject","inLanguage":"pt-BR","@id":"https:\/\/www.gaveanews.com\/index.php\/2022\/07\/19\/atletico-mg-pode-ser-punido-devido-ao-jogo-contra-o-flamengo\/#primaryimage","url":"https:\/\/www.gaveanews.com\/wp-content\/uploads\/Arrascaeta-em-jogo-do-Flamengo-contra-o-Atletico-MG-pela-Copa-do-Brasil.webp","contentUrl":"https:\/\/www.gaveanews.com\/wp-content\/uploads\/Arrascaeta-em-jogo-do-Flamengo-contra-o-Atletico-MG-pela-Copa-do-Brasil.webp","width":800,"height":533,"caption":"Arrascaeta em jogo do Flamengo contra o Atl\u00e9tico-MG pela Copa do Brasil (Foto: Marcelo Cortes\/Flamengo)"},{"@type":"BreadcrumbList","@id":"https:\/\/www.gaveanews.com\/index.php\/2022\/07\/19\/atletico-mg-pode-ser-punido-devido-ao-jogo-contra-o-flamengo\/#breadcrumb","itemListElement":[{"@type":"ListItem","position":1,"name":"Home","item":"https:\/\/www.gaveanews.com\/"},{"@type":"ListItem","position":2,"name":"Atl\u00e9tico-MG pode ser punido devido ao jogo contra o Flamengo"}]},{"@type":"WebSite","@id":"https:\/\/www.gaveanews.com\/#website","url":"https:\/\/www.gaveanews.com\/","name":"G\u00e1vea News","description":"Veja todas as not\u00edcias sobre o Flamengo: Contrata\u00e7\u00f5es, categorias de base, resultados das partidas, tabela de classifica\u00e7\u00e3o, pr\u00f3ximos jogos!","potentialAction":[{"@type":"SearchAction","target":{"@type":"EntryPoint","urlTemplate":"https:\/\/www.gaveanews.com\/?s={search_term_string}"},"query-input":{"@type":"PropertyValueSpecification","valueRequired":true,"valueName":"search_term_string"}}],"inLanguage":"pt-BR"},{"@type":"Person","@id":"https:\/\/www.gaveanews.com\/#\/schema\/person\/2ec14f73fb96be2caf28f91afb14749d","name":"Equipe G\u00e1vea News","image":{"@type":"ImageObject","inLanguage":"pt-BR","@id":"https:\/\/www.gaveanews.com\/#\/schema\/person\/image\/","url":"https:\/\/secure.gravatar.com\/avatar\/1e1956f1facbffd3f8fa53a326721950116b3b9dc9bd44939c01180fd4a745a9?s=96&d=mm&r=g","contentUrl":"https:\/\/secure.gravatar.com\/avatar\/1e1956f1facbffd3f8fa53a326721950116b3b9dc9bd44939c01180fd4a745a9?s=96&d=mm&r=g","caption":"Equipe G\u00e1vea News"}}]}},"_links":{"self":[{"href":"https:\/\/www.gaveanews.com\/index.php\/wp-json\/wp\/v2\/posts\/84956","targetHints":{"allow":["GET"]}}],"collection":[{"href":"https:\/\/www.gaveanews.com\/index.php\/wp-json\/wp\/v2\/posts"}],"about":[{"href":"https:\/\/www.gaveanews.com\/index.php\/wp-json\/wp\/v2\/types\/post"}],"author":[{"embeddable":true,"href":"https:\/\/www.gaveanews.com\/index.php\/wp-json\/wp\/v2\/users\/1"}],"replies":[{"embeddable":true,"href":"https:\/\/www.gaveanews.com\/index.php\/wp-json\/wp\/v2\/comments?post=84956"}],"version-history":[{"count":0,"href":"https:\/\/www.gaveanews.com\/index.php\/wp-json\/wp\/v2\/posts\/84956\/revisions"}],"wp:featuredmedia":[{"embeddable":true,"href":"https:\/\/www.gaveanews.com\/index.php\/wp-json\/wp\/v2\/media\/83610"}],"wp:attachment":[{"href":"https:\/\/www.gaveanews.com\/index.php\/wp-json\/wp\/v2\/media?parent=84956"}],"wp:term":[{"taxonomy":"category","embeddable":true,"href":"https:\/\/www.gaveanews.com\/index.php\/wp-json\/wp\/v2\/categories?post=84956"},{"taxonomy":"post_tag","embeddable":true,"href":"https:\/\/www.gaveanews.com\/index.php\/wp-json\/wp\/v2\/tags?post=84956"}],"curies":[{"name":"wp","href":"https:\/\/api.w.org\/{rel}","templated":true}]}}