{"id":84973,"date":"2022-07-20T13:14:09","date_gmt":"2022-07-20T16:14:09","guid":{"rendered":"https:\/\/www.gaveanews.com\/?p=84973"},"modified":"2022-07-20T13:14:12","modified_gmt":"2022-07-20T16:14:12","slug":"flamengo-entra-no-stjd-devido-a-copa-do-brasil-entenda","status":"publish","type":"post","link":"https:\/\/www.gaveanews.com\/index.php\/2022\/07\/20\/flamengo-entra-no-stjd-devido-a-copa-do-brasil-entenda\/","title":{"rendered":"Flamengo entra no STJD devido a Copa do Brasil; entenda"},"content":{"rendered":"\n<p>Nesta quarta-feira (20), um dia ap\u00f3s o sorteio que definiu os confrontos das quartas de final da Copa do Brasil, o Flamengo entrou com uma a\u00e7\u00e3o no Superior Tribunal de Justi\u00e7a Desportiva (STJD), solicitando que seja reconhecido o seu direito ao mando de campo na partida de volta contra o Athletico-PR. O pedido foi encaminhado para o presidente Ot\u00e1vio Noronha.<\/p>\n\n\n\n<p>Na medida, o Rubro-Negro explicou o seu entendimento em rela\u00e7\u00e3o ao sorteio e pediu o deferimento da liminar. Veja na \u00edntegra:<\/p>\n\n\n\n<p><em>&#8220;Com efeito, a bola sorteada para os confrontos da parte inferior da tabela, dentre eles as partidas do FLAMENGO, possu\u00eda o n\u00famero 9 (nove), \u00edmpar, raz\u00e3o pela qual deveria ter sido mantida a ordem de mando de campo do sorteio. Ou seja, tendo o ATHLETICO-PR sido o primeiro time sorteado para o confronto, caberia a este o mando de campo do primeiro jogo, incumbindo ao FLAMENGO mandar o jogo final.<\/em><\/p>\n\n\n\n<p><em>No entanto, em raz\u00e3o da indevida, injustificada e irregular altera\u00e7\u00e3o na ordem dos times, como acima demonstrado, a CBF consolidou uma invers\u00e3o na ordem de mando de campo do confronto entre FLAMENGO e ATHLETICO-PR, o que causar\u00e1 ineg\u00e1vel e irremedi\u00e1vel preju\u00edzo desportivo ao ora requerente.<\/em><\/p>\n\n\n\n<p><em>Logo ap\u00f3s a realiza\u00e7\u00e3o do sorteio, a CBF emitiu nota oficial em seu site, informando que \u201ccomo procedimento padr\u00e3o, ap\u00f3s a defini\u00e7\u00e3o dos duelos, os times da mesma cidade foram reunidos no chaveamento para que houvesse uma altern\u00e2ncia na ordem de quem mandaria os jogos em casa e fora\u201d.<\/em><\/p>\n\n\n\n<p><em>Alega, ainda, a CBF, na nota publicada, que \u201cO mesmo cen\u00e1rio j\u00e1 se repetiu no Sorteio das Oitavas de Final, quando a posi\u00e7\u00e3o do Flamengo no confronto com o Atl\u00e9tico Mineiro foi trocada, posicionando o Fla como mandante na volta, e a de Fluminense x Cruzeiro permaneceu como estava, deixando o Flu como visitante na volta\u201d.<\/em><\/p>\n\n\n\n<p><em>No entanto, a CBF convenientemente omite o fato de que, na ocasi\u00e3o das oitavas de final (4\u00aa fase) ocorreu, tamb\u00e9m, o confronto entre o BOTAFOGO (RJ) e o AM\u00c9RICA-MG. Ou seja, estariam dispon\u00edveis apenas 2 (duas) datas para a realiza\u00e7\u00e3o dos jogos e seriam realizadas 3 (tr\u00eas) partidas entre times cariocas e times mineiros, o que, naquela ocasi\u00e3o, demandava a referida invers\u00e3o.<\/em><\/p>\n\n\n\n<p><em>Contudo, essa justificativa n\u00e3o mais se sustenta para a 5\u00aa fase, visto que a pr\u00f3pria Tabela B\u00e1sica da Copa do Brasil prev\u00ea 2 (duas) datas para a realiza\u00e7\u00e3o das partidas de ida e outras 2 (duas) datas para as partidas de volta, estando, agora, presentes apenas 2 (dois) times cariocas, podendo, portanto, ser um dos jogos alocados para a quarta-feira e a outra para a quinta-feira.<\/em><\/p>\n\n\n\n<p><em>E mais, na 4\u00aa fase da Copa do Brasil (oitavas de final), FLAMENGO e BOTAFOGO mandaram seus jogos na Cidade do Rio de Janeiro, em dias consecutivos.<\/em><\/p>\n\n\n\n<p><em>Ademais, o fato de ter sido utilizado esse crit\u00e9rio na 4\u00aa fase, frisese, atendendo \u00e0s especificidades daquela rodada em que seriam realizados 3 (tr\u00eas) partidas concomitantes entre cariocas e mineiros, n\u00e3o tem o cond\u00e3o de alterar o REC, que deve, ao fim e ao cabo, orientar os procedimentos de organiza\u00e7\u00e3o da competi\u00e7\u00e3o, sob pena de se violar a moralidade, a seguran\u00e7a jur\u00eddica e a pr\u00f3pria desportividade.<\/em><\/p>\n\n\n\n<p><em>Portanto, n\u00e3o havendo qualquer previs\u00e3o no REC ou no RGC, pelo contr\u00e1rio, prevendo estes regulamentos que os mandos de campo seriam fruto de sorteio, se mostra indevido e ilegal o direcionamento realizado, devendo ser corrigida esta irregularidade para que se reconhe\u00e7a o direito de o FLAMENGO mandar a partida de volta da 5\u00aa fase da Copa do Brasil em seu est\u00e1dio.&#8221;<\/em><\/p>\n\n\n\n<p>Por se tratar de uma medida inominada, a liminar foi encaminhada diretamente para o presidente do STJD, Ot\u00e1vio Noronha, que ira analisar o pedido e deferir ou n\u00e3o.<\/p>\n\n\n\n<p>A defini\u00e7\u00e3o deste confronto das quartas gerou muitas reclama\u00e7\u00f5es entre flamenguistas nas redes sociais, devido a uma &#8220;invers\u00e3o&#8221; ocorrida entre as equipes.<\/p>\n\n\n\n<p>Na hora do sorteio, a bolinha do Athletico-PR foi tirada antes da do Fla. Com isso, os paranaenses deveriam ter ficado no topo da chave, o que significa que, na teoria, fariam o confronto de ida na Arena da Baixada.<\/p>\n\n\n\n<p>No entanto, ap\u00f3s a pausa feita pela CBF antes do sorteio dos mandos de campo, houve uma invers\u00e3o no painel sem aviso pr\u00e9vio: o Flamengo passou a aparecer em cima, e o Athletico foi para baixo. Dessa forma, o primeiro jogo passou para o Maracan\u00e3.<\/p>\n\n\n\n<p>Ap\u00f3s a confus\u00e3o e reclama\u00e7\u00f5es por parte do Flamengo, Cacau Cotta, diretor de rela\u00e7\u00f5es externas do clube, falou sobre a falta de comunica\u00e7\u00e3o sobre o procedimento e pediu mudan\u00e7as nos pr\u00f3ximos sorteios.<\/p>\n\n\n\n<p>&#8220;Acho que houve uma falha de comunica\u00e7\u00e3o. O que falta \u00e9 comunica\u00e7\u00e3o e, para ficar uma coisa bem transparente, que esse crit\u00e9rio esteja no regulamento&#8221;, disse.<\/p>\n\n\n\n<p>&#8220;Quando n\u00e3o est\u00e1 no regulamento, voc\u00ea n\u00e3o se convence, mas, como j\u00e1 tem hist\u00f3rico desse crit\u00e9rio de 2013 para c\u00e1 e com o pr\u00f3prio Flamengo nas oitavas de final, voc\u00ea come\u00e7a a entender. Agora est\u00e1 nas m\u00e3os do jur\u00eddico e do presidente essa quest\u00e3o. Se achar lesado, vai buscar seus direitos&#8221;, completou.<\/p>\n\n\n\n<p>Retirado de: ESPN<\/p>\n","protected":false},"excerpt":{"rendered":"<p>Nesta quarta-feira (20), um dia ap\u00f3s o sorteio que definiu os confrontos das quartas de final da Copa do Brasil, o Flamengo entrou com uma a\u00e7\u00e3o no Superior Tribunal de Justi\u00e7a Desportiva (STJD), solicitando que seja reconhecido o seu direito ao mando de campo na partida de volta contra o Athletico-PR. O pedido foi encaminhado [&hellip;]<\/p>\n","protected":false},"author":1,"featured_media":84905,"comment_status":"open","ping_status":"closed","sticky":false,"template":"","format":"standard","meta":{"footnotes":""},"categories":[1],"tags":[],"class_list":["post-84973","post","type-post","status-publish","format-standard","has-post-thumbnail","hentry","category-flamengo"],"yoast_head":"<!-- This site is optimized with the Yoast SEO Premium plugin v24.2 (Yoast SEO v26.9) - https:\/\/yoast.com\/product\/yoast-seo-premium-wordpress\/ -->\n<title>Flamengo entra no STJD devido a Copa do Brasil; entenda<\/title>\n<meta name=\"robots\" content=\"index, follow, max-snippet:-1, max-image-preview:large, max-video-preview:-1\" \/>\n<link rel=\"canonical\" href=\"https:\/\/www.gaveanews.com\/index.php\/2022\/07\/20\/flamengo-entra-no-stjd-devido-a-copa-do-brasil-entenda\/\" \/>\n<meta property=\"og:locale\" content=\"pt_BR\" \/>\n<meta property=\"og:type\" content=\"article\" \/>\n<meta property=\"og:title\" content=\"Flamengo entra no STJD devido a Copa do Brasil; entenda\" \/>\n<meta property=\"og:description\" content=\"Nesta quarta-feira (20), um dia ap\u00f3s o sorteio que definiu os confrontos das quartas de final da Copa do Brasil, o Flamengo entrou com uma a\u00e7\u00e3o no Superior Tribunal de Justi\u00e7a Desportiva (STJD), solicitando que seja reconhecido o seu direito ao mando de campo na partida de volta contra o Athletico-PR. O pedido foi encaminhado [&hellip;]\" \/>\n<meta property=\"og:url\" content=\"https:\/\/www.gaveanews.com\/index.php\/2022\/07\/20\/flamengo-entra-no-stjd-devido-a-copa-do-brasil-entenda\/\" \/>\n<meta property=\"og:site_name\" content=\"G\u00e1vea News\" \/>\n<meta property=\"article:publisher\" content=\"https:\/\/facebook.com\/gaveaNews\/\" \/>\n<meta property=\"article:published_time\" content=\"2022-07-20T16:14:09+00:00\" \/>\n<meta property=\"article:modified_time\" content=\"2022-07-20T16:14:12+00:00\" \/>\n<meta property=\"og:image\" content=\"https:\/\/www.gaveanews.com\/wp-content\/uploads\/Superior-Tribunal-de-Justica-Desportiva.webp\" \/>\n\t<meta property=\"og:image:width\" content=\"603\" \/>\n\t<meta property=\"og:image:height\" content=\"338\" \/>\n\t<meta property=\"og:image:type\" content=\"image\/jpeg\" \/>\n<meta name=\"author\" content=\"Equipe G\u00e1vea News\" \/>\n<meta name=\"twitter:card\" content=\"summary_large_image\" \/>\n<meta name=\"twitter:label1\" content=\"Escrito por\" \/>\n\t<meta name=\"twitter:data1\" content=\"Equipe G\u00e1vea News\" \/>\n\t<meta name=\"twitter:label2\" content=\"Est. tempo de leitura\" \/>\n\t<meta name=\"twitter:data2\" content=\"5 minutos\" \/>\n<script type=\"application\/ld+json\" class=\"yoast-schema-graph\">{\"@context\":\"https:\/\/schema.org\",\"@graph\":[{\"@type\":\"NewsArticle\",\"@id\":\"https:\/\/www.gaveanews.com\/index.php\/2022\/07\/20\/flamengo-entra-no-stjd-devido-a-copa-do-brasil-entenda\/#article\",\"isPartOf\":{\"@id\":\"https:\/\/www.gaveanews.com\/index.php\/2022\/07\/20\/flamengo-entra-no-stjd-devido-a-copa-do-brasil-entenda\/\"},\"author\":{\"name\":\"Equipe G\u00e1vea News\",\"@id\":\"https:\/\/www.gaveanews.com\/#\/schema\/person\/2ec14f73fb96be2caf28f91afb14749d\"},\"headline\":\"Flamengo entra no STJD devido a Copa do Brasil; entenda\",\"datePublished\":\"2022-07-20T16:14:09+00:00\",\"dateModified\":\"2022-07-20T16:14:12+00:00\",\"mainEntityOfPage\":{\"@id\":\"https:\/\/www.gaveanews.com\/index.php\/2022\/07\/20\/flamengo-entra-no-stjd-devido-a-copa-do-brasil-entenda\/\"},\"wordCount\":902,\"commentCount\":0,\"image\":{\"@id\":\"https:\/\/www.gaveanews.com\/index.php\/2022\/07\/20\/flamengo-entra-no-stjd-devido-a-copa-do-brasil-entenda\/#primaryimage\"},\"thumbnailUrl\":\"https:\/\/www.gaveanews.com\/wp-content\/uploads\/Superior-Tribunal-de-Justica-Desportiva.webp\",\"articleSection\":[\"Flamengo\"],\"inLanguage\":\"pt-BR\",\"potentialAction\":[{\"@type\":\"CommentAction\",\"name\":\"Comment\",\"target\":[\"https:\/\/www.gaveanews.com\/index.php\/2022\/07\/20\/flamengo-entra-no-stjd-devido-a-copa-do-brasil-entenda\/#respond\"]}],\"copyrightYear\":\"2022\",\"copyrightHolder\":{\"@id\":\"https:\/\/www.gaveanews.com\/#organization\"}},{\"@type\":\"WebPage\",\"@id\":\"https:\/\/www.gaveanews.com\/index.php\/2022\/07\/20\/flamengo-entra-no-stjd-devido-a-copa-do-brasil-entenda\/\",\"url\":\"https:\/\/www.gaveanews.com\/index.php\/2022\/07\/20\/flamengo-entra-no-stjd-devido-a-copa-do-brasil-entenda\/\",\"name\":\"Flamengo entra no STJD devido a Copa do Brasil; entenda\",\"isPartOf\":{\"@id\":\"https:\/\/www.gaveanews.com\/#website\"},\"primaryImageOfPage\":{\"@id\":\"https:\/\/www.gaveanews.com\/index.php\/2022\/07\/20\/flamengo-entra-no-stjd-devido-a-copa-do-brasil-entenda\/#primaryimage\"},\"image\":{\"@id\":\"https:\/\/www.gaveanews.com\/index.php\/2022\/07\/20\/flamengo-entra-no-stjd-devido-a-copa-do-brasil-entenda\/#primaryimage\"},\"thumbnailUrl\":\"https:\/\/www.gaveanews.com\/wp-content\/uploads\/Superior-Tribunal-de-Justica-Desportiva.webp\",\"datePublished\":\"2022-07-20T16:14:09+00:00\",\"dateModified\":\"2022-07-20T16:14:12+00:00\",\"author\":{\"@id\":\"https:\/\/www.gaveanews.com\/#\/schema\/person\/2ec14f73fb96be2caf28f91afb14749d\"},\"breadcrumb\":{\"@id\":\"https:\/\/www.gaveanews.com\/index.php\/2022\/07\/20\/flamengo-entra-no-stjd-devido-a-copa-do-brasil-entenda\/#breadcrumb\"},\"inLanguage\":\"pt-BR\",\"potentialAction\":[{\"@type\":\"ReadAction\",\"target\":[\"https:\/\/www.gaveanews.com\/index.php\/2022\/07\/20\/flamengo-entra-no-stjd-devido-a-copa-do-brasil-entenda\/\"]}]},{\"@type\":\"ImageObject\",\"inLanguage\":\"pt-BR\",\"@id\":\"https:\/\/www.gaveanews.com\/index.php\/2022\/07\/20\/flamengo-entra-no-stjd-devido-a-copa-do-brasil-entenda\/#primaryimage\",\"url\":\"https:\/\/www.gaveanews.com\/wp-content\/uploads\/Superior-Tribunal-de-Justica-Desportiva.webp\",\"contentUrl\":\"https:\/\/www.gaveanews.com\/wp-content\/uploads\/Superior-Tribunal-de-Justica-Desportiva.webp\",\"width\":603,\"height\":338,\"caption\":\"Superior Tribunal de Justi\u00e7a Desportiva (Foto: Divulga\u00e7\u00e3o\/Site STJD)\"},{\"@type\":\"BreadcrumbList\",\"@id\":\"https:\/\/www.gaveanews.com\/index.php\/2022\/07\/20\/flamengo-entra-no-stjd-devido-a-copa-do-brasil-entenda\/#breadcrumb\",\"itemListElement\":[{\"@type\":\"ListItem\",\"position\":1,\"name\":\"Home\",\"item\":\"https:\/\/www.gaveanews.com\/\"},{\"@type\":\"ListItem\",\"position\":2,\"name\":\"Flamengo entra no STJD devido a Copa do Brasil; entenda\"}]},{\"@type\":\"WebSite\",\"@id\":\"https:\/\/www.gaveanews.com\/#website\",\"url\":\"https:\/\/www.gaveanews.com\/\",\"name\":\"G\u00e1vea News\",\"description\":\"Veja todas as not\u00edcias sobre o Flamengo: Contrata\u00e7\u00f5es, categorias de base, resultados das partidas, tabela de classifica\u00e7\u00e3o, pr\u00f3ximos jogos!\",\"potentialAction\":[{\"@type\":\"SearchAction\",\"target\":{\"@type\":\"EntryPoint\",\"urlTemplate\":\"https:\/\/www.gaveanews.com\/?s={search_term_string}\"},\"query-input\":{\"@type\":\"PropertyValueSpecification\",\"valueRequired\":true,\"valueName\":\"search_term_string\"}}],\"inLanguage\":\"pt-BR\"},{\"@type\":\"Person\",\"@id\":\"https:\/\/www.gaveanews.com\/#\/schema\/person\/2ec14f73fb96be2caf28f91afb14749d\",\"name\":\"Equipe G\u00e1vea News\",\"image\":{\"@type\":\"ImageObject\",\"inLanguage\":\"pt-BR\",\"@id\":\"https:\/\/www.gaveanews.com\/#\/schema\/person\/image\/\",\"url\":\"https:\/\/secure.gravatar.com\/avatar\/1e1956f1facbffd3f8fa53a326721950116b3b9dc9bd44939c01180fd4a745a9?s=96&d=mm&r=g\",\"contentUrl\":\"https:\/\/secure.gravatar.com\/avatar\/1e1956f1facbffd3f8fa53a326721950116b3b9dc9bd44939c01180fd4a745a9?s=96&d=mm&r=g\",\"caption\":\"Equipe G\u00e1vea News\"}}]}<\/script>\n<!-- \/ Yoast SEO Premium plugin. -->","yoast_head_json":{"title":"Flamengo entra no STJD devido a Copa do Brasil; entenda","robots":{"index":"index","follow":"follow","max-snippet":"max-snippet:-1","max-image-preview":"max-image-preview:large","max-video-preview":"max-video-preview:-1"},"canonical":"https:\/\/www.gaveanews.com\/index.php\/2022\/07\/20\/flamengo-entra-no-stjd-devido-a-copa-do-brasil-entenda\/","og_locale":"pt_BR","og_type":"article","og_title":"Flamengo entra no STJD devido a Copa do Brasil; entenda","og_description":"Nesta quarta-feira (20), um dia ap\u00f3s o sorteio que definiu os confrontos das quartas de final da Copa do Brasil, o Flamengo entrou com uma a\u00e7\u00e3o no Superior Tribunal de Justi\u00e7a Desportiva (STJD), solicitando que seja reconhecido o seu direito ao mando de campo na partida de volta contra o Athletico-PR. O pedido foi encaminhado [&hellip;]","og_url":"https:\/\/www.gaveanews.com\/index.php\/2022\/07\/20\/flamengo-entra-no-stjd-devido-a-copa-do-brasil-entenda\/","og_site_name":"G\u00e1vea News","article_publisher":"https:\/\/facebook.com\/gaveaNews\/","article_published_time":"2022-07-20T16:14:09+00:00","article_modified_time":"2022-07-20T16:14:12+00:00","og_image":[{"width":603,"height":338,"url":"https:\/\/www.gaveanews.com\/wp-content\/uploads\/Superior-Tribunal-de-Justica-Desportiva.webp","type":"image\/jpeg"}],"author":"Equipe G\u00e1vea News","twitter_card":"summary_large_image","twitter_misc":{"Escrito por":"Equipe G\u00e1vea News","Est. tempo de leitura":"5 minutos"},"schema":{"@context":"https:\/\/schema.org","@graph":[{"@type":"NewsArticle","@id":"https:\/\/www.gaveanews.com\/index.php\/2022\/07\/20\/flamengo-entra-no-stjd-devido-a-copa-do-brasil-entenda\/#article","isPartOf":{"@id":"https:\/\/www.gaveanews.com\/index.php\/2022\/07\/20\/flamengo-entra-no-stjd-devido-a-copa-do-brasil-entenda\/"},"author":{"name":"Equipe G\u00e1vea News","@id":"https:\/\/www.gaveanews.com\/#\/schema\/person\/2ec14f73fb96be2caf28f91afb14749d"},"headline":"Flamengo entra no STJD devido a Copa do Brasil; entenda","datePublished":"2022-07-20T16:14:09+00:00","dateModified":"2022-07-20T16:14:12+00:00","mainEntityOfPage":{"@id":"https:\/\/www.gaveanews.com\/index.php\/2022\/07\/20\/flamengo-entra-no-stjd-devido-a-copa-do-brasil-entenda\/"},"wordCount":902,"commentCount":0,"image":{"@id":"https:\/\/www.gaveanews.com\/index.php\/2022\/07\/20\/flamengo-entra-no-stjd-devido-a-copa-do-brasil-entenda\/#primaryimage"},"thumbnailUrl":"https:\/\/www.gaveanews.com\/wp-content\/uploads\/Superior-Tribunal-de-Justica-Desportiva.webp","articleSection":["Flamengo"],"inLanguage":"pt-BR","potentialAction":[{"@type":"CommentAction","name":"Comment","target":["https:\/\/www.gaveanews.com\/index.php\/2022\/07\/20\/flamengo-entra-no-stjd-devido-a-copa-do-brasil-entenda\/#respond"]}],"copyrightYear":"2022","copyrightHolder":{"@id":"https:\/\/www.gaveanews.com\/#organization"}},{"@type":"WebPage","@id":"https:\/\/www.gaveanews.com\/index.php\/2022\/07\/20\/flamengo-entra-no-stjd-devido-a-copa-do-brasil-entenda\/","url":"https:\/\/www.gaveanews.com\/index.php\/2022\/07\/20\/flamengo-entra-no-stjd-devido-a-copa-do-brasil-entenda\/","name":"Flamengo entra no STJD devido a Copa do Brasil; entenda","isPartOf":{"@id":"https:\/\/www.gaveanews.com\/#website"},"primaryImageOfPage":{"@id":"https:\/\/www.gaveanews.com\/index.php\/2022\/07\/20\/flamengo-entra-no-stjd-devido-a-copa-do-brasil-entenda\/#primaryimage"},"image":{"@id":"https:\/\/www.gaveanews.com\/index.php\/2022\/07\/20\/flamengo-entra-no-stjd-devido-a-copa-do-brasil-entenda\/#primaryimage"},"thumbnailUrl":"https:\/\/www.gaveanews.com\/wp-content\/uploads\/Superior-Tribunal-de-Justica-Desportiva.webp","datePublished":"2022-07-20T16:14:09+00:00","dateModified":"2022-07-20T16:14:12+00:00","author":{"@id":"https:\/\/www.gaveanews.com\/#\/schema\/person\/2ec14f73fb96be2caf28f91afb14749d"},"breadcrumb":{"@id":"https:\/\/www.gaveanews.com\/index.php\/2022\/07\/20\/flamengo-entra-no-stjd-devido-a-copa-do-brasil-entenda\/#breadcrumb"},"inLanguage":"pt-BR","potentialAction":[{"@type":"ReadAction","target":["https:\/\/www.gaveanews.com\/index.php\/2022\/07\/20\/flamengo-entra-no-stjd-devido-a-copa-do-brasil-entenda\/"]}]},{"@type":"ImageObject","inLanguage":"pt-BR","@id":"https:\/\/www.gaveanews.com\/index.php\/2022\/07\/20\/flamengo-entra-no-stjd-devido-a-copa-do-brasil-entenda\/#primaryimage","url":"https:\/\/www.gaveanews.com\/wp-content\/uploads\/Superior-Tribunal-de-Justica-Desportiva.webp","contentUrl":"https:\/\/www.gaveanews.com\/wp-content\/uploads\/Superior-Tribunal-de-Justica-Desportiva.webp","width":603,"height":338,"caption":"Superior Tribunal de Justi\u00e7a Desportiva (Foto: Divulga\u00e7\u00e3o\/Site STJD)"},{"@type":"BreadcrumbList","@id":"https:\/\/www.gaveanews.com\/index.php\/2022\/07\/20\/flamengo-entra-no-stjd-devido-a-copa-do-brasil-entenda\/#breadcrumb","itemListElement":[{"@type":"ListItem","position":1,"name":"Home","item":"https:\/\/www.gaveanews.com\/"},{"@type":"ListItem","position":2,"name":"Flamengo entra no STJD devido a Copa do Brasil; entenda"}]},{"@type":"WebSite","@id":"https:\/\/www.gaveanews.com\/#website","url":"https:\/\/www.gaveanews.com\/","name":"G\u00e1vea News","description":"Veja todas as not\u00edcias sobre o Flamengo: Contrata\u00e7\u00f5es, categorias de base, resultados das partidas, tabela de classifica\u00e7\u00e3o, pr\u00f3ximos jogos!","potentialAction":[{"@type":"SearchAction","target":{"@type":"EntryPoint","urlTemplate":"https:\/\/www.gaveanews.com\/?s={search_term_string}"},"query-input":{"@type":"PropertyValueSpecification","valueRequired":true,"valueName":"search_term_string"}}],"inLanguage":"pt-BR"},{"@type":"Person","@id":"https:\/\/www.gaveanews.com\/#\/schema\/person\/2ec14f73fb96be2caf28f91afb14749d","name":"Equipe G\u00e1vea News","image":{"@type":"ImageObject","inLanguage":"pt-BR","@id":"https:\/\/www.gaveanews.com\/#\/schema\/person\/image\/","url":"https:\/\/secure.gravatar.com\/avatar\/1e1956f1facbffd3f8fa53a326721950116b3b9dc9bd44939c01180fd4a745a9?s=96&d=mm&r=g","contentUrl":"https:\/\/secure.gravatar.com\/avatar\/1e1956f1facbffd3f8fa53a326721950116b3b9dc9bd44939c01180fd4a745a9?s=96&d=mm&r=g","caption":"Equipe G\u00e1vea News"}}]}},"_links":{"self":[{"href":"https:\/\/www.gaveanews.com\/index.php\/wp-json\/wp\/v2\/posts\/84973","targetHints":{"allow":["GET"]}}],"collection":[{"href":"https:\/\/www.gaveanews.com\/index.php\/wp-json\/wp\/v2\/posts"}],"about":[{"href":"https:\/\/www.gaveanews.com\/index.php\/wp-json\/wp\/v2\/types\/post"}],"author":[{"embeddable":true,"href":"https:\/\/www.gaveanews.com\/index.php\/wp-json\/wp\/v2\/users\/1"}],"replies":[{"embeddable":true,"href":"https:\/\/www.gaveanews.com\/index.php\/wp-json\/wp\/v2\/comments?post=84973"}],"version-history":[{"count":0,"href":"https:\/\/www.gaveanews.com\/index.php\/wp-json\/wp\/v2\/posts\/84973\/revisions"}],"wp:featuredmedia":[{"embeddable":true,"href":"https:\/\/www.gaveanews.com\/index.php\/wp-json\/wp\/v2\/media\/84905"}],"wp:attachment":[{"href":"https:\/\/www.gaveanews.com\/index.php\/wp-json\/wp\/v2\/media?parent=84973"}],"wp:term":[{"taxonomy":"category","embeddable":true,"href":"https:\/\/www.gaveanews.com\/index.php\/wp-json\/wp\/v2\/categories?post=84973"},{"taxonomy":"post_tag","embeddable":true,"href":"https:\/\/www.gaveanews.com\/index.php\/wp-json\/wp\/v2\/tags?post=84973"}],"curies":[{"name":"wp","href":"https:\/\/api.w.org\/{rel}","templated":true}]}}