{"id":84976,"date":"2022-07-20T17:36:35","date_gmt":"2022-07-20T20:36:35","guid":{"rendered":"https:\/\/www.gaveanews.com\/?p=84976"},"modified":"2022-07-20T19:37:36","modified_gmt":"2022-07-20T22:37:36","slug":"saiu-veja-a-escalacao-do-flamengo-para-o-jogo-contra-o-juventude-2","status":"publish","type":"post","link":"https:\/\/www.gaveanews.com\/index.php\/2022\/07\/20\/saiu-veja-a-escalacao-do-flamengo-para-o-jogo-contra-o-juventude-2\/","title":{"rendered":"Saiu! Veja a escala\u00e7\u00e3o do Flamengo para o jogo contra o Juventude"},"content":{"rendered":"\n<p>Daqui a pouco o Flamengo ir\u00e1 a campo para enfrentar o Juventude pela rodada 18 do Campeonato Brasileiro. A bola rola \u00e0s 20h30 (hor\u00e1rio de Bras\u00edlia) no Est\u00e1dio Man\u00e9 Garrincha, em Bras\u00edlia.<\/p>\n\n\n\n<p>Al\u00e9m da busca por pontos na competi\u00e7\u00e3o, o Flamengo contar\u00e1 com uma novidade neste confronto. <a href=\"https:\/\/www.gaveanews.com\/index.php\/2022\/07\/16\/dorival-junior-abre-o-jogo-sobre-estreias-de-everton-cebolinha-e-arturo-vidal\/\">Ap\u00f3s semanas de treino, Everton Cebolinha estrear\u00e1 com o Manto Sagrado nesta noite. A informa\u00e7\u00e3o foi confirmada por Dorival J\u00fanior anteriormente.<\/a><\/p>\n\n\n\n<h2 class=\"wp-block-heading\" id=\"h-atual-situacao-do-adversario\">Atual situa\u00e7\u00e3o do advers\u00e1rio:<\/h2>\n\n\n\n<p>O Juventude vem em uma sequ\u00eancia bastante ruim e n\u00e3o vence desde o dia 5 de junho, quando superou o Fluminense por 1 a 0 em casa. De l\u00e1 para c\u00e1 foram cinco derrotas e tr\u00eas empates, o que deixa a equipe na lanterna do Brasileir\u00e3o.<\/p>\n\n\n\n<h2 class=\"wp-block-heading\" id=\"h-transmissao\">Transmiss\u00e3o:<\/h2>\n\n\n\n<p>A cobertura do evento com imagens ser\u00e1 feita pelo Premiere, com narra\u00e7\u00e3o de Gustavo Villani e coment\u00e1rios de Grafite, Renata Mendon\u00e7a e Fernanda Colombo.<\/p>\n\n\n\n<h2 class=\"wp-block-heading\" id=\"h-desfalques\">Desfalques:<\/h2>\n\n\n\n<p>Marinho trata faringite, Diego Ribas sentiu dores na coxa direita, Diego Alves faz trabalho de fortalecimento com os preparadores da equipe, Matheus Cunha est\u00e1 com gastroenterite, Rodrigo Caio se recupera de les\u00e3o no menisco do joelho esquerdo e Bruno Henrique faz fisioterapia ap\u00f3s cirurgia no joelho.<\/p>\n\n\n\n<h2 class=\"wp-block-heading\" id=\"h-pendurados\">Pendurados:<\/h2>\n\n\n\n<p>Atualmente Matheuzinho, L\u00e1zaro e Thiago Maia est\u00e3o pendurados. E por falar no assunto, Gabigol retorna nesta noite ap\u00f3s cumprir sua segunda suspens\u00e3o nesta edi\u00e7\u00e3o do Brasileiro pelo excesso de cart\u00f5es amarelos.<\/p>\n\n\n\n<h2 class=\"wp-block-heading\" id=\"h-escalacao-do-flamengo\">Escala\u00e7\u00e3o do Flamengo:<\/h2>\n\n\n\n<p>Santos; Rodinei, David Luiz, L\u00e9o Pereira e Filipe Lu\u00eds; Thiago Maia e Jo\u00e3o Gomes; Everton Ribeiro, De Arrascaeca, Gabigol e Pedro.<\/p>\n\n\n\n<h2 class=\"wp-block-heading\" id=\"h-banco-de-reservas\">Banco de reservas:<\/h2>\n\n\n\n<p>Hugo Souza, Matheuzinho, Gustavo Henrique, Fabricio Bruno, Pablo, Ayrton Lucas, Daniel Cabral, Victor Hugo, Matheus Fran\u00e7a, L\u00e1zaro, Everton Cebolinha e Vitinho.<\/p>\n\n\n\n<h2 class=\"wp-block-heading\" id=\"h-escalacao-do-juventude\">Escala\u00e7\u00e3o do Juventude:<\/h2>\n\n\n\n<p>C\u00e9sar, R. Soares, Thalisson, Forster, Moraes Junior, Yuri, Jadson, P. Henrique, Edinho, Malon e R. Bueno.<\/p>\n\n\n\n<h2 class=\"wp-block-heading\" id=\"h-arbitragem\">Arbitragem:<\/h2>\n\n\n\n<ul class=\"wp-block-list\"><li>\u00c1rbitro: Paulo Cesar Zanovelli da Silva (MG)<\/li><li>Assistente 1: Guilherme Dias Camilo (Fifa\/MG)<\/li><li>Assistente 2: Celso Luiz da Silva (MG)<\/li><li>VAR: Pablo Ramon Goncalves Pinheiro (RN)<\/li><\/ul>\n\n\n\n<h2 class=\"wp-block-heading\">Sua opini\u00e3o!<\/h2>\n\n\n\n<p>E a\u00ed? O que voc\u00ea achou da escala\u00e7\u00e3o do&nbsp;Flamengo&nbsp;para esta noite? Deixe sua opini\u00e3o nos coment\u00e1rios abaixo!<\/p>\n","protected":false},"excerpt":{"rendered":"<p>Daqui a pouco o Flamengo ir\u00e1 a campo para enfrentar o Juventude pela rodada 18 do Campeonato Brasileiro. A bola rola \u00e0s 20h30 (hor\u00e1rio de Bras\u00edlia) no Est\u00e1dio Man\u00e9 Garrincha, em Bras\u00edlia. Al\u00e9m da busca por pontos na competi\u00e7\u00e3o, o Flamengo contar\u00e1 com uma novidade neste confronto. Ap\u00f3s semanas de treino, Everton Cebolinha estrear\u00e1 com [&hellip;]<\/p>\n","protected":false},"author":4,"featured_media":83199,"comment_status":"open","ping_status":"closed","sticky":false,"template":"","format":"standard","meta":{"footnotes":""},"categories":[47],"tags":[],"class_list":["post-84976","post","type-post","status-publish","format-standard","has-post-thumbnail","hentry","category-destaques"],"yoast_head":"<!-- This site is optimized with the Yoast SEO Premium plugin v24.2 (Yoast SEO v26.9) - https:\/\/yoast.com\/product\/yoast-seo-premium-wordpress\/ -->\n<title>Saiu! Veja a escala\u00e7\u00e3o do Flamengo para o jogo contra o Juventude<\/title>\n<meta name=\"robots\" content=\"index, follow, max-snippet:-1, max-image-preview:large, max-video-preview:-1\" \/>\n<link rel=\"canonical\" href=\"https:\/\/www.gaveanews.com\/index.php\/2022\/07\/20\/saiu-veja-a-escalacao-do-flamengo-para-o-jogo-contra-o-juventude-2\/\" \/>\n<meta property=\"og:locale\" content=\"pt_BR\" \/>\n<meta property=\"og:type\" content=\"article\" \/>\n<meta property=\"og:title\" content=\"Saiu! Veja a escala\u00e7\u00e3o do Flamengo para o jogo contra o Juventude\" \/>\n<meta property=\"og:description\" content=\"Daqui a pouco o Flamengo ir\u00e1 a campo para enfrentar o Juventude pela rodada 18 do Campeonato Brasileiro. A bola rola \u00e0s 20h30 (hor\u00e1rio de Bras\u00edlia) no Est\u00e1dio Man\u00e9 Garrincha, em Bras\u00edlia. Al\u00e9m da busca por pontos na competi\u00e7\u00e3o, o Flamengo contar\u00e1 com uma novidade neste confronto. Ap\u00f3s semanas de treino, Everton Cebolinha estrear\u00e1 com [&hellip;]\" \/>\n<meta property=\"og:url\" content=\"https:\/\/www.gaveanews.com\/index.php\/2022\/07\/20\/saiu-veja-a-escalacao-do-flamengo-para-o-jogo-contra-o-juventude-2\/\" \/>\n<meta property=\"og:site_name\" content=\"G\u00e1vea News\" \/>\n<meta property=\"article:publisher\" content=\"https:\/\/facebook.com\/gaveaNews\/\" \/>\n<meta property=\"article:published_time\" content=\"2022-07-20T20:36:35+00:00\" \/>\n<meta property=\"article:modified_time\" content=\"2022-07-20T22:37:36+00:00\" \/>\n<meta property=\"og:image\" content=\"https:\/\/www.gaveanews.com\/wp-content\/uploads\/Escalacao-oficial-do-Flamengo.webp\" \/>\n\t<meta property=\"og:image:width\" content=\"2048\" \/>\n\t<meta property=\"og:image:height\" content=\"1363\" \/>\n\t<meta property=\"og:image:type\" content=\"image\/webp\" \/>\n<meta name=\"author\" content=\"Let\u00edcia Gerheim\" \/>\n<meta name=\"twitter:card\" content=\"summary_large_image\" \/>\n<meta name=\"twitter:label1\" content=\"Escrito por\" \/>\n\t<meta name=\"twitter:data1\" content=\"Let\u00edcia Gerheim\" \/>\n\t<meta name=\"twitter:label2\" content=\"Est. tempo de leitura\" \/>\n\t<meta name=\"twitter:data2\" content=\"2 minutos\" \/>\n<script type=\"application\/ld+json\" class=\"yoast-schema-graph\">{\"@context\":\"https:\/\/schema.org\",\"@graph\":[{\"@type\":\"NewsArticle\",\"@id\":\"https:\/\/www.gaveanews.com\/index.php\/2022\/07\/20\/saiu-veja-a-escalacao-do-flamengo-para-o-jogo-contra-o-juventude-2\/#article\",\"isPartOf\":{\"@id\":\"https:\/\/www.gaveanews.com\/index.php\/2022\/07\/20\/saiu-veja-a-escalacao-do-flamengo-para-o-jogo-contra-o-juventude-2\/\"},\"author\":{\"name\":\"Let\u00edcia Gerheim\",\"@id\":\"https:\/\/www.gaveanews.com\/#\/schema\/person\/714c67050b836198af2450ba1c142a67\"},\"headline\":\"Saiu! Veja a escala\u00e7\u00e3o do Flamengo para o jogo contra o Juventude\",\"datePublished\":\"2022-07-20T20:36:35+00:00\",\"dateModified\":\"2022-07-20T22:37:36+00:00\",\"mainEntityOfPage\":{\"@id\":\"https:\/\/www.gaveanews.com\/index.php\/2022\/07\/20\/saiu-veja-a-escalacao-do-flamengo-para-o-jogo-contra-o-juventude-2\/\"},\"wordCount\":386,\"commentCount\":0,\"image\":{\"@id\":\"https:\/\/www.gaveanews.com\/index.php\/2022\/07\/20\/saiu-veja-a-escalacao-do-flamengo-para-o-jogo-contra-o-juventude-2\/#primaryimage\"},\"thumbnailUrl\":\"https:\/\/www.gaveanews.com\/wp-content\/uploads\/Escalacao-oficial-do-Flamengo.webp\",\"articleSection\":[\"Destaques\"],\"inLanguage\":\"pt-BR\",\"potentialAction\":[{\"@type\":\"CommentAction\",\"name\":\"Comment\",\"target\":[\"https:\/\/www.gaveanews.com\/index.php\/2022\/07\/20\/saiu-veja-a-escalacao-do-flamengo-para-o-jogo-contra-o-juventude-2\/#respond\"]}],\"copyrightYear\":\"2022\",\"copyrightHolder\":{\"@id\":\"https:\/\/www.gaveanews.com\/#organization\"}},{\"@type\":\"WebPage\",\"@id\":\"https:\/\/www.gaveanews.com\/index.php\/2022\/07\/20\/saiu-veja-a-escalacao-do-flamengo-para-o-jogo-contra-o-juventude-2\/\",\"url\":\"https:\/\/www.gaveanews.com\/index.php\/2022\/07\/20\/saiu-veja-a-escalacao-do-flamengo-para-o-jogo-contra-o-juventude-2\/\",\"name\":\"Saiu! Veja a escala\u00e7\u00e3o do Flamengo para o jogo contra o Juventude\",\"isPartOf\":{\"@id\":\"https:\/\/www.gaveanews.com\/#website\"},\"primaryImageOfPage\":{\"@id\":\"https:\/\/www.gaveanews.com\/index.php\/2022\/07\/20\/saiu-veja-a-escalacao-do-flamengo-para-o-jogo-contra-o-juventude-2\/#primaryimage\"},\"image\":{\"@id\":\"https:\/\/www.gaveanews.com\/index.php\/2022\/07\/20\/saiu-veja-a-escalacao-do-flamengo-para-o-jogo-contra-o-juventude-2\/#primaryimage\"},\"thumbnailUrl\":\"https:\/\/www.gaveanews.com\/wp-content\/uploads\/Escalacao-oficial-do-Flamengo.webp\",\"datePublished\":\"2022-07-20T20:36:35+00:00\",\"dateModified\":\"2022-07-20T22:37:36+00:00\",\"author\":{\"@id\":\"https:\/\/www.gaveanews.com\/#\/schema\/person\/714c67050b836198af2450ba1c142a67\"},\"breadcrumb\":{\"@id\":\"https:\/\/www.gaveanews.com\/index.php\/2022\/07\/20\/saiu-veja-a-escalacao-do-flamengo-para-o-jogo-contra-o-juventude-2\/#breadcrumb\"},\"inLanguage\":\"pt-BR\",\"potentialAction\":[{\"@type\":\"ReadAction\",\"target\":[\"https:\/\/www.gaveanews.com\/index.php\/2022\/07\/20\/saiu-veja-a-escalacao-do-flamengo-para-o-jogo-contra-o-juventude-2\/\"]}]},{\"@type\":\"ImageObject\",\"inLanguage\":\"pt-BR\",\"@id\":\"https:\/\/www.gaveanews.com\/index.php\/2022\/07\/20\/saiu-veja-a-escalacao-do-flamengo-para-o-jogo-contra-o-juventude-2\/#primaryimage\",\"url\":\"https:\/\/www.gaveanews.com\/wp-content\/uploads\/Escalacao-oficial-do-Flamengo.webp\",\"contentUrl\":\"https:\/\/www.gaveanews.com\/wp-content\/uploads\/Escalacao-oficial-do-Flamengo.webp\",\"width\":2048,\"height\":1363,\"caption\":\"Escala\u00e7\u00e3o oficial do Flamengo (Ilustra\u00e7\u00e3o: Editoria de Arte\/GaveaNews.com)\"},{\"@type\":\"BreadcrumbList\",\"@id\":\"https:\/\/www.gaveanews.com\/index.php\/2022\/07\/20\/saiu-veja-a-escalacao-do-flamengo-para-o-jogo-contra-o-juventude-2\/#breadcrumb\",\"itemListElement\":[{\"@type\":\"ListItem\",\"position\":1,\"name\":\"Home\",\"item\":\"https:\/\/www.gaveanews.com\/\"},{\"@type\":\"ListItem\",\"position\":2,\"name\":\"Saiu! Veja a escala\u00e7\u00e3o do Flamengo para o jogo contra o Juventude\"}]},{\"@type\":\"WebSite\",\"@id\":\"https:\/\/www.gaveanews.com\/#website\",\"url\":\"https:\/\/www.gaveanews.com\/\",\"name\":\"G\u00e1vea News\",\"description\":\"Veja todas as not\u00edcias sobre o Flamengo: Contrata\u00e7\u00f5es, categorias de base, resultados das partidas, tabela de classifica\u00e7\u00e3o, pr\u00f3ximos jogos!\",\"potentialAction\":[{\"@type\":\"SearchAction\",\"target\":{\"@type\":\"EntryPoint\",\"urlTemplate\":\"https:\/\/www.gaveanews.com\/?s={search_term_string}\"},\"query-input\":{\"@type\":\"PropertyValueSpecification\",\"valueRequired\":true,\"valueName\":\"search_term_string\"}}],\"inLanguage\":\"pt-BR\"},{\"@type\":\"Person\",\"@id\":\"https:\/\/www.gaveanews.com\/#\/schema\/person\/714c67050b836198af2450ba1c142a67\",\"name\":\"Let\u00edcia Gerheim\",\"image\":{\"@type\":\"ImageObject\",\"inLanguage\":\"pt-BR\",\"@id\":\"https:\/\/www.gaveanews.com\/#\/schema\/person\/image\/\",\"url\":\"https:\/\/secure.gravatar.com\/avatar\/60734739c50fcebfbac509e2a826ccd0ff405c019bc73aab9354f19ecad1dcb4?s=96&d=mm&r=g\",\"contentUrl\":\"https:\/\/secure.gravatar.com\/avatar\/60734739c50fcebfbac509e2a826ccd0ff405c019bc73aab9354f19ecad1dcb4?s=96&d=mm&r=g\",\"caption\":\"Let\u00edcia Gerheim\"}}]}<\/script>\n<!-- \/ Yoast SEO Premium plugin. -->","yoast_head_json":{"title":"Saiu! Veja a escala\u00e7\u00e3o do Flamengo para o jogo contra o Juventude","robots":{"index":"index","follow":"follow","max-snippet":"max-snippet:-1","max-image-preview":"max-image-preview:large","max-video-preview":"max-video-preview:-1"},"canonical":"https:\/\/www.gaveanews.com\/index.php\/2022\/07\/20\/saiu-veja-a-escalacao-do-flamengo-para-o-jogo-contra-o-juventude-2\/","og_locale":"pt_BR","og_type":"article","og_title":"Saiu! Veja a escala\u00e7\u00e3o do Flamengo para o jogo contra o Juventude","og_description":"Daqui a pouco o Flamengo ir\u00e1 a campo para enfrentar o Juventude pela rodada 18 do Campeonato Brasileiro. A bola rola \u00e0s 20h30 (hor\u00e1rio de Bras\u00edlia) no Est\u00e1dio Man\u00e9 Garrincha, em Bras\u00edlia. Al\u00e9m da busca por pontos na competi\u00e7\u00e3o, o Flamengo contar\u00e1 com uma novidade neste confronto. Ap\u00f3s semanas de treino, Everton Cebolinha estrear\u00e1 com [&hellip;]","og_url":"https:\/\/www.gaveanews.com\/index.php\/2022\/07\/20\/saiu-veja-a-escalacao-do-flamengo-para-o-jogo-contra-o-juventude-2\/","og_site_name":"G\u00e1vea News","article_publisher":"https:\/\/facebook.com\/gaveaNews\/","article_published_time":"2022-07-20T20:36:35+00:00","article_modified_time":"2022-07-20T22:37:36+00:00","og_image":[{"width":2048,"height":1363,"url":"https:\/\/www.gaveanews.com\/wp-content\/uploads\/Escalacao-oficial-do-Flamengo.webp","type":"image\/webp"}],"author":"Let\u00edcia Gerheim","twitter_card":"summary_large_image","twitter_misc":{"Escrito por":"Let\u00edcia Gerheim","Est. tempo de leitura":"2 minutos"},"schema":{"@context":"https:\/\/schema.org","@graph":[{"@type":"NewsArticle","@id":"https:\/\/www.gaveanews.com\/index.php\/2022\/07\/20\/saiu-veja-a-escalacao-do-flamengo-para-o-jogo-contra-o-juventude-2\/#article","isPartOf":{"@id":"https:\/\/www.gaveanews.com\/index.php\/2022\/07\/20\/saiu-veja-a-escalacao-do-flamengo-para-o-jogo-contra-o-juventude-2\/"},"author":{"name":"Let\u00edcia Gerheim","@id":"https:\/\/www.gaveanews.com\/#\/schema\/person\/714c67050b836198af2450ba1c142a67"},"headline":"Saiu! Veja a escala\u00e7\u00e3o do Flamengo para o jogo contra o Juventude","datePublished":"2022-07-20T20:36:35+00:00","dateModified":"2022-07-20T22:37:36+00:00","mainEntityOfPage":{"@id":"https:\/\/www.gaveanews.com\/index.php\/2022\/07\/20\/saiu-veja-a-escalacao-do-flamengo-para-o-jogo-contra-o-juventude-2\/"},"wordCount":386,"commentCount":0,"image":{"@id":"https:\/\/www.gaveanews.com\/index.php\/2022\/07\/20\/saiu-veja-a-escalacao-do-flamengo-para-o-jogo-contra-o-juventude-2\/#primaryimage"},"thumbnailUrl":"https:\/\/www.gaveanews.com\/wp-content\/uploads\/Escalacao-oficial-do-Flamengo.webp","articleSection":["Destaques"],"inLanguage":"pt-BR","potentialAction":[{"@type":"CommentAction","name":"Comment","target":["https:\/\/www.gaveanews.com\/index.php\/2022\/07\/20\/saiu-veja-a-escalacao-do-flamengo-para-o-jogo-contra-o-juventude-2\/#respond"]}],"copyrightYear":"2022","copyrightHolder":{"@id":"https:\/\/www.gaveanews.com\/#organization"}},{"@type":"WebPage","@id":"https:\/\/www.gaveanews.com\/index.php\/2022\/07\/20\/saiu-veja-a-escalacao-do-flamengo-para-o-jogo-contra-o-juventude-2\/","url":"https:\/\/www.gaveanews.com\/index.php\/2022\/07\/20\/saiu-veja-a-escalacao-do-flamengo-para-o-jogo-contra-o-juventude-2\/","name":"Saiu! Veja a escala\u00e7\u00e3o do Flamengo para o jogo contra o Juventude","isPartOf":{"@id":"https:\/\/www.gaveanews.com\/#website"},"primaryImageOfPage":{"@id":"https:\/\/www.gaveanews.com\/index.php\/2022\/07\/20\/saiu-veja-a-escalacao-do-flamengo-para-o-jogo-contra-o-juventude-2\/#primaryimage"},"image":{"@id":"https:\/\/www.gaveanews.com\/index.php\/2022\/07\/20\/saiu-veja-a-escalacao-do-flamengo-para-o-jogo-contra-o-juventude-2\/#primaryimage"},"thumbnailUrl":"https:\/\/www.gaveanews.com\/wp-content\/uploads\/Escalacao-oficial-do-Flamengo.webp","datePublished":"2022-07-20T20:36:35+00:00","dateModified":"2022-07-20T22:37:36+00:00","author":{"@id":"https:\/\/www.gaveanews.com\/#\/schema\/person\/714c67050b836198af2450ba1c142a67"},"breadcrumb":{"@id":"https:\/\/www.gaveanews.com\/index.php\/2022\/07\/20\/saiu-veja-a-escalacao-do-flamengo-para-o-jogo-contra-o-juventude-2\/#breadcrumb"},"inLanguage":"pt-BR","potentialAction":[{"@type":"ReadAction","target":["https:\/\/www.gaveanews.com\/index.php\/2022\/07\/20\/saiu-veja-a-escalacao-do-flamengo-para-o-jogo-contra-o-juventude-2\/"]}]},{"@type":"ImageObject","inLanguage":"pt-BR","@id":"https:\/\/www.gaveanews.com\/index.php\/2022\/07\/20\/saiu-veja-a-escalacao-do-flamengo-para-o-jogo-contra-o-juventude-2\/#primaryimage","url":"https:\/\/www.gaveanews.com\/wp-content\/uploads\/Escalacao-oficial-do-Flamengo.webp","contentUrl":"https:\/\/www.gaveanews.com\/wp-content\/uploads\/Escalacao-oficial-do-Flamengo.webp","width":2048,"height":1363,"caption":"Escala\u00e7\u00e3o oficial do Flamengo (Ilustra\u00e7\u00e3o: Editoria de Arte\/GaveaNews.com)"},{"@type":"BreadcrumbList","@id":"https:\/\/www.gaveanews.com\/index.php\/2022\/07\/20\/saiu-veja-a-escalacao-do-flamengo-para-o-jogo-contra-o-juventude-2\/#breadcrumb","itemListElement":[{"@type":"ListItem","position":1,"name":"Home","item":"https:\/\/www.gaveanews.com\/"},{"@type":"ListItem","position":2,"name":"Saiu! Veja a escala\u00e7\u00e3o do Flamengo para o jogo contra o Juventude"}]},{"@type":"WebSite","@id":"https:\/\/www.gaveanews.com\/#website","url":"https:\/\/www.gaveanews.com\/","name":"G\u00e1vea News","description":"Veja todas as not\u00edcias sobre o Flamengo: Contrata\u00e7\u00f5es, categorias de base, resultados das partidas, tabela de classifica\u00e7\u00e3o, pr\u00f3ximos jogos!","potentialAction":[{"@type":"SearchAction","target":{"@type":"EntryPoint","urlTemplate":"https:\/\/www.gaveanews.com\/?s={search_term_string}"},"query-input":{"@type":"PropertyValueSpecification","valueRequired":true,"valueName":"search_term_string"}}],"inLanguage":"pt-BR"},{"@type":"Person","@id":"https:\/\/www.gaveanews.com\/#\/schema\/person\/714c67050b836198af2450ba1c142a67","name":"Let\u00edcia Gerheim","image":{"@type":"ImageObject","inLanguage":"pt-BR","@id":"https:\/\/www.gaveanews.com\/#\/schema\/person\/image\/","url":"https:\/\/secure.gravatar.com\/avatar\/60734739c50fcebfbac509e2a826ccd0ff405c019bc73aab9354f19ecad1dcb4?s=96&d=mm&r=g","contentUrl":"https:\/\/secure.gravatar.com\/avatar\/60734739c50fcebfbac509e2a826ccd0ff405c019bc73aab9354f19ecad1dcb4?s=96&d=mm&r=g","caption":"Let\u00edcia Gerheim"}}]}},"_links":{"self":[{"href":"https:\/\/www.gaveanews.com\/index.php\/wp-json\/wp\/v2\/posts\/84976","targetHints":{"allow":["GET"]}}],"collection":[{"href":"https:\/\/www.gaveanews.com\/index.php\/wp-json\/wp\/v2\/posts"}],"about":[{"href":"https:\/\/www.gaveanews.com\/index.php\/wp-json\/wp\/v2\/types\/post"}],"author":[{"embeddable":true,"href":"https:\/\/www.gaveanews.com\/index.php\/wp-json\/wp\/v2\/users\/4"}],"replies":[{"embeddable":true,"href":"https:\/\/www.gaveanews.com\/index.php\/wp-json\/wp\/v2\/comments?post=84976"}],"version-history":[{"count":0,"href":"https:\/\/www.gaveanews.com\/index.php\/wp-json\/wp\/v2\/posts\/84976\/revisions"}],"wp:featuredmedia":[{"embeddable":true,"href":"https:\/\/www.gaveanews.com\/index.php\/wp-json\/wp\/v2\/media\/83199"}],"wp:attachment":[{"href":"https:\/\/www.gaveanews.com\/index.php\/wp-json\/wp\/v2\/media?parent=84976"}],"wp:term":[{"taxonomy":"category","embeddable":true,"href":"https:\/\/www.gaveanews.com\/index.php\/wp-json\/wp\/v2\/categories?post=84976"},{"taxonomy":"post_tag","embeddable":true,"href":"https:\/\/www.gaveanews.com\/index.php\/wp-json\/wp\/v2\/tags?post=84976"}],"curies":[{"name":"wp","href":"https:\/\/api.w.org\/{rel}","templated":true}]}}