{"id":84988,"date":"2022-07-20T15:50:36","date_gmt":"2022-07-20T18:50:36","guid":{"rendered":"https:\/\/www.gaveanews.com\/?p=84988"},"modified":"2024-04-07T09:55:06","modified_gmt":"2024-04-07T12:55:06","slug":"diretoria-do-flamengo-nao-ve-problema-em-contratar-erick-pulgar","status":"publish","type":"post","link":"https:\/\/www.gaveanews.com\/index.php\/2022\/07\/20\/diretoria-do-flamengo-nao-ve-problema-em-contratar-erick-pulgar\/","title":{"rendered":"Diretoria do Flamengo n\u00e3o v\u00ea problema em contratar Erick Pulgar"},"content":{"rendered":"\n<p>Procurando refor\u00e7os para o meio-campo, o Flamengo, que priorizou Wendel, pode ter que analisar outras op\u00e7\u00f5es, j\u00e1 que o Zenit dificulta a libera\u00e7\u00e3o do brasileiro. Sendo assim, Erick Pulgar, que \u00e1 foi alvo do clube no passado, voltou a ser especulado. Segundo o jornalista Ven\u00ea Casagrande, o antigo interesse esfriou ap\u00f3s a Fiorentina exigir 13 milh\u00f5es de euros pelo atleta, cen\u00e1rio que sofreu uma mudan\u00e7a.<\/p>\n\n\n\n<p>Conforme relato do comunicador, um dos agentes de Vidal ofereceu Pulgar, que poderia ser comprado ou cedido por empr\u00e9stimo. Dessa forma, o Flamengo ainda n\u00e3o definiu uma resposta definitiva, mas possui um ponto de vista estabelecido sobre a acusa\u00e7\u00e3o de estupro que envolve o volante.<\/p>\n\n\n\n<p>Na vis\u00e3o do Rubro-Negro, Pulgar \u00e9 inocente no caso que ocorreu na casa do jogador. Em den\u00fancia investigada pelo Minist\u00e9rio P\u00fablico do Chile, uma mulher afirma ter sido embebedada e v\u00edtima \u201cagress\u00e3o sexual\u201d durante uma festa na casa do chileno, mas o suposto estupro teria partido de um amigo que estava no local.<\/p>\n\n\n\n<p><em>\u2014 Essa pessoa (do Flamengo) disse o seguinte: \u2018O Erick Pulgar n\u00e3o tem culpa nenhuma. Quem est\u00e1 sendo acusado foi uma pessoa que estava na casa do Pulgar\u2019<\/em>, afirmou Ven\u00ea.<\/p>\n\n\n\n<p>Em pronunciamento oficial, Pulgar negou que tenha cometido o crime. Agora, resta saber se a torcida far\u00e1 novos protestos para que o chileno n\u00e3o seja contratado, algo que vem ocorrendo nas redes sociais.<\/p>\n\n\n\n<p><em>\u2014 Diante dos rumores infundados e informa\u00e7\u00f5es tendenciosas, quero esclarecer firmemente que n\u00e3o estou envolvido em nenhum tipo de den\u00fancia nem delito<\/em>, expressou.<\/p>\n\n\n\n<p>Em coletiva de imprensa, Bruno Spindel confirmou que Pulgar est\u00e1 no radar do Flamengo. Por\u00e9m, se esquivou sobre uma poss\u00edvel investida, tendo em vista que o assunto ainda est\u00e1 sendo debatido nos bastidores.<\/p>\n\n\n\n<p><em>\u2014 A gente evita falar nomes espec\u00edficos, mas \u00e9 um grande atleta. N\u00f3s conhecemos o jogador, mas \u00e9 s\u00f3 isso que eu posso dizer<\/em>, disse o dirigente.<\/p>\n\n\n\n<p>Retirado de: Torcedores<\/p>\n","protected":false},"excerpt":{"rendered":"<p>Procurando refor\u00e7os para o meio-campo, o Flamengo, que priorizou Wendel, pode ter que analisar outras op\u00e7\u00f5es, j\u00e1 que o Zenit dificulta a libera\u00e7\u00e3o do brasileiro. Sendo assim, Erick Pulgar, que \u00e1 foi alvo do clube no passado, voltou a ser especulado. Segundo o jornalista Ven\u00ea Casagrande, o antigo interesse esfriou ap\u00f3s a Fiorentina exigir 13 [&hellip;]<\/p>\n","protected":false},"author":1,"featured_media":75153,"comment_status":"open","ping_status":"closed","sticky":false,"template":"","format":"standard","meta":{"footnotes":""},"categories":[48],"tags":[210],"class_list":["post-84988","post","type-post","status-publish","format-standard","has-post-thumbnail","hentry","category-negociacoes","tag-erick-antonio-pulgar-farfan"],"yoast_head":"<!-- This site is optimized with the Yoast SEO Premium plugin v24.2 (Yoast SEO v26.9) - https:\/\/yoast.com\/product\/yoast-seo-premium-wordpress\/ -->\n<title>Diretoria do Flamengo n\u00e3o v\u00ea problema em contratar Erick Pulgar<\/title>\n<meta name=\"robots\" content=\"index, follow, max-snippet:-1, max-image-preview:large, max-video-preview:-1\" \/>\n<link rel=\"canonical\" href=\"https:\/\/www.gaveanews.com\/index.php\/2022\/07\/20\/diretoria-do-flamengo-nao-ve-problema-em-contratar-erick-pulgar\/\" \/>\n<meta property=\"og:locale\" content=\"pt_BR\" \/>\n<meta property=\"og:type\" content=\"article\" \/>\n<meta property=\"og:title\" content=\"Diretoria do Flamengo n\u00e3o v\u00ea problema em contratar Erick Pulgar\" \/>\n<meta property=\"og:description\" content=\"Procurando refor\u00e7os para o meio-campo, o Flamengo, que priorizou Wendel, pode ter que analisar outras op\u00e7\u00f5es, j\u00e1 que o Zenit dificulta a libera\u00e7\u00e3o do brasileiro. Sendo assim, Erick Pulgar, que \u00e1 foi alvo do clube no passado, voltou a ser especulado. Segundo o jornalista Ven\u00ea Casagrande, o antigo interesse esfriou ap\u00f3s a Fiorentina exigir 13 [&hellip;]\" \/>\n<meta property=\"og:url\" content=\"https:\/\/www.gaveanews.com\/index.php\/2022\/07\/20\/diretoria-do-flamengo-nao-ve-problema-em-contratar-erick-pulgar\/\" \/>\n<meta property=\"og:site_name\" content=\"G\u00e1vea News\" \/>\n<meta property=\"article:publisher\" content=\"https:\/\/facebook.com\/gaveaNews\/\" \/>\n<meta property=\"article:published_time\" content=\"2022-07-20T18:50:36+00:00\" \/>\n<meta property=\"article:modified_time\" content=\"2024-04-07T12:55:06+00:00\" \/>\n<meta property=\"og:image\" content=\"https:\/\/www.gaveanews.com\/wp-content\/uploads\/Erick-Pulgar-durante-sua-coletiva-de-apresentacao-na-Fiorentina.webp\" \/>\n\t<meta property=\"og:image:width\" content=\"768\" \/>\n\t<meta property=\"og:image:height\" content=\"512\" \/>\n\t<meta property=\"og:image:type\" content=\"image\/jpeg\" \/>\n<meta name=\"author\" content=\"Equipe G\u00e1vea News\" \/>\n<meta name=\"twitter:card\" content=\"summary_large_image\" \/>\n<meta name=\"twitter:label1\" content=\"Escrito por\" \/>\n\t<meta name=\"twitter:data1\" content=\"Equipe G\u00e1vea News\" \/>\n\t<meta name=\"twitter:label2\" content=\"Est. tempo de leitura\" \/>\n\t<meta name=\"twitter:data2\" content=\"2 minutos\" \/>\n<script type=\"application\/ld+json\" class=\"yoast-schema-graph\">{\"@context\":\"https:\/\/schema.org\",\"@graph\":[{\"@type\":\"NewsArticle\",\"@id\":\"https:\/\/www.gaveanews.com\/index.php\/2022\/07\/20\/diretoria-do-flamengo-nao-ve-problema-em-contratar-erick-pulgar\/#article\",\"isPartOf\":{\"@id\":\"https:\/\/www.gaveanews.com\/index.php\/2022\/07\/20\/diretoria-do-flamengo-nao-ve-problema-em-contratar-erick-pulgar\/\"},\"author\":{\"name\":\"Equipe G\u00e1vea News\",\"@id\":\"https:\/\/www.gaveanews.com\/#\/schema\/person\/2ec14f73fb96be2caf28f91afb14749d\"},\"headline\":\"Diretoria do Flamengo n\u00e3o v\u00ea problema em contratar Erick Pulgar\",\"datePublished\":\"2022-07-20T18:50:36+00:00\",\"dateModified\":\"2024-04-07T12:55:06+00:00\",\"mainEntityOfPage\":{\"@id\":\"https:\/\/www.gaveanews.com\/index.php\/2022\/07\/20\/diretoria-do-flamengo-nao-ve-problema-em-contratar-erick-pulgar\/\"},\"wordCount\":340,\"commentCount\":0,\"image\":{\"@id\":\"https:\/\/www.gaveanews.com\/index.php\/2022\/07\/20\/diretoria-do-flamengo-nao-ve-problema-em-contratar-erick-pulgar\/#primaryimage\"},\"thumbnailUrl\":\"https:\/\/www.gaveanews.com\/wp-content\/uploads\/Erick-Pulgar-durante-sua-coletiva-de-apresentacao-na-Fiorentina.webp\",\"keywords\":[\"Erick Antonio Pulgar Farf\u00e1n\"],\"articleSection\":[\"Negocia\u00e7\u00f5es\"],\"inLanguage\":\"pt-BR\",\"potentialAction\":[{\"@type\":\"CommentAction\",\"name\":\"Comment\",\"target\":[\"https:\/\/www.gaveanews.com\/index.php\/2022\/07\/20\/diretoria-do-flamengo-nao-ve-problema-em-contratar-erick-pulgar\/#respond\"]}],\"copyrightYear\":\"2022\",\"copyrightHolder\":{\"@id\":\"https:\/\/www.gaveanews.com\/#organization\"}},{\"@type\":\"WebPage\",\"@id\":\"https:\/\/www.gaveanews.com\/index.php\/2022\/07\/20\/diretoria-do-flamengo-nao-ve-problema-em-contratar-erick-pulgar\/\",\"url\":\"https:\/\/www.gaveanews.com\/index.php\/2022\/07\/20\/diretoria-do-flamengo-nao-ve-problema-em-contratar-erick-pulgar\/\",\"name\":\"Diretoria do Flamengo n\u00e3o v\u00ea problema em contratar Erick Pulgar\",\"isPartOf\":{\"@id\":\"https:\/\/www.gaveanews.com\/#website\"},\"primaryImageOfPage\":{\"@id\":\"https:\/\/www.gaveanews.com\/index.php\/2022\/07\/20\/diretoria-do-flamengo-nao-ve-problema-em-contratar-erick-pulgar\/#primaryimage\"},\"image\":{\"@id\":\"https:\/\/www.gaveanews.com\/index.php\/2022\/07\/20\/diretoria-do-flamengo-nao-ve-problema-em-contratar-erick-pulgar\/#primaryimage\"},\"thumbnailUrl\":\"https:\/\/www.gaveanews.com\/wp-content\/uploads\/Erick-Pulgar-durante-sua-coletiva-de-apresentacao-na-Fiorentina.webp\",\"datePublished\":\"2022-07-20T18:50:36+00:00\",\"dateModified\":\"2024-04-07T12:55:06+00:00\",\"author\":{\"@id\":\"https:\/\/www.gaveanews.com\/#\/schema\/person\/2ec14f73fb96be2caf28f91afb14749d\"},\"breadcrumb\":{\"@id\":\"https:\/\/www.gaveanews.com\/index.php\/2022\/07\/20\/diretoria-do-flamengo-nao-ve-problema-em-contratar-erick-pulgar\/#breadcrumb\"},\"inLanguage\":\"pt-BR\",\"potentialAction\":[{\"@type\":\"ReadAction\",\"target\":[\"https:\/\/www.gaveanews.com\/index.php\/2022\/07\/20\/diretoria-do-flamengo-nao-ve-problema-em-contratar-erick-pulgar\/\"]}]},{\"@type\":\"ImageObject\",\"inLanguage\":\"pt-BR\",\"@id\":\"https:\/\/www.gaveanews.com\/index.php\/2022\/07\/20\/diretoria-do-flamengo-nao-ve-problema-em-contratar-erick-pulgar\/#primaryimage\",\"url\":\"https:\/\/www.gaveanews.com\/wp-content\/uploads\/Erick-Pulgar-durante-sua-coletiva-de-apresentacao-na-Fiorentina.webp\",\"contentUrl\":\"https:\/\/www.gaveanews.com\/wp-content\/uploads\/Erick-Pulgar-durante-sua-coletiva-de-apresentacao-na-Fiorentina.webp\",\"width\":768,\"height\":512,\"caption\":\"Erick Pulgar durante sua coletiva de apresenta\u00e7\u00e3o na Fiorentina (Foto: Reprodu\u00e7\u00e3o\/Fiorentina)\"},{\"@type\":\"BreadcrumbList\",\"@id\":\"https:\/\/www.gaveanews.com\/index.php\/2022\/07\/20\/diretoria-do-flamengo-nao-ve-problema-em-contratar-erick-pulgar\/#breadcrumb\",\"itemListElement\":[{\"@type\":\"ListItem\",\"position\":1,\"name\":\"Home\",\"item\":\"https:\/\/www.gaveanews.com\/\"},{\"@type\":\"ListItem\",\"position\":2,\"name\":\"Diretoria do Flamengo n\u00e3o v\u00ea problema em contratar Erick Pulgar\"}]},{\"@type\":\"WebSite\",\"@id\":\"https:\/\/www.gaveanews.com\/#website\",\"url\":\"https:\/\/www.gaveanews.com\/\",\"name\":\"G\u00e1vea News\",\"description\":\"Veja todas as not\u00edcias sobre o Flamengo: Contrata\u00e7\u00f5es, categorias de base, resultados das partidas, tabela de classifica\u00e7\u00e3o, pr\u00f3ximos jogos!\",\"potentialAction\":[{\"@type\":\"SearchAction\",\"target\":{\"@type\":\"EntryPoint\",\"urlTemplate\":\"https:\/\/www.gaveanews.com\/?s={search_term_string}\"},\"query-input\":{\"@type\":\"PropertyValueSpecification\",\"valueRequired\":true,\"valueName\":\"search_term_string\"}}],\"inLanguage\":\"pt-BR\"},{\"@type\":\"Person\",\"@id\":\"https:\/\/www.gaveanews.com\/#\/schema\/person\/2ec14f73fb96be2caf28f91afb14749d\",\"name\":\"Equipe G\u00e1vea News\",\"image\":{\"@type\":\"ImageObject\",\"inLanguage\":\"pt-BR\",\"@id\":\"https:\/\/www.gaveanews.com\/#\/schema\/person\/image\/\",\"url\":\"https:\/\/secure.gravatar.com\/avatar\/1e1956f1facbffd3f8fa53a326721950116b3b9dc9bd44939c01180fd4a745a9?s=96&d=mm&r=g\",\"contentUrl\":\"https:\/\/secure.gravatar.com\/avatar\/1e1956f1facbffd3f8fa53a326721950116b3b9dc9bd44939c01180fd4a745a9?s=96&d=mm&r=g\",\"caption\":\"Equipe G\u00e1vea News\"}}]}<\/script>\n<!-- \/ Yoast SEO Premium plugin. -->","yoast_head_json":{"title":"Diretoria do Flamengo n\u00e3o v\u00ea problema em contratar Erick Pulgar","robots":{"index":"index","follow":"follow","max-snippet":"max-snippet:-1","max-image-preview":"max-image-preview:large","max-video-preview":"max-video-preview:-1"},"canonical":"https:\/\/www.gaveanews.com\/index.php\/2022\/07\/20\/diretoria-do-flamengo-nao-ve-problema-em-contratar-erick-pulgar\/","og_locale":"pt_BR","og_type":"article","og_title":"Diretoria do Flamengo n\u00e3o v\u00ea problema em contratar Erick Pulgar","og_description":"Procurando refor\u00e7os para o meio-campo, o Flamengo, que priorizou Wendel, pode ter que analisar outras op\u00e7\u00f5es, j\u00e1 que o Zenit dificulta a libera\u00e7\u00e3o do brasileiro. Sendo assim, Erick Pulgar, que \u00e1 foi alvo do clube no passado, voltou a ser especulado. Segundo o jornalista Ven\u00ea Casagrande, o antigo interesse esfriou ap\u00f3s a Fiorentina exigir 13 [&hellip;]","og_url":"https:\/\/www.gaveanews.com\/index.php\/2022\/07\/20\/diretoria-do-flamengo-nao-ve-problema-em-contratar-erick-pulgar\/","og_site_name":"G\u00e1vea News","article_publisher":"https:\/\/facebook.com\/gaveaNews\/","article_published_time":"2022-07-20T18:50:36+00:00","article_modified_time":"2024-04-07T12:55:06+00:00","og_image":[{"width":768,"height":512,"url":"https:\/\/www.gaveanews.com\/wp-content\/uploads\/Erick-Pulgar-durante-sua-coletiva-de-apresentacao-na-Fiorentina.webp","type":"image\/jpeg"}],"author":"Equipe G\u00e1vea News","twitter_card":"summary_large_image","twitter_misc":{"Escrito por":"Equipe G\u00e1vea News","Est. tempo de leitura":"2 minutos"},"schema":{"@context":"https:\/\/schema.org","@graph":[{"@type":"NewsArticle","@id":"https:\/\/www.gaveanews.com\/index.php\/2022\/07\/20\/diretoria-do-flamengo-nao-ve-problema-em-contratar-erick-pulgar\/#article","isPartOf":{"@id":"https:\/\/www.gaveanews.com\/index.php\/2022\/07\/20\/diretoria-do-flamengo-nao-ve-problema-em-contratar-erick-pulgar\/"},"author":{"name":"Equipe G\u00e1vea News","@id":"https:\/\/www.gaveanews.com\/#\/schema\/person\/2ec14f73fb96be2caf28f91afb14749d"},"headline":"Diretoria do Flamengo n\u00e3o v\u00ea problema em contratar Erick Pulgar","datePublished":"2022-07-20T18:50:36+00:00","dateModified":"2024-04-07T12:55:06+00:00","mainEntityOfPage":{"@id":"https:\/\/www.gaveanews.com\/index.php\/2022\/07\/20\/diretoria-do-flamengo-nao-ve-problema-em-contratar-erick-pulgar\/"},"wordCount":340,"commentCount":0,"image":{"@id":"https:\/\/www.gaveanews.com\/index.php\/2022\/07\/20\/diretoria-do-flamengo-nao-ve-problema-em-contratar-erick-pulgar\/#primaryimage"},"thumbnailUrl":"https:\/\/www.gaveanews.com\/wp-content\/uploads\/Erick-Pulgar-durante-sua-coletiva-de-apresentacao-na-Fiorentina.webp","keywords":["Erick Antonio Pulgar Farf\u00e1n"],"articleSection":["Negocia\u00e7\u00f5es"],"inLanguage":"pt-BR","potentialAction":[{"@type":"CommentAction","name":"Comment","target":["https:\/\/www.gaveanews.com\/index.php\/2022\/07\/20\/diretoria-do-flamengo-nao-ve-problema-em-contratar-erick-pulgar\/#respond"]}],"copyrightYear":"2022","copyrightHolder":{"@id":"https:\/\/www.gaveanews.com\/#organization"}},{"@type":"WebPage","@id":"https:\/\/www.gaveanews.com\/index.php\/2022\/07\/20\/diretoria-do-flamengo-nao-ve-problema-em-contratar-erick-pulgar\/","url":"https:\/\/www.gaveanews.com\/index.php\/2022\/07\/20\/diretoria-do-flamengo-nao-ve-problema-em-contratar-erick-pulgar\/","name":"Diretoria do Flamengo n\u00e3o v\u00ea problema em contratar Erick Pulgar","isPartOf":{"@id":"https:\/\/www.gaveanews.com\/#website"},"primaryImageOfPage":{"@id":"https:\/\/www.gaveanews.com\/index.php\/2022\/07\/20\/diretoria-do-flamengo-nao-ve-problema-em-contratar-erick-pulgar\/#primaryimage"},"image":{"@id":"https:\/\/www.gaveanews.com\/index.php\/2022\/07\/20\/diretoria-do-flamengo-nao-ve-problema-em-contratar-erick-pulgar\/#primaryimage"},"thumbnailUrl":"https:\/\/www.gaveanews.com\/wp-content\/uploads\/Erick-Pulgar-durante-sua-coletiva-de-apresentacao-na-Fiorentina.webp","datePublished":"2022-07-20T18:50:36+00:00","dateModified":"2024-04-07T12:55:06+00:00","author":{"@id":"https:\/\/www.gaveanews.com\/#\/schema\/person\/2ec14f73fb96be2caf28f91afb14749d"},"breadcrumb":{"@id":"https:\/\/www.gaveanews.com\/index.php\/2022\/07\/20\/diretoria-do-flamengo-nao-ve-problema-em-contratar-erick-pulgar\/#breadcrumb"},"inLanguage":"pt-BR","potentialAction":[{"@type":"ReadAction","target":["https:\/\/www.gaveanews.com\/index.php\/2022\/07\/20\/diretoria-do-flamengo-nao-ve-problema-em-contratar-erick-pulgar\/"]}]},{"@type":"ImageObject","inLanguage":"pt-BR","@id":"https:\/\/www.gaveanews.com\/index.php\/2022\/07\/20\/diretoria-do-flamengo-nao-ve-problema-em-contratar-erick-pulgar\/#primaryimage","url":"https:\/\/www.gaveanews.com\/wp-content\/uploads\/Erick-Pulgar-durante-sua-coletiva-de-apresentacao-na-Fiorentina.webp","contentUrl":"https:\/\/www.gaveanews.com\/wp-content\/uploads\/Erick-Pulgar-durante-sua-coletiva-de-apresentacao-na-Fiorentina.webp","width":768,"height":512,"caption":"Erick Pulgar durante sua coletiva de apresenta\u00e7\u00e3o na Fiorentina (Foto: Reprodu\u00e7\u00e3o\/Fiorentina)"},{"@type":"BreadcrumbList","@id":"https:\/\/www.gaveanews.com\/index.php\/2022\/07\/20\/diretoria-do-flamengo-nao-ve-problema-em-contratar-erick-pulgar\/#breadcrumb","itemListElement":[{"@type":"ListItem","position":1,"name":"Home","item":"https:\/\/www.gaveanews.com\/"},{"@type":"ListItem","position":2,"name":"Diretoria do Flamengo n\u00e3o v\u00ea problema em contratar Erick Pulgar"}]},{"@type":"WebSite","@id":"https:\/\/www.gaveanews.com\/#website","url":"https:\/\/www.gaveanews.com\/","name":"G\u00e1vea News","description":"Veja todas as not\u00edcias sobre o Flamengo: Contrata\u00e7\u00f5es, categorias de base, resultados das partidas, tabela de classifica\u00e7\u00e3o, pr\u00f3ximos jogos!","potentialAction":[{"@type":"SearchAction","target":{"@type":"EntryPoint","urlTemplate":"https:\/\/www.gaveanews.com\/?s={search_term_string}"},"query-input":{"@type":"PropertyValueSpecification","valueRequired":true,"valueName":"search_term_string"}}],"inLanguage":"pt-BR"},{"@type":"Person","@id":"https:\/\/www.gaveanews.com\/#\/schema\/person\/2ec14f73fb96be2caf28f91afb14749d","name":"Equipe G\u00e1vea News","image":{"@type":"ImageObject","inLanguage":"pt-BR","@id":"https:\/\/www.gaveanews.com\/#\/schema\/person\/image\/","url":"https:\/\/secure.gravatar.com\/avatar\/1e1956f1facbffd3f8fa53a326721950116b3b9dc9bd44939c01180fd4a745a9?s=96&d=mm&r=g","contentUrl":"https:\/\/secure.gravatar.com\/avatar\/1e1956f1facbffd3f8fa53a326721950116b3b9dc9bd44939c01180fd4a745a9?s=96&d=mm&r=g","caption":"Equipe G\u00e1vea News"}}]}},"_links":{"self":[{"href":"https:\/\/www.gaveanews.com\/index.php\/wp-json\/wp\/v2\/posts\/84988","targetHints":{"allow":["GET"]}}],"collection":[{"href":"https:\/\/www.gaveanews.com\/index.php\/wp-json\/wp\/v2\/posts"}],"about":[{"href":"https:\/\/www.gaveanews.com\/index.php\/wp-json\/wp\/v2\/types\/post"}],"author":[{"embeddable":true,"href":"https:\/\/www.gaveanews.com\/index.php\/wp-json\/wp\/v2\/users\/1"}],"replies":[{"embeddable":true,"href":"https:\/\/www.gaveanews.com\/index.php\/wp-json\/wp\/v2\/comments?post=84988"}],"version-history":[{"count":1,"href":"https:\/\/www.gaveanews.com\/index.php\/wp-json\/wp\/v2\/posts\/84988\/revisions"}],"predecessor-version":[{"id":137272,"href":"https:\/\/www.gaveanews.com\/index.php\/wp-json\/wp\/v2\/posts\/84988\/revisions\/137272"}],"wp:featuredmedia":[{"embeddable":true,"href":"https:\/\/www.gaveanews.com\/index.php\/wp-json\/wp\/v2\/media\/75153"}],"wp:attachment":[{"href":"https:\/\/www.gaveanews.com\/index.php\/wp-json\/wp\/v2\/media?parent=84988"}],"wp:term":[{"taxonomy":"category","embeddable":true,"href":"https:\/\/www.gaveanews.com\/index.php\/wp-json\/wp\/v2\/categories?post=84988"},{"taxonomy":"post_tag","embeddable":true,"href":"https:\/\/www.gaveanews.com\/index.php\/wp-json\/wp\/v2\/tags?post=84988"}],"curies":[{"name":"wp","href":"https:\/\/api.w.org\/{rel}","templated":true}]}}