{"id":84994,"date":"2022-07-20T18:53:15","date_gmt":"2022-07-20T21:53:15","guid":{"rendered":"https:\/\/www.gaveanews.com\/?p=84994"},"modified":"2022-07-20T18:53:16","modified_gmt":"2022-07-20T21:53:16","slug":"pai-diz-que-everton-cebolinha-pediu-para-jogar-no-flamengo","status":"publish","type":"post","link":"https:\/\/www.gaveanews.com\/index.php\/2022\/07\/20\/pai-diz-que-everton-cebolinha-pediu-para-jogar-no-flamengo\/","title":{"rendered":"Pai diz que Everton Cebolinha pediu para jogar no Flamengo"},"content":{"rendered":"\n<p>Everton Cebolinha deve fazer sua primeira partida em solo brasileiro nesta quarta-feira (20), \u00e0s 20h30, quando o Flamengo recebe o Juventude, no Man\u00e9 Garrincha, em Bras\u00edlia. A \u00faltima vez que o atacante atuou no Brasil foi com a camisa verde e amarela da sele\u00e7\u00e3o, em 2021.<\/p>\n\n\n\n<p>Tentar retornar a ser convocado, em um ano de Copa do Mundo, foi justamente um dos motivos que fizeram o jogador decidir aceitar a proposta do Flamengo, que topou pagar mais de R$ 80 milh\u00f5es ao Benfica para repatriar Cebolinha.<\/p>\n\n\n\n<p>A ESPN conversou com o pai do jogador, Carlos Alberto Soares, que contou alguns dos bastidores que levaram at\u00e9 o neg\u00f3cio com o clube rubro-negro. Desde um \u201cnamoro\u201d que come\u00e7ou ainda nos tempos de Gr\u00eamio, passando por uma liga\u00e7\u00e3o do t\u00e9cnico Carlo Ancelotti, hoje no Real Madrid, at\u00e9 o \u201cprojeto Copa\u201d.<\/p>\n\n\n\n<h2 class=\"wp-block-heading\" id=\"h-pai-vou-voltar-para-o-brasil\">&#8220;Pai, vou voltar para o Brasil&#8221;<\/h2>\n\n\n\n<p>Cebolinha acertou com o Benfica em 2020, como uma das contrata\u00e7\u00f5es pedida por Jorge Jesus, t\u00e9cnico multicampe\u00e3o pelo Flamengo. A sa\u00edda do Gr\u00eamio aconteceu em um momento em que o atacante estava prestigiado na sele\u00e7\u00e3o brasileira, ap\u00f3s ter sido um dos protagonistas do t\u00edtulo da Copa Am\u00e9rica de 2019 no time de Tite.<\/p>\n\n\n\n<p>\u201cAli foi um orgulho que transbordava da fam\u00edlia. Estar ao lado dos caras que ele jogava no videogame. E n\u00e3o estar ali sendo mais um, mas sendo protagonista, isso que \u00e9 bom. Foi espetacular\u201d, lembrou o pai do atacante. \u201cA gente chorava s\u00f3 de olhar\u201d.<\/p>\n\n\n\n<p>Mas, em Portugal, nem tudo aconteceu como o esperado. \u201cEle quis ir, tinha aquele sonho de estar na Europa. A estrutura \u00e9 uma das melhores do mundo. S\u00f3 que acho que a adapta\u00e7\u00e3o do Everton n\u00e3o foi legal. Tanto com a fam\u00edlia, quanto no clube\u201d, contou Soares.<\/p>\n\n\n\n<p>\u201cEle chegou em um clube em que, dois meses depois, o presidente foi preso. Os vesti\u00e1rios do Benfica eram acirrados, separados. Isso ele que sabe, mas a gente via na imprensa. Ele n\u00e3o estava em um time que deu liga\u201d, continuou o pai do jogador.<\/p>\n\n\n\n<p>O Flamengo fez uma primeira investida por Everton ainda no in\u00edcio do ano, mas sem sucesso. \u201cSurgiu o interesse do Flamengo e, de antem\u00e3o, n\u00e3o quis nem escutar, porque tinha Champions (League) ainda, tinha final da Ta\u00e7a (de Portugal) e o Campeonato Portugu\u00eas.\u201d<\/p>\n\n\n\n<p>Ao final da temporada, no entanto, Everton pareceu decidido. \u201cQuando terminou, na vinda para casa, ele, dentro do avi\u00e3o, sentado do meu lado, me disse: \u2018Pai, vou voltar para o Brasil\u2019, \u2018Vai para onde?\u2019 \u2018Para o Flamengo. O que o senhor acha?\u2019 \u2018Voc\u00ea vai estar em um gigante mundial. A decis\u00e3o que tomar, sua fam\u00edlia estar\u00e1 ao seu lado\u2019\u201d, relembrou o pai.<\/p>\n\n\n\n<p>\u201cEle estava sentindo falta do carinho da torcida. Foi no CT (do Flamengo), e os torcedores pedindo para bater foto, elogiando ele. Ele olhou para mim e disse: \u2018\u00c9 disso que eu estava sentindo falta\u2019. Ele est\u00e1 muito feliz mesmo, e tenho certeza que vai dar liga esse casamento\u201d.<\/p>\n\n\n\n<h2 class=\"wp-block-heading\">Namoro antigo<\/h2>\n\n\n\n<p>S\u00f3 que antes do casamento, o namoro entre Everton e Flamengo come\u00e7ou h\u00e1 bem mais tempo. Para Soares, quando o atacante ainda vestia a camisa do Gr\u00eamio.<\/p>\n\n\n\n<p>\u201cEu estive com ele na apresenta\u00e7\u00e3o do CT, e alguns funcion\u00e1rios me disseram que o namoro tinha mais de um ano. O Marcos Braz \u00e9 f\u00e3 do Everton, e era um sonho de consumo dele. Eu acho que o namoro come\u00e7ou desde o Gr\u00eamio, quando o Everton sempre fez grandes jogos contra o Flamengo. E virou realidade.\u201d<\/p>\n\n\n\n<h2 class=\"wp-block-heading\">Liga\u00e7\u00e3o de Carlo Ancelotti<\/h2>\n\n\n\n<p>O Flamengo n\u00e3o foi o \u00fanico clube que tentou contratar Cebolinha. Antes da ida ao Benfica, o Everton, da Inglaterra, teve interesse no jogador, que recebeu uma liga\u00e7\u00e3o de ningu\u00e9m menos do que Carlo Ancelotti, ent\u00e3o t\u00e9cnico da equipe e hoje no Real Madrid.<\/p>\n\n\n\n<p>\u201cO estafe do Ancelotti falou com o M\u00e1rcio (Cruz, empres\u00e1rio de Everton) e perguntou se poderia passar o n\u00famero dele, porque uma pessoa queria ligar para ele. Ele ficou assustado com quem era, porque era o Ancelotti. Foi legal, um lance inusitado\u201d, lembrou o pai. \u201cEu estava do lado dele e apareceu. Ele j\u00e1 sabia quando apareceu. Clicou, era o Ancelotti, com um int\u00e9rprete do lado. Ele disse que gostava muito do estilo de futebol dele e queria contar com ele no Everton. Foi quase. O problema \u00e9 que o Everton s\u00f3 poderia gastar um certo valor, e ele estava bem acima. Mas ele estava muito confiante que iria para a Premier League. Era um sonho, ainda mais jogar com o Ancelotti\u201d, complementou.<\/p>\n\n\n\n<h2 class=\"wp-block-heading\">Projeto Copa do Mundo<\/h2>\n\n\n\n<p>Falando em sonho, Soares n\u00e3o tem nenhuma d\u00favida em rela\u00e7\u00e3o ao maior deles em 2022: ver o filho novamente defendendo a sele\u00e7\u00e3o brasileira, agora na Copa do Mundo do Qatar. Foi com esse plano em mente que Everton aceitou o desafio de defender o Flamengo.<\/p>\n\n\n\n<p>\u201cA volta dele ao Flamengo faz parte desse sonho. De realizar esse sonho, recuperar a boa forma dele. Ele est\u00e1 feliz. O sonho est\u00e1 bem vivo. Temos planos de estar no Qatar em novembro\u201d, revelou o pai, que n\u00e3o v\u00ea o filho com a camisa verde e amarela desde a final da Copa Am\u00e9rica de 2021, perdida para a Argentina no Maracan\u00e3.<\/p>\n\n\n\n<p>Ansioso com a prov\u00e1vel estreia de Cebolinha nesta quarta-feira, o pai s\u00f3 deseja \u201ctudo de bom\u201d para o filho com a camisa do Flamengo. E sabe que o sucesso pelo time rubro-negro pode levar a voos ainda maiores no futuro \u2013 algo que Soares j\u00e1 enxerga. \u201cBrasil campe\u00e3o do mundo, Cebolinha fazendo o gol do t\u00edtulo. Assim que eu vejo\u201d.<\/p>\n\n\n\n<p>Retirado de: ESPN<a href=\"http:\/\/www.facebook.com\/sharer.php?u=https%3A%2F%2Fwww.flaresenha.com%2F2022%2F07%2Fpai-diz-que-cebolinha-pediu-para-jogar-no-flamengo-estava-sentindo-falta-do-carinho-da-torcida.html\"><\/a><\/p>\n","protected":false},"excerpt":{"rendered":"<p>Everton Cebolinha deve fazer sua primeira partida em solo brasileiro nesta quarta-feira (20), \u00e0s 20h30, quando o Flamengo recebe o Juventude, no Man\u00e9 Garrincha, em Bras\u00edlia. A \u00faltima vez que o atacante atuou no Brasil foi com a camisa verde e amarela da sele\u00e7\u00e3o, em 2021. Tentar retornar a ser convocado, em um ano de [&hellip;]<\/p>\n","protected":false},"author":1,"featured_media":83475,"comment_status":"open","ping_status":"closed","sticky":false,"template":"","format":"standard","meta":{"footnotes":""},"categories":[1],"tags":[],"class_list":["post-84994","post","type-post","status-publish","format-standard","has-post-thumbnail","hentry","category-flamengo"],"yoast_head":"<!-- This site is optimized with the Yoast SEO Premium plugin v24.2 (Yoast SEO v26.9) - https:\/\/yoast.com\/product\/yoast-seo-premium-wordpress\/ -->\n<title>Pai diz que Everton Cebolinha pediu para jogar no Flamengo<\/title>\n<meta name=\"robots\" content=\"index, follow, max-snippet:-1, max-image-preview:large, max-video-preview:-1\" \/>\n<link rel=\"canonical\" href=\"https:\/\/www.gaveanews.com\/index.php\/2022\/07\/20\/pai-diz-que-everton-cebolinha-pediu-para-jogar-no-flamengo\/\" \/>\n<meta property=\"og:locale\" content=\"pt_BR\" \/>\n<meta property=\"og:type\" content=\"article\" \/>\n<meta property=\"og:title\" content=\"Pai diz que Everton Cebolinha pediu para jogar no Flamengo\" \/>\n<meta property=\"og:description\" content=\"Everton Cebolinha deve fazer sua primeira partida em solo brasileiro nesta quarta-feira (20), \u00e0s 20h30, quando o Flamengo recebe o Juventude, no Man\u00e9 Garrincha, em Bras\u00edlia. A \u00faltima vez que o atacante atuou no Brasil foi com a camisa verde e amarela da sele\u00e7\u00e3o, em 2021. Tentar retornar a ser convocado, em um ano de [&hellip;]\" \/>\n<meta property=\"og:url\" content=\"https:\/\/www.gaveanews.com\/index.php\/2022\/07\/20\/pai-diz-que-everton-cebolinha-pediu-para-jogar-no-flamengo\/\" \/>\n<meta property=\"og:site_name\" content=\"G\u00e1vea News\" \/>\n<meta property=\"article:publisher\" content=\"https:\/\/facebook.com\/gaveaNews\/\" \/>\n<meta property=\"article:published_time\" content=\"2022-07-20T21:53:15+00:00\" \/>\n<meta property=\"article:modified_time\" content=\"2022-07-20T21:53:16+00:00\" \/>\n<meta property=\"og:image\" content=\"https:\/\/www.gaveanews.com\/wp-content\/uploads\/Everton-Cebolinha-conhece-as-instalacoes-do-Ninho-do-Urubu.webp\" \/>\n\t<meta property=\"og:image:width\" content=\"799\" \/>\n\t<meta property=\"og:image:height\" content=\"533\" \/>\n\t<meta property=\"og:image:type\" content=\"image\/jpeg\" \/>\n<meta name=\"author\" content=\"Equipe G\u00e1vea News\" \/>\n<meta name=\"twitter:card\" content=\"summary_large_image\" \/>\n<meta name=\"twitter:label1\" content=\"Escrito por\" \/>\n\t<meta name=\"twitter:data1\" content=\"Equipe G\u00e1vea News\" \/>\n\t<meta name=\"twitter:label2\" content=\"Est. tempo de leitura\" \/>\n\t<meta name=\"twitter:data2\" content=\"6 minutos\" \/>\n<script type=\"application\/ld+json\" class=\"yoast-schema-graph\">{\"@context\":\"https:\/\/schema.org\",\"@graph\":[{\"@type\":\"NewsArticle\",\"@id\":\"https:\/\/www.gaveanews.com\/index.php\/2022\/07\/20\/pai-diz-que-everton-cebolinha-pediu-para-jogar-no-flamengo\/#article\",\"isPartOf\":{\"@id\":\"https:\/\/www.gaveanews.com\/index.php\/2022\/07\/20\/pai-diz-que-everton-cebolinha-pediu-para-jogar-no-flamengo\/\"},\"author\":{\"name\":\"Equipe G\u00e1vea News\",\"@id\":\"https:\/\/www.gaveanews.com\/#\/schema\/person\/2ec14f73fb96be2caf28f91afb14749d\"},\"headline\":\"Pai diz que Everton Cebolinha pediu para jogar no Flamengo\",\"datePublished\":\"2022-07-20T21:53:15+00:00\",\"dateModified\":\"2022-07-20T21:53:16+00:00\",\"mainEntityOfPage\":{\"@id\":\"https:\/\/www.gaveanews.com\/index.php\/2022\/07\/20\/pai-diz-que-everton-cebolinha-pediu-para-jogar-no-flamengo\/\"},\"wordCount\":972,\"commentCount\":0,\"image\":{\"@id\":\"https:\/\/www.gaveanews.com\/index.php\/2022\/07\/20\/pai-diz-que-everton-cebolinha-pediu-para-jogar-no-flamengo\/#primaryimage\"},\"thumbnailUrl\":\"https:\/\/www.gaveanews.com\/wp-content\/uploads\/Everton-Cebolinha-conhece-as-instalacoes-do-Ninho-do-Urubu.webp\",\"articleSection\":[\"Flamengo\"],\"inLanguage\":\"pt-BR\",\"potentialAction\":[{\"@type\":\"CommentAction\",\"name\":\"Comment\",\"target\":[\"https:\/\/www.gaveanews.com\/index.php\/2022\/07\/20\/pai-diz-que-everton-cebolinha-pediu-para-jogar-no-flamengo\/#respond\"]}],\"copyrightYear\":\"2022\",\"copyrightHolder\":{\"@id\":\"https:\/\/www.gaveanews.com\/#organization\"}},{\"@type\":\"WebPage\",\"@id\":\"https:\/\/www.gaveanews.com\/index.php\/2022\/07\/20\/pai-diz-que-everton-cebolinha-pediu-para-jogar-no-flamengo\/\",\"url\":\"https:\/\/www.gaveanews.com\/index.php\/2022\/07\/20\/pai-diz-que-everton-cebolinha-pediu-para-jogar-no-flamengo\/\",\"name\":\"Pai diz que Everton Cebolinha pediu para jogar no Flamengo\",\"isPartOf\":{\"@id\":\"https:\/\/www.gaveanews.com\/#website\"},\"primaryImageOfPage\":{\"@id\":\"https:\/\/www.gaveanews.com\/index.php\/2022\/07\/20\/pai-diz-que-everton-cebolinha-pediu-para-jogar-no-flamengo\/#primaryimage\"},\"image\":{\"@id\":\"https:\/\/www.gaveanews.com\/index.php\/2022\/07\/20\/pai-diz-que-everton-cebolinha-pediu-para-jogar-no-flamengo\/#primaryimage\"},\"thumbnailUrl\":\"https:\/\/www.gaveanews.com\/wp-content\/uploads\/Everton-Cebolinha-conhece-as-instalacoes-do-Ninho-do-Urubu.webp\",\"datePublished\":\"2022-07-20T21:53:15+00:00\",\"dateModified\":\"2022-07-20T21:53:16+00:00\",\"author\":{\"@id\":\"https:\/\/www.gaveanews.com\/#\/schema\/person\/2ec14f73fb96be2caf28f91afb14749d\"},\"breadcrumb\":{\"@id\":\"https:\/\/www.gaveanews.com\/index.php\/2022\/07\/20\/pai-diz-que-everton-cebolinha-pediu-para-jogar-no-flamengo\/#breadcrumb\"},\"inLanguage\":\"pt-BR\",\"potentialAction\":[{\"@type\":\"ReadAction\",\"target\":[\"https:\/\/www.gaveanews.com\/index.php\/2022\/07\/20\/pai-diz-que-everton-cebolinha-pediu-para-jogar-no-flamengo\/\"]}]},{\"@type\":\"ImageObject\",\"inLanguage\":\"pt-BR\",\"@id\":\"https:\/\/www.gaveanews.com\/index.php\/2022\/07\/20\/pai-diz-que-everton-cebolinha-pediu-para-jogar-no-flamengo\/#primaryimage\",\"url\":\"https:\/\/www.gaveanews.com\/wp-content\/uploads\/Everton-Cebolinha-conhece-as-instalacoes-do-Ninho-do-Urubu.webp\",\"contentUrl\":\"https:\/\/www.gaveanews.com\/wp-content\/uploads\/Everton-Cebolinha-conhece-as-instalacoes-do-Ninho-do-Urubu.webp\",\"width\":799,\"height\":533,\"caption\":\"Everton Cebolinha conhece as instala\u00e7\u00f5es do Ninho do Urubu (Foto: Alexandre Vidal\/Flamengo)\"},{\"@type\":\"BreadcrumbList\",\"@id\":\"https:\/\/www.gaveanews.com\/index.php\/2022\/07\/20\/pai-diz-que-everton-cebolinha-pediu-para-jogar-no-flamengo\/#breadcrumb\",\"itemListElement\":[{\"@type\":\"ListItem\",\"position\":1,\"name\":\"Home\",\"item\":\"https:\/\/www.gaveanews.com\/\"},{\"@type\":\"ListItem\",\"position\":2,\"name\":\"Pai diz que Everton Cebolinha pediu para jogar no Flamengo\"}]},{\"@type\":\"WebSite\",\"@id\":\"https:\/\/www.gaveanews.com\/#website\",\"url\":\"https:\/\/www.gaveanews.com\/\",\"name\":\"G\u00e1vea News\",\"description\":\"Veja todas as not\u00edcias sobre o Flamengo: Contrata\u00e7\u00f5es, categorias de base, resultados das partidas, tabela de classifica\u00e7\u00e3o, pr\u00f3ximos jogos!\",\"potentialAction\":[{\"@type\":\"SearchAction\",\"target\":{\"@type\":\"EntryPoint\",\"urlTemplate\":\"https:\/\/www.gaveanews.com\/?s={search_term_string}\"},\"query-input\":{\"@type\":\"PropertyValueSpecification\",\"valueRequired\":true,\"valueName\":\"search_term_string\"}}],\"inLanguage\":\"pt-BR\"},{\"@type\":\"Person\",\"@id\":\"https:\/\/www.gaveanews.com\/#\/schema\/person\/2ec14f73fb96be2caf28f91afb14749d\",\"name\":\"Equipe G\u00e1vea News\",\"image\":{\"@type\":\"ImageObject\",\"inLanguage\":\"pt-BR\",\"@id\":\"https:\/\/www.gaveanews.com\/#\/schema\/person\/image\/\",\"url\":\"https:\/\/secure.gravatar.com\/avatar\/1e1956f1facbffd3f8fa53a326721950116b3b9dc9bd44939c01180fd4a745a9?s=96&d=mm&r=g\",\"contentUrl\":\"https:\/\/secure.gravatar.com\/avatar\/1e1956f1facbffd3f8fa53a326721950116b3b9dc9bd44939c01180fd4a745a9?s=96&d=mm&r=g\",\"caption\":\"Equipe G\u00e1vea News\"}}]}<\/script>\n<!-- \/ Yoast SEO Premium plugin. -->","yoast_head_json":{"title":"Pai diz que Everton Cebolinha pediu para jogar no Flamengo","robots":{"index":"index","follow":"follow","max-snippet":"max-snippet:-1","max-image-preview":"max-image-preview:large","max-video-preview":"max-video-preview:-1"},"canonical":"https:\/\/www.gaveanews.com\/index.php\/2022\/07\/20\/pai-diz-que-everton-cebolinha-pediu-para-jogar-no-flamengo\/","og_locale":"pt_BR","og_type":"article","og_title":"Pai diz que Everton Cebolinha pediu para jogar no Flamengo","og_description":"Everton Cebolinha deve fazer sua primeira partida em solo brasileiro nesta quarta-feira (20), \u00e0s 20h30, quando o Flamengo recebe o Juventude, no Man\u00e9 Garrincha, em Bras\u00edlia. A \u00faltima vez que o atacante atuou no Brasil foi com a camisa verde e amarela da sele\u00e7\u00e3o, em 2021. Tentar retornar a ser convocado, em um ano de [&hellip;]","og_url":"https:\/\/www.gaveanews.com\/index.php\/2022\/07\/20\/pai-diz-que-everton-cebolinha-pediu-para-jogar-no-flamengo\/","og_site_name":"G\u00e1vea News","article_publisher":"https:\/\/facebook.com\/gaveaNews\/","article_published_time":"2022-07-20T21:53:15+00:00","article_modified_time":"2022-07-20T21:53:16+00:00","og_image":[{"width":799,"height":533,"url":"https:\/\/www.gaveanews.com\/wp-content\/uploads\/Everton-Cebolinha-conhece-as-instalacoes-do-Ninho-do-Urubu.webp","type":"image\/jpeg"}],"author":"Equipe G\u00e1vea News","twitter_card":"summary_large_image","twitter_misc":{"Escrito por":"Equipe G\u00e1vea News","Est. tempo de leitura":"6 minutos"},"schema":{"@context":"https:\/\/schema.org","@graph":[{"@type":"NewsArticle","@id":"https:\/\/www.gaveanews.com\/index.php\/2022\/07\/20\/pai-diz-que-everton-cebolinha-pediu-para-jogar-no-flamengo\/#article","isPartOf":{"@id":"https:\/\/www.gaveanews.com\/index.php\/2022\/07\/20\/pai-diz-que-everton-cebolinha-pediu-para-jogar-no-flamengo\/"},"author":{"name":"Equipe G\u00e1vea News","@id":"https:\/\/www.gaveanews.com\/#\/schema\/person\/2ec14f73fb96be2caf28f91afb14749d"},"headline":"Pai diz que Everton Cebolinha pediu para jogar no Flamengo","datePublished":"2022-07-20T21:53:15+00:00","dateModified":"2022-07-20T21:53:16+00:00","mainEntityOfPage":{"@id":"https:\/\/www.gaveanews.com\/index.php\/2022\/07\/20\/pai-diz-que-everton-cebolinha-pediu-para-jogar-no-flamengo\/"},"wordCount":972,"commentCount":0,"image":{"@id":"https:\/\/www.gaveanews.com\/index.php\/2022\/07\/20\/pai-diz-que-everton-cebolinha-pediu-para-jogar-no-flamengo\/#primaryimage"},"thumbnailUrl":"https:\/\/www.gaveanews.com\/wp-content\/uploads\/Everton-Cebolinha-conhece-as-instalacoes-do-Ninho-do-Urubu.webp","articleSection":["Flamengo"],"inLanguage":"pt-BR","potentialAction":[{"@type":"CommentAction","name":"Comment","target":["https:\/\/www.gaveanews.com\/index.php\/2022\/07\/20\/pai-diz-que-everton-cebolinha-pediu-para-jogar-no-flamengo\/#respond"]}],"copyrightYear":"2022","copyrightHolder":{"@id":"https:\/\/www.gaveanews.com\/#organization"}},{"@type":"WebPage","@id":"https:\/\/www.gaveanews.com\/index.php\/2022\/07\/20\/pai-diz-que-everton-cebolinha-pediu-para-jogar-no-flamengo\/","url":"https:\/\/www.gaveanews.com\/index.php\/2022\/07\/20\/pai-diz-que-everton-cebolinha-pediu-para-jogar-no-flamengo\/","name":"Pai diz que Everton Cebolinha pediu para jogar no Flamengo","isPartOf":{"@id":"https:\/\/www.gaveanews.com\/#website"},"primaryImageOfPage":{"@id":"https:\/\/www.gaveanews.com\/index.php\/2022\/07\/20\/pai-diz-que-everton-cebolinha-pediu-para-jogar-no-flamengo\/#primaryimage"},"image":{"@id":"https:\/\/www.gaveanews.com\/index.php\/2022\/07\/20\/pai-diz-que-everton-cebolinha-pediu-para-jogar-no-flamengo\/#primaryimage"},"thumbnailUrl":"https:\/\/www.gaveanews.com\/wp-content\/uploads\/Everton-Cebolinha-conhece-as-instalacoes-do-Ninho-do-Urubu.webp","datePublished":"2022-07-20T21:53:15+00:00","dateModified":"2022-07-20T21:53:16+00:00","author":{"@id":"https:\/\/www.gaveanews.com\/#\/schema\/person\/2ec14f73fb96be2caf28f91afb14749d"},"breadcrumb":{"@id":"https:\/\/www.gaveanews.com\/index.php\/2022\/07\/20\/pai-diz-que-everton-cebolinha-pediu-para-jogar-no-flamengo\/#breadcrumb"},"inLanguage":"pt-BR","potentialAction":[{"@type":"ReadAction","target":["https:\/\/www.gaveanews.com\/index.php\/2022\/07\/20\/pai-diz-que-everton-cebolinha-pediu-para-jogar-no-flamengo\/"]}]},{"@type":"ImageObject","inLanguage":"pt-BR","@id":"https:\/\/www.gaveanews.com\/index.php\/2022\/07\/20\/pai-diz-que-everton-cebolinha-pediu-para-jogar-no-flamengo\/#primaryimage","url":"https:\/\/www.gaveanews.com\/wp-content\/uploads\/Everton-Cebolinha-conhece-as-instalacoes-do-Ninho-do-Urubu.webp","contentUrl":"https:\/\/www.gaveanews.com\/wp-content\/uploads\/Everton-Cebolinha-conhece-as-instalacoes-do-Ninho-do-Urubu.webp","width":799,"height":533,"caption":"Everton Cebolinha conhece as instala\u00e7\u00f5es do Ninho do Urubu (Foto: Alexandre Vidal\/Flamengo)"},{"@type":"BreadcrumbList","@id":"https:\/\/www.gaveanews.com\/index.php\/2022\/07\/20\/pai-diz-que-everton-cebolinha-pediu-para-jogar-no-flamengo\/#breadcrumb","itemListElement":[{"@type":"ListItem","position":1,"name":"Home","item":"https:\/\/www.gaveanews.com\/"},{"@type":"ListItem","position":2,"name":"Pai diz que Everton Cebolinha pediu para jogar no Flamengo"}]},{"@type":"WebSite","@id":"https:\/\/www.gaveanews.com\/#website","url":"https:\/\/www.gaveanews.com\/","name":"G\u00e1vea News","description":"Veja todas as not\u00edcias sobre o Flamengo: Contrata\u00e7\u00f5es, categorias de base, resultados das partidas, tabela de classifica\u00e7\u00e3o, pr\u00f3ximos jogos!","potentialAction":[{"@type":"SearchAction","target":{"@type":"EntryPoint","urlTemplate":"https:\/\/www.gaveanews.com\/?s={search_term_string}"},"query-input":{"@type":"PropertyValueSpecification","valueRequired":true,"valueName":"search_term_string"}}],"inLanguage":"pt-BR"},{"@type":"Person","@id":"https:\/\/www.gaveanews.com\/#\/schema\/person\/2ec14f73fb96be2caf28f91afb14749d","name":"Equipe G\u00e1vea News","image":{"@type":"ImageObject","inLanguage":"pt-BR","@id":"https:\/\/www.gaveanews.com\/#\/schema\/person\/image\/","url":"https:\/\/secure.gravatar.com\/avatar\/1e1956f1facbffd3f8fa53a326721950116b3b9dc9bd44939c01180fd4a745a9?s=96&d=mm&r=g","contentUrl":"https:\/\/secure.gravatar.com\/avatar\/1e1956f1facbffd3f8fa53a326721950116b3b9dc9bd44939c01180fd4a745a9?s=96&d=mm&r=g","caption":"Equipe G\u00e1vea News"}}]}},"_links":{"self":[{"href":"https:\/\/www.gaveanews.com\/index.php\/wp-json\/wp\/v2\/posts\/84994","targetHints":{"allow":["GET"]}}],"collection":[{"href":"https:\/\/www.gaveanews.com\/index.php\/wp-json\/wp\/v2\/posts"}],"about":[{"href":"https:\/\/www.gaveanews.com\/index.php\/wp-json\/wp\/v2\/types\/post"}],"author":[{"embeddable":true,"href":"https:\/\/www.gaveanews.com\/index.php\/wp-json\/wp\/v2\/users\/1"}],"replies":[{"embeddable":true,"href":"https:\/\/www.gaveanews.com\/index.php\/wp-json\/wp\/v2\/comments?post=84994"}],"version-history":[{"count":0,"href":"https:\/\/www.gaveanews.com\/index.php\/wp-json\/wp\/v2\/posts\/84994\/revisions"}],"wp:featuredmedia":[{"embeddable":true,"href":"https:\/\/www.gaveanews.com\/index.php\/wp-json\/wp\/v2\/media\/83475"}],"wp:attachment":[{"href":"https:\/\/www.gaveanews.com\/index.php\/wp-json\/wp\/v2\/media?parent=84994"}],"wp:term":[{"taxonomy":"category","embeddable":true,"href":"https:\/\/www.gaveanews.com\/index.php\/wp-json\/wp\/v2\/categories?post=84994"},{"taxonomy":"post_tag","embeddable":true,"href":"https:\/\/www.gaveanews.com\/index.php\/wp-json\/wp\/v2\/tags?post=84994"}],"curies":[{"name":"wp","href":"https:\/\/api.w.org\/{rel}","templated":true}]}}