{"id":85003,"date":"2022-07-20T22:49:20","date_gmt":"2022-07-21T01:49:20","guid":{"rendered":"https:\/\/www.gaveanews.com\/?p=85003"},"modified":"2022-07-20T22:49:22","modified_gmt":"2022-07-21T01:49:22","slug":"everton-cebolinha-revela-sensacao-de-ter-estreado-pelo-flamengo","status":"publish","type":"post","link":"https:\/\/www.gaveanews.com\/index.php\/2022\/07\/20\/everton-cebolinha-revela-sensacao-de-ter-estreado-pelo-flamengo\/","title":{"rendered":"Everton Cebolinha revela sensa\u00e7\u00e3o de ter estreado pelo Flamengo"},"content":{"rendered":"\n<p>Nesta quarta-feira, o Flamengo goleou o Juventude por 4 a 0, no Est\u00e1dio Man\u00e9 Garrincha, em partida v\u00e1lida pela 18\u00aa rodada do Campeonato Brasileiro. Em uma atua\u00e7\u00e3o avassaladora, o Mais Querido n\u00e3o deu chances para o rival.<\/p>\n\n\n\n<p>Dorival J\u00fanior escalou for\u00e7a m\u00e1xima, e o Flamengo teve mais uma grande atua\u00e7\u00e3o. Com uma intensidade muito forte, o Mais Querido amassou o Juventude que n\u00e3o viu a cor da bola no Man\u00e9 Garrincha.<\/p>\n\n\n\n<p>Ap\u00f3s a partida, o estreante Everton Cebolinha que deu uma assist\u00eancia falou sobre a sensa\u00e7\u00e3o de vestir o Manto Sagrado. O atacante falou sobre o apoio da Na\u00e7\u00e3o desde o momento que estava no aquecimento.<\/p>\n\n\n\n<p><em>\u2014 Muito feliz em ter estreado com essa camisa, \u00e9 uma sensa\u00e7\u00e3o muito diferente. A torcida apoiando durante todo o jogo, tenho certeza que fomos empurrados por eles e agora \u00e9 dar segmento ao nosso trabalho e seguir almejando os t\u00edtulos<\/em>, disse Cebolinha.<\/p>\n\n\n\n<p>O atacante falou sobre a import\u00e2ncia de ter um elenco muito qualificado, Cebolinha garantiu que \u00e9 uma dor de cabe\u00e7a boa para Dorival e afirmou que com o calend\u00e1rio apertado \u00e9 necess\u00e1rio todos estarem bem.<\/p>\n\n\n\n<p><em>\u2014 S\u00f3 quem tem a ganhar com isso \u00e9 o Flamengo, \u00e9 uma dor de cabe\u00e7a boa para o professor Dorival. Ele sabe que tem jogadores de qualidade no plantel todo, isso \u00e9 muito importante porque estamos em todas as competi\u00e7\u00f5es e com um calend\u00e1rio apertado, ele vai precisar de todo mundo. E todos com confian\u00e7a \u00e9 muito importante.<\/em><\/p>\n\n\n\n<p>Retirado de: Di\u00e1rio do Fla<\/p>\n","protected":false},"excerpt":{"rendered":"<p>Nesta quarta-feira, o Flamengo goleou o Juventude por 4 a 0, no Est\u00e1dio Man\u00e9 Garrincha, em partida v\u00e1lida pela 18\u00aa rodada do Campeonato Brasileiro. Em uma atua\u00e7\u00e3o avassaladora, o Mais Querido n\u00e3o deu chances para o rival. Dorival J\u00fanior escalou for\u00e7a m\u00e1xima, e o Flamengo teve mais uma grande atua\u00e7\u00e3o. Com uma intensidade muito forte, [&hellip;]<\/p>\n","protected":false},"author":1,"featured_media":83475,"comment_status":"open","ping_status":"closed","sticky":false,"template":"","format":"standard","meta":{"footnotes":""},"categories":[48],"tags":[],"class_list":["post-85003","post","type-post","status-publish","format-standard","has-post-thumbnail","hentry","category-negociacoes"],"yoast_head":"<!-- This site is optimized with the Yoast SEO Premium plugin v24.2 (Yoast SEO v26.9) - https:\/\/yoast.com\/product\/yoast-seo-premium-wordpress\/ -->\n<title>Everton Cebolinha revela sensa\u00e7\u00e3o de ter estreado pelo Flamengo<\/title>\n<meta name=\"robots\" content=\"index, follow, max-snippet:-1, max-image-preview:large, max-video-preview:-1\" \/>\n<link rel=\"canonical\" href=\"https:\/\/www.gaveanews.com\/index.php\/2022\/07\/20\/everton-cebolinha-revela-sensacao-de-ter-estreado-pelo-flamengo\/\" \/>\n<meta property=\"og:locale\" content=\"pt_BR\" \/>\n<meta property=\"og:type\" content=\"article\" \/>\n<meta property=\"og:title\" content=\"Everton Cebolinha revela sensa\u00e7\u00e3o de ter estreado pelo Flamengo\" \/>\n<meta property=\"og:description\" content=\"Nesta quarta-feira, o Flamengo goleou o Juventude por 4 a 0, no Est\u00e1dio Man\u00e9 Garrincha, em partida v\u00e1lida pela 18\u00aa rodada do Campeonato Brasileiro. Em uma atua\u00e7\u00e3o avassaladora, o Mais Querido n\u00e3o deu chances para o rival. Dorival J\u00fanior escalou for\u00e7a m\u00e1xima, e o Flamengo teve mais uma grande atua\u00e7\u00e3o. Com uma intensidade muito forte, [&hellip;]\" \/>\n<meta property=\"og:url\" content=\"https:\/\/www.gaveanews.com\/index.php\/2022\/07\/20\/everton-cebolinha-revela-sensacao-de-ter-estreado-pelo-flamengo\/\" \/>\n<meta property=\"og:site_name\" content=\"G\u00e1vea News\" \/>\n<meta property=\"article:publisher\" content=\"https:\/\/facebook.com\/gaveaNews\/\" \/>\n<meta property=\"article:published_time\" content=\"2022-07-21T01:49:20+00:00\" \/>\n<meta property=\"article:modified_time\" content=\"2022-07-21T01:49:22+00:00\" \/>\n<meta property=\"og:image\" content=\"https:\/\/www.gaveanews.com\/wp-content\/uploads\/Everton-Cebolinha-conhece-as-instalacoes-do-Ninho-do-Urubu.webp\" \/>\n\t<meta property=\"og:image:width\" content=\"799\" \/>\n\t<meta property=\"og:image:height\" content=\"533\" \/>\n\t<meta property=\"og:image:type\" content=\"image\/jpeg\" \/>\n<meta name=\"author\" content=\"Equipe G\u00e1vea News\" \/>\n<meta name=\"twitter:card\" content=\"summary_large_image\" \/>\n<meta name=\"twitter:label1\" content=\"Escrito por\" \/>\n\t<meta name=\"twitter:data1\" content=\"Equipe G\u00e1vea News\" \/>\n\t<meta name=\"twitter:label2\" content=\"Est. tempo de leitura\" \/>\n\t<meta name=\"twitter:data2\" content=\"2 minutos\" \/>\n<script type=\"application\/ld+json\" class=\"yoast-schema-graph\">{\"@context\":\"https:\/\/schema.org\",\"@graph\":[{\"@type\":\"NewsArticle\",\"@id\":\"https:\/\/www.gaveanews.com\/index.php\/2022\/07\/20\/everton-cebolinha-revela-sensacao-de-ter-estreado-pelo-flamengo\/#article\",\"isPartOf\":{\"@id\":\"https:\/\/www.gaveanews.com\/index.php\/2022\/07\/20\/everton-cebolinha-revela-sensacao-de-ter-estreado-pelo-flamengo\/\"},\"author\":{\"name\":\"Equipe G\u00e1vea News\",\"@id\":\"https:\/\/www.gaveanews.com\/#\/schema\/person\/2ec14f73fb96be2caf28f91afb14749d\"},\"headline\":\"Everton Cebolinha revela sensa\u00e7\u00e3o de ter estreado pelo Flamengo\",\"datePublished\":\"2022-07-21T01:49:20+00:00\",\"dateModified\":\"2022-07-21T01:49:22+00:00\",\"mainEntityOfPage\":{\"@id\":\"https:\/\/www.gaveanews.com\/index.php\/2022\/07\/20\/everton-cebolinha-revela-sensacao-de-ter-estreado-pelo-flamengo\/\"},\"wordCount\":269,\"commentCount\":0,\"image\":{\"@id\":\"https:\/\/www.gaveanews.com\/index.php\/2022\/07\/20\/everton-cebolinha-revela-sensacao-de-ter-estreado-pelo-flamengo\/#primaryimage\"},\"thumbnailUrl\":\"https:\/\/www.gaveanews.com\/wp-content\/uploads\/Everton-Cebolinha-conhece-as-instalacoes-do-Ninho-do-Urubu.webp\",\"articleSection\":[\"Negocia\u00e7\u00f5es\"],\"inLanguage\":\"pt-BR\",\"potentialAction\":[{\"@type\":\"CommentAction\",\"name\":\"Comment\",\"target\":[\"https:\/\/www.gaveanews.com\/index.php\/2022\/07\/20\/everton-cebolinha-revela-sensacao-de-ter-estreado-pelo-flamengo\/#respond\"]}],\"copyrightYear\":\"2022\",\"copyrightHolder\":{\"@id\":\"https:\/\/www.gaveanews.com\/#organization\"}},{\"@type\":\"WebPage\",\"@id\":\"https:\/\/www.gaveanews.com\/index.php\/2022\/07\/20\/everton-cebolinha-revela-sensacao-de-ter-estreado-pelo-flamengo\/\",\"url\":\"https:\/\/www.gaveanews.com\/index.php\/2022\/07\/20\/everton-cebolinha-revela-sensacao-de-ter-estreado-pelo-flamengo\/\",\"name\":\"Everton Cebolinha revela sensa\u00e7\u00e3o de ter estreado pelo Flamengo\",\"isPartOf\":{\"@id\":\"https:\/\/www.gaveanews.com\/#website\"},\"primaryImageOfPage\":{\"@id\":\"https:\/\/www.gaveanews.com\/index.php\/2022\/07\/20\/everton-cebolinha-revela-sensacao-de-ter-estreado-pelo-flamengo\/#primaryimage\"},\"image\":{\"@id\":\"https:\/\/www.gaveanews.com\/index.php\/2022\/07\/20\/everton-cebolinha-revela-sensacao-de-ter-estreado-pelo-flamengo\/#primaryimage\"},\"thumbnailUrl\":\"https:\/\/www.gaveanews.com\/wp-content\/uploads\/Everton-Cebolinha-conhece-as-instalacoes-do-Ninho-do-Urubu.webp\",\"datePublished\":\"2022-07-21T01:49:20+00:00\",\"dateModified\":\"2022-07-21T01:49:22+00:00\",\"author\":{\"@id\":\"https:\/\/www.gaveanews.com\/#\/schema\/person\/2ec14f73fb96be2caf28f91afb14749d\"},\"breadcrumb\":{\"@id\":\"https:\/\/www.gaveanews.com\/index.php\/2022\/07\/20\/everton-cebolinha-revela-sensacao-de-ter-estreado-pelo-flamengo\/#breadcrumb\"},\"inLanguage\":\"pt-BR\",\"potentialAction\":[{\"@type\":\"ReadAction\",\"target\":[\"https:\/\/www.gaveanews.com\/index.php\/2022\/07\/20\/everton-cebolinha-revela-sensacao-de-ter-estreado-pelo-flamengo\/\"]}]},{\"@type\":\"ImageObject\",\"inLanguage\":\"pt-BR\",\"@id\":\"https:\/\/www.gaveanews.com\/index.php\/2022\/07\/20\/everton-cebolinha-revela-sensacao-de-ter-estreado-pelo-flamengo\/#primaryimage\",\"url\":\"https:\/\/www.gaveanews.com\/wp-content\/uploads\/Everton-Cebolinha-conhece-as-instalacoes-do-Ninho-do-Urubu.webp\",\"contentUrl\":\"https:\/\/www.gaveanews.com\/wp-content\/uploads\/Everton-Cebolinha-conhece-as-instalacoes-do-Ninho-do-Urubu.webp\",\"width\":799,\"height\":533,\"caption\":\"Everton Cebolinha conhece as instala\u00e7\u00f5es do Ninho do Urubu (Foto: Alexandre Vidal\/Flamengo)\"},{\"@type\":\"BreadcrumbList\",\"@id\":\"https:\/\/www.gaveanews.com\/index.php\/2022\/07\/20\/everton-cebolinha-revela-sensacao-de-ter-estreado-pelo-flamengo\/#breadcrumb\",\"itemListElement\":[{\"@type\":\"ListItem\",\"position\":1,\"name\":\"Home\",\"item\":\"https:\/\/www.gaveanews.com\/\"},{\"@type\":\"ListItem\",\"position\":2,\"name\":\"Everton Cebolinha revela sensa\u00e7\u00e3o de ter estreado pelo Flamengo\"}]},{\"@type\":\"WebSite\",\"@id\":\"https:\/\/www.gaveanews.com\/#website\",\"url\":\"https:\/\/www.gaveanews.com\/\",\"name\":\"G\u00e1vea News\",\"description\":\"Veja todas as not\u00edcias sobre o Flamengo: Contrata\u00e7\u00f5es, categorias de base, resultados das partidas, tabela de classifica\u00e7\u00e3o, pr\u00f3ximos jogos!\",\"potentialAction\":[{\"@type\":\"SearchAction\",\"target\":{\"@type\":\"EntryPoint\",\"urlTemplate\":\"https:\/\/www.gaveanews.com\/?s={search_term_string}\"},\"query-input\":{\"@type\":\"PropertyValueSpecification\",\"valueRequired\":true,\"valueName\":\"search_term_string\"}}],\"inLanguage\":\"pt-BR\"},{\"@type\":\"Person\",\"@id\":\"https:\/\/www.gaveanews.com\/#\/schema\/person\/2ec14f73fb96be2caf28f91afb14749d\",\"name\":\"Equipe G\u00e1vea News\",\"image\":{\"@type\":\"ImageObject\",\"inLanguage\":\"pt-BR\",\"@id\":\"https:\/\/www.gaveanews.com\/#\/schema\/person\/image\/\",\"url\":\"https:\/\/secure.gravatar.com\/avatar\/1e1956f1facbffd3f8fa53a326721950116b3b9dc9bd44939c01180fd4a745a9?s=96&d=mm&r=g\",\"contentUrl\":\"https:\/\/secure.gravatar.com\/avatar\/1e1956f1facbffd3f8fa53a326721950116b3b9dc9bd44939c01180fd4a745a9?s=96&d=mm&r=g\",\"caption\":\"Equipe G\u00e1vea News\"}}]}<\/script>\n<!-- \/ Yoast SEO Premium plugin. -->","yoast_head_json":{"title":"Everton Cebolinha revela sensa\u00e7\u00e3o de ter estreado pelo Flamengo","robots":{"index":"index","follow":"follow","max-snippet":"max-snippet:-1","max-image-preview":"max-image-preview:large","max-video-preview":"max-video-preview:-1"},"canonical":"https:\/\/www.gaveanews.com\/index.php\/2022\/07\/20\/everton-cebolinha-revela-sensacao-de-ter-estreado-pelo-flamengo\/","og_locale":"pt_BR","og_type":"article","og_title":"Everton Cebolinha revela sensa\u00e7\u00e3o de ter estreado pelo Flamengo","og_description":"Nesta quarta-feira, o Flamengo goleou o Juventude por 4 a 0, no Est\u00e1dio Man\u00e9 Garrincha, em partida v\u00e1lida pela 18\u00aa rodada do Campeonato Brasileiro. Em uma atua\u00e7\u00e3o avassaladora, o Mais Querido n\u00e3o deu chances para o rival. Dorival J\u00fanior escalou for\u00e7a m\u00e1xima, e o Flamengo teve mais uma grande atua\u00e7\u00e3o. Com uma intensidade muito forte, [&hellip;]","og_url":"https:\/\/www.gaveanews.com\/index.php\/2022\/07\/20\/everton-cebolinha-revela-sensacao-de-ter-estreado-pelo-flamengo\/","og_site_name":"G\u00e1vea News","article_publisher":"https:\/\/facebook.com\/gaveaNews\/","article_published_time":"2022-07-21T01:49:20+00:00","article_modified_time":"2022-07-21T01:49:22+00:00","og_image":[{"width":799,"height":533,"url":"https:\/\/www.gaveanews.com\/wp-content\/uploads\/Everton-Cebolinha-conhece-as-instalacoes-do-Ninho-do-Urubu.webp","type":"image\/jpeg"}],"author":"Equipe G\u00e1vea News","twitter_card":"summary_large_image","twitter_misc":{"Escrito por":"Equipe G\u00e1vea News","Est. tempo de leitura":"2 minutos"},"schema":{"@context":"https:\/\/schema.org","@graph":[{"@type":"NewsArticle","@id":"https:\/\/www.gaveanews.com\/index.php\/2022\/07\/20\/everton-cebolinha-revela-sensacao-de-ter-estreado-pelo-flamengo\/#article","isPartOf":{"@id":"https:\/\/www.gaveanews.com\/index.php\/2022\/07\/20\/everton-cebolinha-revela-sensacao-de-ter-estreado-pelo-flamengo\/"},"author":{"name":"Equipe G\u00e1vea News","@id":"https:\/\/www.gaveanews.com\/#\/schema\/person\/2ec14f73fb96be2caf28f91afb14749d"},"headline":"Everton Cebolinha revela sensa\u00e7\u00e3o de ter estreado pelo Flamengo","datePublished":"2022-07-21T01:49:20+00:00","dateModified":"2022-07-21T01:49:22+00:00","mainEntityOfPage":{"@id":"https:\/\/www.gaveanews.com\/index.php\/2022\/07\/20\/everton-cebolinha-revela-sensacao-de-ter-estreado-pelo-flamengo\/"},"wordCount":269,"commentCount":0,"image":{"@id":"https:\/\/www.gaveanews.com\/index.php\/2022\/07\/20\/everton-cebolinha-revela-sensacao-de-ter-estreado-pelo-flamengo\/#primaryimage"},"thumbnailUrl":"https:\/\/www.gaveanews.com\/wp-content\/uploads\/Everton-Cebolinha-conhece-as-instalacoes-do-Ninho-do-Urubu.webp","articleSection":["Negocia\u00e7\u00f5es"],"inLanguage":"pt-BR","potentialAction":[{"@type":"CommentAction","name":"Comment","target":["https:\/\/www.gaveanews.com\/index.php\/2022\/07\/20\/everton-cebolinha-revela-sensacao-de-ter-estreado-pelo-flamengo\/#respond"]}],"copyrightYear":"2022","copyrightHolder":{"@id":"https:\/\/www.gaveanews.com\/#organization"}},{"@type":"WebPage","@id":"https:\/\/www.gaveanews.com\/index.php\/2022\/07\/20\/everton-cebolinha-revela-sensacao-de-ter-estreado-pelo-flamengo\/","url":"https:\/\/www.gaveanews.com\/index.php\/2022\/07\/20\/everton-cebolinha-revela-sensacao-de-ter-estreado-pelo-flamengo\/","name":"Everton Cebolinha revela sensa\u00e7\u00e3o de ter estreado pelo Flamengo","isPartOf":{"@id":"https:\/\/www.gaveanews.com\/#website"},"primaryImageOfPage":{"@id":"https:\/\/www.gaveanews.com\/index.php\/2022\/07\/20\/everton-cebolinha-revela-sensacao-de-ter-estreado-pelo-flamengo\/#primaryimage"},"image":{"@id":"https:\/\/www.gaveanews.com\/index.php\/2022\/07\/20\/everton-cebolinha-revela-sensacao-de-ter-estreado-pelo-flamengo\/#primaryimage"},"thumbnailUrl":"https:\/\/www.gaveanews.com\/wp-content\/uploads\/Everton-Cebolinha-conhece-as-instalacoes-do-Ninho-do-Urubu.webp","datePublished":"2022-07-21T01:49:20+00:00","dateModified":"2022-07-21T01:49:22+00:00","author":{"@id":"https:\/\/www.gaveanews.com\/#\/schema\/person\/2ec14f73fb96be2caf28f91afb14749d"},"breadcrumb":{"@id":"https:\/\/www.gaveanews.com\/index.php\/2022\/07\/20\/everton-cebolinha-revela-sensacao-de-ter-estreado-pelo-flamengo\/#breadcrumb"},"inLanguage":"pt-BR","potentialAction":[{"@type":"ReadAction","target":["https:\/\/www.gaveanews.com\/index.php\/2022\/07\/20\/everton-cebolinha-revela-sensacao-de-ter-estreado-pelo-flamengo\/"]}]},{"@type":"ImageObject","inLanguage":"pt-BR","@id":"https:\/\/www.gaveanews.com\/index.php\/2022\/07\/20\/everton-cebolinha-revela-sensacao-de-ter-estreado-pelo-flamengo\/#primaryimage","url":"https:\/\/www.gaveanews.com\/wp-content\/uploads\/Everton-Cebolinha-conhece-as-instalacoes-do-Ninho-do-Urubu.webp","contentUrl":"https:\/\/www.gaveanews.com\/wp-content\/uploads\/Everton-Cebolinha-conhece-as-instalacoes-do-Ninho-do-Urubu.webp","width":799,"height":533,"caption":"Everton Cebolinha conhece as instala\u00e7\u00f5es do Ninho do Urubu (Foto: Alexandre Vidal\/Flamengo)"},{"@type":"BreadcrumbList","@id":"https:\/\/www.gaveanews.com\/index.php\/2022\/07\/20\/everton-cebolinha-revela-sensacao-de-ter-estreado-pelo-flamengo\/#breadcrumb","itemListElement":[{"@type":"ListItem","position":1,"name":"Home","item":"https:\/\/www.gaveanews.com\/"},{"@type":"ListItem","position":2,"name":"Everton Cebolinha revela sensa\u00e7\u00e3o de ter estreado pelo Flamengo"}]},{"@type":"WebSite","@id":"https:\/\/www.gaveanews.com\/#website","url":"https:\/\/www.gaveanews.com\/","name":"G\u00e1vea News","description":"Veja todas as not\u00edcias sobre o Flamengo: Contrata\u00e7\u00f5es, categorias de base, resultados das partidas, tabela de classifica\u00e7\u00e3o, pr\u00f3ximos jogos!","potentialAction":[{"@type":"SearchAction","target":{"@type":"EntryPoint","urlTemplate":"https:\/\/www.gaveanews.com\/?s={search_term_string}"},"query-input":{"@type":"PropertyValueSpecification","valueRequired":true,"valueName":"search_term_string"}}],"inLanguage":"pt-BR"},{"@type":"Person","@id":"https:\/\/www.gaveanews.com\/#\/schema\/person\/2ec14f73fb96be2caf28f91afb14749d","name":"Equipe G\u00e1vea News","image":{"@type":"ImageObject","inLanguage":"pt-BR","@id":"https:\/\/www.gaveanews.com\/#\/schema\/person\/image\/","url":"https:\/\/secure.gravatar.com\/avatar\/1e1956f1facbffd3f8fa53a326721950116b3b9dc9bd44939c01180fd4a745a9?s=96&d=mm&r=g","contentUrl":"https:\/\/secure.gravatar.com\/avatar\/1e1956f1facbffd3f8fa53a326721950116b3b9dc9bd44939c01180fd4a745a9?s=96&d=mm&r=g","caption":"Equipe G\u00e1vea News"}}]}},"_links":{"self":[{"href":"https:\/\/www.gaveanews.com\/index.php\/wp-json\/wp\/v2\/posts\/85003","targetHints":{"allow":["GET"]}}],"collection":[{"href":"https:\/\/www.gaveanews.com\/index.php\/wp-json\/wp\/v2\/posts"}],"about":[{"href":"https:\/\/www.gaveanews.com\/index.php\/wp-json\/wp\/v2\/types\/post"}],"author":[{"embeddable":true,"href":"https:\/\/www.gaveanews.com\/index.php\/wp-json\/wp\/v2\/users\/1"}],"replies":[{"embeddable":true,"href":"https:\/\/www.gaveanews.com\/index.php\/wp-json\/wp\/v2\/comments?post=85003"}],"version-history":[{"count":0,"href":"https:\/\/www.gaveanews.com\/index.php\/wp-json\/wp\/v2\/posts\/85003\/revisions"}],"wp:featuredmedia":[{"embeddable":true,"href":"https:\/\/www.gaveanews.com\/index.php\/wp-json\/wp\/v2\/media\/83475"}],"wp:attachment":[{"href":"https:\/\/www.gaveanews.com\/index.php\/wp-json\/wp\/v2\/media?parent=85003"}],"wp:term":[{"taxonomy":"category","embeddable":true,"href":"https:\/\/www.gaveanews.com\/index.php\/wp-json\/wp\/v2\/categories?post=85003"},{"taxonomy":"post_tag","embeddable":true,"href":"https:\/\/www.gaveanews.com\/index.php\/wp-json\/wp\/v2\/tags?post=85003"}],"curies":[{"name":"wp","href":"https:\/\/api.w.org\/{rel}","templated":true}]}}