{"id":85007,"date":"2022-07-21T00:14:13","date_gmt":"2022-07-21T03:14:13","guid":{"rendered":"https:\/\/www.gaveanews.com\/?p=85007"},"modified":"2022-07-21T00:14:14","modified_gmt":"2022-07-21T03:14:14","slug":"torcida-do-flamengo-lota-o-mane-garrincha-e-faz-a-festa-desde-o-aquecimento","status":"publish","type":"post","link":"https:\/\/www.gaveanews.com\/index.php\/2022\/07\/21\/torcida-do-flamengo-lota-o-mane-garrincha-e-faz-a-festa-desde-o-aquecimento\/","title":{"rendered":"Torcida do Flamengo lota o Man\u00e9 Garrincha e faz a festa desde o aquecimento"},"content":{"rendered":"\n<p>A torcida do Flamengo encheu o Man\u00e9 Garrincha, em Bras\u00edlia, nesta quarta-feira, para acompanhar a vit\u00f3ria do rubro-negro contra o Juventude por 4 a 0, pelo Brasileir\u00e3o. Quando a bola rolou na capital federal, as arquibancadas j\u00e1 estavam praticamente tomadas, mas a festa dos flamenguistas come\u00e7ou antes mesmo do jogo.<\/p>\n\n\n\n<p>J\u00e1 no aquecimento a torcida come\u00e7ou a comemorar a presen\u00e7a da equipe na cidade. Atr\u00e1s do gol em que o Flamengo usava para aquecer os torcedores j\u00e1 comemoravam as finaliza\u00e7\u00f5es bem sucedidas de Gabigol e Pedro. Antes disso, at\u00e9 os goleiros da equipe, os primeiros a entrar no gramado, tiveram seus momentos de gl\u00f3ria. Os jogadores aproveitaram o momento para acenar e interagir com as arquibancadas.<\/p>\n\n\n\n<p>Quando os atletas j\u00e1 tinham deixado o gramado para as \u00faltimas prepara\u00e7\u00f5es antes de o jogo come\u00e7ar, a torcida seguiu festejando. Com direito a show de luzes, o p\u00fablico de Bras\u00edlia explodiu pela primeira vez j\u00e1 na apresenta\u00e7\u00e3o da equipe titular no sistema de som do est\u00e1dio. O garoto Jo\u00e3o Gomes, o meia Arrascaeta, e os atacantes Gabigol e Pedro foram os mais festejados. Mas foi Everton Cebolinha, que ainda nem tinha pisado em campo com a camisa do Flamengo, quem teve seu nome gritado pelos torcedores brasilienses antes mesmo de a bola rolar.<\/p>\n\n\n\n<p>Com o jogo em andamento, o ensaio de mais cedo logo deu lugar \u00e0 festa de verdade. Em apenas 17 minutos o Flamengo balan\u00e7ou as redes tr\u00eas vezes \u2013 duas com Pedro e uma com Everton Ribeiro -, oficializando de vez o Man\u00e9 Garrincha como terreno rubro-negro.<\/p>\n\n\n\n<h2 class=\"wp-block-heading\" id=\"h-torcedora-solitaria\">Torcedora solit\u00e1ria<\/h2>\n\n\n\n<p>Em meio a um mar de vermelho e preto, uma camiseta verde e branca chamava a aten\u00e7\u00e3o na arquibancada superior do Man\u00e9 Garrincha. Uma solit\u00e1ria torcedora do Juventude segurava uma bandeira e esperava a chegada de mais companhia para torcer para a equipe ga\u00facha.<\/p>\n\n\n\n<p><em>\u2014 Moro em Bras\u00edlia h\u00e1 oito anos e \u00e9 a primeira vez que consigo assistir ao Juventude aqui, fiquei bem feliz quando fiquei sabendo que o Flamengo trouxe o jogo para c\u00e1. Costumava ir muito ao Alfredo Jaconi, mas desde que vim para c\u00e1 ficou mais dif\u00edcil<\/em> &#8211; explicou a torcedora Daniela Cavagnolli.<\/p>\n\n\n\n<p>Quanto ao resultado da partida, Daniela optou por se apegar \u00e0 realidade do time, atual lanterna do Brasileir\u00e3o com apenas 13 pontos.<\/p>\n\n\n\n<p><em>\u2014 Sei que o Juventude n\u00e3o est\u00e1 muito bem, ent\u00e3o j\u00e1 estou muito feliz s\u00f3 de ver o jogo. Um empate eu j\u00e1 fico satisfeita <\/em>&#8211; confessou.<\/p>\n\n\n\n<p>Retirado de: Lance<\/p>\n","protected":false},"excerpt":{"rendered":"<p>A torcida do Flamengo encheu o Man\u00e9 Garrincha, em Bras\u00edlia, nesta quarta-feira, para acompanhar a vit\u00f3ria do rubro-negro contra o Juventude por 4 a 0, pelo Brasileir\u00e3o. Quando a bola rolou na capital federal, as arquibancadas j\u00e1 estavam praticamente tomadas, mas a festa dos flamenguistas come\u00e7ou antes mesmo do jogo. J\u00e1 no aquecimento a torcida [&hellip;]<\/p>\n","protected":false},"author":1,"featured_media":62173,"comment_status":"open","ping_status":"closed","sticky":false,"template":"","format":"standard","meta":{"footnotes":""},"categories":[1],"tags":[],"class_list":["post-85007","post","type-post","status-publish","format-standard","has-post-thumbnail","hentry","category-flamengo"],"yoast_head":"<!-- This site is optimized with the Yoast SEO Premium plugin v24.2 (Yoast SEO v26.9) - https:\/\/yoast.com\/product\/yoast-seo-premium-wordpress\/ -->\n<title>Torcida do Flamengo lota o Man\u00e9 Garrincha e faz a festa desde o aquecimento<\/title>\n<meta name=\"robots\" content=\"index, follow, max-snippet:-1, max-image-preview:large, max-video-preview:-1\" \/>\n<link rel=\"canonical\" href=\"https:\/\/www.gaveanews.com\/index.php\/2022\/07\/21\/torcida-do-flamengo-lota-o-mane-garrincha-e-faz-a-festa-desde-o-aquecimento\/\" \/>\n<meta property=\"og:locale\" content=\"pt_BR\" \/>\n<meta property=\"og:type\" content=\"article\" \/>\n<meta property=\"og:title\" content=\"Torcida do Flamengo lota o Man\u00e9 Garrincha e faz a festa desde o aquecimento\" \/>\n<meta property=\"og:description\" content=\"A torcida do Flamengo encheu o Man\u00e9 Garrincha, em Bras\u00edlia, nesta quarta-feira, para acompanhar a vit\u00f3ria do rubro-negro contra o Juventude por 4 a 0, pelo Brasileir\u00e3o. Quando a bola rolou na capital federal, as arquibancadas j\u00e1 estavam praticamente tomadas, mas a festa dos flamenguistas come\u00e7ou antes mesmo do jogo. J\u00e1 no aquecimento a torcida [&hellip;]\" \/>\n<meta property=\"og:url\" content=\"https:\/\/www.gaveanews.com\/index.php\/2022\/07\/21\/torcida-do-flamengo-lota-o-mane-garrincha-e-faz-a-festa-desde-o-aquecimento\/\" \/>\n<meta property=\"og:site_name\" content=\"G\u00e1vea News\" \/>\n<meta property=\"article:publisher\" content=\"https:\/\/facebook.com\/gaveaNews\/\" \/>\n<meta property=\"article:published_time\" content=\"2022-07-21T03:14:13+00:00\" \/>\n<meta property=\"article:modified_time\" content=\"2022-07-21T03:14:14+00:00\" \/>\n<meta property=\"og:image\" content=\"https:\/\/www.gaveanews.com\/wp-content\/uploads\/Estadio-Mane-Garrincha.webp\" \/>\n\t<meta property=\"og:image:width\" content=\"1280\" \/>\n\t<meta property=\"og:image:height\" content=\"960\" \/>\n\t<meta property=\"og:image:type\" content=\"image\/jpeg\" \/>\n<meta name=\"author\" content=\"Equipe G\u00e1vea News\" \/>\n<meta name=\"twitter:card\" content=\"summary_large_image\" \/>\n<meta name=\"twitter:label1\" content=\"Escrito por\" \/>\n\t<meta name=\"twitter:data1\" content=\"Equipe G\u00e1vea News\" \/>\n\t<meta name=\"twitter:label2\" content=\"Est. tempo de leitura\" \/>\n\t<meta name=\"twitter:data2\" content=\"3 minutos\" \/>\n<script type=\"application\/ld+json\" class=\"yoast-schema-graph\">{\"@context\":\"https:\/\/schema.org\",\"@graph\":[{\"@type\":\"NewsArticle\",\"@id\":\"https:\/\/www.gaveanews.com\/index.php\/2022\/07\/21\/torcida-do-flamengo-lota-o-mane-garrincha-e-faz-a-festa-desde-o-aquecimento\/#article\",\"isPartOf\":{\"@id\":\"https:\/\/www.gaveanews.com\/index.php\/2022\/07\/21\/torcida-do-flamengo-lota-o-mane-garrincha-e-faz-a-festa-desde-o-aquecimento\/\"},\"author\":{\"name\":\"Equipe G\u00e1vea News\",\"@id\":\"https:\/\/www.gaveanews.com\/#\/schema\/person\/2ec14f73fb96be2caf28f91afb14749d\"},\"headline\":\"Torcida do Flamengo lota o Man\u00e9 Garrincha e faz a festa desde o aquecimento\",\"datePublished\":\"2022-07-21T03:14:13+00:00\",\"dateModified\":\"2022-07-21T03:14:14+00:00\",\"mainEntityOfPage\":{\"@id\":\"https:\/\/www.gaveanews.com\/index.php\/2022\/07\/21\/torcida-do-flamengo-lota-o-mane-garrincha-e-faz-a-festa-desde-o-aquecimento\/\"},\"wordCount\":439,\"commentCount\":0,\"image\":{\"@id\":\"https:\/\/www.gaveanews.com\/index.php\/2022\/07\/21\/torcida-do-flamengo-lota-o-mane-garrincha-e-faz-a-festa-desde-o-aquecimento\/#primaryimage\"},\"thumbnailUrl\":\"https:\/\/www.gaveanews.com\/wp-content\/uploads\/Estadio-Mane-Garrincha.webp\",\"articleSection\":[\"Flamengo\"],\"inLanguage\":\"pt-BR\",\"potentialAction\":[{\"@type\":\"CommentAction\",\"name\":\"Comment\",\"target\":[\"https:\/\/www.gaveanews.com\/index.php\/2022\/07\/21\/torcida-do-flamengo-lota-o-mane-garrincha-e-faz-a-festa-desde-o-aquecimento\/#respond\"]}],\"copyrightYear\":\"2022\",\"copyrightHolder\":{\"@id\":\"https:\/\/www.gaveanews.com\/#organization\"}},{\"@type\":\"WebPage\",\"@id\":\"https:\/\/www.gaveanews.com\/index.php\/2022\/07\/21\/torcida-do-flamengo-lota-o-mane-garrincha-e-faz-a-festa-desde-o-aquecimento\/\",\"url\":\"https:\/\/www.gaveanews.com\/index.php\/2022\/07\/21\/torcida-do-flamengo-lota-o-mane-garrincha-e-faz-a-festa-desde-o-aquecimento\/\",\"name\":\"Torcida do Flamengo lota o Man\u00e9 Garrincha e faz a festa desde o aquecimento\",\"isPartOf\":{\"@id\":\"https:\/\/www.gaveanews.com\/#website\"},\"primaryImageOfPage\":{\"@id\":\"https:\/\/www.gaveanews.com\/index.php\/2022\/07\/21\/torcida-do-flamengo-lota-o-mane-garrincha-e-faz-a-festa-desde-o-aquecimento\/#primaryimage\"},\"image\":{\"@id\":\"https:\/\/www.gaveanews.com\/index.php\/2022\/07\/21\/torcida-do-flamengo-lota-o-mane-garrincha-e-faz-a-festa-desde-o-aquecimento\/#primaryimage\"},\"thumbnailUrl\":\"https:\/\/www.gaveanews.com\/wp-content\/uploads\/Estadio-Mane-Garrincha.webp\",\"datePublished\":\"2022-07-21T03:14:13+00:00\",\"dateModified\":\"2022-07-21T03:14:14+00:00\",\"author\":{\"@id\":\"https:\/\/www.gaveanews.com\/#\/schema\/person\/2ec14f73fb96be2caf28f91afb14749d\"},\"breadcrumb\":{\"@id\":\"https:\/\/www.gaveanews.com\/index.php\/2022\/07\/21\/torcida-do-flamengo-lota-o-mane-garrincha-e-faz-a-festa-desde-o-aquecimento\/#breadcrumb\"},\"inLanguage\":\"pt-BR\",\"potentialAction\":[{\"@type\":\"ReadAction\",\"target\":[\"https:\/\/www.gaveanews.com\/index.php\/2022\/07\/21\/torcida-do-flamengo-lota-o-mane-garrincha-e-faz-a-festa-desde-o-aquecimento\/\"]}]},{\"@type\":\"ImageObject\",\"inLanguage\":\"pt-BR\",\"@id\":\"https:\/\/www.gaveanews.com\/index.php\/2022\/07\/21\/torcida-do-flamengo-lota-o-mane-garrincha-e-faz-a-festa-desde-o-aquecimento\/#primaryimage\",\"url\":\"https:\/\/www.gaveanews.com\/wp-content\/uploads\/Estadio-Mane-Garrincha.webp\",\"contentUrl\":\"https:\/\/www.gaveanews.com\/wp-content\/uploads\/Estadio-Mane-Garrincha.webp\",\"width\":1280,\"height\":960,\"caption\":\"Est\u00e1dio Man\u00e9 Garrincha (Foto: Reprodu\u00e7\u00e3o\/Ag\u00eancia Bras\u00edlia)\"},{\"@type\":\"BreadcrumbList\",\"@id\":\"https:\/\/www.gaveanews.com\/index.php\/2022\/07\/21\/torcida-do-flamengo-lota-o-mane-garrincha-e-faz-a-festa-desde-o-aquecimento\/#breadcrumb\",\"itemListElement\":[{\"@type\":\"ListItem\",\"position\":1,\"name\":\"Home\",\"item\":\"https:\/\/www.gaveanews.com\/\"},{\"@type\":\"ListItem\",\"position\":2,\"name\":\"Torcida do Flamengo lota o Man\u00e9 Garrincha e faz a festa desde o aquecimento\"}]},{\"@type\":\"WebSite\",\"@id\":\"https:\/\/www.gaveanews.com\/#website\",\"url\":\"https:\/\/www.gaveanews.com\/\",\"name\":\"G\u00e1vea News\",\"description\":\"Veja todas as not\u00edcias sobre o Flamengo: Contrata\u00e7\u00f5es, categorias de base, resultados das partidas, tabela de classifica\u00e7\u00e3o, pr\u00f3ximos jogos!\",\"potentialAction\":[{\"@type\":\"SearchAction\",\"target\":{\"@type\":\"EntryPoint\",\"urlTemplate\":\"https:\/\/www.gaveanews.com\/?s={search_term_string}\"},\"query-input\":{\"@type\":\"PropertyValueSpecification\",\"valueRequired\":true,\"valueName\":\"search_term_string\"}}],\"inLanguage\":\"pt-BR\"},{\"@type\":\"Person\",\"@id\":\"https:\/\/www.gaveanews.com\/#\/schema\/person\/2ec14f73fb96be2caf28f91afb14749d\",\"name\":\"Equipe G\u00e1vea News\",\"image\":{\"@type\":\"ImageObject\",\"inLanguage\":\"pt-BR\",\"@id\":\"https:\/\/www.gaveanews.com\/#\/schema\/person\/image\/\",\"url\":\"https:\/\/secure.gravatar.com\/avatar\/1e1956f1facbffd3f8fa53a326721950116b3b9dc9bd44939c01180fd4a745a9?s=96&d=mm&r=g\",\"contentUrl\":\"https:\/\/secure.gravatar.com\/avatar\/1e1956f1facbffd3f8fa53a326721950116b3b9dc9bd44939c01180fd4a745a9?s=96&d=mm&r=g\",\"caption\":\"Equipe G\u00e1vea News\"}}]}<\/script>\n<!-- \/ Yoast SEO Premium plugin. -->","yoast_head_json":{"title":"Torcida do Flamengo lota o Man\u00e9 Garrincha e faz a festa desde o aquecimento","robots":{"index":"index","follow":"follow","max-snippet":"max-snippet:-1","max-image-preview":"max-image-preview:large","max-video-preview":"max-video-preview:-1"},"canonical":"https:\/\/www.gaveanews.com\/index.php\/2022\/07\/21\/torcida-do-flamengo-lota-o-mane-garrincha-e-faz-a-festa-desde-o-aquecimento\/","og_locale":"pt_BR","og_type":"article","og_title":"Torcida do Flamengo lota o Man\u00e9 Garrincha e faz a festa desde o aquecimento","og_description":"A torcida do Flamengo encheu o Man\u00e9 Garrincha, em Bras\u00edlia, nesta quarta-feira, para acompanhar a vit\u00f3ria do rubro-negro contra o Juventude por 4 a 0, pelo Brasileir\u00e3o. Quando a bola rolou na capital federal, as arquibancadas j\u00e1 estavam praticamente tomadas, mas a festa dos flamenguistas come\u00e7ou antes mesmo do jogo. J\u00e1 no aquecimento a torcida [&hellip;]","og_url":"https:\/\/www.gaveanews.com\/index.php\/2022\/07\/21\/torcida-do-flamengo-lota-o-mane-garrincha-e-faz-a-festa-desde-o-aquecimento\/","og_site_name":"G\u00e1vea News","article_publisher":"https:\/\/facebook.com\/gaveaNews\/","article_published_time":"2022-07-21T03:14:13+00:00","article_modified_time":"2022-07-21T03:14:14+00:00","og_image":[{"width":1280,"height":960,"url":"https:\/\/www.gaveanews.com\/wp-content\/uploads\/Estadio-Mane-Garrincha.webp","type":"image\/jpeg"}],"author":"Equipe G\u00e1vea News","twitter_card":"summary_large_image","twitter_misc":{"Escrito por":"Equipe G\u00e1vea News","Est. tempo de leitura":"3 minutos"},"schema":{"@context":"https:\/\/schema.org","@graph":[{"@type":"NewsArticle","@id":"https:\/\/www.gaveanews.com\/index.php\/2022\/07\/21\/torcida-do-flamengo-lota-o-mane-garrincha-e-faz-a-festa-desde-o-aquecimento\/#article","isPartOf":{"@id":"https:\/\/www.gaveanews.com\/index.php\/2022\/07\/21\/torcida-do-flamengo-lota-o-mane-garrincha-e-faz-a-festa-desde-o-aquecimento\/"},"author":{"name":"Equipe G\u00e1vea News","@id":"https:\/\/www.gaveanews.com\/#\/schema\/person\/2ec14f73fb96be2caf28f91afb14749d"},"headline":"Torcida do Flamengo lota o Man\u00e9 Garrincha e faz a festa desde o aquecimento","datePublished":"2022-07-21T03:14:13+00:00","dateModified":"2022-07-21T03:14:14+00:00","mainEntityOfPage":{"@id":"https:\/\/www.gaveanews.com\/index.php\/2022\/07\/21\/torcida-do-flamengo-lota-o-mane-garrincha-e-faz-a-festa-desde-o-aquecimento\/"},"wordCount":439,"commentCount":0,"image":{"@id":"https:\/\/www.gaveanews.com\/index.php\/2022\/07\/21\/torcida-do-flamengo-lota-o-mane-garrincha-e-faz-a-festa-desde-o-aquecimento\/#primaryimage"},"thumbnailUrl":"https:\/\/www.gaveanews.com\/wp-content\/uploads\/Estadio-Mane-Garrincha.webp","articleSection":["Flamengo"],"inLanguage":"pt-BR","potentialAction":[{"@type":"CommentAction","name":"Comment","target":["https:\/\/www.gaveanews.com\/index.php\/2022\/07\/21\/torcida-do-flamengo-lota-o-mane-garrincha-e-faz-a-festa-desde-o-aquecimento\/#respond"]}],"copyrightYear":"2022","copyrightHolder":{"@id":"https:\/\/www.gaveanews.com\/#organization"}},{"@type":"WebPage","@id":"https:\/\/www.gaveanews.com\/index.php\/2022\/07\/21\/torcida-do-flamengo-lota-o-mane-garrincha-e-faz-a-festa-desde-o-aquecimento\/","url":"https:\/\/www.gaveanews.com\/index.php\/2022\/07\/21\/torcida-do-flamengo-lota-o-mane-garrincha-e-faz-a-festa-desde-o-aquecimento\/","name":"Torcida do Flamengo lota o Man\u00e9 Garrincha e faz a festa desde o aquecimento","isPartOf":{"@id":"https:\/\/www.gaveanews.com\/#website"},"primaryImageOfPage":{"@id":"https:\/\/www.gaveanews.com\/index.php\/2022\/07\/21\/torcida-do-flamengo-lota-o-mane-garrincha-e-faz-a-festa-desde-o-aquecimento\/#primaryimage"},"image":{"@id":"https:\/\/www.gaveanews.com\/index.php\/2022\/07\/21\/torcida-do-flamengo-lota-o-mane-garrincha-e-faz-a-festa-desde-o-aquecimento\/#primaryimage"},"thumbnailUrl":"https:\/\/www.gaveanews.com\/wp-content\/uploads\/Estadio-Mane-Garrincha.webp","datePublished":"2022-07-21T03:14:13+00:00","dateModified":"2022-07-21T03:14:14+00:00","author":{"@id":"https:\/\/www.gaveanews.com\/#\/schema\/person\/2ec14f73fb96be2caf28f91afb14749d"},"breadcrumb":{"@id":"https:\/\/www.gaveanews.com\/index.php\/2022\/07\/21\/torcida-do-flamengo-lota-o-mane-garrincha-e-faz-a-festa-desde-o-aquecimento\/#breadcrumb"},"inLanguage":"pt-BR","potentialAction":[{"@type":"ReadAction","target":["https:\/\/www.gaveanews.com\/index.php\/2022\/07\/21\/torcida-do-flamengo-lota-o-mane-garrincha-e-faz-a-festa-desde-o-aquecimento\/"]}]},{"@type":"ImageObject","inLanguage":"pt-BR","@id":"https:\/\/www.gaveanews.com\/index.php\/2022\/07\/21\/torcida-do-flamengo-lota-o-mane-garrincha-e-faz-a-festa-desde-o-aquecimento\/#primaryimage","url":"https:\/\/www.gaveanews.com\/wp-content\/uploads\/Estadio-Mane-Garrincha.webp","contentUrl":"https:\/\/www.gaveanews.com\/wp-content\/uploads\/Estadio-Mane-Garrincha.webp","width":1280,"height":960,"caption":"Est\u00e1dio Man\u00e9 Garrincha (Foto: Reprodu\u00e7\u00e3o\/Ag\u00eancia Bras\u00edlia)"},{"@type":"BreadcrumbList","@id":"https:\/\/www.gaveanews.com\/index.php\/2022\/07\/21\/torcida-do-flamengo-lota-o-mane-garrincha-e-faz-a-festa-desde-o-aquecimento\/#breadcrumb","itemListElement":[{"@type":"ListItem","position":1,"name":"Home","item":"https:\/\/www.gaveanews.com\/"},{"@type":"ListItem","position":2,"name":"Torcida do Flamengo lota o Man\u00e9 Garrincha e faz a festa desde o aquecimento"}]},{"@type":"WebSite","@id":"https:\/\/www.gaveanews.com\/#website","url":"https:\/\/www.gaveanews.com\/","name":"G\u00e1vea News","description":"Veja todas as not\u00edcias sobre o Flamengo: Contrata\u00e7\u00f5es, categorias de base, resultados das partidas, tabela de classifica\u00e7\u00e3o, pr\u00f3ximos jogos!","potentialAction":[{"@type":"SearchAction","target":{"@type":"EntryPoint","urlTemplate":"https:\/\/www.gaveanews.com\/?s={search_term_string}"},"query-input":{"@type":"PropertyValueSpecification","valueRequired":true,"valueName":"search_term_string"}}],"inLanguage":"pt-BR"},{"@type":"Person","@id":"https:\/\/www.gaveanews.com\/#\/schema\/person\/2ec14f73fb96be2caf28f91afb14749d","name":"Equipe G\u00e1vea News","image":{"@type":"ImageObject","inLanguage":"pt-BR","@id":"https:\/\/www.gaveanews.com\/#\/schema\/person\/image\/","url":"https:\/\/secure.gravatar.com\/avatar\/1e1956f1facbffd3f8fa53a326721950116b3b9dc9bd44939c01180fd4a745a9?s=96&d=mm&r=g","contentUrl":"https:\/\/secure.gravatar.com\/avatar\/1e1956f1facbffd3f8fa53a326721950116b3b9dc9bd44939c01180fd4a745a9?s=96&d=mm&r=g","caption":"Equipe G\u00e1vea News"}}]}},"_links":{"self":[{"href":"https:\/\/www.gaveanews.com\/index.php\/wp-json\/wp\/v2\/posts\/85007","targetHints":{"allow":["GET"]}}],"collection":[{"href":"https:\/\/www.gaveanews.com\/index.php\/wp-json\/wp\/v2\/posts"}],"about":[{"href":"https:\/\/www.gaveanews.com\/index.php\/wp-json\/wp\/v2\/types\/post"}],"author":[{"embeddable":true,"href":"https:\/\/www.gaveanews.com\/index.php\/wp-json\/wp\/v2\/users\/1"}],"replies":[{"embeddable":true,"href":"https:\/\/www.gaveanews.com\/index.php\/wp-json\/wp\/v2\/comments?post=85007"}],"version-history":[{"count":0,"href":"https:\/\/www.gaveanews.com\/index.php\/wp-json\/wp\/v2\/posts\/85007\/revisions"}],"wp:featuredmedia":[{"embeddable":true,"href":"https:\/\/www.gaveanews.com\/index.php\/wp-json\/wp\/v2\/media\/62173"}],"wp:attachment":[{"href":"https:\/\/www.gaveanews.com\/index.php\/wp-json\/wp\/v2\/media?parent=85007"}],"wp:term":[{"taxonomy":"category","embeddable":true,"href":"https:\/\/www.gaveanews.com\/index.php\/wp-json\/wp\/v2\/categories?post=85007"},{"taxonomy":"post_tag","embeddable":true,"href":"https:\/\/www.gaveanews.com\/index.php\/wp-json\/wp\/v2\/tags?post=85007"}],"curies":[{"name":"wp","href":"https:\/\/api.w.org\/{rel}","templated":true}]}}