{"id":85025,"date":"2022-07-21T13:02:50","date_gmt":"2022-07-21T16:02:50","guid":{"rendered":"https:\/\/www.gaveanews.com\/?p=85025"},"modified":"2022-07-21T13:02:51","modified_gmt":"2022-07-21T16:02:51","slug":"flamengo-retira-acao-no-stjd-contestando-o-sorteio-da-copa-do-brasil","status":"publish","type":"post","link":"https:\/\/www.gaveanews.com\/index.php\/2022\/07\/21\/flamengo-retira-acao-no-stjd-contestando-o-sorteio-da-copa-do-brasil\/","title":{"rendered":"Flamengo retira a\u00e7\u00e3o no STJD contestando o sorteio da Copa do Brasil"},"content":{"rendered":"\n<p>O Flamengo retirou a a\u00e7\u00e3o que solicitava a invalida\u00e7\u00e3o do sorteio das quartas de final da Copa do Brasil. O clube voltou atr\u00e1s na <a href=\"https:\/\/www.gaveanews.com\/index.php\/2022\/07\/20\/flamengo-entra-no-stjd-devido-a-copa-do-brasil-entenda\/\">tentativa de uma nova defini\u00e7\u00e3o para os confrontos e a possibilidade de decidir o duelo contra o Athletico-PR em casa.<\/a><\/p>\n\n\n\n<p>Apesar da decis\u00e3o, o Mais Querido reitera o pensamento de que o sorteio foi realizado de maneira injusta e espera maior transpar\u00eancia por parte da CBF no futuro. <\/p>\n\n\n\n<p><em>&#8211; Embora o\u00a0Flamengo\u00a0n\u00e3o concorde com a possibilidade de um sorteio sofrer ajustes que interfiram em seu resultado e entenda que o presente processo encerra uma postula\u00e7\u00e3o juridicamente correta e justa, o clube prefere nesse momento dar um voto de confian\u00e7a \u00e0 nova gest\u00e3o da CBF, esperando que no futuro os processos sejam mais transparentes e leg\u00edtimos.<\/em><\/p>\n\n\n\n<p>Com o caso encerrado, o Flamengo organiza a log\u00edstica para os confrontos contra o Athletico-PR pela Copa do Brasil. A partida de ida acontecer\u00e1 na pr\u00f3xima quarta-feira (27), \u00e0s 21h30 (hor\u00e1rio de Bras\u00edlia), no Maracan\u00e3.<\/p>\n\n\n\n<p>A decis\u00e3o por uma vaga nas semifinais da Copa do Brasil ocorrer\u00e1 tr\u00eas semanas depois, no dia 17 de agosto (quarta-feira). O apito inicial acontecer\u00e1 \u00e0s 21h30 (hor\u00e1rio de Bras\u00edlia), na Arena da Baixada.<\/p>\n","protected":false},"excerpt":{"rendered":"<p>O Flamengo retirou a a\u00e7\u00e3o que solicitava a invalida\u00e7\u00e3o do sorteio das quartas de final da Copa do Brasil. O clube voltou atr\u00e1s na tentativa de uma nova defini\u00e7\u00e3o para os confrontos e a possibilidade de decidir o duelo contra o Athletico-PR em casa. Apesar da decis\u00e3o, o Mais Querido reitera o pensamento de que [&hellip;]<\/p>\n","protected":false},"author":4,"featured_media":84905,"comment_status":"open","ping_status":"closed","sticky":false,"template":"","format":"standard","meta":{"footnotes":""},"categories":[1],"tags":[],"class_list":["post-85025","post","type-post","status-publish","format-standard","has-post-thumbnail","hentry","category-flamengo"],"yoast_head":"<!-- This site is optimized with the Yoast SEO Premium plugin v24.2 (Yoast SEO v26.9) - https:\/\/yoast.com\/product\/yoast-seo-premium-wordpress\/ -->\n<title>Flamengo retira a\u00e7\u00e3o no STJD contestando o sorteio da Copa do Brasil<\/title>\n<meta name=\"robots\" content=\"index, follow, max-snippet:-1, max-image-preview:large, max-video-preview:-1\" \/>\n<link rel=\"canonical\" href=\"https:\/\/www.gaveanews.com\/index.php\/2022\/07\/21\/flamengo-retira-acao-no-stjd-contestando-o-sorteio-da-copa-do-brasil\/\" \/>\n<meta property=\"og:locale\" content=\"pt_BR\" \/>\n<meta property=\"og:type\" content=\"article\" \/>\n<meta property=\"og:title\" content=\"Flamengo retira a\u00e7\u00e3o no STJD contestando o sorteio da Copa do Brasil\" \/>\n<meta property=\"og:description\" content=\"O Flamengo retirou a a\u00e7\u00e3o que solicitava a invalida\u00e7\u00e3o do sorteio das quartas de final da Copa do Brasil. O clube voltou atr\u00e1s na tentativa de uma nova defini\u00e7\u00e3o para os confrontos e a possibilidade de decidir o duelo contra o Athletico-PR em casa. Apesar da decis\u00e3o, o Mais Querido reitera o pensamento de que [&hellip;]\" \/>\n<meta property=\"og:url\" content=\"https:\/\/www.gaveanews.com\/index.php\/2022\/07\/21\/flamengo-retira-acao-no-stjd-contestando-o-sorteio-da-copa-do-brasil\/\" \/>\n<meta property=\"og:site_name\" content=\"G\u00e1vea News\" \/>\n<meta property=\"article:publisher\" content=\"https:\/\/facebook.com\/gaveaNews\/\" \/>\n<meta property=\"article:published_time\" content=\"2022-07-21T16:02:50+00:00\" \/>\n<meta property=\"article:modified_time\" content=\"2022-07-21T16:02:51+00:00\" \/>\n<meta property=\"og:image\" content=\"https:\/\/www.gaveanews.com\/wp-content\/uploads\/Superior-Tribunal-de-Justica-Desportiva.webp\" \/>\n\t<meta property=\"og:image:width\" content=\"603\" \/>\n\t<meta property=\"og:image:height\" content=\"338\" \/>\n\t<meta property=\"og:image:type\" content=\"image\/jpeg\" \/>\n<meta name=\"author\" content=\"Let\u00edcia Gerheim\" \/>\n<meta name=\"twitter:card\" content=\"summary_large_image\" \/>\n<meta name=\"twitter:label1\" content=\"Escrito por\" \/>\n\t<meta name=\"twitter:data1\" content=\"Let\u00edcia Gerheim\" \/>\n\t<meta name=\"twitter:label2\" content=\"Est. tempo de leitura\" \/>\n\t<meta name=\"twitter:data2\" content=\"2 minutos\" \/>\n<script type=\"application\/ld+json\" class=\"yoast-schema-graph\">{\"@context\":\"https:\/\/schema.org\",\"@graph\":[{\"@type\":\"NewsArticle\",\"@id\":\"https:\/\/www.gaveanews.com\/index.php\/2022\/07\/21\/flamengo-retira-acao-no-stjd-contestando-o-sorteio-da-copa-do-brasil\/#article\",\"isPartOf\":{\"@id\":\"https:\/\/www.gaveanews.com\/index.php\/2022\/07\/21\/flamengo-retira-acao-no-stjd-contestando-o-sorteio-da-copa-do-brasil\/\"},\"author\":{\"name\":\"Let\u00edcia Gerheim\",\"@id\":\"https:\/\/www.gaveanews.com\/#\/schema\/person\/714c67050b836198af2450ba1c142a67\"},\"headline\":\"Flamengo retira a\u00e7\u00e3o no STJD contestando o sorteio da Copa do Brasil\",\"datePublished\":\"2022-07-21T16:02:50+00:00\",\"dateModified\":\"2022-07-21T16:02:51+00:00\",\"mainEntityOfPage\":{\"@id\":\"https:\/\/www.gaveanews.com\/index.php\/2022\/07\/21\/flamengo-retira-acao-no-stjd-contestando-o-sorteio-da-copa-do-brasil\/\"},\"wordCount\":228,\"commentCount\":0,\"image\":{\"@id\":\"https:\/\/www.gaveanews.com\/index.php\/2022\/07\/21\/flamengo-retira-acao-no-stjd-contestando-o-sorteio-da-copa-do-brasil\/#primaryimage\"},\"thumbnailUrl\":\"https:\/\/www.gaveanews.com\/wp-content\/uploads\/Superior-Tribunal-de-Justica-Desportiva.webp\",\"articleSection\":[\"Flamengo\"],\"inLanguage\":\"pt-BR\",\"potentialAction\":[{\"@type\":\"CommentAction\",\"name\":\"Comment\",\"target\":[\"https:\/\/www.gaveanews.com\/index.php\/2022\/07\/21\/flamengo-retira-acao-no-stjd-contestando-o-sorteio-da-copa-do-brasil\/#respond\"]}],\"copyrightYear\":\"2022\",\"copyrightHolder\":{\"@id\":\"https:\/\/www.gaveanews.com\/#organization\"}},{\"@type\":\"WebPage\",\"@id\":\"https:\/\/www.gaveanews.com\/index.php\/2022\/07\/21\/flamengo-retira-acao-no-stjd-contestando-o-sorteio-da-copa-do-brasil\/\",\"url\":\"https:\/\/www.gaveanews.com\/index.php\/2022\/07\/21\/flamengo-retira-acao-no-stjd-contestando-o-sorteio-da-copa-do-brasil\/\",\"name\":\"Flamengo retira a\u00e7\u00e3o no STJD contestando o sorteio da Copa do Brasil\",\"isPartOf\":{\"@id\":\"https:\/\/www.gaveanews.com\/#website\"},\"primaryImageOfPage\":{\"@id\":\"https:\/\/www.gaveanews.com\/index.php\/2022\/07\/21\/flamengo-retira-acao-no-stjd-contestando-o-sorteio-da-copa-do-brasil\/#primaryimage\"},\"image\":{\"@id\":\"https:\/\/www.gaveanews.com\/index.php\/2022\/07\/21\/flamengo-retira-acao-no-stjd-contestando-o-sorteio-da-copa-do-brasil\/#primaryimage\"},\"thumbnailUrl\":\"https:\/\/www.gaveanews.com\/wp-content\/uploads\/Superior-Tribunal-de-Justica-Desportiva.webp\",\"datePublished\":\"2022-07-21T16:02:50+00:00\",\"dateModified\":\"2022-07-21T16:02:51+00:00\",\"author\":{\"@id\":\"https:\/\/www.gaveanews.com\/#\/schema\/person\/714c67050b836198af2450ba1c142a67\"},\"breadcrumb\":{\"@id\":\"https:\/\/www.gaveanews.com\/index.php\/2022\/07\/21\/flamengo-retira-acao-no-stjd-contestando-o-sorteio-da-copa-do-brasil\/#breadcrumb\"},\"inLanguage\":\"pt-BR\",\"potentialAction\":[{\"@type\":\"ReadAction\",\"target\":[\"https:\/\/www.gaveanews.com\/index.php\/2022\/07\/21\/flamengo-retira-acao-no-stjd-contestando-o-sorteio-da-copa-do-brasil\/\"]}]},{\"@type\":\"ImageObject\",\"inLanguage\":\"pt-BR\",\"@id\":\"https:\/\/www.gaveanews.com\/index.php\/2022\/07\/21\/flamengo-retira-acao-no-stjd-contestando-o-sorteio-da-copa-do-brasil\/#primaryimage\",\"url\":\"https:\/\/www.gaveanews.com\/wp-content\/uploads\/Superior-Tribunal-de-Justica-Desportiva.webp\",\"contentUrl\":\"https:\/\/www.gaveanews.com\/wp-content\/uploads\/Superior-Tribunal-de-Justica-Desportiva.webp\",\"width\":603,\"height\":338,\"caption\":\"Superior Tribunal de Justi\u00e7a Desportiva (Foto: Divulga\u00e7\u00e3o\/Site STJD)\"},{\"@type\":\"BreadcrumbList\",\"@id\":\"https:\/\/www.gaveanews.com\/index.php\/2022\/07\/21\/flamengo-retira-acao-no-stjd-contestando-o-sorteio-da-copa-do-brasil\/#breadcrumb\",\"itemListElement\":[{\"@type\":\"ListItem\",\"position\":1,\"name\":\"Home\",\"item\":\"https:\/\/www.gaveanews.com\/\"},{\"@type\":\"ListItem\",\"position\":2,\"name\":\"Flamengo retira a\u00e7\u00e3o no STJD contestando o sorteio da Copa do Brasil\"}]},{\"@type\":\"WebSite\",\"@id\":\"https:\/\/www.gaveanews.com\/#website\",\"url\":\"https:\/\/www.gaveanews.com\/\",\"name\":\"G\u00e1vea News\",\"description\":\"Veja todas as not\u00edcias sobre o Flamengo: Contrata\u00e7\u00f5es, categorias de base, resultados das partidas, tabela de classifica\u00e7\u00e3o, pr\u00f3ximos jogos!\",\"potentialAction\":[{\"@type\":\"SearchAction\",\"target\":{\"@type\":\"EntryPoint\",\"urlTemplate\":\"https:\/\/www.gaveanews.com\/?s={search_term_string}\"},\"query-input\":{\"@type\":\"PropertyValueSpecification\",\"valueRequired\":true,\"valueName\":\"search_term_string\"}}],\"inLanguage\":\"pt-BR\"},{\"@type\":\"Person\",\"@id\":\"https:\/\/www.gaveanews.com\/#\/schema\/person\/714c67050b836198af2450ba1c142a67\",\"name\":\"Let\u00edcia Gerheim\",\"image\":{\"@type\":\"ImageObject\",\"inLanguage\":\"pt-BR\",\"@id\":\"https:\/\/www.gaveanews.com\/#\/schema\/person\/image\/\",\"url\":\"https:\/\/secure.gravatar.com\/avatar\/60734739c50fcebfbac509e2a826ccd0ff405c019bc73aab9354f19ecad1dcb4?s=96&d=mm&r=g\",\"contentUrl\":\"https:\/\/secure.gravatar.com\/avatar\/60734739c50fcebfbac509e2a826ccd0ff405c019bc73aab9354f19ecad1dcb4?s=96&d=mm&r=g\",\"caption\":\"Let\u00edcia Gerheim\"}}]}<\/script>\n<!-- \/ Yoast SEO Premium plugin. -->","yoast_head_json":{"title":"Flamengo retira a\u00e7\u00e3o no STJD contestando o sorteio da Copa do Brasil","robots":{"index":"index","follow":"follow","max-snippet":"max-snippet:-1","max-image-preview":"max-image-preview:large","max-video-preview":"max-video-preview:-1"},"canonical":"https:\/\/www.gaveanews.com\/index.php\/2022\/07\/21\/flamengo-retira-acao-no-stjd-contestando-o-sorteio-da-copa-do-brasil\/","og_locale":"pt_BR","og_type":"article","og_title":"Flamengo retira a\u00e7\u00e3o no STJD contestando o sorteio da Copa do Brasil","og_description":"O Flamengo retirou a a\u00e7\u00e3o que solicitava a invalida\u00e7\u00e3o do sorteio das quartas de final da Copa do Brasil. O clube voltou atr\u00e1s na tentativa de uma nova defini\u00e7\u00e3o para os confrontos e a possibilidade de decidir o duelo contra o Athletico-PR em casa. Apesar da decis\u00e3o, o Mais Querido reitera o pensamento de que [&hellip;]","og_url":"https:\/\/www.gaveanews.com\/index.php\/2022\/07\/21\/flamengo-retira-acao-no-stjd-contestando-o-sorteio-da-copa-do-brasil\/","og_site_name":"G\u00e1vea News","article_publisher":"https:\/\/facebook.com\/gaveaNews\/","article_published_time":"2022-07-21T16:02:50+00:00","article_modified_time":"2022-07-21T16:02:51+00:00","og_image":[{"width":603,"height":338,"url":"https:\/\/www.gaveanews.com\/wp-content\/uploads\/Superior-Tribunal-de-Justica-Desportiva.webp","type":"image\/jpeg"}],"author":"Let\u00edcia Gerheim","twitter_card":"summary_large_image","twitter_misc":{"Escrito por":"Let\u00edcia Gerheim","Est. tempo de leitura":"2 minutos"},"schema":{"@context":"https:\/\/schema.org","@graph":[{"@type":"NewsArticle","@id":"https:\/\/www.gaveanews.com\/index.php\/2022\/07\/21\/flamengo-retira-acao-no-stjd-contestando-o-sorteio-da-copa-do-brasil\/#article","isPartOf":{"@id":"https:\/\/www.gaveanews.com\/index.php\/2022\/07\/21\/flamengo-retira-acao-no-stjd-contestando-o-sorteio-da-copa-do-brasil\/"},"author":{"name":"Let\u00edcia Gerheim","@id":"https:\/\/www.gaveanews.com\/#\/schema\/person\/714c67050b836198af2450ba1c142a67"},"headline":"Flamengo retira a\u00e7\u00e3o no STJD contestando o sorteio da Copa do Brasil","datePublished":"2022-07-21T16:02:50+00:00","dateModified":"2022-07-21T16:02:51+00:00","mainEntityOfPage":{"@id":"https:\/\/www.gaveanews.com\/index.php\/2022\/07\/21\/flamengo-retira-acao-no-stjd-contestando-o-sorteio-da-copa-do-brasil\/"},"wordCount":228,"commentCount":0,"image":{"@id":"https:\/\/www.gaveanews.com\/index.php\/2022\/07\/21\/flamengo-retira-acao-no-stjd-contestando-o-sorteio-da-copa-do-brasil\/#primaryimage"},"thumbnailUrl":"https:\/\/www.gaveanews.com\/wp-content\/uploads\/Superior-Tribunal-de-Justica-Desportiva.webp","articleSection":["Flamengo"],"inLanguage":"pt-BR","potentialAction":[{"@type":"CommentAction","name":"Comment","target":["https:\/\/www.gaveanews.com\/index.php\/2022\/07\/21\/flamengo-retira-acao-no-stjd-contestando-o-sorteio-da-copa-do-brasil\/#respond"]}],"copyrightYear":"2022","copyrightHolder":{"@id":"https:\/\/www.gaveanews.com\/#organization"}},{"@type":"WebPage","@id":"https:\/\/www.gaveanews.com\/index.php\/2022\/07\/21\/flamengo-retira-acao-no-stjd-contestando-o-sorteio-da-copa-do-brasil\/","url":"https:\/\/www.gaveanews.com\/index.php\/2022\/07\/21\/flamengo-retira-acao-no-stjd-contestando-o-sorteio-da-copa-do-brasil\/","name":"Flamengo retira a\u00e7\u00e3o no STJD contestando o sorteio da Copa do Brasil","isPartOf":{"@id":"https:\/\/www.gaveanews.com\/#website"},"primaryImageOfPage":{"@id":"https:\/\/www.gaveanews.com\/index.php\/2022\/07\/21\/flamengo-retira-acao-no-stjd-contestando-o-sorteio-da-copa-do-brasil\/#primaryimage"},"image":{"@id":"https:\/\/www.gaveanews.com\/index.php\/2022\/07\/21\/flamengo-retira-acao-no-stjd-contestando-o-sorteio-da-copa-do-brasil\/#primaryimage"},"thumbnailUrl":"https:\/\/www.gaveanews.com\/wp-content\/uploads\/Superior-Tribunal-de-Justica-Desportiva.webp","datePublished":"2022-07-21T16:02:50+00:00","dateModified":"2022-07-21T16:02:51+00:00","author":{"@id":"https:\/\/www.gaveanews.com\/#\/schema\/person\/714c67050b836198af2450ba1c142a67"},"breadcrumb":{"@id":"https:\/\/www.gaveanews.com\/index.php\/2022\/07\/21\/flamengo-retira-acao-no-stjd-contestando-o-sorteio-da-copa-do-brasil\/#breadcrumb"},"inLanguage":"pt-BR","potentialAction":[{"@type":"ReadAction","target":["https:\/\/www.gaveanews.com\/index.php\/2022\/07\/21\/flamengo-retira-acao-no-stjd-contestando-o-sorteio-da-copa-do-brasil\/"]}]},{"@type":"ImageObject","inLanguage":"pt-BR","@id":"https:\/\/www.gaveanews.com\/index.php\/2022\/07\/21\/flamengo-retira-acao-no-stjd-contestando-o-sorteio-da-copa-do-brasil\/#primaryimage","url":"https:\/\/www.gaveanews.com\/wp-content\/uploads\/Superior-Tribunal-de-Justica-Desportiva.webp","contentUrl":"https:\/\/www.gaveanews.com\/wp-content\/uploads\/Superior-Tribunal-de-Justica-Desportiva.webp","width":603,"height":338,"caption":"Superior Tribunal de Justi\u00e7a Desportiva (Foto: Divulga\u00e7\u00e3o\/Site STJD)"},{"@type":"BreadcrumbList","@id":"https:\/\/www.gaveanews.com\/index.php\/2022\/07\/21\/flamengo-retira-acao-no-stjd-contestando-o-sorteio-da-copa-do-brasil\/#breadcrumb","itemListElement":[{"@type":"ListItem","position":1,"name":"Home","item":"https:\/\/www.gaveanews.com\/"},{"@type":"ListItem","position":2,"name":"Flamengo retira a\u00e7\u00e3o no STJD contestando o sorteio da Copa do Brasil"}]},{"@type":"WebSite","@id":"https:\/\/www.gaveanews.com\/#website","url":"https:\/\/www.gaveanews.com\/","name":"G\u00e1vea News","description":"Veja todas as not\u00edcias sobre o Flamengo: Contrata\u00e7\u00f5es, categorias de base, resultados das partidas, tabela de classifica\u00e7\u00e3o, pr\u00f3ximos jogos!","potentialAction":[{"@type":"SearchAction","target":{"@type":"EntryPoint","urlTemplate":"https:\/\/www.gaveanews.com\/?s={search_term_string}"},"query-input":{"@type":"PropertyValueSpecification","valueRequired":true,"valueName":"search_term_string"}}],"inLanguage":"pt-BR"},{"@type":"Person","@id":"https:\/\/www.gaveanews.com\/#\/schema\/person\/714c67050b836198af2450ba1c142a67","name":"Let\u00edcia Gerheim","image":{"@type":"ImageObject","inLanguage":"pt-BR","@id":"https:\/\/www.gaveanews.com\/#\/schema\/person\/image\/","url":"https:\/\/secure.gravatar.com\/avatar\/60734739c50fcebfbac509e2a826ccd0ff405c019bc73aab9354f19ecad1dcb4?s=96&d=mm&r=g","contentUrl":"https:\/\/secure.gravatar.com\/avatar\/60734739c50fcebfbac509e2a826ccd0ff405c019bc73aab9354f19ecad1dcb4?s=96&d=mm&r=g","caption":"Let\u00edcia Gerheim"}}]}},"_links":{"self":[{"href":"https:\/\/www.gaveanews.com\/index.php\/wp-json\/wp\/v2\/posts\/85025","targetHints":{"allow":["GET"]}}],"collection":[{"href":"https:\/\/www.gaveanews.com\/index.php\/wp-json\/wp\/v2\/posts"}],"about":[{"href":"https:\/\/www.gaveanews.com\/index.php\/wp-json\/wp\/v2\/types\/post"}],"author":[{"embeddable":true,"href":"https:\/\/www.gaveanews.com\/index.php\/wp-json\/wp\/v2\/users\/4"}],"replies":[{"embeddable":true,"href":"https:\/\/www.gaveanews.com\/index.php\/wp-json\/wp\/v2\/comments?post=85025"}],"version-history":[{"count":0,"href":"https:\/\/www.gaveanews.com\/index.php\/wp-json\/wp\/v2\/posts\/85025\/revisions"}],"wp:featuredmedia":[{"embeddable":true,"href":"https:\/\/www.gaveanews.com\/index.php\/wp-json\/wp\/v2\/media\/84905"}],"wp:attachment":[{"href":"https:\/\/www.gaveanews.com\/index.php\/wp-json\/wp\/v2\/media?parent=85025"}],"wp:term":[{"taxonomy":"category","embeddable":true,"href":"https:\/\/www.gaveanews.com\/index.php\/wp-json\/wp\/v2\/categories?post=85025"},{"taxonomy":"post_tag","embeddable":true,"href":"https:\/\/www.gaveanews.com\/index.php\/wp-json\/wp\/v2\/tags?post=85025"}],"curies":[{"name":"wp","href":"https:\/\/api.w.org\/{rel}","templated":true}]}}