{"id":85048,"date":"2022-07-21T18:21:31","date_gmt":"2022-07-21T21:21:31","guid":{"rendered":"https:\/\/www.gaveanews.com\/?p=85048"},"modified":"2022-07-21T18:21:32","modified_gmt":"2022-07-21T21:21:32","slug":"flamengo-entra-na-justica-devido-ao-vasco","status":"publish","type":"post","link":"https:\/\/www.gaveanews.com\/index.php\/2022\/07\/21\/flamengo-entra-na-justica-devido-ao-vasco\/","title":{"rendered":"Flamengo entra na justi\u00e7a devido ao Vasco"},"content":{"rendered":"\n<p>Ap\u00f3s imbr\u00f3glio no uso do Maracan\u00e3 para a partida entre Vasco e Sport, do \u00faltimo dia 3 de julho, o Flamengo entrou na justi\u00e7a com uma peti\u00e7\u00e3o para limitar o uso do est\u00e1dio pelo cruzmaltino. Nesse sentindo, o Rubro-Negro busca deixar claro que a a\u00e7\u00e3o do rival servir\u00e1 apenas para a partida em quest\u00e3o.<\/p>\n\n\n\n<p><em>\u2014 A decis\u00e3o embargada n\u00e3o \u00e9 suficientemente clara quanto \u00e0 limita\u00e7\u00e3o da tutela \u00e0 espec\u00edfica partida de futebol realizada no dia 03.07.2022 entre Vasco da Gama e Sport Clube do Recife, carecendo de elementos espec\u00edficos, que lhe confiram a harmonia interpretativa necess\u00e1ria. \u00c9 impositivo, portanto, o aclaramento da decis\u00e3o embargada, para que esclare\u00e7a que, conquanto tenha sido indeferida a atribui\u00e7\u00e3o de efeito suspensivo ao agravo de instrumento, o Vasco da Gama n\u00e3o possui um cheque em branco para optar quando e contra quem jogar\u00e1 no Maracan\u00e3<\/em>, diz parte da nota Rubro-Negra.<\/p>\n\n\n\n<p>A justificativa do Flamengo, que tem como parceiro o Fluminense na administra\u00e7\u00e3o do Maracan\u00e3, \u00e9 que a sequ\u00eancia abusiva de jogos no est\u00e1dio prejudica o gramado. Como resultado, o tradicional palco do futebol carioca se encontra no atual momento fechado, por cerca de 20 dias, para restaura\u00e7\u00e3o.<\/p>\n\n\n\n<p>Retirado de: Di\u00e1rio do Fla<\/p>\n","protected":false},"excerpt":{"rendered":"<p>Ap\u00f3s imbr\u00f3glio no uso do Maracan\u00e3 para a partida entre Vasco e Sport, do \u00faltimo dia 3 de julho, o Flamengo entrou na justi\u00e7a com uma peti\u00e7\u00e3o para limitar o uso do est\u00e1dio pelo cruzmaltino. Nesse sentindo, o Rubro-Negro busca deixar claro que a a\u00e7\u00e3o do rival servir\u00e1 apenas para a partida em quest\u00e3o. \u2014 [&hellip;]<\/p>\n","protected":false},"author":1,"featured_media":15077,"comment_status":"open","ping_status":"closed","sticky":false,"template":"","format":"standard","meta":{"footnotes":""},"categories":[1],"tags":[],"class_list":["post-85048","post","type-post","status-publish","format-standard","has-post-thumbnail","hentry","category-flamengo"],"yoast_head":"<!-- This site is optimized with the Yoast SEO Premium plugin v24.2 (Yoast SEO v26.9) - https:\/\/yoast.com\/product\/yoast-seo-premium-wordpress\/ -->\n<title>Flamengo entra na justi\u00e7a devido ao Vasco<\/title>\n<meta name=\"robots\" content=\"index, follow, max-snippet:-1, max-image-preview:large, max-video-preview:-1\" \/>\n<link rel=\"canonical\" href=\"https:\/\/www.gaveanews.com\/index.php\/2022\/07\/21\/flamengo-entra-na-justica-devido-ao-vasco\/\" \/>\n<meta property=\"og:locale\" content=\"pt_BR\" \/>\n<meta property=\"og:type\" content=\"article\" \/>\n<meta property=\"og:title\" content=\"Flamengo entra na justi\u00e7a devido ao Vasco\" \/>\n<meta property=\"og:description\" content=\"Ap\u00f3s imbr\u00f3glio no uso do Maracan\u00e3 para a partida entre Vasco e Sport, do \u00faltimo dia 3 de julho, o Flamengo entrou na justi\u00e7a com uma peti\u00e7\u00e3o para limitar o uso do est\u00e1dio pelo cruzmaltino. Nesse sentindo, o Rubro-Negro busca deixar claro que a a\u00e7\u00e3o do rival servir\u00e1 apenas para a partida em quest\u00e3o. \u2014 [&hellip;]\" \/>\n<meta property=\"og:url\" content=\"https:\/\/www.gaveanews.com\/index.php\/2022\/07\/21\/flamengo-entra-na-justica-devido-ao-vasco\/\" \/>\n<meta property=\"og:site_name\" content=\"G\u00e1vea News\" \/>\n<meta property=\"article:publisher\" content=\"https:\/\/facebook.com\/gaveaNews\/\" \/>\n<meta property=\"article:published_time\" content=\"2022-07-21T21:21:31+00:00\" \/>\n<meta property=\"article:modified_time\" content=\"2022-07-21T21:21:32+00:00\" \/>\n<meta property=\"og:image\" content=\"https:\/\/www.gaveanews.com\/wp-content\/uploads\/2019\/03\/Rodolfo-Landim-durante-entrevista-coletiva-na-Gavea.webp\" \/>\n\t<meta property=\"og:image:width\" content=\"1\" \/>\n\t<meta property=\"og:image:height\" content=\"1\" \/>\n\t<meta property=\"og:image:type\" content=\"image\/jpeg\" \/>\n<meta name=\"author\" content=\"Equipe G\u00e1vea News\" \/>\n<meta name=\"twitter:card\" content=\"summary_large_image\" \/>\n<meta name=\"twitter:label1\" content=\"Escrito por\" \/>\n\t<meta name=\"twitter:data1\" content=\"Equipe G\u00e1vea News\" \/>\n\t<meta name=\"twitter:label2\" content=\"Est. tempo de leitura\" \/>\n\t<meta name=\"twitter:data2\" content=\"2 minutos\" \/>\n<script type=\"application\/ld+json\" class=\"yoast-schema-graph\">{\"@context\":\"https:\/\/schema.org\",\"@graph\":[{\"@type\":\"NewsArticle\",\"@id\":\"https:\/\/www.gaveanews.com\/index.php\/2022\/07\/21\/flamengo-entra-na-justica-devido-ao-vasco\/#article\",\"isPartOf\":{\"@id\":\"https:\/\/www.gaveanews.com\/index.php\/2022\/07\/21\/flamengo-entra-na-justica-devido-ao-vasco\/\"},\"author\":{\"name\":\"Equipe G\u00e1vea News\",\"@id\":\"https:\/\/www.gaveanews.com\/#\/schema\/person\/2ec14f73fb96be2caf28f91afb14749d\"},\"headline\":\"Flamengo entra na justi\u00e7a devido ao Vasco\",\"datePublished\":\"2022-07-21T21:21:31+00:00\",\"dateModified\":\"2022-07-21T21:21:32+00:00\",\"mainEntityOfPage\":{\"@id\":\"https:\/\/www.gaveanews.com\/index.php\/2022\/07\/21\/flamengo-entra-na-justica-devido-ao-vasco\/\"},\"wordCount\":218,\"commentCount\":0,\"image\":{\"@id\":\"https:\/\/www.gaveanews.com\/index.php\/2022\/07\/21\/flamengo-entra-na-justica-devido-ao-vasco\/#primaryimage\"},\"thumbnailUrl\":\"https:\/\/www.gaveanews.com\/wp-content\/uploads\/2019\/03\/Rodolfo-Landim-durante-entrevista-coletiva-na-Gavea.webp\",\"articleSection\":[\"Flamengo\"],\"inLanguage\":\"pt-BR\",\"potentialAction\":[{\"@type\":\"CommentAction\",\"name\":\"Comment\",\"target\":[\"https:\/\/www.gaveanews.com\/index.php\/2022\/07\/21\/flamengo-entra-na-justica-devido-ao-vasco\/#respond\"]}],\"copyrightYear\":\"2022\",\"copyrightHolder\":{\"@id\":\"https:\/\/www.gaveanews.com\/#organization\"}},{\"@type\":\"WebPage\",\"@id\":\"https:\/\/www.gaveanews.com\/index.php\/2022\/07\/21\/flamengo-entra-na-justica-devido-ao-vasco\/\",\"url\":\"https:\/\/www.gaveanews.com\/index.php\/2022\/07\/21\/flamengo-entra-na-justica-devido-ao-vasco\/\",\"name\":\"Flamengo entra na justi\u00e7a devido ao Vasco\",\"isPartOf\":{\"@id\":\"https:\/\/www.gaveanews.com\/#website\"},\"primaryImageOfPage\":{\"@id\":\"https:\/\/www.gaveanews.com\/index.php\/2022\/07\/21\/flamengo-entra-na-justica-devido-ao-vasco\/#primaryimage\"},\"image\":{\"@id\":\"https:\/\/www.gaveanews.com\/index.php\/2022\/07\/21\/flamengo-entra-na-justica-devido-ao-vasco\/#primaryimage\"},\"thumbnailUrl\":\"https:\/\/www.gaveanews.com\/wp-content\/uploads\/2019\/03\/Rodolfo-Landim-durante-entrevista-coletiva-na-Gavea.webp\",\"datePublished\":\"2022-07-21T21:21:31+00:00\",\"dateModified\":\"2022-07-21T21:21:32+00:00\",\"author\":{\"@id\":\"https:\/\/www.gaveanews.com\/#\/schema\/person\/2ec14f73fb96be2caf28f91afb14749d\"},\"breadcrumb\":{\"@id\":\"https:\/\/www.gaveanews.com\/index.php\/2022\/07\/21\/flamengo-entra-na-justica-devido-ao-vasco\/#breadcrumb\"},\"inLanguage\":\"pt-BR\",\"potentialAction\":[{\"@type\":\"ReadAction\",\"target\":[\"https:\/\/www.gaveanews.com\/index.php\/2022\/07\/21\/flamengo-entra-na-justica-devido-ao-vasco\/\"]}]},{\"@type\":\"ImageObject\",\"inLanguage\":\"pt-BR\",\"@id\":\"https:\/\/www.gaveanews.com\/index.php\/2022\/07\/21\/flamengo-entra-na-justica-devido-ao-vasco\/#primaryimage\",\"url\":\"https:\/\/www.gaveanews.com\/wp-content\/uploads\/2019\/03\/Rodolfo-Landim-durante-entrevista-coletiva-na-Gavea.webp\",\"contentUrl\":\"https:\/\/www.gaveanews.com\/wp-content\/uploads\/2019\/03\/Rodolfo-Landim-durante-entrevista-coletiva-na-Gavea.webp\",\"width\":900,\"height\":599,\"caption\":\"Rodolfo Landim durante entrevista coletiva na G\u00e1vea (Foto: Ag\u00eancia Foto BR)\"},{\"@type\":\"BreadcrumbList\",\"@id\":\"https:\/\/www.gaveanews.com\/index.php\/2022\/07\/21\/flamengo-entra-na-justica-devido-ao-vasco\/#breadcrumb\",\"itemListElement\":[{\"@type\":\"ListItem\",\"position\":1,\"name\":\"Home\",\"item\":\"https:\/\/www.gaveanews.com\/\"},{\"@type\":\"ListItem\",\"position\":2,\"name\":\"Flamengo entra na justi\u00e7a devido ao Vasco\"}]},{\"@type\":\"WebSite\",\"@id\":\"https:\/\/www.gaveanews.com\/#website\",\"url\":\"https:\/\/www.gaveanews.com\/\",\"name\":\"G\u00e1vea News\",\"description\":\"Veja todas as not\u00edcias sobre o Flamengo: Contrata\u00e7\u00f5es, categorias de base, resultados das partidas, tabela de classifica\u00e7\u00e3o, pr\u00f3ximos jogos!\",\"potentialAction\":[{\"@type\":\"SearchAction\",\"target\":{\"@type\":\"EntryPoint\",\"urlTemplate\":\"https:\/\/www.gaveanews.com\/?s={search_term_string}\"},\"query-input\":{\"@type\":\"PropertyValueSpecification\",\"valueRequired\":true,\"valueName\":\"search_term_string\"}}],\"inLanguage\":\"pt-BR\"},{\"@type\":\"Person\",\"@id\":\"https:\/\/www.gaveanews.com\/#\/schema\/person\/2ec14f73fb96be2caf28f91afb14749d\",\"name\":\"Equipe G\u00e1vea News\",\"image\":{\"@type\":\"ImageObject\",\"inLanguage\":\"pt-BR\",\"@id\":\"https:\/\/www.gaveanews.com\/#\/schema\/person\/image\/\",\"url\":\"https:\/\/secure.gravatar.com\/avatar\/1e1956f1facbffd3f8fa53a326721950116b3b9dc9bd44939c01180fd4a745a9?s=96&d=mm&r=g\",\"contentUrl\":\"https:\/\/secure.gravatar.com\/avatar\/1e1956f1facbffd3f8fa53a326721950116b3b9dc9bd44939c01180fd4a745a9?s=96&d=mm&r=g\",\"caption\":\"Equipe G\u00e1vea News\"}}]}<\/script>\n<!-- \/ Yoast SEO Premium plugin. -->","yoast_head_json":{"title":"Flamengo entra na justi\u00e7a devido ao Vasco","robots":{"index":"index","follow":"follow","max-snippet":"max-snippet:-1","max-image-preview":"max-image-preview:large","max-video-preview":"max-video-preview:-1"},"canonical":"https:\/\/www.gaveanews.com\/index.php\/2022\/07\/21\/flamengo-entra-na-justica-devido-ao-vasco\/","og_locale":"pt_BR","og_type":"article","og_title":"Flamengo entra na justi\u00e7a devido ao Vasco","og_description":"Ap\u00f3s imbr\u00f3glio no uso do Maracan\u00e3 para a partida entre Vasco e Sport, do \u00faltimo dia 3 de julho, o Flamengo entrou na justi\u00e7a com uma peti\u00e7\u00e3o para limitar o uso do est\u00e1dio pelo cruzmaltino. Nesse sentindo, o Rubro-Negro busca deixar claro que a a\u00e7\u00e3o do rival servir\u00e1 apenas para a partida em quest\u00e3o. \u2014 [&hellip;]","og_url":"https:\/\/www.gaveanews.com\/index.php\/2022\/07\/21\/flamengo-entra-na-justica-devido-ao-vasco\/","og_site_name":"G\u00e1vea News","article_publisher":"https:\/\/facebook.com\/gaveaNews\/","article_published_time":"2022-07-21T21:21:31+00:00","article_modified_time":"2022-07-21T21:21:32+00:00","og_image":[{"url":"https:\/\/www.gaveanews.com\/wp-content\/uploads\/2019\/03\/Rodolfo-Landim-durante-entrevista-coletiva-na-Gavea.webp","width":1,"height":1,"type":"image\/jpeg"}],"author":"Equipe G\u00e1vea News","twitter_card":"summary_large_image","twitter_misc":{"Escrito por":"Equipe G\u00e1vea News","Est. tempo de leitura":"2 minutos"},"schema":{"@context":"https:\/\/schema.org","@graph":[{"@type":"NewsArticle","@id":"https:\/\/www.gaveanews.com\/index.php\/2022\/07\/21\/flamengo-entra-na-justica-devido-ao-vasco\/#article","isPartOf":{"@id":"https:\/\/www.gaveanews.com\/index.php\/2022\/07\/21\/flamengo-entra-na-justica-devido-ao-vasco\/"},"author":{"name":"Equipe G\u00e1vea News","@id":"https:\/\/www.gaveanews.com\/#\/schema\/person\/2ec14f73fb96be2caf28f91afb14749d"},"headline":"Flamengo entra na justi\u00e7a devido ao Vasco","datePublished":"2022-07-21T21:21:31+00:00","dateModified":"2022-07-21T21:21:32+00:00","mainEntityOfPage":{"@id":"https:\/\/www.gaveanews.com\/index.php\/2022\/07\/21\/flamengo-entra-na-justica-devido-ao-vasco\/"},"wordCount":218,"commentCount":0,"image":{"@id":"https:\/\/www.gaveanews.com\/index.php\/2022\/07\/21\/flamengo-entra-na-justica-devido-ao-vasco\/#primaryimage"},"thumbnailUrl":"https:\/\/www.gaveanews.com\/wp-content\/uploads\/2019\/03\/Rodolfo-Landim-durante-entrevista-coletiva-na-Gavea.webp","articleSection":["Flamengo"],"inLanguage":"pt-BR","potentialAction":[{"@type":"CommentAction","name":"Comment","target":["https:\/\/www.gaveanews.com\/index.php\/2022\/07\/21\/flamengo-entra-na-justica-devido-ao-vasco\/#respond"]}],"copyrightYear":"2022","copyrightHolder":{"@id":"https:\/\/www.gaveanews.com\/#organization"}},{"@type":"WebPage","@id":"https:\/\/www.gaveanews.com\/index.php\/2022\/07\/21\/flamengo-entra-na-justica-devido-ao-vasco\/","url":"https:\/\/www.gaveanews.com\/index.php\/2022\/07\/21\/flamengo-entra-na-justica-devido-ao-vasco\/","name":"Flamengo entra na justi\u00e7a devido ao Vasco","isPartOf":{"@id":"https:\/\/www.gaveanews.com\/#website"},"primaryImageOfPage":{"@id":"https:\/\/www.gaveanews.com\/index.php\/2022\/07\/21\/flamengo-entra-na-justica-devido-ao-vasco\/#primaryimage"},"image":{"@id":"https:\/\/www.gaveanews.com\/index.php\/2022\/07\/21\/flamengo-entra-na-justica-devido-ao-vasco\/#primaryimage"},"thumbnailUrl":"https:\/\/www.gaveanews.com\/wp-content\/uploads\/2019\/03\/Rodolfo-Landim-durante-entrevista-coletiva-na-Gavea.webp","datePublished":"2022-07-21T21:21:31+00:00","dateModified":"2022-07-21T21:21:32+00:00","author":{"@id":"https:\/\/www.gaveanews.com\/#\/schema\/person\/2ec14f73fb96be2caf28f91afb14749d"},"breadcrumb":{"@id":"https:\/\/www.gaveanews.com\/index.php\/2022\/07\/21\/flamengo-entra-na-justica-devido-ao-vasco\/#breadcrumb"},"inLanguage":"pt-BR","potentialAction":[{"@type":"ReadAction","target":["https:\/\/www.gaveanews.com\/index.php\/2022\/07\/21\/flamengo-entra-na-justica-devido-ao-vasco\/"]}]},{"@type":"ImageObject","inLanguage":"pt-BR","@id":"https:\/\/www.gaveanews.com\/index.php\/2022\/07\/21\/flamengo-entra-na-justica-devido-ao-vasco\/#primaryimage","url":"https:\/\/www.gaveanews.com\/wp-content\/uploads\/2019\/03\/Rodolfo-Landim-durante-entrevista-coletiva-na-Gavea.webp","contentUrl":"https:\/\/www.gaveanews.com\/wp-content\/uploads\/2019\/03\/Rodolfo-Landim-durante-entrevista-coletiva-na-Gavea.webp","width":900,"height":599,"caption":"Rodolfo Landim durante entrevista coletiva na G\u00e1vea (Foto: Ag\u00eancia Foto BR)"},{"@type":"BreadcrumbList","@id":"https:\/\/www.gaveanews.com\/index.php\/2022\/07\/21\/flamengo-entra-na-justica-devido-ao-vasco\/#breadcrumb","itemListElement":[{"@type":"ListItem","position":1,"name":"Home","item":"https:\/\/www.gaveanews.com\/"},{"@type":"ListItem","position":2,"name":"Flamengo entra na justi\u00e7a devido ao Vasco"}]},{"@type":"WebSite","@id":"https:\/\/www.gaveanews.com\/#website","url":"https:\/\/www.gaveanews.com\/","name":"G\u00e1vea News","description":"Veja todas as not\u00edcias sobre o Flamengo: Contrata\u00e7\u00f5es, categorias de base, resultados das partidas, tabela de classifica\u00e7\u00e3o, pr\u00f3ximos jogos!","potentialAction":[{"@type":"SearchAction","target":{"@type":"EntryPoint","urlTemplate":"https:\/\/www.gaveanews.com\/?s={search_term_string}"},"query-input":{"@type":"PropertyValueSpecification","valueRequired":true,"valueName":"search_term_string"}}],"inLanguage":"pt-BR"},{"@type":"Person","@id":"https:\/\/www.gaveanews.com\/#\/schema\/person\/2ec14f73fb96be2caf28f91afb14749d","name":"Equipe G\u00e1vea News","image":{"@type":"ImageObject","inLanguage":"pt-BR","@id":"https:\/\/www.gaveanews.com\/#\/schema\/person\/image\/","url":"https:\/\/secure.gravatar.com\/avatar\/1e1956f1facbffd3f8fa53a326721950116b3b9dc9bd44939c01180fd4a745a9?s=96&d=mm&r=g","contentUrl":"https:\/\/secure.gravatar.com\/avatar\/1e1956f1facbffd3f8fa53a326721950116b3b9dc9bd44939c01180fd4a745a9?s=96&d=mm&r=g","caption":"Equipe G\u00e1vea News"}}]}},"_links":{"self":[{"href":"https:\/\/www.gaveanews.com\/index.php\/wp-json\/wp\/v2\/posts\/85048","targetHints":{"allow":["GET"]}}],"collection":[{"href":"https:\/\/www.gaveanews.com\/index.php\/wp-json\/wp\/v2\/posts"}],"about":[{"href":"https:\/\/www.gaveanews.com\/index.php\/wp-json\/wp\/v2\/types\/post"}],"author":[{"embeddable":true,"href":"https:\/\/www.gaveanews.com\/index.php\/wp-json\/wp\/v2\/users\/1"}],"replies":[{"embeddable":true,"href":"https:\/\/www.gaveanews.com\/index.php\/wp-json\/wp\/v2\/comments?post=85048"}],"version-history":[{"count":0,"href":"https:\/\/www.gaveanews.com\/index.php\/wp-json\/wp\/v2\/posts\/85048\/revisions"}],"wp:featuredmedia":[{"embeddable":true,"href":"https:\/\/www.gaveanews.com\/index.php\/wp-json\/wp\/v2\/media\/15077"}],"wp:attachment":[{"href":"https:\/\/www.gaveanews.com\/index.php\/wp-json\/wp\/v2\/media?parent=85048"}],"wp:term":[{"taxonomy":"category","embeddable":true,"href":"https:\/\/www.gaveanews.com\/index.php\/wp-json\/wp\/v2\/categories?post=85048"},{"taxonomy":"post_tag","embeddable":true,"href":"https:\/\/www.gaveanews.com\/index.php\/wp-json\/wp\/v2\/tags?post=85048"}],"curies":[{"name":"wp","href":"https:\/\/api.w.org\/{rel}","templated":true}]}}