{"id":85050,"date":"2022-07-21T18:27:03","date_gmt":"2022-07-21T21:27:03","guid":{"rendered":"https:\/\/www.gaveanews.com\/?p=85050"},"modified":"2022-07-21T18:27:05","modified_gmt":"2022-07-21T21:27:05","slug":"goleiro-do-flamengo-pode-estar-de-saida-para-a-europa-ou-emirados-arabes-renovacao-ainda-nao-foi-discutida","status":"publish","type":"post","link":"https:\/\/www.gaveanews.com\/index.php\/2022\/07\/21\/goleiro-do-flamengo-pode-estar-de-saida-para-a-europa-ou-emirados-arabes-renovacao-ainda-nao-foi-discutida\/","title":{"rendered":"Goleiro do Flamengo pode estar de sa\u00edda para a Europa ou Emirados \u00c1rabes; renova\u00e7\u00e3o ainda n\u00e3o foi discutida"},"content":{"rendered":"\n<p>Emprestado ao Sampaio Corr\u00eaa em seu \u00faltimo ano de contrato com o Flamengo, Gabriel Batista desperta interesse de clubes do exterior para a pr\u00f3xima temporada. O goleiro de 24 anos est\u00e1 no radar de clubes de Portugal e Emirados \u00c1rabes. Como tem v\u00ednculo com o Rubro-Negro at\u00e9 dezembro, Gabriel est\u00e1 livre para assinar com um novo clube para 2023.<\/p>\n\n\n\n<p>Ganhando sequ\u00eancia na meta do Sampaio Corr\u00eaa neste m\u00eas, Gabriel Batista foi um dos destaques da vit\u00f3ria sobre o Londrina, por 1 a 0 pela S\u00e9rie B do Campeonato Brasileiro, ao defender p\u00eanalti nos acr\u00e9scimos da etapa final. Ao todo, o goleiro soma oito partidas pela Bol\u00edvia Querida.<\/p>\n\n\n\n<p>Por ora, n\u00e3o h\u00e1 negocia\u00e7\u00e3o em curso pelo futuro do goleiro, que est\u00e1 emprestado ao Sampaio at\u00e9 o fim da temporada. Formado nas divis\u00f5es de base do Ninho do Urubu, Gabriel Batista estreou entre os profissionais do Flamengo em 2018 e, desde ent\u00e3o, entrou em campo 27 vezes com o Manto.<\/p>\n\n\n\n<p>Com a forte concorr\u00eancia no setor rubro-negro, Gabriel Batista deixou o clube com a chegada da comiss\u00e3o t\u00e9cnica de Paulo Sousa, em janeiro. Na \u00e9poca, o Flamengo j\u00e1 tinha Hugo Souza e Diego Alves, e, meses depois, contrataria Santos, que veio do Athletico e \u00e9 o atual titular rubro-negro.<\/p>\n\n\n\n<p>Retirado de: O Dia<\/p>\n","protected":false},"excerpt":{"rendered":"<p>Emprestado ao Sampaio Corr\u00eaa em seu \u00faltimo ano de contrato com o Flamengo, Gabriel Batista desperta interesse de clubes do exterior para a pr\u00f3xima temporada. O goleiro de 24 anos est\u00e1 no radar de clubes de Portugal e Emirados \u00c1rabes. Como tem v\u00ednculo com o Rubro-Negro at\u00e9 dezembro, Gabriel est\u00e1 livre para assinar com um [&hellip;]<\/p>\n","protected":false},"author":1,"featured_media":61738,"comment_status":"open","ping_status":"closed","sticky":false,"template":"","format":"standard","meta":{"footnotes":""},"categories":[48],"tags":[],"class_list":["post-85050","post","type-post","status-publish","format-standard","has-post-thumbnail","hentry","category-negociacoes"],"yoast_head":"<!-- This site is optimized with the Yoast SEO Premium plugin v24.2 (Yoast SEO v26.9) - https:\/\/yoast.com\/product\/yoast-seo-premium-wordpress\/ -->\n<title>Goleiro do Flamengo pode estar de sa\u00edda para a Europa ou Emirados \u00c1rabes; renova\u00e7\u00e3o ainda n\u00e3o foi discutida<\/title>\n<meta name=\"robots\" content=\"index, follow, max-snippet:-1, max-image-preview:large, max-video-preview:-1\" \/>\n<link rel=\"canonical\" href=\"https:\/\/www.gaveanews.com\/index.php\/2022\/07\/21\/goleiro-do-flamengo-pode-estar-de-saida-para-a-europa-ou-emirados-arabes-renovacao-ainda-nao-foi-discutida\/\" \/>\n<meta property=\"og:locale\" content=\"pt_BR\" \/>\n<meta property=\"og:type\" content=\"article\" \/>\n<meta property=\"og:title\" content=\"Goleiro do Flamengo pode estar de sa\u00edda para a Europa ou Emirados \u00c1rabes; renova\u00e7\u00e3o ainda n\u00e3o foi discutida\" \/>\n<meta property=\"og:description\" content=\"Emprestado ao Sampaio Corr\u00eaa em seu \u00faltimo ano de contrato com o Flamengo, Gabriel Batista desperta interesse de clubes do exterior para a pr\u00f3xima temporada. O goleiro de 24 anos est\u00e1 no radar de clubes de Portugal e Emirados \u00c1rabes. Como tem v\u00ednculo com o Rubro-Negro at\u00e9 dezembro, Gabriel est\u00e1 livre para assinar com um [&hellip;]\" \/>\n<meta property=\"og:url\" content=\"https:\/\/www.gaveanews.com\/index.php\/2022\/07\/21\/goleiro-do-flamengo-pode-estar-de-saida-para-a-europa-ou-emirados-arabes-renovacao-ainda-nao-foi-discutida\/\" \/>\n<meta property=\"og:site_name\" content=\"G\u00e1vea News\" \/>\n<meta property=\"article:publisher\" content=\"https:\/\/facebook.com\/gaveaNews\/\" \/>\n<meta property=\"article:published_time\" content=\"2022-07-21T21:27:03+00:00\" \/>\n<meta property=\"article:modified_time\" content=\"2022-07-21T21:27:05+00:00\" \/>\n<meta property=\"og:image\" content=\"https:\/\/www.gaveanews.com\/wp-content\/uploads\/Gabriel-Batista-e-Hugo-Souza-em-final-do-Campeonato-Carioca.webp\" \/>\n\t<meta property=\"og:image:width\" content=\"640\" \/>\n\t<meta property=\"og:image:height\" content=\"400\" \/>\n\t<meta property=\"og:image:type\" content=\"image\/jpeg\" \/>\n<meta name=\"author\" content=\"Equipe G\u00e1vea News\" \/>\n<meta name=\"twitter:card\" content=\"summary_large_image\" \/>\n<meta name=\"twitter:label1\" content=\"Escrito por\" \/>\n\t<meta name=\"twitter:data1\" content=\"Equipe G\u00e1vea News\" \/>\n\t<meta name=\"twitter:label2\" content=\"Est. tempo de leitura\" \/>\n\t<meta name=\"twitter:data2\" content=\"2 minutos\" \/>\n<script type=\"application\/ld+json\" class=\"yoast-schema-graph\">{\"@context\":\"https:\/\/schema.org\",\"@graph\":[{\"@type\":\"NewsArticle\",\"@id\":\"https:\/\/www.gaveanews.com\/index.php\/2022\/07\/21\/goleiro-do-flamengo-pode-estar-de-saida-para-a-europa-ou-emirados-arabes-renovacao-ainda-nao-foi-discutida\/#article\",\"isPartOf\":{\"@id\":\"https:\/\/www.gaveanews.com\/index.php\/2022\/07\/21\/goleiro-do-flamengo-pode-estar-de-saida-para-a-europa-ou-emirados-arabes-renovacao-ainda-nao-foi-discutida\/\"},\"author\":{\"name\":\"Equipe G\u00e1vea News\",\"@id\":\"https:\/\/www.gaveanews.com\/#\/schema\/person\/2ec14f73fb96be2caf28f91afb14749d\"},\"headline\":\"Goleiro do Flamengo pode estar de sa\u00edda para a Europa ou Emirados \u00c1rabes; renova\u00e7\u00e3o ainda n\u00e3o foi discutida\",\"datePublished\":\"2022-07-21T21:27:03+00:00\",\"dateModified\":\"2022-07-21T21:27:05+00:00\",\"mainEntityOfPage\":{\"@id\":\"https:\/\/www.gaveanews.com\/index.php\/2022\/07\/21\/goleiro-do-flamengo-pode-estar-de-saida-para-a-europa-ou-emirados-arabes-renovacao-ainda-nao-foi-discutida\/\"},\"wordCount\":243,\"commentCount\":0,\"image\":{\"@id\":\"https:\/\/www.gaveanews.com\/index.php\/2022\/07\/21\/goleiro-do-flamengo-pode-estar-de-saida-para-a-europa-ou-emirados-arabes-renovacao-ainda-nao-foi-discutida\/#primaryimage\"},\"thumbnailUrl\":\"https:\/\/www.gaveanews.com\/wp-content\/uploads\/Gabriel-Batista-e-Hugo-Souza-em-final-do-Campeonato-Carioca.webp\",\"articleSection\":[\"Negocia\u00e7\u00f5es\"],\"inLanguage\":\"pt-BR\",\"potentialAction\":[{\"@type\":\"CommentAction\",\"name\":\"Comment\",\"target\":[\"https:\/\/www.gaveanews.com\/index.php\/2022\/07\/21\/goleiro-do-flamengo-pode-estar-de-saida-para-a-europa-ou-emirados-arabes-renovacao-ainda-nao-foi-discutida\/#respond\"]}],\"copyrightYear\":\"2022\",\"copyrightHolder\":{\"@id\":\"https:\/\/www.gaveanews.com\/#organization\"}},{\"@type\":\"WebPage\",\"@id\":\"https:\/\/www.gaveanews.com\/index.php\/2022\/07\/21\/goleiro-do-flamengo-pode-estar-de-saida-para-a-europa-ou-emirados-arabes-renovacao-ainda-nao-foi-discutida\/\",\"url\":\"https:\/\/www.gaveanews.com\/index.php\/2022\/07\/21\/goleiro-do-flamengo-pode-estar-de-saida-para-a-europa-ou-emirados-arabes-renovacao-ainda-nao-foi-discutida\/\",\"name\":\"Goleiro do Flamengo pode estar de sa\u00edda para a Europa ou Emirados \u00c1rabes; renova\u00e7\u00e3o ainda n\u00e3o foi discutida\",\"isPartOf\":{\"@id\":\"https:\/\/www.gaveanews.com\/#website\"},\"primaryImageOfPage\":{\"@id\":\"https:\/\/www.gaveanews.com\/index.php\/2022\/07\/21\/goleiro-do-flamengo-pode-estar-de-saida-para-a-europa-ou-emirados-arabes-renovacao-ainda-nao-foi-discutida\/#primaryimage\"},\"image\":{\"@id\":\"https:\/\/www.gaveanews.com\/index.php\/2022\/07\/21\/goleiro-do-flamengo-pode-estar-de-saida-para-a-europa-ou-emirados-arabes-renovacao-ainda-nao-foi-discutida\/#primaryimage\"},\"thumbnailUrl\":\"https:\/\/www.gaveanews.com\/wp-content\/uploads\/Gabriel-Batista-e-Hugo-Souza-em-final-do-Campeonato-Carioca.webp\",\"datePublished\":\"2022-07-21T21:27:03+00:00\",\"dateModified\":\"2022-07-21T21:27:05+00:00\",\"author\":{\"@id\":\"https:\/\/www.gaveanews.com\/#\/schema\/person\/2ec14f73fb96be2caf28f91afb14749d\"},\"breadcrumb\":{\"@id\":\"https:\/\/www.gaveanews.com\/index.php\/2022\/07\/21\/goleiro-do-flamengo-pode-estar-de-saida-para-a-europa-ou-emirados-arabes-renovacao-ainda-nao-foi-discutida\/#breadcrumb\"},\"inLanguage\":\"pt-BR\",\"potentialAction\":[{\"@type\":\"ReadAction\",\"target\":[\"https:\/\/www.gaveanews.com\/index.php\/2022\/07\/21\/goleiro-do-flamengo-pode-estar-de-saida-para-a-europa-ou-emirados-arabes-renovacao-ainda-nao-foi-discutida\/\"]}]},{\"@type\":\"ImageObject\",\"inLanguage\":\"pt-BR\",\"@id\":\"https:\/\/www.gaveanews.com\/index.php\/2022\/07\/21\/goleiro-do-flamengo-pode-estar-de-saida-para-a-europa-ou-emirados-arabes-renovacao-ainda-nao-foi-discutida\/#primaryimage\",\"url\":\"https:\/\/www.gaveanews.com\/wp-content\/uploads\/Gabriel-Batista-e-Hugo-Souza-em-final-do-Campeonato-Carioca.webp\",\"contentUrl\":\"https:\/\/www.gaveanews.com\/wp-content\/uploads\/Gabriel-Batista-e-Hugo-Souza-em-final-do-Campeonato-Carioca.webp\",\"width\":640,\"height\":400,\"caption\":\"Gabriel Batista e Hugo Souza em final do Campeonato Carioca (Foto: Marcelo Cores\/Flamengo)\"},{\"@type\":\"BreadcrumbList\",\"@id\":\"https:\/\/www.gaveanews.com\/index.php\/2022\/07\/21\/goleiro-do-flamengo-pode-estar-de-saida-para-a-europa-ou-emirados-arabes-renovacao-ainda-nao-foi-discutida\/#breadcrumb\",\"itemListElement\":[{\"@type\":\"ListItem\",\"position\":1,\"name\":\"Home\",\"item\":\"https:\/\/www.gaveanews.com\/\"},{\"@type\":\"ListItem\",\"position\":2,\"name\":\"Goleiro do Flamengo pode estar de sa\u00edda para a Europa ou Emirados \u00c1rabes; renova\u00e7\u00e3o ainda n\u00e3o foi discutida\"}]},{\"@type\":\"WebSite\",\"@id\":\"https:\/\/www.gaveanews.com\/#website\",\"url\":\"https:\/\/www.gaveanews.com\/\",\"name\":\"G\u00e1vea News\",\"description\":\"Veja todas as not\u00edcias sobre o Flamengo: Contrata\u00e7\u00f5es, categorias de base, resultados das partidas, tabela de classifica\u00e7\u00e3o, pr\u00f3ximos jogos!\",\"potentialAction\":[{\"@type\":\"SearchAction\",\"target\":{\"@type\":\"EntryPoint\",\"urlTemplate\":\"https:\/\/www.gaveanews.com\/?s={search_term_string}\"},\"query-input\":{\"@type\":\"PropertyValueSpecification\",\"valueRequired\":true,\"valueName\":\"search_term_string\"}}],\"inLanguage\":\"pt-BR\"},{\"@type\":\"Person\",\"@id\":\"https:\/\/www.gaveanews.com\/#\/schema\/person\/2ec14f73fb96be2caf28f91afb14749d\",\"name\":\"Equipe G\u00e1vea News\",\"image\":{\"@type\":\"ImageObject\",\"inLanguage\":\"pt-BR\",\"@id\":\"https:\/\/www.gaveanews.com\/#\/schema\/person\/image\/\",\"url\":\"https:\/\/secure.gravatar.com\/avatar\/1e1956f1facbffd3f8fa53a326721950116b3b9dc9bd44939c01180fd4a745a9?s=96&d=mm&r=g\",\"contentUrl\":\"https:\/\/secure.gravatar.com\/avatar\/1e1956f1facbffd3f8fa53a326721950116b3b9dc9bd44939c01180fd4a745a9?s=96&d=mm&r=g\",\"caption\":\"Equipe G\u00e1vea News\"}}]}<\/script>\n<!-- \/ Yoast SEO Premium plugin. -->","yoast_head_json":{"title":"Goleiro do Flamengo pode estar de sa\u00edda para a Europa ou Emirados \u00c1rabes; renova\u00e7\u00e3o ainda n\u00e3o foi discutida","robots":{"index":"index","follow":"follow","max-snippet":"max-snippet:-1","max-image-preview":"max-image-preview:large","max-video-preview":"max-video-preview:-1"},"canonical":"https:\/\/www.gaveanews.com\/index.php\/2022\/07\/21\/goleiro-do-flamengo-pode-estar-de-saida-para-a-europa-ou-emirados-arabes-renovacao-ainda-nao-foi-discutida\/","og_locale":"pt_BR","og_type":"article","og_title":"Goleiro do Flamengo pode estar de sa\u00edda para a Europa ou Emirados \u00c1rabes; renova\u00e7\u00e3o ainda n\u00e3o foi discutida","og_description":"Emprestado ao Sampaio Corr\u00eaa em seu \u00faltimo ano de contrato com o Flamengo, Gabriel Batista desperta interesse de clubes do exterior para a pr\u00f3xima temporada. O goleiro de 24 anos est\u00e1 no radar de clubes de Portugal e Emirados \u00c1rabes. Como tem v\u00ednculo com o Rubro-Negro at\u00e9 dezembro, Gabriel est\u00e1 livre para assinar com um [&hellip;]","og_url":"https:\/\/www.gaveanews.com\/index.php\/2022\/07\/21\/goleiro-do-flamengo-pode-estar-de-saida-para-a-europa-ou-emirados-arabes-renovacao-ainda-nao-foi-discutida\/","og_site_name":"G\u00e1vea News","article_publisher":"https:\/\/facebook.com\/gaveaNews\/","article_published_time":"2022-07-21T21:27:03+00:00","article_modified_time":"2022-07-21T21:27:05+00:00","og_image":[{"width":640,"height":400,"url":"https:\/\/www.gaveanews.com\/wp-content\/uploads\/Gabriel-Batista-e-Hugo-Souza-em-final-do-Campeonato-Carioca.webp","type":"image\/jpeg"}],"author":"Equipe G\u00e1vea News","twitter_card":"summary_large_image","twitter_misc":{"Escrito por":"Equipe G\u00e1vea News","Est. tempo de leitura":"2 minutos"},"schema":{"@context":"https:\/\/schema.org","@graph":[{"@type":"NewsArticle","@id":"https:\/\/www.gaveanews.com\/index.php\/2022\/07\/21\/goleiro-do-flamengo-pode-estar-de-saida-para-a-europa-ou-emirados-arabes-renovacao-ainda-nao-foi-discutida\/#article","isPartOf":{"@id":"https:\/\/www.gaveanews.com\/index.php\/2022\/07\/21\/goleiro-do-flamengo-pode-estar-de-saida-para-a-europa-ou-emirados-arabes-renovacao-ainda-nao-foi-discutida\/"},"author":{"name":"Equipe G\u00e1vea News","@id":"https:\/\/www.gaveanews.com\/#\/schema\/person\/2ec14f73fb96be2caf28f91afb14749d"},"headline":"Goleiro do Flamengo pode estar de sa\u00edda para a Europa ou Emirados \u00c1rabes; renova\u00e7\u00e3o ainda n\u00e3o foi discutida","datePublished":"2022-07-21T21:27:03+00:00","dateModified":"2022-07-21T21:27:05+00:00","mainEntityOfPage":{"@id":"https:\/\/www.gaveanews.com\/index.php\/2022\/07\/21\/goleiro-do-flamengo-pode-estar-de-saida-para-a-europa-ou-emirados-arabes-renovacao-ainda-nao-foi-discutida\/"},"wordCount":243,"commentCount":0,"image":{"@id":"https:\/\/www.gaveanews.com\/index.php\/2022\/07\/21\/goleiro-do-flamengo-pode-estar-de-saida-para-a-europa-ou-emirados-arabes-renovacao-ainda-nao-foi-discutida\/#primaryimage"},"thumbnailUrl":"https:\/\/www.gaveanews.com\/wp-content\/uploads\/Gabriel-Batista-e-Hugo-Souza-em-final-do-Campeonato-Carioca.webp","articleSection":["Negocia\u00e7\u00f5es"],"inLanguage":"pt-BR","potentialAction":[{"@type":"CommentAction","name":"Comment","target":["https:\/\/www.gaveanews.com\/index.php\/2022\/07\/21\/goleiro-do-flamengo-pode-estar-de-saida-para-a-europa-ou-emirados-arabes-renovacao-ainda-nao-foi-discutida\/#respond"]}],"copyrightYear":"2022","copyrightHolder":{"@id":"https:\/\/www.gaveanews.com\/#organization"}},{"@type":"WebPage","@id":"https:\/\/www.gaveanews.com\/index.php\/2022\/07\/21\/goleiro-do-flamengo-pode-estar-de-saida-para-a-europa-ou-emirados-arabes-renovacao-ainda-nao-foi-discutida\/","url":"https:\/\/www.gaveanews.com\/index.php\/2022\/07\/21\/goleiro-do-flamengo-pode-estar-de-saida-para-a-europa-ou-emirados-arabes-renovacao-ainda-nao-foi-discutida\/","name":"Goleiro do Flamengo pode estar de sa\u00edda para a Europa ou Emirados \u00c1rabes; renova\u00e7\u00e3o ainda n\u00e3o foi discutida","isPartOf":{"@id":"https:\/\/www.gaveanews.com\/#website"},"primaryImageOfPage":{"@id":"https:\/\/www.gaveanews.com\/index.php\/2022\/07\/21\/goleiro-do-flamengo-pode-estar-de-saida-para-a-europa-ou-emirados-arabes-renovacao-ainda-nao-foi-discutida\/#primaryimage"},"image":{"@id":"https:\/\/www.gaveanews.com\/index.php\/2022\/07\/21\/goleiro-do-flamengo-pode-estar-de-saida-para-a-europa-ou-emirados-arabes-renovacao-ainda-nao-foi-discutida\/#primaryimage"},"thumbnailUrl":"https:\/\/www.gaveanews.com\/wp-content\/uploads\/Gabriel-Batista-e-Hugo-Souza-em-final-do-Campeonato-Carioca.webp","datePublished":"2022-07-21T21:27:03+00:00","dateModified":"2022-07-21T21:27:05+00:00","author":{"@id":"https:\/\/www.gaveanews.com\/#\/schema\/person\/2ec14f73fb96be2caf28f91afb14749d"},"breadcrumb":{"@id":"https:\/\/www.gaveanews.com\/index.php\/2022\/07\/21\/goleiro-do-flamengo-pode-estar-de-saida-para-a-europa-ou-emirados-arabes-renovacao-ainda-nao-foi-discutida\/#breadcrumb"},"inLanguage":"pt-BR","potentialAction":[{"@type":"ReadAction","target":["https:\/\/www.gaveanews.com\/index.php\/2022\/07\/21\/goleiro-do-flamengo-pode-estar-de-saida-para-a-europa-ou-emirados-arabes-renovacao-ainda-nao-foi-discutida\/"]}]},{"@type":"ImageObject","inLanguage":"pt-BR","@id":"https:\/\/www.gaveanews.com\/index.php\/2022\/07\/21\/goleiro-do-flamengo-pode-estar-de-saida-para-a-europa-ou-emirados-arabes-renovacao-ainda-nao-foi-discutida\/#primaryimage","url":"https:\/\/www.gaveanews.com\/wp-content\/uploads\/Gabriel-Batista-e-Hugo-Souza-em-final-do-Campeonato-Carioca.webp","contentUrl":"https:\/\/www.gaveanews.com\/wp-content\/uploads\/Gabriel-Batista-e-Hugo-Souza-em-final-do-Campeonato-Carioca.webp","width":640,"height":400,"caption":"Gabriel Batista e Hugo Souza em final do Campeonato Carioca (Foto: Marcelo Cores\/Flamengo)"},{"@type":"BreadcrumbList","@id":"https:\/\/www.gaveanews.com\/index.php\/2022\/07\/21\/goleiro-do-flamengo-pode-estar-de-saida-para-a-europa-ou-emirados-arabes-renovacao-ainda-nao-foi-discutida\/#breadcrumb","itemListElement":[{"@type":"ListItem","position":1,"name":"Home","item":"https:\/\/www.gaveanews.com\/"},{"@type":"ListItem","position":2,"name":"Goleiro do Flamengo pode estar de sa\u00edda para a Europa ou Emirados \u00c1rabes; renova\u00e7\u00e3o ainda n\u00e3o foi discutida"}]},{"@type":"WebSite","@id":"https:\/\/www.gaveanews.com\/#website","url":"https:\/\/www.gaveanews.com\/","name":"G\u00e1vea News","description":"Veja todas as not\u00edcias sobre o Flamengo: Contrata\u00e7\u00f5es, categorias de base, resultados das partidas, tabela de classifica\u00e7\u00e3o, pr\u00f3ximos jogos!","potentialAction":[{"@type":"SearchAction","target":{"@type":"EntryPoint","urlTemplate":"https:\/\/www.gaveanews.com\/?s={search_term_string}"},"query-input":{"@type":"PropertyValueSpecification","valueRequired":true,"valueName":"search_term_string"}}],"inLanguage":"pt-BR"},{"@type":"Person","@id":"https:\/\/www.gaveanews.com\/#\/schema\/person\/2ec14f73fb96be2caf28f91afb14749d","name":"Equipe G\u00e1vea News","image":{"@type":"ImageObject","inLanguage":"pt-BR","@id":"https:\/\/www.gaveanews.com\/#\/schema\/person\/image\/","url":"https:\/\/secure.gravatar.com\/avatar\/1e1956f1facbffd3f8fa53a326721950116b3b9dc9bd44939c01180fd4a745a9?s=96&d=mm&r=g","contentUrl":"https:\/\/secure.gravatar.com\/avatar\/1e1956f1facbffd3f8fa53a326721950116b3b9dc9bd44939c01180fd4a745a9?s=96&d=mm&r=g","caption":"Equipe G\u00e1vea News"}}]}},"_links":{"self":[{"href":"https:\/\/www.gaveanews.com\/index.php\/wp-json\/wp\/v2\/posts\/85050","targetHints":{"allow":["GET"]}}],"collection":[{"href":"https:\/\/www.gaveanews.com\/index.php\/wp-json\/wp\/v2\/posts"}],"about":[{"href":"https:\/\/www.gaveanews.com\/index.php\/wp-json\/wp\/v2\/types\/post"}],"author":[{"embeddable":true,"href":"https:\/\/www.gaveanews.com\/index.php\/wp-json\/wp\/v2\/users\/1"}],"replies":[{"embeddable":true,"href":"https:\/\/www.gaveanews.com\/index.php\/wp-json\/wp\/v2\/comments?post=85050"}],"version-history":[{"count":0,"href":"https:\/\/www.gaveanews.com\/index.php\/wp-json\/wp\/v2\/posts\/85050\/revisions"}],"wp:featuredmedia":[{"embeddable":true,"href":"https:\/\/www.gaveanews.com\/index.php\/wp-json\/wp\/v2\/media\/61738"}],"wp:attachment":[{"href":"https:\/\/www.gaveanews.com\/index.php\/wp-json\/wp\/v2\/media?parent=85050"}],"wp:term":[{"taxonomy":"category","embeddable":true,"href":"https:\/\/www.gaveanews.com\/index.php\/wp-json\/wp\/v2\/categories?post=85050"},{"taxonomy":"post_tag","embeddable":true,"href":"https:\/\/www.gaveanews.com\/index.php\/wp-json\/wp\/v2\/tags?post=85050"}],"curies":[{"name":"wp","href":"https:\/\/api.w.org\/{rel}","templated":true}]}}