{"id":85052,"date":"2022-07-21T19:38:23","date_gmt":"2022-07-21T22:38:23","guid":{"rendered":"https:\/\/www.gaveanews.com\/?p=85052"},"modified":"2022-07-21T19:38:26","modified_gmt":"2022-07-21T22:38:26","slug":"flamengo-quer-incluir-jogador-do-atual-elenco-na-negociacao-com-a-udinese-por-walace","status":"publish","type":"post","link":"https:\/\/www.gaveanews.com\/index.php\/2022\/07\/21\/flamengo-quer-incluir-jogador-do-atual-elenco-na-negociacao-com-a-udinese-por-walace\/","title":{"rendered":"Flamengo quer incluir jogador do atual elenco na negocia\u00e7\u00e3o com a Udinese por Walace"},"content":{"rendered":"\n<p>Um jogo de matem\u00e1tica e estrat\u00e9gia em busca de uma solu\u00e7\u00e3o que agrade a todo mundo. Assim d\u00e1 para resumir a negocia\u00e7\u00e3o entre Flamengo e Udinese por Walace. Novos cap\u00edtulos foram escritos nesta quinta-feira, e passam pela <a href=\"https:\/\/www.gaveanews.com\/index.php\/2022\/07\/21\/em-negociacao-com-o-flamengo-walace-nao-e-relacionado-pela-udinese-para-amistoso\/\">aus\u00eancia do volante de amistoso de pr\u00e9-temporada<\/a> e a sugest\u00e3o do rubro-negra de que os italianos escolham um jogador para envolver no neg\u00f3cio. Os clubes seguem em busca de op\u00e7\u00f5es que levem a um denominador comum.<\/p>\n\n\n\n<p>Por mais que as tr\u00eas partes estejam dispostas a realizar a opera\u00e7\u00e3o, a Udinese est\u00e1 firme em sua pedida pela totalidade dos direitos econ\u00f4micos do jogador: 9 milh\u00f5es de euros (R$ 50 mi) \u00e9 o valor colocado na mesa desde a primeira reuni\u00e3o na \u00faltima ter\u00e7a-feira. O Flamengo contra-argumenta que deseja comprar 70% deste montante, oferece 5 milh\u00f5es de euros (R$ 28 mi) e busca alternativas que complementem os 6.3 mi (R$ 35,5 mi) de euros proporcionais a pedida total.<\/p>\n\n\n\n<p>Entre gatilhos de metas por performance e parcelamentos que tornem as condi\u00e7\u00f5es mais agrad\u00e1veis para os italianos, o Flamengo levantou agora a possibilidade de incluir um jogador de seu plantel na negocia\u00e7\u00e3o. O clube carioca, por sua vez, n\u00e3o ofereceu um nome espec\u00edfico ou fez lista, deixando a Udinese \u00e0 vontade para fazer suas avalia\u00e7\u00f5es e sugest\u00f5es para continuidade do debate.<\/p>\n\n\n\n<p>Representantes de Walace s\u00e3o respons\u00e1veis pelas conversas na It\u00e1lia e refor\u00e7am diariamente o desejo do jogador de se transferir para o clube rubro-negro. Na \u00c1ustria, onde a Udinese faz pr\u00e9-temporada, o volante ficou fora da derrota por 2 a 1 para o Bayer Leverkusen em amistoso nesta quinta-feira por conta da negocia\u00e7\u00e3o.<\/p>\n\n\n\n<p>Novas reuni\u00f5es est\u00e3o previstas para a sexta-feira, e o Flamengo conta com o posicionamento do jogador para que a Udinese flexibilize nas condi\u00e7\u00f5es para conclus\u00e3o do neg\u00f3cio. Partes diretamente envolvidas na conversa deixam claro que ser\u00e1 necess\u00e1ria paci\u00eancia, principalmente por ainda se tratar do in\u00edcio da janela de transfer\u00eancias.<\/p>\n\n\n\n<p>Aos 27 anos, Walace \u00e9 campe\u00e3o ol\u00edmpico e titular absoluto da Udinese nas \u00faltimas tr\u00eas temporadas, com 90 jogos e um gol marcado. Revelado pelo Gr\u00eamio, o volante ainda defendeu os alem\u00e3es Hamburgo e Hannover 96 desde chegou \u00e0 Europa, em 2016.<\/p>\n\n\n\n<p>Retirado de: Globo Esporte<\/p>\n","protected":false},"excerpt":{"rendered":"<p>Um jogo de matem\u00e1tica e estrat\u00e9gia em busca de uma solu\u00e7\u00e3o que agrade a todo mundo. Assim d\u00e1 para resumir a negocia\u00e7\u00e3o entre Flamengo e Udinese por Walace. Novos cap\u00edtulos foram escritos nesta quinta-feira, e passam pela aus\u00eancia do volante de amistoso de pr\u00e9-temporada e a sugest\u00e3o do rubro-negra de que os italianos escolham um [&hellip;]<\/p>\n","protected":false},"author":1,"featured_media":84769,"comment_status":"open","ping_status":"closed","sticky":false,"template":"","format":"standard","meta":{"footnotes":""},"categories":[48],"tags":[],"class_list":["post-85052","post","type-post","status-publish","format-standard","has-post-thumbnail","hentry","category-negociacoes"],"yoast_head":"<!-- This site is optimized with the Yoast SEO Premium plugin v24.2 (Yoast SEO v26.9) - https:\/\/yoast.com\/product\/yoast-seo-premium-wordpress\/ -->\n<title>Flamengo quer incluir jogador do atual elenco na negocia\u00e7\u00e3o com a Udinese por Walace<\/title>\n<meta name=\"robots\" content=\"index, follow, max-snippet:-1, max-image-preview:large, max-video-preview:-1\" \/>\n<link rel=\"canonical\" href=\"https:\/\/www.gaveanews.com\/index.php\/2022\/07\/21\/flamengo-quer-incluir-jogador-do-atual-elenco-na-negociacao-com-a-udinese-por-walace\/\" \/>\n<meta property=\"og:locale\" content=\"pt_BR\" \/>\n<meta property=\"og:type\" content=\"article\" \/>\n<meta property=\"og:title\" content=\"Flamengo quer incluir jogador do atual elenco na negocia\u00e7\u00e3o com a Udinese por Walace\" \/>\n<meta property=\"og:description\" content=\"Um jogo de matem\u00e1tica e estrat\u00e9gia em busca de uma solu\u00e7\u00e3o que agrade a todo mundo. Assim d\u00e1 para resumir a negocia\u00e7\u00e3o entre Flamengo e Udinese por Walace. Novos cap\u00edtulos foram escritos nesta quinta-feira, e passam pela aus\u00eancia do volante de amistoso de pr\u00e9-temporada e a sugest\u00e3o do rubro-negra de que os italianos escolham um [&hellip;]\" \/>\n<meta property=\"og:url\" content=\"https:\/\/www.gaveanews.com\/index.php\/2022\/07\/21\/flamengo-quer-incluir-jogador-do-atual-elenco-na-negociacao-com-a-udinese-por-walace\/\" \/>\n<meta property=\"og:site_name\" content=\"G\u00e1vea News\" \/>\n<meta property=\"article:publisher\" content=\"https:\/\/facebook.com\/gaveaNews\/\" \/>\n<meta property=\"article:published_time\" content=\"2022-07-21T22:38:23+00:00\" \/>\n<meta property=\"article:modified_time\" content=\"2022-07-21T22:38:26+00:00\" \/>\n<meta property=\"og:image\" content=\"https:\/\/www.gaveanews.com\/wp-content\/uploads\/Walace-jogador-da-Udinese.webp\" \/>\n\t<meta property=\"og:image:width\" content=\"889\" \/>\n\t<meta property=\"og:image:height\" content=\"567\" \/>\n\t<meta property=\"og:image:type\" content=\"image\/png\" \/>\n<meta name=\"author\" content=\"Equipe G\u00e1vea News\" \/>\n<meta name=\"twitter:card\" content=\"summary_large_image\" \/>\n<meta name=\"twitter:label1\" content=\"Escrito por\" \/>\n\t<meta name=\"twitter:data1\" content=\"Equipe G\u00e1vea News\" \/>\n\t<meta name=\"twitter:label2\" content=\"Est. tempo de leitura\" \/>\n\t<meta name=\"twitter:data2\" content=\"2 minutos\" \/>\n<script type=\"application\/ld+json\" class=\"yoast-schema-graph\">{\"@context\":\"https:\/\/schema.org\",\"@graph\":[{\"@type\":\"NewsArticle\",\"@id\":\"https:\/\/www.gaveanews.com\/index.php\/2022\/07\/21\/flamengo-quer-incluir-jogador-do-atual-elenco-na-negociacao-com-a-udinese-por-walace\/#article\",\"isPartOf\":{\"@id\":\"https:\/\/www.gaveanews.com\/index.php\/2022\/07\/21\/flamengo-quer-incluir-jogador-do-atual-elenco-na-negociacao-com-a-udinese-por-walace\/\"},\"author\":{\"name\":\"Equipe G\u00e1vea News\",\"@id\":\"https:\/\/www.gaveanews.com\/#\/schema\/person\/2ec14f73fb96be2caf28f91afb14749d\"},\"headline\":\"Flamengo quer incluir jogador do atual elenco na negocia\u00e7\u00e3o com a Udinese por Walace\",\"datePublished\":\"2022-07-21T22:38:23+00:00\",\"dateModified\":\"2022-07-21T22:38:26+00:00\",\"mainEntityOfPage\":{\"@id\":\"https:\/\/www.gaveanews.com\/index.php\/2022\/07\/21\/flamengo-quer-incluir-jogador-do-atual-elenco-na-negociacao-com-a-udinese-por-walace\/\"},\"wordCount\":403,\"commentCount\":0,\"image\":{\"@id\":\"https:\/\/www.gaveanews.com\/index.php\/2022\/07\/21\/flamengo-quer-incluir-jogador-do-atual-elenco-na-negociacao-com-a-udinese-por-walace\/#primaryimage\"},\"thumbnailUrl\":\"https:\/\/www.gaveanews.com\/wp-content\/uploads\/Walace-jogador-da-Udinese.webp\",\"articleSection\":[\"Negocia\u00e7\u00f5es\"],\"inLanguage\":\"pt-BR\",\"potentialAction\":[{\"@type\":\"CommentAction\",\"name\":\"Comment\",\"target\":[\"https:\/\/www.gaveanews.com\/index.php\/2022\/07\/21\/flamengo-quer-incluir-jogador-do-atual-elenco-na-negociacao-com-a-udinese-por-walace\/#respond\"]}],\"copyrightYear\":\"2022\",\"copyrightHolder\":{\"@id\":\"https:\/\/www.gaveanews.com\/#organization\"}},{\"@type\":\"WebPage\",\"@id\":\"https:\/\/www.gaveanews.com\/index.php\/2022\/07\/21\/flamengo-quer-incluir-jogador-do-atual-elenco-na-negociacao-com-a-udinese-por-walace\/\",\"url\":\"https:\/\/www.gaveanews.com\/index.php\/2022\/07\/21\/flamengo-quer-incluir-jogador-do-atual-elenco-na-negociacao-com-a-udinese-por-walace\/\",\"name\":\"Flamengo quer incluir jogador do atual elenco na negocia\u00e7\u00e3o com a Udinese por Walace\",\"isPartOf\":{\"@id\":\"https:\/\/www.gaveanews.com\/#website\"},\"primaryImageOfPage\":{\"@id\":\"https:\/\/www.gaveanews.com\/index.php\/2022\/07\/21\/flamengo-quer-incluir-jogador-do-atual-elenco-na-negociacao-com-a-udinese-por-walace\/#primaryimage\"},\"image\":{\"@id\":\"https:\/\/www.gaveanews.com\/index.php\/2022\/07\/21\/flamengo-quer-incluir-jogador-do-atual-elenco-na-negociacao-com-a-udinese-por-walace\/#primaryimage\"},\"thumbnailUrl\":\"https:\/\/www.gaveanews.com\/wp-content\/uploads\/Walace-jogador-da-Udinese.webp\",\"datePublished\":\"2022-07-21T22:38:23+00:00\",\"dateModified\":\"2022-07-21T22:38:26+00:00\",\"author\":{\"@id\":\"https:\/\/www.gaveanews.com\/#\/schema\/person\/2ec14f73fb96be2caf28f91afb14749d\"},\"breadcrumb\":{\"@id\":\"https:\/\/www.gaveanews.com\/index.php\/2022\/07\/21\/flamengo-quer-incluir-jogador-do-atual-elenco-na-negociacao-com-a-udinese-por-walace\/#breadcrumb\"},\"inLanguage\":\"pt-BR\",\"potentialAction\":[{\"@type\":\"ReadAction\",\"target\":[\"https:\/\/www.gaveanews.com\/index.php\/2022\/07\/21\/flamengo-quer-incluir-jogador-do-atual-elenco-na-negociacao-com-a-udinese-por-walace\/\"]}]},{\"@type\":\"ImageObject\",\"inLanguage\":\"pt-BR\",\"@id\":\"https:\/\/www.gaveanews.com\/index.php\/2022\/07\/21\/flamengo-quer-incluir-jogador-do-atual-elenco-na-negociacao-com-a-udinese-por-walace\/#primaryimage\",\"url\":\"https:\/\/www.gaveanews.com\/wp-content\/uploads\/Walace-jogador-da-Udinese.webp\",\"contentUrl\":\"https:\/\/www.gaveanews.com\/wp-content\/uploads\/Walace-jogador-da-Udinese.webp\",\"width\":889,\"height\":567,\"caption\":\"Walace, jogador da Udinese (Foto: Reprodu\u00e7\u00e3o)\"},{\"@type\":\"BreadcrumbList\",\"@id\":\"https:\/\/www.gaveanews.com\/index.php\/2022\/07\/21\/flamengo-quer-incluir-jogador-do-atual-elenco-na-negociacao-com-a-udinese-por-walace\/#breadcrumb\",\"itemListElement\":[{\"@type\":\"ListItem\",\"position\":1,\"name\":\"Home\",\"item\":\"https:\/\/www.gaveanews.com\/\"},{\"@type\":\"ListItem\",\"position\":2,\"name\":\"Flamengo quer incluir jogador do atual elenco na negocia\u00e7\u00e3o com a Udinese por Walace\"}]},{\"@type\":\"WebSite\",\"@id\":\"https:\/\/www.gaveanews.com\/#website\",\"url\":\"https:\/\/www.gaveanews.com\/\",\"name\":\"G\u00e1vea News\",\"description\":\"Veja todas as not\u00edcias sobre o Flamengo: Contrata\u00e7\u00f5es, categorias de base, resultados das partidas, tabela de classifica\u00e7\u00e3o, pr\u00f3ximos jogos!\",\"potentialAction\":[{\"@type\":\"SearchAction\",\"target\":{\"@type\":\"EntryPoint\",\"urlTemplate\":\"https:\/\/www.gaveanews.com\/?s={search_term_string}\"},\"query-input\":{\"@type\":\"PropertyValueSpecification\",\"valueRequired\":true,\"valueName\":\"search_term_string\"}}],\"inLanguage\":\"pt-BR\"},{\"@type\":\"Person\",\"@id\":\"https:\/\/www.gaveanews.com\/#\/schema\/person\/2ec14f73fb96be2caf28f91afb14749d\",\"name\":\"Equipe G\u00e1vea News\",\"image\":{\"@type\":\"ImageObject\",\"inLanguage\":\"pt-BR\",\"@id\":\"https:\/\/www.gaveanews.com\/#\/schema\/person\/image\/\",\"url\":\"https:\/\/secure.gravatar.com\/avatar\/1e1956f1facbffd3f8fa53a326721950116b3b9dc9bd44939c01180fd4a745a9?s=96&d=mm&r=g\",\"contentUrl\":\"https:\/\/secure.gravatar.com\/avatar\/1e1956f1facbffd3f8fa53a326721950116b3b9dc9bd44939c01180fd4a745a9?s=96&d=mm&r=g\",\"caption\":\"Equipe G\u00e1vea News\"}}]}<\/script>\n<!-- \/ Yoast SEO Premium plugin. -->","yoast_head_json":{"title":"Flamengo quer incluir jogador do atual elenco na negocia\u00e7\u00e3o com a Udinese por Walace","robots":{"index":"index","follow":"follow","max-snippet":"max-snippet:-1","max-image-preview":"max-image-preview:large","max-video-preview":"max-video-preview:-1"},"canonical":"https:\/\/www.gaveanews.com\/index.php\/2022\/07\/21\/flamengo-quer-incluir-jogador-do-atual-elenco-na-negociacao-com-a-udinese-por-walace\/","og_locale":"pt_BR","og_type":"article","og_title":"Flamengo quer incluir jogador do atual elenco na negocia\u00e7\u00e3o com a Udinese por Walace","og_description":"Um jogo de matem\u00e1tica e estrat\u00e9gia em busca de uma solu\u00e7\u00e3o que agrade a todo mundo. Assim d\u00e1 para resumir a negocia\u00e7\u00e3o entre Flamengo e Udinese por Walace. Novos cap\u00edtulos foram escritos nesta quinta-feira, e passam pela aus\u00eancia do volante de amistoso de pr\u00e9-temporada e a sugest\u00e3o do rubro-negra de que os italianos escolham um [&hellip;]","og_url":"https:\/\/www.gaveanews.com\/index.php\/2022\/07\/21\/flamengo-quer-incluir-jogador-do-atual-elenco-na-negociacao-com-a-udinese-por-walace\/","og_site_name":"G\u00e1vea News","article_publisher":"https:\/\/facebook.com\/gaveaNews\/","article_published_time":"2022-07-21T22:38:23+00:00","article_modified_time":"2022-07-21T22:38:26+00:00","og_image":[{"width":889,"height":567,"url":"https:\/\/www.gaveanews.com\/wp-content\/uploads\/Walace-jogador-da-Udinese.webp","type":"image\/png"}],"author":"Equipe G\u00e1vea News","twitter_card":"summary_large_image","twitter_misc":{"Escrito por":"Equipe G\u00e1vea News","Est. tempo de leitura":"2 minutos"},"schema":{"@context":"https:\/\/schema.org","@graph":[{"@type":"NewsArticle","@id":"https:\/\/www.gaveanews.com\/index.php\/2022\/07\/21\/flamengo-quer-incluir-jogador-do-atual-elenco-na-negociacao-com-a-udinese-por-walace\/#article","isPartOf":{"@id":"https:\/\/www.gaveanews.com\/index.php\/2022\/07\/21\/flamengo-quer-incluir-jogador-do-atual-elenco-na-negociacao-com-a-udinese-por-walace\/"},"author":{"name":"Equipe G\u00e1vea News","@id":"https:\/\/www.gaveanews.com\/#\/schema\/person\/2ec14f73fb96be2caf28f91afb14749d"},"headline":"Flamengo quer incluir jogador do atual elenco na negocia\u00e7\u00e3o com a Udinese por Walace","datePublished":"2022-07-21T22:38:23+00:00","dateModified":"2022-07-21T22:38:26+00:00","mainEntityOfPage":{"@id":"https:\/\/www.gaveanews.com\/index.php\/2022\/07\/21\/flamengo-quer-incluir-jogador-do-atual-elenco-na-negociacao-com-a-udinese-por-walace\/"},"wordCount":403,"commentCount":0,"image":{"@id":"https:\/\/www.gaveanews.com\/index.php\/2022\/07\/21\/flamengo-quer-incluir-jogador-do-atual-elenco-na-negociacao-com-a-udinese-por-walace\/#primaryimage"},"thumbnailUrl":"https:\/\/www.gaveanews.com\/wp-content\/uploads\/Walace-jogador-da-Udinese.webp","articleSection":["Negocia\u00e7\u00f5es"],"inLanguage":"pt-BR","potentialAction":[{"@type":"CommentAction","name":"Comment","target":["https:\/\/www.gaveanews.com\/index.php\/2022\/07\/21\/flamengo-quer-incluir-jogador-do-atual-elenco-na-negociacao-com-a-udinese-por-walace\/#respond"]}],"copyrightYear":"2022","copyrightHolder":{"@id":"https:\/\/www.gaveanews.com\/#organization"}},{"@type":"WebPage","@id":"https:\/\/www.gaveanews.com\/index.php\/2022\/07\/21\/flamengo-quer-incluir-jogador-do-atual-elenco-na-negociacao-com-a-udinese-por-walace\/","url":"https:\/\/www.gaveanews.com\/index.php\/2022\/07\/21\/flamengo-quer-incluir-jogador-do-atual-elenco-na-negociacao-com-a-udinese-por-walace\/","name":"Flamengo quer incluir jogador do atual elenco na negocia\u00e7\u00e3o com a Udinese por Walace","isPartOf":{"@id":"https:\/\/www.gaveanews.com\/#website"},"primaryImageOfPage":{"@id":"https:\/\/www.gaveanews.com\/index.php\/2022\/07\/21\/flamengo-quer-incluir-jogador-do-atual-elenco-na-negociacao-com-a-udinese-por-walace\/#primaryimage"},"image":{"@id":"https:\/\/www.gaveanews.com\/index.php\/2022\/07\/21\/flamengo-quer-incluir-jogador-do-atual-elenco-na-negociacao-com-a-udinese-por-walace\/#primaryimage"},"thumbnailUrl":"https:\/\/www.gaveanews.com\/wp-content\/uploads\/Walace-jogador-da-Udinese.webp","datePublished":"2022-07-21T22:38:23+00:00","dateModified":"2022-07-21T22:38:26+00:00","author":{"@id":"https:\/\/www.gaveanews.com\/#\/schema\/person\/2ec14f73fb96be2caf28f91afb14749d"},"breadcrumb":{"@id":"https:\/\/www.gaveanews.com\/index.php\/2022\/07\/21\/flamengo-quer-incluir-jogador-do-atual-elenco-na-negociacao-com-a-udinese-por-walace\/#breadcrumb"},"inLanguage":"pt-BR","potentialAction":[{"@type":"ReadAction","target":["https:\/\/www.gaveanews.com\/index.php\/2022\/07\/21\/flamengo-quer-incluir-jogador-do-atual-elenco-na-negociacao-com-a-udinese-por-walace\/"]}]},{"@type":"ImageObject","inLanguage":"pt-BR","@id":"https:\/\/www.gaveanews.com\/index.php\/2022\/07\/21\/flamengo-quer-incluir-jogador-do-atual-elenco-na-negociacao-com-a-udinese-por-walace\/#primaryimage","url":"https:\/\/www.gaveanews.com\/wp-content\/uploads\/Walace-jogador-da-Udinese.webp","contentUrl":"https:\/\/www.gaveanews.com\/wp-content\/uploads\/Walace-jogador-da-Udinese.webp","width":889,"height":567,"caption":"Walace, jogador da Udinese (Foto: Reprodu\u00e7\u00e3o)"},{"@type":"BreadcrumbList","@id":"https:\/\/www.gaveanews.com\/index.php\/2022\/07\/21\/flamengo-quer-incluir-jogador-do-atual-elenco-na-negociacao-com-a-udinese-por-walace\/#breadcrumb","itemListElement":[{"@type":"ListItem","position":1,"name":"Home","item":"https:\/\/www.gaveanews.com\/"},{"@type":"ListItem","position":2,"name":"Flamengo quer incluir jogador do atual elenco na negocia\u00e7\u00e3o com a Udinese por Walace"}]},{"@type":"WebSite","@id":"https:\/\/www.gaveanews.com\/#website","url":"https:\/\/www.gaveanews.com\/","name":"G\u00e1vea News","description":"Veja todas as not\u00edcias sobre o Flamengo: Contrata\u00e7\u00f5es, categorias de base, resultados das partidas, tabela de classifica\u00e7\u00e3o, pr\u00f3ximos jogos!","potentialAction":[{"@type":"SearchAction","target":{"@type":"EntryPoint","urlTemplate":"https:\/\/www.gaveanews.com\/?s={search_term_string}"},"query-input":{"@type":"PropertyValueSpecification","valueRequired":true,"valueName":"search_term_string"}}],"inLanguage":"pt-BR"},{"@type":"Person","@id":"https:\/\/www.gaveanews.com\/#\/schema\/person\/2ec14f73fb96be2caf28f91afb14749d","name":"Equipe G\u00e1vea News","image":{"@type":"ImageObject","inLanguage":"pt-BR","@id":"https:\/\/www.gaveanews.com\/#\/schema\/person\/image\/","url":"https:\/\/secure.gravatar.com\/avatar\/1e1956f1facbffd3f8fa53a326721950116b3b9dc9bd44939c01180fd4a745a9?s=96&d=mm&r=g","contentUrl":"https:\/\/secure.gravatar.com\/avatar\/1e1956f1facbffd3f8fa53a326721950116b3b9dc9bd44939c01180fd4a745a9?s=96&d=mm&r=g","caption":"Equipe G\u00e1vea News"}}]}},"_links":{"self":[{"href":"https:\/\/www.gaveanews.com\/index.php\/wp-json\/wp\/v2\/posts\/85052","targetHints":{"allow":["GET"]}}],"collection":[{"href":"https:\/\/www.gaveanews.com\/index.php\/wp-json\/wp\/v2\/posts"}],"about":[{"href":"https:\/\/www.gaveanews.com\/index.php\/wp-json\/wp\/v2\/types\/post"}],"author":[{"embeddable":true,"href":"https:\/\/www.gaveanews.com\/index.php\/wp-json\/wp\/v2\/users\/1"}],"replies":[{"embeddable":true,"href":"https:\/\/www.gaveanews.com\/index.php\/wp-json\/wp\/v2\/comments?post=85052"}],"version-history":[{"count":0,"href":"https:\/\/www.gaveanews.com\/index.php\/wp-json\/wp\/v2\/posts\/85052\/revisions"}],"wp:featuredmedia":[{"embeddable":true,"href":"https:\/\/www.gaveanews.com\/index.php\/wp-json\/wp\/v2\/media\/84769"}],"wp:attachment":[{"href":"https:\/\/www.gaveanews.com\/index.php\/wp-json\/wp\/v2\/media?parent=85052"}],"wp:term":[{"taxonomy":"category","embeddable":true,"href":"https:\/\/www.gaveanews.com\/index.php\/wp-json\/wp\/v2\/categories?post=85052"},{"taxonomy":"post_tag","embeddable":true,"href":"https:\/\/www.gaveanews.com\/index.php\/wp-json\/wp\/v2\/tags?post=85052"}],"curies":[{"name":"wp","href":"https:\/\/api.w.org\/{rel}","templated":true}]}}