{"id":85130,"date":"2022-07-24T13:56:36","date_gmt":"2022-07-24T16:56:36","guid":{"rendered":"https:\/\/www.gaveanews.com\/?p=85130"},"modified":"2024-04-07T09:57:22","modified_gmt":"2024-04-07T12:57:22","slug":"empresario-de-guillermo-varela-abre-o-jogo-sobre-o-futuro-do-uruguaio-flamengo-esta-de-olho","status":"publish","type":"post","link":"https:\/\/www.gaveanews.com\/index.php\/2022\/07\/24\/empresario-de-guillermo-varela-abre-o-jogo-sobre-o-futuro-do-uruguaio-flamengo-esta-de-olho\/","title":{"rendered":"Empres\u00e1rio de Guillermo Varela abre o jogo sobre o futuro do uruguaio; Flamengo est\u00e1 de olho"},"content":{"rendered":"\n<p>O Flamengo acompanha de perto a situa\u00e7\u00e3o entre o lateral-direito Guillermo Varela e o Dynamo Moscou, da R\u00fassia. Em contato com a reportagem da GOAL, o agente do uruguaio, Pablo Bettancour, revelou que espera uma proposta oficial de renova\u00e7\u00e3o com valoriza\u00e7\u00e3o salarial nesta segunda-feira (25).<\/p>\n\n\n\n<p><em>\u2014 Amanh\u00e3 o Dyanmo vai oficializar a sua oferta para segurar o jogador. Se a diferen\u00e7a financeira for pouca, mesmo ganhando menos, Varela fica no Dynamo. Mas se a diferen\u00e7a for muita, teremos que partir para o Brasil.<\/em><\/p>\n\n\n\n<p>Vale ressaltar que, por conta do imbr\u00f3glio entre R\u00fassia e Ucr\u00e2nia, os jogadores que atuam nesses dois pa\u00edses t\u00eam o direito de rescindir de maneira unilateral seus contratos at\u00e9 dia 30 de junho de 2023. Diante deste cen\u00e1rio, o Flamengo monitora a situa\u00e7\u00e3o e entende que, caso fique livre por este per\u00edodo, o jogador se torna uma oportunidade de mercado.<\/p>\n\n\n\n<p>Varela ficou de fora do jogo do Dynamo, neste domingo, diante do Torpedo. O t\u00e9cnico do clube deixou claro que conversou com o jogador e ele optou por ficar de fora.<\/p>\n\n\n\n<p><em>\u2014 Conversei com ele ontem \u00e0 noite e ele me disse que n\u00e3o estava preparado para jogar. Tive que mudar meus planos.<\/em><\/p>\n\n\n\n<p>Aos 29 anos, Varela figura entre os convocados da sele\u00e7\u00e3o Uruguai, mas ainda n\u00e3o tem vaga garantida na Copa do Mundo do Qatar. A imprensa uruguaia, inclusive, aponta que, para carimbar o passaporte para o Mundial, ele precisaria estar numa liga mais competitiva, uma vez que os clubes russos est\u00e3o proibidos de disputar competi\u00e7\u00f5es europeias.<\/p>\n\n\n\n<p>Retirado de: Goal<\/p>\n","protected":false},"excerpt":{"rendered":"<p>O Flamengo acompanha de perto a situa\u00e7\u00e3o entre o lateral-direito Guillermo Varela e o Dynamo Moscou, da R\u00fassia. Em contato com a reportagem da GOAL, o agente do uruguaio, Pablo Bettancour, revelou que espera uma proposta oficial de renova\u00e7\u00e3o com valoriza\u00e7\u00e3o salarial nesta segunda-feira (25). \u2014 Amanh\u00e3 o Dyanmo vai oficializar a sua oferta para [&hellip;]<\/p>\n","protected":false},"author":1,"featured_media":85131,"comment_status":"open","ping_status":"closed","sticky":false,"template":"","format":"standard","meta":{"footnotes":""},"categories":[48],"tags":[213],"class_list":["post-85130","post","type-post","status-publish","format-standard","has-post-thumbnail","hentry","category-negociacoes","tag-guillermo-varela-olivera"],"yoast_head":"<!-- This site is optimized with the Yoast SEO Premium plugin v24.2 (Yoast SEO v26.9) - https:\/\/yoast.com\/product\/yoast-seo-premium-wordpress\/ -->\n<title>Empres\u00e1rio de Guillermo Varela abre o jogo sobre o futuro do uruguaio; Flamengo est\u00e1 de olho<\/title>\n<meta name=\"robots\" content=\"index, follow, max-snippet:-1, max-image-preview:large, max-video-preview:-1\" \/>\n<link rel=\"canonical\" href=\"https:\/\/www.gaveanews.com\/index.php\/2022\/07\/24\/empresario-de-guillermo-varela-abre-o-jogo-sobre-o-futuro-do-uruguaio-flamengo-esta-de-olho\/\" \/>\n<meta property=\"og:locale\" content=\"pt_BR\" \/>\n<meta property=\"og:type\" content=\"article\" \/>\n<meta property=\"og:title\" content=\"Empres\u00e1rio de Guillermo Varela abre o jogo sobre o futuro do uruguaio; Flamengo est\u00e1 de olho\" \/>\n<meta property=\"og:description\" content=\"O Flamengo acompanha de perto a situa\u00e7\u00e3o entre o lateral-direito Guillermo Varela e o Dynamo Moscou, da R\u00fassia. Em contato com a reportagem da GOAL, o agente do uruguaio, Pablo Bettancour, revelou que espera uma proposta oficial de renova\u00e7\u00e3o com valoriza\u00e7\u00e3o salarial nesta segunda-feira (25). \u2014 Amanh\u00e3 o Dyanmo vai oficializar a sua oferta para [&hellip;]\" \/>\n<meta property=\"og:url\" content=\"https:\/\/www.gaveanews.com\/index.php\/2022\/07\/24\/empresario-de-guillermo-varela-abre-o-jogo-sobre-o-futuro-do-uruguaio-flamengo-esta-de-olho\/\" \/>\n<meta property=\"og:site_name\" content=\"G\u00e1vea News\" \/>\n<meta property=\"article:publisher\" content=\"https:\/\/facebook.com\/gaveaNews\/\" \/>\n<meta property=\"article:published_time\" content=\"2022-07-24T16:56:36+00:00\" \/>\n<meta property=\"article:modified_time\" content=\"2024-04-07T12:57:22+00:00\" \/>\n<meta property=\"og:image\" content=\"https:\/\/www.gaveanews.com\/wp-content\/uploads\/Guillermo-Varela-com-um-casaco-do-Dynamo-Moscou.webp\" \/>\n\t<meta property=\"og:image:width\" content=\"1000\" \/>\n\t<meta property=\"og:image:height\" content=\"697\" \/>\n\t<meta property=\"og:image:type\" content=\"image\/webp\" \/>\n<meta name=\"author\" content=\"Equipe G\u00e1vea News\" \/>\n<meta name=\"twitter:card\" content=\"summary_large_image\" \/>\n<meta name=\"twitter:label1\" content=\"Escrito por\" \/>\n\t<meta name=\"twitter:data1\" content=\"Equipe G\u00e1vea News\" \/>\n\t<meta name=\"twitter:label2\" content=\"Est. tempo de leitura\" \/>\n\t<meta name=\"twitter:data2\" content=\"2 minutos\" \/>\n<script type=\"application\/ld+json\" class=\"yoast-schema-graph\">{\"@context\":\"https:\/\/schema.org\",\"@graph\":[{\"@type\":\"NewsArticle\",\"@id\":\"https:\/\/www.gaveanews.com\/index.php\/2022\/07\/24\/empresario-de-guillermo-varela-abre-o-jogo-sobre-o-futuro-do-uruguaio-flamengo-esta-de-olho\/#article\",\"isPartOf\":{\"@id\":\"https:\/\/www.gaveanews.com\/index.php\/2022\/07\/24\/empresario-de-guillermo-varela-abre-o-jogo-sobre-o-futuro-do-uruguaio-flamengo-esta-de-olho\/\"},\"author\":{\"name\":\"Equipe G\u00e1vea News\",\"@id\":\"https:\/\/www.gaveanews.com\/#\/schema\/person\/2ec14f73fb96be2caf28f91afb14749d\"},\"headline\":\"Empres\u00e1rio de Guillermo Varela abre o jogo sobre o futuro do uruguaio; Flamengo est\u00e1 de olho\",\"datePublished\":\"2022-07-24T16:56:36+00:00\",\"dateModified\":\"2024-04-07T12:57:22+00:00\",\"mainEntityOfPage\":{\"@id\":\"https:\/\/www.gaveanews.com\/index.php\/2022\/07\/24\/empresario-de-guillermo-varela-abre-o-jogo-sobre-o-futuro-do-uruguaio-flamengo-esta-de-olho\/\"},\"wordCount\":284,\"commentCount\":0,\"image\":{\"@id\":\"https:\/\/www.gaveanews.com\/index.php\/2022\/07\/24\/empresario-de-guillermo-varela-abre-o-jogo-sobre-o-futuro-do-uruguaio-flamengo-esta-de-olho\/#primaryimage\"},\"thumbnailUrl\":\"https:\/\/www.gaveanews.com\/wp-content\/uploads\/Guillermo-Varela-com-um-casaco-do-Dynamo-Moscou.webp\",\"keywords\":[\"Guillermo Varela Olivera\"],\"articleSection\":[\"Negocia\u00e7\u00f5es\"],\"inLanguage\":\"pt-BR\",\"potentialAction\":[{\"@type\":\"CommentAction\",\"name\":\"Comment\",\"target\":[\"https:\/\/www.gaveanews.com\/index.php\/2022\/07\/24\/empresario-de-guillermo-varela-abre-o-jogo-sobre-o-futuro-do-uruguaio-flamengo-esta-de-olho\/#respond\"]}],\"copyrightYear\":\"2022\",\"copyrightHolder\":{\"@id\":\"https:\/\/www.gaveanews.com\/#organization\"}},{\"@type\":\"WebPage\",\"@id\":\"https:\/\/www.gaveanews.com\/index.php\/2022\/07\/24\/empresario-de-guillermo-varela-abre-o-jogo-sobre-o-futuro-do-uruguaio-flamengo-esta-de-olho\/\",\"url\":\"https:\/\/www.gaveanews.com\/index.php\/2022\/07\/24\/empresario-de-guillermo-varela-abre-o-jogo-sobre-o-futuro-do-uruguaio-flamengo-esta-de-olho\/\",\"name\":\"Empres\u00e1rio de Guillermo Varela abre o jogo sobre o futuro do uruguaio; Flamengo est\u00e1 de olho\",\"isPartOf\":{\"@id\":\"https:\/\/www.gaveanews.com\/#website\"},\"primaryImageOfPage\":{\"@id\":\"https:\/\/www.gaveanews.com\/index.php\/2022\/07\/24\/empresario-de-guillermo-varela-abre-o-jogo-sobre-o-futuro-do-uruguaio-flamengo-esta-de-olho\/#primaryimage\"},\"image\":{\"@id\":\"https:\/\/www.gaveanews.com\/index.php\/2022\/07\/24\/empresario-de-guillermo-varela-abre-o-jogo-sobre-o-futuro-do-uruguaio-flamengo-esta-de-olho\/#primaryimage\"},\"thumbnailUrl\":\"https:\/\/www.gaveanews.com\/wp-content\/uploads\/Guillermo-Varela-com-um-casaco-do-Dynamo-Moscou.webp\",\"datePublished\":\"2022-07-24T16:56:36+00:00\",\"dateModified\":\"2024-04-07T12:57:22+00:00\",\"author\":{\"@id\":\"https:\/\/www.gaveanews.com\/#\/schema\/person\/2ec14f73fb96be2caf28f91afb14749d\"},\"breadcrumb\":{\"@id\":\"https:\/\/www.gaveanews.com\/index.php\/2022\/07\/24\/empresario-de-guillermo-varela-abre-o-jogo-sobre-o-futuro-do-uruguaio-flamengo-esta-de-olho\/#breadcrumb\"},\"inLanguage\":\"pt-BR\",\"potentialAction\":[{\"@type\":\"ReadAction\",\"target\":[\"https:\/\/www.gaveanews.com\/index.php\/2022\/07\/24\/empresario-de-guillermo-varela-abre-o-jogo-sobre-o-futuro-do-uruguaio-flamengo-esta-de-olho\/\"]}]},{\"@type\":\"ImageObject\",\"inLanguage\":\"pt-BR\",\"@id\":\"https:\/\/www.gaveanews.com\/index.php\/2022\/07\/24\/empresario-de-guillermo-varela-abre-o-jogo-sobre-o-futuro-do-uruguaio-flamengo-esta-de-olho\/#primaryimage\",\"url\":\"https:\/\/www.gaveanews.com\/wp-content\/uploads\/Guillermo-Varela-com-um-casaco-do-Dynamo-Moscou.webp\",\"contentUrl\":\"https:\/\/www.gaveanews.com\/wp-content\/uploads\/Guillermo-Varela-com-um-casaco-do-Dynamo-Moscou.webp\",\"width\":1000,\"height\":697,\"caption\":\"Guillermo Varela com um casaco do Dynamo Moscou (Foto: Divulga\u00e7\u00e3o)\"},{\"@type\":\"BreadcrumbList\",\"@id\":\"https:\/\/www.gaveanews.com\/index.php\/2022\/07\/24\/empresario-de-guillermo-varela-abre-o-jogo-sobre-o-futuro-do-uruguaio-flamengo-esta-de-olho\/#breadcrumb\",\"itemListElement\":[{\"@type\":\"ListItem\",\"position\":1,\"name\":\"Home\",\"item\":\"https:\/\/www.gaveanews.com\/\"},{\"@type\":\"ListItem\",\"position\":2,\"name\":\"Empres\u00e1rio de Guillermo Varela abre o jogo sobre o futuro do uruguaio; Flamengo est\u00e1 de olho\"}]},{\"@type\":\"WebSite\",\"@id\":\"https:\/\/www.gaveanews.com\/#website\",\"url\":\"https:\/\/www.gaveanews.com\/\",\"name\":\"G\u00e1vea News\",\"description\":\"Veja todas as not\u00edcias sobre o Flamengo: Contrata\u00e7\u00f5es, categorias de base, resultados das partidas, tabela de classifica\u00e7\u00e3o, pr\u00f3ximos jogos!\",\"potentialAction\":[{\"@type\":\"SearchAction\",\"target\":{\"@type\":\"EntryPoint\",\"urlTemplate\":\"https:\/\/www.gaveanews.com\/?s={search_term_string}\"},\"query-input\":{\"@type\":\"PropertyValueSpecification\",\"valueRequired\":true,\"valueName\":\"search_term_string\"}}],\"inLanguage\":\"pt-BR\"},{\"@type\":\"Person\",\"@id\":\"https:\/\/www.gaveanews.com\/#\/schema\/person\/2ec14f73fb96be2caf28f91afb14749d\",\"name\":\"Equipe G\u00e1vea News\",\"image\":{\"@type\":\"ImageObject\",\"inLanguage\":\"pt-BR\",\"@id\":\"https:\/\/www.gaveanews.com\/#\/schema\/person\/image\/\",\"url\":\"https:\/\/secure.gravatar.com\/avatar\/1e1956f1facbffd3f8fa53a326721950116b3b9dc9bd44939c01180fd4a745a9?s=96&d=mm&r=g\",\"contentUrl\":\"https:\/\/secure.gravatar.com\/avatar\/1e1956f1facbffd3f8fa53a326721950116b3b9dc9bd44939c01180fd4a745a9?s=96&d=mm&r=g\",\"caption\":\"Equipe G\u00e1vea News\"}}]}<\/script>\n<!-- \/ Yoast SEO Premium plugin. -->","yoast_head_json":{"title":"Empres\u00e1rio de Guillermo Varela abre o jogo sobre o futuro do uruguaio; Flamengo est\u00e1 de olho","robots":{"index":"index","follow":"follow","max-snippet":"max-snippet:-1","max-image-preview":"max-image-preview:large","max-video-preview":"max-video-preview:-1"},"canonical":"https:\/\/www.gaveanews.com\/index.php\/2022\/07\/24\/empresario-de-guillermo-varela-abre-o-jogo-sobre-o-futuro-do-uruguaio-flamengo-esta-de-olho\/","og_locale":"pt_BR","og_type":"article","og_title":"Empres\u00e1rio de Guillermo Varela abre o jogo sobre o futuro do uruguaio; Flamengo est\u00e1 de olho","og_description":"O Flamengo acompanha de perto a situa\u00e7\u00e3o entre o lateral-direito Guillermo Varela e o Dynamo Moscou, da R\u00fassia. Em contato com a reportagem da GOAL, o agente do uruguaio, Pablo Bettancour, revelou que espera uma proposta oficial de renova\u00e7\u00e3o com valoriza\u00e7\u00e3o salarial nesta segunda-feira (25). \u2014 Amanh\u00e3 o Dyanmo vai oficializar a sua oferta para [&hellip;]","og_url":"https:\/\/www.gaveanews.com\/index.php\/2022\/07\/24\/empresario-de-guillermo-varela-abre-o-jogo-sobre-o-futuro-do-uruguaio-flamengo-esta-de-olho\/","og_site_name":"G\u00e1vea News","article_publisher":"https:\/\/facebook.com\/gaveaNews\/","article_published_time":"2022-07-24T16:56:36+00:00","article_modified_time":"2024-04-07T12:57:22+00:00","og_image":[{"width":1000,"height":697,"url":"https:\/\/www.gaveanews.com\/wp-content\/uploads\/Guillermo-Varela-com-um-casaco-do-Dynamo-Moscou.webp","type":"image\/webp"}],"author":"Equipe G\u00e1vea News","twitter_card":"summary_large_image","twitter_misc":{"Escrito por":"Equipe G\u00e1vea News","Est. tempo de leitura":"2 minutos"},"schema":{"@context":"https:\/\/schema.org","@graph":[{"@type":"NewsArticle","@id":"https:\/\/www.gaveanews.com\/index.php\/2022\/07\/24\/empresario-de-guillermo-varela-abre-o-jogo-sobre-o-futuro-do-uruguaio-flamengo-esta-de-olho\/#article","isPartOf":{"@id":"https:\/\/www.gaveanews.com\/index.php\/2022\/07\/24\/empresario-de-guillermo-varela-abre-o-jogo-sobre-o-futuro-do-uruguaio-flamengo-esta-de-olho\/"},"author":{"name":"Equipe G\u00e1vea News","@id":"https:\/\/www.gaveanews.com\/#\/schema\/person\/2ec14f73fb96be2caf28f91afb14749d"},"headline":"Empres\u00e1rio de Guillermo Varela abre o jogo sobre o futuro do uruguaio; Flamengo est\u00e1 de olho","datePublished":"2022-07-24T16:56:36+00:00","dateModified":"2024-04-07T12:57:22+00:00","mainEntityOfPage":{"@id":"https:\/\/www.gaveanews.com\/index.php\/2022\/07\/24\/empresario-de-guillermo-varela-abre-o-jogo-sobre-o-futuro-do-uruguaio-flamengo-esta-de-olho\/"},"wordCount":284,"commentCount":0,"image":{"@id":"https:\/\/www.gaveanews.com\/index.php\/2022\/07\/24\/empresario-de-guillermo-varela-abre-o-jogo-sobre-o-futuro-do-uruguaio-flamengo-esta-de-olho\/#primaryimage"},"thumbnailUrl":"https:\/\/www.gaveanews.com\/wp-content\/uploads\/Guillermo-Varela-com-um-casaco-do-Dynamo-Moscou.webp","keywords":["Guillermo Varela Olivera"],"articleSection":["Negocia\u00e7\u00f5es"],"inLanguage":"pt-BR","potentialAction":[{"@type":"CommentAction","name":"Comment","target":["https:\/\/www.gaveanews.com\/index.php\/2022\/07\/24\/empresario-de-guillermo-varela-abre-o-jogo-sobre-o-futuro-do-uruguaio-flamengo-esta-de-olho\/#respond"]}],"copyrightYear":"2022","copyrightHolder":{"@id":"https:\/\/www.gaveanews.com\/#organization"}},{"@type":"WebPage","@id":"https:\/\/www.gaveanews.com\/index.php\/2022\/07\/24\/empresario-de-guillermo-varela-abre-o-jogo-sobre-o-futuro-do-uruguaio-flamengo-esta-de-olho\/","url":"https:\/\/www.gaveanews.com\/index.php\/2022\/07\/24\/empresario-de-guillermo-varela-abre-o-jogo-sobre-o-futuro-do-uruguaio-flamengo-esta-de-olho\/","name":"Empres\u00e1rio de Guillermo Varela abre o jogo sobre o futuro do uruguaio; Flamengo est\u00e1 de olho","isPartOf":{"@id":"https:\/\/www.gaveanews.com\/#website"},"primaryImageOfPage":{"@id":"https:\/\/www.gaveanews.com\/index.php\/2022\/07\/24\/empresario-de-guillermo-varela-abre-o-jogo-sobre-o-futuro-do-uruguaio-flamengo-esta-de-olho\/#primaryimage"},"image":{"@id":"https:\/\/www.gaveanews.com\/index.php\/2022\/07\/24\/empresario-de-guillermo-varela-abre-o-jogo-sobre-o-futuro-do-uruguaio-flamengo-esta-de-olho\/#primaryimage"},"thumbnailUrl":"https:\/\/www.gaveanews.com\/wp-content\/uploads\/Guillermo-Varela-com-um-casaco-do-Dynamo-Moscou.webp","datePublished":"2022-07-24T16:56:36+00:00","dateModified":"2024-04-07T12:57:22+00:00","author":{"@id":"https:\/\/www.gaveanews.com\/#\/schema\/person\/2ec14f73fb96be2caf28f91afb14749d"},"breadcrumb":{"@id":"https:\/\/www.gaveanews.com\/index.php\/2022\/07\/24\/empresario-de-guillermo-varela-abre-o-jogo-sobre-o-futuro-do-uruguaio-flamengo-esta-de-olho\/#breadcrumb"},"inLanguage":"pt-BR","potentialAction":[{"@type":"ReadAction","target":["https:\/\/www.gaveanews.com\/index.php\/2022\/07\/24\/empresario-de-guillermo-varela-abre-o-jogo-sobre-o-futuro-do-uruguaio-flamengo-esta-de-olho\/"]}]},{"@type":"ImageObject","inLanguage":"pt-BR","@id":"https:\/\/www.gaveanews.com\/index.php\/2022\/07\/24\/empresario-de-guillermo-varela-abre-o-jogo-sobre-o-futuro-do-uruguaio-flamengo-esta-de-olho\/#primaryimage","url":"https:\/\/www.gaveanews.com\/wp-content\/uploads\/Guillermo-Varela-com-um-casaco-do-Dynamo-Moscou.webp","contentUrl":"https:\/\/www.gaveanews.com\/wp-content\/uploads\/Guillermo-Varela-com-um-casaco-do-Dynamo-Moscou.webp","width":1000,"height":697,"caption":"Guillermo Varela com um casaco do Dynamo Moscou (Foto: Divulga\u00e7\u00e3o)"},{"@type":"BreadcrumbList","@id":"https:\/\/www.gaveanews.com\/index.php\/2022\/07\/24\/empresario-de-guillermo-varela-abre-o-jogo-sobre-o-futuro-do-uruguaio-flamengo-esta-de-olho\/#breadcrumb","itemListElement":[{"@type":"ListItem","position":1,"name":"Home","item":"https:\/\/www.gaveanews.com\/"},{"@type":"ListItem","position":2,"name":"Empres\u00e1rio de Guillermo Varela abre o jogo sobre o futuro do uruguaio; Flamengo est\u00e1 de olho"}]},{"@type":"WebSite","@id":"https:\/\/www.gaveanews.com\/#website","url":"https:\/\/www.gaveanews.com\/","name":"G\u00e1vea News","description":"Veja todas as not\u00edcias sobre o Flamengo: Contrata\u00e7\u00f5es, categorias de base, resultados das partidas, tabela de classifica\u00e7\u00e3o, pr\u00f3ximos jogos!","potentialAction":[{"@type":"SearchAction","target":{"@type":"EntryPoint","urlTemplate":"https:\/\/www.gaveanews.com\/?s={search_term_string}"},"query-input":{"@type":"PropertyValueSpecification","valueRequired":true,"valueName":"search_term_string"}}],"inLanguage":"pt-BR"},{"@type":"Person","@id":"https:\/\/www.gaveanews.com\/#\/schema\/person\/2ec14f73fb96be2caf28f91afb14749d","name":"Equipe G\u00e1vea News","image":{"@type":"ImageObject","inLanguage":"pt-BR","@id":"https:\/\/www.gaveanews.com\/#\/schema\/person\/image\/","url":"https:\/\/secure.gravatar.com\/avatar\/1e1956f1facbffd3f8fa53a326721950116b3b9dc9bd44939c01180fd4a745a9?s=96&d=mm&r=g","contentUrl":"https:\/\/secure.gravatar.com\/avatar\/1e1956f1facbffd3f8fa53a326721950116b3b9dc9bd44939c01180fd4a745a9?s=96&d=mm&r=g","caption":"Equipe G\u00e1vea News"}}]}},"_links":{"self":[{"href":"https:\/\/www.gaveanews.com\/index.php\/wp-json\/wp\/v2\/posts\/85130","targetHints":{"allow":["GET"]}}],"collection":[{"href":"https:\/\/www.gaveanews.com\/index.php\/wp-json\/wp\/v2\/posts"}],"about":[{"href":"https:\/\/www.gaveanews.com\/index.php\/wp-json\/wp\/v2\/types\/post"}],"author":[{"embeddable":true,"href":"https:\/\/www.gaveanews.com\/index.php\/wp-json\/wp\/v2\/users\/1"}],"replies":[{"embeddable":true,"href":"https:\/\/www.gaveanews.com\/index.php\/wp-json\/wp\/v2\/comments?post=85130"}],"version-history":[{"count":1,"href":"https:\/\/www.gaveanews.com\/index.php\/wp-json\/wp\/v2\/posts\/85130\/revisions"}],"predecessor-version":[{"id":137314,"href":"https:\/\/www.gaveanews.com\/index.php\/wp-json\/wp\/v2\/posts\/85130\/revisions\/137314"}],"wp:featuredmedia":[{"embeddable":true,"href":"https:\/\/www.gaveanews.com\/index.php\/wp-json\/wp\/v2\/media\/85131"}],"wp:attachment":[{"href":"https:\/\/www.gaveanews.com\/index.php\/wp-json\/wp\/v2\/media?parent=85130"}],"wp:term":[{"taxonomy":"category","embeddable":true,"href":"https:\/\/www.gaveanews.com\/index.php\/wp-json\/wp\/v2\/categories?post=85130"},{"taxonomy":"post_tag","embeddable":true,"href":"https:\/\/www.gaveanews.com\/index.php\/wp-json\/wp\/v2\/tags?post=85130"}],"curies":[{"name":"wp","href":"https:\/\/api.w.org\/{rel}","templated":true}]}}