{"id":85137,"date":"2022-07-24T17:09:22","date_gmt":"2022-07-24T20:09:22","guid":{"rendered":"https:\/\/www.gaveanews.com\/?p=85137"},"modified":"2022-07-24T17:11:43","modified_gmt":"2022-07-24T20:11:43","slug":"pedro-exalta-evolucao-de-dorival-junior-no-flamengo-e-mira-selecao","status":"publish","type":"post","link":"https:\/\/www.gaveanews.com\/index.php\/2022\/07\/24\/pedro-exalta-evolucao-de-dorival-junior-no-flamengo-e-mira-selecao\/","title":{"rendered":"Pedro exalta evolu\u00e7\u00e3o de Dorival Junior no Flamengo e mira sele\u00e7\u00e3o"},"content":{"rendered":"\n<p>Neste domingo (24), o Flamengo venceu o Ava\u00ed por 2 a 1, de virada, na Ressacada, pela 19\u00aa rodada do Campeonato Brasileiro.<\/p>\n\n\n\n<p>Depois de um primeiro tempo sem gols, o Le\u00e3o abriu placar com Arthur Chaves. No entanto, Pedro balan\u00e7ou a rede duas vezes e garantiu o triunfo ao time rubro-negro.<\/p>\n\n\n\n<p>Ap\u00f3s a partida, o camisa 21 comemorou a sequ\u00eancia positiva sob o comando de Dorival Jr. O Flamengo n\u00e3o perde h\u00e1 quatro jogos. Dos dez gols que marcou nas quatro partidas, Pedro participou diretamente de sete, marcando quatro e dando outras tr\u00eas assist\u00eancias.<\/p>\n\n\n\n<p><em>\u2014 \u00c9 um belo trabalho do professor Dorival. Ele est\u00e1 fazendo um grande trabalho com a gente no dia-a-dia, no treinamento, buscando a evolu\u00e7\u00e3o. Todos correndo e batalhando pelo Flamengo<\/em>, come\u00e7ou por afirmar:<\/p>\n\n\n\n<p><em>\u2014 Eu esperei bastante para ter essa sequ\u00eancia que estou tendo agora com o Dorival. \u00c9 fruto de muito trabalho, n\u00e3o desistindo. Eu superei um momento dif\u00edcil e superei. Hoje me sinto muito mais forte mentalmente e gra\u00e7as a Deus tive for\u00e7a. Espero evoluir ainda mais para continuar jogando bem aqui e, se Deus quiser, pintar uma convoca\u00e7\u00e3o<\/em>, disse ao canal Premiere.<\/p>\n\n\n\n<p>Melhor jogador do Flamengo desde a chegada do treinador, Pedro voltou a ter seu nome especulado na sele\u00e7\u00e3o brasileira.<\/p>\n\n\n\n<p><em>\u2014 Agrade\u00e7o o carinho de todos os torcedores, n\u00e3o s\u00f3 do Flamengo, mas eu recebo mensagens de torcedores dos outros times nas redes sociais falando para eu ir para a sele\u00e7\u00e3o. Agrade\u00e7o o momento. Se eu tiver bem no Flamengo, espero poder abrir essa porta da sele\u00e7\u00e3o<\/em>, concluiu.<\/p>\n\n\n\n<p>Com o resultado, o Ava\u00ed segue com 21 pontos e ocupa a 14\u00aa coloca\u00e7\u00e3o. J\u00e1 o Flamengo est\u00e1 em 6\u00ba, com 30. Agora, o Flamengo recebe o Athletico-PR, na quarta (27), \u00e0s 21h30, pela primeira partida das quartas de final da Copa do Brasil.<\/p>\n\n\n\n<p>Retirado de: ESPN<\/p>\n","protected":false},"excerpt":{"rendered":"<p>Neste domingo (24), o Flamengo venceu o Ava\u00ed por 2 a 1, de virada, na Ressacada, pela 19\u00aa rodada do Campeonato Brasileiro. Depois de um primeiro tempo sem gols, o Le\u00e3o abriu placar com Arthur Chaves. No entanto, Pedro balan\u00e7ou a rede duas vezes e garantiu o triunfo ao time rubro-negro. Ap\u00f3s a partida, o [&hellip;]<\/p>\n","protected":false},"author":1,"featured_media":85139,"comment_status":"open","ping_status":"closed","sticky":false,"template":"","format":"standard","meta":{"footnotes":""},"categories":[1],"tags":[],"class_list":["post-85137","post","type-post","status-publish","format-standard","has-post-thumbnail","hentry","category-flamengo"],"yoast_head":"<!-- This site is optimized with the Yoast SEO Premium plugin v24.2 (Yoast SEO v26.9) - https:\/\/yoast.com\/product\/yoast-seo-premium-wordpress\/ -->\n<title>Pedro exalta evolu\u00e7\u00e3o de Dorival Junior no Flamengo e mira sele\u00e7\u00e3o<\/title>\n<meta name=\"robots\" content=\"index, follow, max-snippet:-1, max-image-preview:large, max-video-preview:-1\" \/>\n<link rel=\"canonical\" href=\"https:\/\/www.gaveanews.com\/index.php\/2022\/07\/24\/pedro-exalta-evolucao-de-dorival-junior-no-flamengo-e-mira-selecao\/\" \/>\n<meta property=\"og:locale\" content=\"pt_BR\" \/>\n<meta property=\"og:type\" content=\"article\" \/>\n<meta property=\"og:title\" content=\"Pedro exalta evolu\u00e7\u00e3o de Dorival Junior no Flamengo e mira sele\u00e7\u00e3o\" \/>\n<meta property=\"og:description\" content=\"Neste domingo (24), o Flamengo venceu o Ava\u00ed por 2 a 1, de virada, na Ressacada, pela 19\u00aa rodada do Campeonato Brasileiro. Depois de um primeiro tempo sem gols, o Le\u00e3o abriu placar com Arthur Chaves. No entanto, Pedro balan\u00e7ou a rede duas vezes e garantiu o triunfo ao time rubro-negro. Ap\u00f3s a partida, o [&hellip;]\" \/>\n<meta property=\"og:url\" content=\"https:\/\/www.gaveanews.com\/index.php\/2022\/07\/24\/pedro-exalta-evolucao-de-dorival-junior-no-flamengo-e-mira-selecao\/\" \/>\n<meta property=\"og:site_name\" content=\"G\u00e1vea News\" \/>\n<meta property=\"article:publisher\" content=\"https:\/\/facebook.com\/gaveaNews\/\" \/>\n<meta property=\"article:published_time\" content=\"2022-07-24T20:09:22+00:00\" \/>\n<meta property=\"article:modified_time\" content=\"2022-07-24T20:11:43+00:00\" \/>\n<meta property=\"og:image\" content=\"https:\/\/www.gaveanews.com\/wp-content\/uploads\/Pedro-em-acao-pelo-Flamengo-durante-o-jogo-contra-o-Avai-pelo-Campeonato-Brasileiro-de-2022.webp\" \/>\n\t<meta property=\"og:image:width\" content=\"799\" \/>\n\t<meta property=\"og:image:height\" content=\"533\" \/>\n\t<meta property=\"og:image:type\" content=\"image\/jpeg\" \/>\n<meta name=\"author\" content=\"Equipe G\u00e1vea News\" \/>\n<meta name=\"twitter:card\" content=\"summary_large_image\" \/>\n<meta name=\"twitter:label1\" content=\"Escrito por\" \/>\n\t<meta name=\"twitter:data1\" content=\"Equipe G\u00e1vea News\" \/>\n\t<meta name=\"twitter:label2\" content=\"Est. tempo de leitura\" \/>\n\t<meta name=\"twitter:data2\" content=\"2 minutos\" \/>\n<script type=\"application\/ld+json\" class=\"yoast-schema-graph\">{\"@context\":\"https:\/\/schema.org\",\"@graph\":[{\"@type\":\"NewsArticle\",\"@id\":\"https:\/\/www.gaveanews.com\/index.php\/2022\/07\/24\/pedro-exalta-evolucao-de-dorival-junior-no-flamengo-e-mira-selecao\/#article\",\"isPartOf\":{\"@id\":\"https:\/\/www.gaveanews.com\/index.php\/2022\/07\/24\/pedro-exalta-evolucao-de-dorival-junior-no-flamengo-e-mira-selecao\/\"},\"author\":{\"name\":\"Equipe G\u00e1vea News\",\"@id\":\"https:\/\/www.gaveanews.com\/#\/schema\/person\/2ec14f73fb96be2caf28f91afb14749d\"},\"headline\":\"Pedro exalta evolu\u00e7\u00e3o de Dorival Junior no Flamengo e mira sele\u00e7\u00e3o\",\"datePublished\":\"2022-07-24T20:09:22+00:00\",\"dateModified\":\"2022-07-24T20:11:43+00:00\",\"mainEntityOfPage\":{\"@id\":\"https:\/\/www.gaveanews.com\/index.php\/2022\/07\/24\/pedro-exalta-evolucao-de-dorival-junior-no-flamengo-e-mira-selecao\/\"},\"wordCount\":323,\"commentCount\":0,\"image\":{\"@id\":\"https:\/\/www.gaveanews.com\/index.php\/2022\/07\/24\/pedro-exalta-evolucao-de-dorival-junior-no-flamengo-e-mira-selecao\/#primaryimage\"},\"thumbnailUrl\":\"https:\/\/www.gaveanews.com\/wp-content\/uploads\/Pedro-em-acao-pelo-Flamengo-durante-o-jogo-contra-o-Avai-pelo-Campeonato-Brasileiro-de-2022.webp\",\"articleSection\":[\"Flamengo\"],\"inLanguage\":\"pt-BR\",\"potentialAction\":[{\"@type\":\"CommentAction\",\"name\":\"Comment\",\"target\":[\"https:\/\/www.gaveanews.com\/index.php\/2022\/07\/24\/pedro-exalta-evolucao-de-dorival-junior-no-flamengo-e-mira-selecao\/#respond\"]}],\"copyrightYear\":\"2022\",\"copyrightHolder\":{\"@id\":\"https:\/\/www.gaveanews.com\/#organization\"}},{\"@type\":\"WebPage\",\"@id\":\"https:\/\/www.gaveanews.com\/index.php\/2022\/07\/24\/pedro-exalta-evolucao-de-dorival-junior-no-flamengo-e-mira-selecao\/\",\"url\":\"https:\/\/www.gaveanews.com\/index.php\/2022\/07\/24\/pedro-exalta-evolucao-de-dorival-junior-no-flamengo-e-mira-selecao\/\",\"name\":\"Pedro exalta evolu\u00e7\u00e3o de Dorival Junior no Flamengo e mira sele\u00e7\u00e3o\",\"isPartOf\":{\"@id\":\"https:\/\/www.gaveanews.com\/#website\"},\"primaryImageOfPage\":{\"@id\":\"https:\/\/www.gaveanews.com\/index.php\/2022\/07\/24\/pedro-exalta-evolucao-de-dorival-junior-no-flamengo-e-mira-selecao\/#primaryimage\"},\"image\":{\"@id\":\"https:\/\/www.gaveanews.com\/index.php\/2022\/07\/24\/pedro-exalta-evolucao-de-dorival-junior-no-flamengo-e-mira-selecao\/#primaryimage\"},\"thumbnailUrl\":\"https:\/\/www.gaveanews.com\/wp-content\/uploads\/Pedro-em-acao-pelo-Flamengo-durante-o-jogo-contra-o-Avai-pelo-Campeonato-Brasileiro-de-2022.webp\",\"datePublished\":\"2022-07-24T20:09:22+00:00\",\"dateModified\":\"2022-07-24T20:11:43+00:00\",\"author\":{\"@id\":\"https:\/\/www.gaveanews.com\/#\/schema\/person\/2ec14f73fb96be2caf28f91afb14749d\"},\"breadcrumb\":{\"@id\":\"https:\/\/www.gaveanews.com\/index.php\/2022\/07\/24\/pedro-exalta-evolucao-de-dorival-junior-no-flamengo-e-mira-selecao\/#breadcrumb\"},\"inLanguage\":\"pt-BR\",\"potentialAction\":[{\"@type\":\"ReadAction\",\"target\":[\"https:\/\/www.gaveanews.com\/index.php\/2022\/07\/24\/pedro-exalta-evolucao-de-dorival-junior-no-flamengo-e-mira-selecao\/\"]}]},{\"@type\":\"ImageObject\",\"inLanguage\":\"pt-BR\",\"@id\":\"https:\/\/www.gaveanews.com\/index.php\/2022\/07\/24\/pedro-exalta-evolucao-de-dorival-junior-no-flamengo-e-mira-selecao\/#primaryimage\",\"url\":\"https:\/\/www.gaveanews.com\/wp-content\/uploads\/Pedro-em-acao-pelo-Flamengo-durante-o-jogo-contra-o-Avai-pelo-Campeonato-Brasileiro-de-2022.webp\",\"contentUrl\":\"https:\/\/www.gaveanews.com\/wp-content\/uploads\/Pedro-em-acao-pelo-Flamengo-durante-o-jogo-contra-o-Avai-pelo-Campeonato-Brasileiro-de-2022.webp\",\"width\":799,\"height\":533,\"caption\":\"Pedro em a\u00e7\u00e3o pelo Flamengo durante o jogo contra o Ava\u00ed pelo Campeonato Brasileiro de 2022 (Foto: Gilvan de Souza\/Flamengo)\"},{\"@type\":\"BreadcrumbList\",\"@id\":\"https:\/\/www.gaveanews.com\/index.php\/2022\/07\/24\/pedro-exalta-evolucao-de-dorival-junior-no-flamengo-e-mira-selecao\/#breadcrumb\",\"itemListElement\":[{\"@type\":\"ListItem\",\"position\":1,\"name\":\"Home\",\"item\":\"https:\/\/www.gaveanews.com\/\"},{\"@type\":\"ListItem\",\"position\":2,\"name\":\"Pedro exalta evolu\u00e7\u00e3o de Dorival Junior no Flamengo e mira sele\u00e7\u00e3o\"}]},{\"@type\":\"WebSite\",\"@id\":\"https:\/\/www.gaveanews.com\/#website\",\"url\":\"https:\/\/www.gaveanews.com\/\",\"name\":\"G\u00e1vea News\",\"description\":\"Veja todas as not\u00edcias sobre o Flamengo: Contrata\u00e7\u00f5es, categorias de base, resultados das partidas, tabela de classifica\u00e7\u00e3o, pr\u00f3ximos jogos!\",\"potentialAction\":[{\"@type\":\"SearchAction\",\"target\":{\"@type\":\"EntryPoint\",\"urlTemplate\":\"https:\/\/www.gaveanews.com\/?s={search_term_string}\"},\"query-input\":{\"@type\":\"PropertyValueSpecification\",\"valueRequired\":true,\"valueName\":\"search_term_string\"}}],\"inLanguage\":\"pt-BR\"},{\"@type\":\"Person\",\"@id\":\"https:\/\/www.gaveanews.com\/#\/schema\/person\/2ec14f73fb96be2caf28f91afb14749d\",\"name\":\"Equipe G\u00e1vea News\",\"image\":{\"@type\":\"ImageObject\",\"inLanguage\":\"pt-BR\",\"@id\":\"https:\/\/www.gaveanews.com\/#\/schema\/person\/image\/\",\"url\":\"https:\/\/secure.gravatar.com\/avatar\/1e1956f1facbffd3f8fa53a326721950116b3b9dc9bd44939c01180fd4a745a9?s=96&d=mm&r=g\",\"contentUrl\":\"https:\/\/secure.gravatar.com\/avatar\/1e1956f1facbffd3f8fa53a326721950116b3b9dc9bd44939c01180fd4a745a9?s=96&d=mm&r=g\",\"caption\":\"Equipe G\u00e1vea News\"}}]}<\/script>\n<!-- \/ Yoast SEO Premium plugin. -->","yoast_head_json":{"title":"Pedro exalta evolu\u00e7\u00e3o de Dorival Junior no Flamengo e mira sele\u00e7\u00e3o","robots":{"index":"index","follow":"follow","max-snippet":"max-snippet:-1","max-image-preview":"max-image-preview:large","max-video-preview":"max-video-preview:-1"},"canonical":"https:\/\/www.gaveanews.com\/index.php\/2022\/07\/24\/pedro-exalta-evolucao-de-dorival-junior-no-flamengo-e-mira-selecao\/","og_locale":"pt_BR","og_type":"article","og_title":"Pedro exalta evolu\u00e7\u00e3o de Dorival Junior no Flamengo e mira sele\u00e7\u00e3o","og_description":"Neste domingo (24), o Flamengo venceu o Ava\u00ed por 2 a 1, de virada, na Ressacada, pela 19\u00aa rodada do Campeonato Brasileiro. Depois de um primeiro tempo sem gols, o Le\u00e3o abriu placar com Arthur Chaves. No entanto, Pedro balan\u00e7ou a rede duas vezes e garantiu o triunfo ao time rubro-negro. Ap\u00f3s a partida, o [&hellip;]","og_url":"https:\/\/www.gaveanews.com\/index.php\/2022\/07\/24\/pedro-exalta-evolucao-de-dorival-junior-no-flamengo-e-mira-selecao\/","og_site_name":"G\u00e1vea News","article_publisher":"https:\/\/facebook.com\/gaveaNews\/","article_published_time":"2022-07-24T20:09:22+00:00","article_modified_time":"2022-07-24T20:11:43+00:00","og_image":[{"width":799,"height":533,"url":"https:\/\/www.gaveanews.com\/wp-content\/uploads\/Pedro-em-acao-pelo-Flamengo-durante-o-jogo-contra-o-Avai-pelo-Campeonato-Brasileiro-de-2022.webp","type":"image\/jpeg"}],"author":"Equipe G\u00e1vea News","twitter_card":"summary_large_image","twitter_misc":{"Escrito por":"Equipe G\u00e1vea News","Est. tempo de leitura":"2 minutos"},"schema":{"@context":"https:\/\/schema.org","@graph":[{"@type":"NewsArticle","@id":"https:\/\/www.gaveanews.com\/index.php\/2022\/07\/24\/pedro-exalta-evolucao-de-dorival-junior-no-flamengo-e-mira-selecao\/#article","isPartOf":{"@id":"https:\/\/www.gaveanews.com\/index.php\/2022\/07\/24\/pedro-exalta-evolucao-de-dorival-junior-no-flamengo-e-mira-selecao\/"},"author":{"name":"Equipe G\u00e1vea News","@id":"https:\/\/www.gaveanews.com\/#\/schema\/person\/2ec14f73fb96be2caf28f91afb14749d"},"headline":"Pedro exalta evolu\u00e7\u00e3o de Dorival Junior no Flamengo e mira sele\u00e7\u00e3o","datePublished":"2022-07-24T20:09:22+00:00","dateModified":"2022-07-24T20:11:43+00:00","mainEntityOfPage":{"@id":"https:\/\/www.gaveanews.com\/index.php\/2022\/07\/24\/pedro-exalta-evolucao-de-dorival-junior-no-flamengo-e-mira-selecao\/"},"wordCount":323,"commentCount":0,"image":{"@id":"https:\/\/www.gaveanews.com\/index.php\/2022\/07\/24\/pedro-exalta-evolucao-de-dorival-junior-no-flamengo-e-mira-selecao\/#primaryimage"},"thumbnailUrl":"https:\/\/www.gaveanews.com\/wp-content\/uploads\/Pedro-em-acao-pelo-Flamengo-durante-o-jogo-contra-o-Avai-pelo-Campeonato-Brasileiro-de-2022.webp","articleSection":["Flamengo"],"inLanguage":"pt-BR","potentialAction":[{"@type":"CommentAction","name":"Comment","target":["https:\/\/www.gaveanews.com\/index.php\/2022\/07\/24\/pedro-exalta-evolucao-de-dorival-junior-no-flamengo-e-mira-selecao\/#respond"]}],"copyrightYear":"2022","copyrightHolder":{"@id":"https:\/\/www.gaveanews.com\/#organization"}},{"@type":"WebPage","@id":"https:\/\/www.gaveanews.com\/index.php\/2022\/07\/24\/pedro-exalta-evolucao-de-dorival-junior-no-flamengo-e-mira-selecao\/","url":"https:\/\/www.gaveanews.com\/index.php\/2022\/07\/24\/pedro-exalta-evolucao-de-dorival-junior-no-flamengo-e-mira-selecao\/","name":"Pedro exalta evolu\u00e7\u00e3o de Dorival Junior no Flamengo e mira sele\u00e7\u00e3o","isPartOf":{"@id":"https:\/\/www.gaveanews.com\/#website"},"primaryImageOfPage":{"@id":"https:\/\/www.gaveanews.com\/index.php\/2022\/07\/24\/pedro-exalta-evolucao-de-dorival-junior-no-flamengo-e-mira-selecao\/#primaryimage"},"image":{"@id":"https:\/\/www.gaveanews.com\/index.php\/2022\/07\/24\/pedro-exalta-evolucao-de-dorival-junior-no-flamengo-e-mira-selecao\/#primaryimage"},"thumbnailUrl":"https:\/\/www.gaveanews.com\/wp-content\/uploads\/Pedro-em-acao-pelo-Flamengo-durante-o-jogo-contra-o-Avai-pelo-Campeonato-Brasileiro-de-2022.webp","datePublished":"2022-07-24T20:09:22+00:00","dateModified":"2022-07-24T20:11:43+00:00","author":{"@id":"https:\/\/www.gaveanews.com\/#\/schema\/person\/2ec14f73fb96be2caf28f91afb14749d"},"breadcrumb":{"@id":"https:\/\/www.gaveanews.com\/index.php\/2022\/07\/24\/pedro-exalta-evolucao-de-dorival-junior-no-flamengo-e-mira-selecao\/#breadcrumb"},"inLanguage":"pt-BR","potentialAction":[{"@type":"ReadAction","target":["https:\/\/www.gaveanews.com\/index.php\/2022\/07\/24\/pedro-exalta-evolucao-de-dorival-junior-no-flamengo-e-mira-selecao\/"]}]},{"@type":"ImageObject","inLanguage":"pt-BR","@id":"https:\/\/www.gaveanews.com\/index.php\/2022\/07\/24\/pedro-exalta-evolucao-de-dorival-junior-no-flamengo-e-mira-selecao\/#primaryimage","url":"https:\/\/www.gaveanews.com\/wp-content\/uploads\/Pedro-em-acao-pelo-Flamengo-durante-o-jogo-contra-o-Avai-pelo-Campeonato-Brasileiro-de-2022.webp","contentUrl":"https:\/\/www.gaveanews.com\/wp-content\/uploads\/Pedro-em-acao-pelo-Flamengo-durante-o-jogo-contra-o-Avai-pelo-Campeonato-Brasileiro-de-2022.webp","width":799,"height":533,"caption":"Pedro em a\u00e7\u00e3o pelo Flamengo durante o jogo contra o Ava\u00ed pelo Campeonato Brasileiro de 2022 (Foto: Gilvan de Souza\/Flamengo)"},{"@type":"BreadcrumbList","@id":"https:\/\/www.gaveanews.com\/index.php\/2022\/07\/24\/pedro-exalta-evolucao-de-dorival-junior-no-flamengo-e-mira-selecao\/#breadcrumb","itemListElement":[{"@type":"ListItem","position":1,"name":"Home","item":"https:\/\/www.gaveanews.com\/"},{"@type":"ListItem","position":2,"name":"Pedro exalta evolu\u00e7\u00e3o de Dorival Junior no Flamengo e mira sele\u00e7\u00e3o"}]},{"@type":"WebSite","@id":"https:\/\/www.gaveanews.com\/#website","url":"https:\/\/www.gaveanews.com\/","name":"G\u00e1vea News","description":"Veja todas as not\u00edcias sobre o Flamengo: Contrata\u00e7\u00f5es, categorias de base, resultados das partidas, tabela de classifica\u00e7\u00e3o, pr\u00f3ximos jogos!","potentialAction":[{"@type":"SearchAction","target":{"@type":"EntryPoint","urlTemplate":"https:\/\/www.gaveanews.com\/?s={search_term_string}"},"query-input":{"@type":"PropertyValueSpecification","valueRequired":true,"valueName":"search_term_string"}}],"inLanguage":"pt-BR"},{"@type":"Person","@id":"https:\/\/www.gaveanews.com\/#\/schema\/person\/2ec14f73fb96be2caf28f91afb14749d","name":"Equipe G\u00e1vea News","image":{"@type":"ImageObject","inLanguage":"pt-BR","@id":"https:\/\/www.gaveanews.com\/#\/schema\/person\/image\/","url":"https:\/\/secure.gravatar.com\/avatar\/1e1956f1facbffd3f8fa53a326721950116b3b9dc9bd44939c01180fd4a745a9?s=96&d=mm&r=g","contentUrl":"https:\/\/secure.gravatar.com\/avatar\/1e1956f1facbffd3f8fa53a326721950116b3b9dc9bd44939c01180fd4a745a9?s=96&d=mm&r=g","caption":"Equipe G\u00e1vea News"}}]}},"_links":{"self":[{"href":"https:\/\/www.gaveanews.com\/index.php\/wp-json\/wp\/v2\/posts\/85137","targetHints":{"allow":["GET"]}}],"collection":[{"href":"https:\/\/www.gaveanews.com\/index.php\/wp-json\/wp\/v2\/posts"}],"about":[{"href":"https:\/\/www.gaveanews.com\/index.php\/wp-json\/wp\/v2\/types\/post"}],"author":[{"embeddable":true,"href":"https:\/\/www.gaveanews.com\/index.php\/wp-json\/wp\/v2\/users\/1"}],"replies":[{"embeddable":true,"href":"https:\/\/www.gaveanews.com\/index.php\/wp-json\/wp\/v2\/comments?post=85137"}],"version-history":[{"count":0,"href":"https:\/\/www.gaveanews.com\/index.php\/wp-json\/wp\/v2\/posts\/85137\/revisions"}],"wp:featuredmedia":[{"embeddable":true,"href":"https:\/\/www.gaveanews.com\/index.php\/wp-json\/wp\/v2\/media\/85139"}],"wp:attachment":[{"href":"https:\/\/www.gaveanews.com\/index.php\/wp-json\/wp\/v2\/media?parent=85137"}],"wp:term":[{"taxonomy":"category","embeddable":true,"href":"https:\/\/www.gaveanews.com\/index.php\/wp-json\/wp\/v2\/categories?post=85137"},{"taxonomy":"post_tag","embeddable":true,"href":"https:\/\/www.gaveanews.com\/index.php\/wp-json\/wp\/v2\/tags?post=85137"}],"curies":[{"name":"wp","href":"https:\/\/api.w.org\/{rel}","templated":true}]}}