{"id":85190,"date":"2022-07-26T00:09:11","date_gmt":"2022-07-26T03:09:11","guid":{"rendered":"https:\/\/www.gaveanews.com\/?p=85190"},"modified":"2022-07-26T00:09:14","modified_gmt":"2022-07-26T03:09:14","slug":"jornal-diz-que-antigo-alvo-do-flamengo-esta-em-desespero-por-solucao-de-drama","status":"publish","type":"post","link":"https:\/\/www.gaveanews.com\/index.php\/2022\/07\/26\/jornal-diz-que-antigo-alvo-do-flamengo-esta-em-desespero-por-solucao-de-drama\/","title":{"rendered":"Jornal diz que antigo alvo do Flamengo est\u00e1 em &#8216;desespero por solu\u00e7\u00e3o&#8217; de drama"},"content":{"rendered":"\n<p>Ap\u00f3s atuar emprestado ao Al-Gharafa na \u00faltima temporada, Gabriel Pires retornou ao Benfica. No entanto, n\u00e3o faz parte dos planos das \u00c1guias e vem treinando com a equipe B. A situa\u00e7\u00e3o foi apontada pelo jornal A Bola como &#8216;desesperadora&#8217;.<\/p>\n\n\n\n<p>H\u00e1 um ano, o meia de 28 anos viveu situa\u00e7\u00e3o parecida com Jorge Jesus, quando ficou de fora dos planos no treinador. Agora, em 2022, vive o mesmo problema: o brasileiro n\u00e3o faz parte do elenco que o alem\u00e3o Roger Schmidt planeja para a temporada.<\/p>\n\n\n\n<p><em>\u2014 O m\u00e9dio brasileiro Gabriel, 28 anos, est\u00e1 a tentar encontrar rapidamente uma solu\u00e7\u00e3o para a sua carreira, dado que a rela\u00e7\u00e3o com a SAD benfiquista est\u00e1 cada vez mais sens\u00edvel, face \u00e0 repeti\u00e7\u00e3o dos problemas de h\u00e1 um ano, quando o jogador ficou definitivamente de fora das op\u00e7\u00f5es de Jorge Jesus e acabou afastado do plantel<\/em>, escreveu o jornal.<\/p>\n\n\n\n<p><em>\u2014 M\u00e9dio, que tem contrato at\u00e9 2025, e clube da Luz desesperam por uma solu\u00e7\u00e3o, por um bom neg\u00f3cio, que permita ao jogador prosseguir a carreira numa liga competitiva e aos encarnados livrar-se de um futebolista caro, que custa mais de dois milh\u00f5es de euros por temporada, e n\u00e3o faz parte dos planos do treinador Roger Schmidt ou da pr\u00f3pria SAD<\/em>, completou.<\/p>\n\n\n\n<p>No Brasil, o meia foi sondado pelo Flamengo. No entanto, n\u00e3o passou de sondagem, j\u00e1 que o clube carioca possui outros alvos para o setor, como o volante Walace, da Udinese.<\/p>\n\n\n\n<p>Retirado de: ESPN<\/p>\n","protected":false},"excerpt":{"rendered":"<p>Ap\u00f3s atuar emprestado ao Al-Gharafa na \u00faltima temporada, Gabriel Pires retornou ao Benfica. No entanto, n\u00e3o faz parte dos planos das \u00c1guias e vem treinando com a equipe B. A situa\u00e7\u00e3o foi apontada pelo jornal A Bola como &#8216;desesperadora&#8217;. H\u00e1 um ano, o meia de 28 anos viveu situa\u00e7\u00e3o parecida com Jorge Jesus, quando ficou [&hellip;]<\/p>\n","protected":false},"author":1,"featured_media":84780,"comment_status":"open","ping_status":"closed","sticky":false,"template":"","format":"standard","meta":{"footnotes":""},"categories":[48],"tags":[],"class_list":["post-85190","post","type-post","status-publish","format-standard","has-post-thumbnail","hentry","category-negociacoes"],"yoast_head":"<!-- This site is optimized with the Yoast SEO Premium plugin v24.2 (Yoast SEO v26.9) - https:\/\/yoast.com\/product\/yoast-seo-premium-wordpress\/ -->\n<title>Jornal diz que antigo alvo do Flamengo est\u00e1 em &#039;desespero por solu\u00e7\u00e3o&#039; de drama<\/title>\n<meta name=\"robots\" content=\"index, follow, max-snippet:-1, max-image-preview:large, max-video-preview:-1\" \/>\n<link rel=\"canonical\" href=\"https:\/\/www.gaveanews.com\/index.php\/2022\/07\/26\/jornal-diz-que-antigo-alvo-do-flamengo-esta-em-desespero-por-solucao-de-drama\/\" \/>\n<meta property=\"og:locale\" content=\"pt_BR\" \/>\n<meta property=\"og:type\" content=\"article\" \/>\n<meta property=\"og:title\" content=\"Jornal diz que antigo alvo do Flamengo est\u00e1 em &#039;desespero por solu\u00e7\u00e3o&#039; de drama\" \/>\n<meta property=\"og:description\" content=\"Ap\u00f3s atuar emprestado ao Al-Gharafa na \u00faltima temporada, Gabriel Pires retornou ao Benfica. No entanto, n\u00e3o faz parte dos planos das \u00c1guias e vem treinando com a equipe B. A situa\u00e7\u00e3o foi apontada pelo jornal A Bola como &#8216;desesperadora&#8217;. H\u00e1 um ano, o meia de 28 anos viveu situa\u00e7\u00e3o parecida com Jorge Jesus, quando ficou [&hellip;]\" \/>\n<meta property=\"og:url\" content=\"https:\/\/www.gaveanews.com\/index.php\/2022\/07\/26\/jornal-diz-que-antigo-alvo-do-flamengo-esta-em-desespero-por-solucao-de-drama\/\" \/>\n<meta property=\"og:site_name\" content=\"G\u00e1vea News\" \/>\n<meta property=\"article:publisher\" content=\"https:\/\/facebook.com\/gaveaNews\/\" \/>\n<meta property=\"article:published_time\" content=\"2022-07-26T03:09:11+00:00\" \/>\n<meta property=\"article:modified_time\" content=\"2022-07-26T03:09:14+00:00\" \/>\n<meta property=\"og:image\" content=\"https:\/\/www.gaveanews.com\/wp-content\/uploads\/Gabriel-atleta-do-Benfica.webp\" \/>\n\t<meta property=\"og:image:width\" content=\"700\" \/>\n\t<meta property=\"og:image:height\" content=\"393\" \/>\n\t<meta property=\"og:image:type\" content=\"image\/jpeg\" \/>\n<meta name=\"author\" content=\"Equipe G\u00e1vea News\" \/>\n<meta name=\"twitter:card\" content=\"summary_large_image\" \/>\n<meta name=\"twitter:label1\" content=\"Escrito por\" \/>\n\t<meta name=\"twitter:data1\" content=\"Equipe G\u00e1vea News\" \/>\n\t<meta name=\"twitter:label2\" content=\"Est. tempo de leitura\" \/>\n\t<meta name=\"twitter:data2\" content=\"2 minutos\" \/>\n<script type=\"application\/ld+json\" class=\"yoast-schema-graph\">{\"@context\":\"https:\/\/schema.org\",\"@graph\":[{\"@type\":\"NewsArticle\",\"@id\":\"https:\/\/www.gaveanews.com\/index.php\/2022\/07\/26\/jornal-diz-que-antigo-alvo-do-flamengo-esta-em-desespero-por-solucao-de-drama\/#article\",\"isPartOf\":{\"@id\":\"https:\/\/www.gaveanews.com\/index.php\/2022\/07\/26\/jornal-diz-que-antigo-alvo-do-flamengo-esta-em-desespero-por-solucao-de-drama\/\"},\"author\":{\"name\":\"Equipe G\u00e1vea News\",\"@id\":\"https:\/\/www.gaveanews.com\/#\/schema\/person\/2ec14f73fb96be2caf28f91afb14749d\"},\"headline\":\"Jornal diz que antigo alvo do Flamengo est\u00e1 em &#8216;desespero por solu\u00e7\u00e3o&#8217; de drama\",\"datePublished\":\"2022-07-26T03:09:11+00:00\",\"dateModified\":\"2022-07-26T03:09:14+00:00\",\"mainEntityOfPage\":{\"@id\":\"https:\/\/www.gaveanews.com\/index.php\/2022\/07\/26\/jornal-diz-que-antigo-alvo-do-flamengo-esta-em-desespero-por-solucao-de-drama\/\"},\"wordCount\":267,\"commentCount\":0,\"image\":{\"@id\":\"https:\/\/www.gaveanews.com\/index.php\/2022\/07\/26\/jornal-diz-que-antigo-alvo-do-flamengo-esta-em-desespero-por-solucao-de-drama\/#primaryimage\"},\"thumbnailUrl\":\"https:\/\/www.gaveanews.com\/wp-content\/uploads\/Gabriel-atleta-do-Benfica.webp\",\"articleSection\":[\"Negocia\u00e7\u00f5es\"],\"inLanguage\":\"pt-BR\",\"potentialAction\":[{\"@type\":\"CommentAction\",\"name\":\"Comment\",\"target\":[\"https:\/\/www.gaveanews.com\/index.php\/2022\/07\/26\/jornal-diz-que-antigo-alvo-do-flamengo-esta-em-desespero-por-solucao-de-drama\/#respond\"]}],\"copyrightYear\":\"2022\",\"copyrightHolder\":{\"@id\":\"https:\/\/www.gaveanews.com\/#organization\"}},{\"@type\":\"WebPage\",\"@id\":\"https:\/\/www.gaveanews.com\/index.php\/2022\/07\/26\/jornal-diz-que-antigo-alvo-do-flamengo-esta-em-desespero-por-solucao-de-drama\/\",\"url\":\"https:\/\/www.gaveanews.com\/index.php\/2022\/07\/26\/jornal-diz-que-antigo-alvo-do-flamengo-esta-em-desespero-por-solucao-de-drama\/\",\"name\":\"Jornal diz que antigo alvo do Flamengo est\u00e1 em 'desespero por solu\u00e7\u00e3o' de drama\",\"isPartOf\":{\"@id\":\"https:\/\/www.gaveanews.com\/#website\"},\"primaryImageOfPage\":{\"@id\":\"https:\/\/www.gaveanews.com\/index.php\/2022\/07\/26\/jornal-diz-que-antigo-alvo-do-flamengo-esta-em-desespero-por-solucao-de-drama\/#primaryimage\"},\"image\":{\"@id\":\"https:\/\/www.gaveanews.com\/index.php\/2022\/07\/26\/jornal-diz-que-antigo-alvo-do-flamengo-esta-em-desespero-por-solucao-de-drama\/#primaryimage\"},\"thumbnailUrl\":\"https:\/\/www.gaveanews.com\/wp-content\/uploads\/Gabriel-atleta-do-Benfica.webp\",\"datePublished\":\"2022-07-26T03:09:11+00:00\",\"dateModified\":\"2022-07-26T03:09:14+00:00\",\"author\":{\"@id\":\"https:\/\/www.gaveanews.com\/#\/schema\/person\/2ec14f73fb96be2caf28f91afb14749d\"},\"breadcrumb\":{\"@id\":\"https:\/\/www.gaveanews.com\/index.php\/2022\/07\/26\/jornal-diz-que-antigo-alvo-do-flamengo-esta-em-desespero-por-solucao-de-drama\/#breadcrumb\"},\"inLanguage\":\"pt-BR\",\"potentialAction\":[{\"@type\":\"ReadAction\",\"target\":[\"https:\/\/www.gaveanews.com\/index.php\/2022\/07\/26\/jornal-diz-que-antigo-alvo-do-flamengo-esta-em-desespero-por-solucao-de-drama\/\"]}]},{\"@type\":\"ImageObject\",\"inLanguage\":\"pt-BR\",\"@id\":\"https:\/\/www.gaveanews.com\/index.php\/2022\/07\/26\/jornal-diz-que-antigo-alvo-do-flamengo-esta-em-desespero-por-solucao-de-drama\/#primaryimage\",\"url\":\"https:\/\/www.gaveanews.com\/wp-content\/uploads\/Gabriel-atleta-do-Benfica.webp\",\"contentUrl\":\"https:\/\/www.gaveanews.com\/wp-content\/uploads\/Gabriel-atleta-do-Benfica.webp\",\"width\":700,\"height\":393,\"caption\":\"Gabriel, atleta do Benfica (Foto: Reprodu\u00e7\u00e3o\/SL Benfica)\"},{\"@type\":\"BreadcrumbList\",\"@id\":\"https:\/\/www.gaveanews.com\/index.php\/2022\/07\/26\/jornal-diz-que-antigo-alvo-do-flamengo-esta-em-desespero-por-solucao-de-drama\/#breadcrumb\",\"itemListElement\":[{\"@type\":\"ListItem\",\"position\":1,\"name\":\"Home\",\"item\":\"https:\/\/www.gaveanews.com\/\"},{\"@type\":\"ListItem\",\"position\":2,\"name\":\"Jornal diz que antigo alvo do Flamengo est\u00e1 em &#8216;desespero por solu\u00e7\u00e3o&#8217; de drama\"}]},{\"@type\":\"WebSite\",\"@id\":\"https:\/\/www.gaveanews.com\/#website\",\"url\":\"https:\/\/www.gaveanews.com\/\",\"name\":\"G\u00e1vea News\",\"description\":\"Veja todas as not\u00edcias sobre o Flamengo: Contrata\u00e7\u00f5es, categorias de base, resultados das partidas, tabela de classifica\u00e7\u00e3o, pr\u00f3ximos jogos!\",\"potentialAction\":[{\"@type\":\"SearchAction\",\"target\":{\"@type\":\"EntryPoint\",\"urlTemplate\":\"https:\/\/www.gaveanews.com\/?s={search_term_string}\"},\"query-input\":{\"@type\":\"PropertyValueSpecification\",\"valueRequired\":true,\"valueName\":\"search_term_string\"}}],\"inLanguage\":\"pt-BR\"},{\"@type\":\"Person\",\"@id\":\"https:\/\/www.gaveanews.com\/#\/schema\/person\/2ec14f73fb96be2caf28f91afb14749d\",\"name\":\"Equipe G\u00e1vea News\",\"image\":{\"@type\":\"ImageObject\",\"inLanguage\":\"pt-BR\",\"@id\":\"https:\/\/www.gaveanews.com\/#\/schema\/person\/image\/\",\"url\":\"https:\/\/secure.gravatar.com\/avatar\/1e1956f1facbffd3f8fa53a326721950116b3b9dc9bd44939c01180fd4a745a9?s=96&d=mm&r=g\",\"contentUrl\":\"https:\/\/secure.gravatar.com\/avatar\/1e1956f1facbffd3f8fa53a326721950116b3b9dc9bd44939c01180fd4a745a9?s=96&d=mm&r=g\",\"caption\":\"Equipe G\u00e1vea News\"}}]}<\/script>\n<!-- \/ Yoast SEO Premium plugin. -->","yoast_head_json":{"title":"Jornal diz que antigo alvo do Flamengo est\u00e1 em 'desespero por solu\u00e7\u00e3o' de drama","robots":{"index":"index","follow":"follow","max-snippet":"max-snippet:-1","max-image-preview":"max-image-preview:large","max-video-preview":"max-video-preview:-1"},"canonical":"https:\/\/www.gaveanews.com\/index.php\/2022\/07\/26\/jornal-diz-que-antigo-alvo-do-flamengo-esta-em-desespero-por-solucao-de-drama\/","og_locale":"pt_BR","og_type":"article","og_title":"Jornal diz que antigo alvo do Flamengo est\u00e1 em 'desespero por solu\u00e7\u00e3o' de drama","og_description":"Ap\u00f3s atuar emprestado ao Al-Gharafa na \u00faltima temporada, Gabriel Pires retornou ao Benfica. No entanto, n\u00e3o faz parte dos planos das \u00c1guias e vem treinando com a equipe B. A situa\u00e7\u00e3o foi apontada pelo jornal A Bola como &#8216;desesperadora&#8217;. H\u00e1 um ano, o meia de 28 anos viveu situa\u00e7\u00e3o parecida com Jorge Jesus, quando ficou [&hellip;]","og_url":"https:\/\/www.gaveanews.com\/index.php\/2022\/07\/26\/jornal-diz-que-antigo-alvo-do-flamengo-esta-em-desespero-por-solucao-de-drama\/","og_site_name":"G\u00e1vea News","article_publisher":"https:\/\/facebook.com\/gaveaNews\/","article_published_time":"2022-07-26T03:09:11+00:00","article_modified_time":"2022-07-26T03:09:14+00:00","og_image":[{"width":700,"height":393,"url":"https:\/\/www.gaveanews.com\/wp-content\/uploads\/Gabriel-atleta-do-Benfica.webp","type":"image\/jpeg"}],"author":"Equipe G\u00e1vea News","twitter_card":"summary_large_image","twitter_misc":{"Escrito por":"Equipe G\u00e1vea News","Est. tempo de leitura":"2 minutos"},"schema":{"@context":"https:\/\/schema.org","@graph":[{"@type":"NewsArticle","@id":"https:\/\/www.gaveanews.com\/index.php\/2022\/07\/26\/jornal-diz-que-antigo-alvo-do-flamengo-esta-em-desespero-por-solucao-de-drama\/#article","isPartOf":{"@id":"https:\/\/www.gaveanews.com\/index.php\/2022\/07\/26\/jornal-diz-que-antigo-alvo-do-flamengo-esta-em-desespero-por-solucao-de-drama\/"},"author":{"name":"Equipe G\u00e1vea News","@id":"https:\/\/www.gaveanews.com\/#\/schema\/person\/2ec14f73fb96be2caf28f91afb14749d"},"headline":"Jornal diz que antigo alvo do Flamengo est\u00e1 em &#8216;desespero por solu\u00e7\u00e3o&#8217; de drama","datePublished":"2022-07-26T03:09:11+00:00","dateModified":"2022-07-26T03:09:14+00:00","mainEntityOfPage":{"@id":"https:\/\/www.gaveanews.com\/index.php\/2022\/07\/26\/jornal-diz-que-antigo-alvo-do-flamengo-esta-em-desespero-por-solucao-de-drama\/"},"wordCount":267,"commentCount":0,"image":{"@id":"https:\/\/www.gaveanews.com\/index.php\/2022\/07\/26\/jornal-diz-que-antigo-alvo-do-flamengo-esta-em-desespero-por-solucao-de-drama\/#primaryimage"},"thumbnailUrl":"https:\/\/www.gaveanews.com\/wp-content\/uploads\/Gabriel-atleta-do-Benfica.webp","articleSection":["Negocia\u00e7\u00f5es"],"inLanguage":"pt-BR","potentialAction":[{"@type":"CommentAction","name":"Comment","target":["https:\/\/www.gaveanews.com\/index.php\/2022\/07\/26\/jornal-diz-que-antigo-alvo-do-flamengo-esta-em-desespero-por-solucao-de-drama\/#respond"]}],"copyrightYear":"2022","copyrightHolder":{"@id":"https:\/\/www.gaveanews.com\/#organization"}},{"@type":"WebPage","@id":"https:\/\/www.gaveanews.com\/index.php\/2022\/07\/26\/jornal-diz-que-antigo-alvo-do-flamengo-esta-em-desespero-por-solucao-de-drama\/","url":"https:\/\/www.gaveanews.com\/index.php\/2022\/07\/26\/jornal-diz-que-antigo-alvo-do-flamengo-esta-em-desespero-por-solucao-de-drama\/","name":"Jornal diz que antigo alvo do Flamengo est\u00e1 em 'desespero por solu\u00e7\u00e3o' de drama","isPartOf":{"@id":"https:\/\/www.gaveanews.com\/#website"},"primaryImageOfPage":{"@id":"https:\/\/www.gaveanews.com\/index.php\/2022\/07\/26\/jornal-diz-que-antigo-alvo-do-flamengo-esta-em-desespero-por-solucao-de-drama\/#primaryimage"},"image":{"@id":"https:\/\/www.gaveanews.com\/index.php\/2022\/07\/26\/jornal-diz-que-antigo-alvo-do-flamengo-esta-em-desespero-por-solucao-de-drama\/#primaryimage"},"thumbnailUrl":"https:\/\/www.gaveanews.com\/wp-content\/uploads\/Gabriel-atleta-do-Benfica.webp","datePublished":"2022-07-26T03:09:11+00:00","dateModified":"2022-07-26T03:09:14+00:00","author":{"@id":"https:\/\/www.gaveanews.com\/#\/schema\/person\/2ec14f73fb96be2caf28f91afb14749d"},"breadcrumb":{"@id":"https:\/\/www.gaveanews.com\/index.php\/2022\/07\/26\/jornal-diz-que-antigo-alvo-do-flamengo-esta-em-desespero-por-solucao-de-drama\/#breadcrumb"},"inLanguage":"pt-BR","potentialAction":[{"@type":"ReadAction","target":["https:\/\/www.gaveanews.com\/index.php\/2022\/07\/26\/jornal-diz-que-antigo-alvo-do-flamengo-esta-em-desespero-por-solucao-de-drama\/"]}]},{"@type":"ImageObject","inLanguage":"pt-BR","@id":"https:\/\/www.gaveanews.com\/index.php\/2022\/07\/26\/jornal-diz-que-antigo-alvo-do-flamengo-esta-em-desespero-por-solucao-de-drama\/#primaryimage","url":"https:\/\/www.gaveanews.com\/wp-content\/uploads\/Gabriel-atleta-do-Benfica.webp","contentUrl":"https:\/\/www.gaveanews.com\/wp-content\/uploads\/Gabriel-atleta-do-Benfica.webp","width":700,"height":393,"caption":"Gabriel, atleta do Benfica (Foto: Reprodu\u00e7\u00e3o\/SL Benfica)"},{"@type":"BreadcrumbList","@id":"https:\/\/www.gaveanews.com\/index.php\/2022\/07\/26\/jornal-diz-que-antigo-alvo-do-flamengo-esta-em-desespero-por-solucao-de-drama\/#breadcrumb","itemListElement":[{"@type":"ListItem","position":1,"name":"Home","item":"https:\/\/www.gaveanews.com\/"},{"@type":"ListItem","position":2,"name":"Jornal diz que antigo alvo do Flamengo est\u00e1 em &#8216;desespero por solu\u00e7\u00e3o&#8217; de drama"}]},{"@type":"WebSite","@id":"https:\/\/www.gaveanews.com\/#website","url":"https:\/\/www.gaveanews.com\/","name":"G\u00e1vea News","description":"Veja todas as not\u00edcias sobre o Flamengo: Contrata\u00e7\u00f5es, categorias de base, resultados das partidas, tabela de classifica\u00e7\u00e3o, pr\u00f3ximos jogos!","potentialAction":[{"@type":"SearchAction","target":{"@type":"EntryPoint","urlTemplate":"https:\/\/www.gaveanews.com\/?s={search_term_string}"},"query-input":{"@type":"PropertyValueSpecification","valueRequired":true,"valueName":"search_term_string"}}],"inLanguage":"pt-BR"},{"@type":"Person","@id":"https:\/\/www.gaveanews.com\/#\/schema\/person\/2ec14f73fb96be2caf28f91afb14749d","name":"Equipe G\u00e1vea News","image":{"@type":"ImageObject","inLanguage":"pt-BR","@id":"https:\/\/www.gaveanews.com\/#\/schema\/person\/image\/","url":"https:\/\/secure.gravatar.com\/avatar\/1e1956f1facbffd3f8fa53a326721950116b3b9dc9bd44939c01180fd4a745a9?s=96&d=mm&r=g","contentUrl":"https:\/\/secure.gravatar.com\/avatar\/1e1956f1facbffd3f8fa53a326721950116b3b9dc9bd44939c01180fd4a745a9?s=96&d=mm&r=g","caption":"Equipe G\u00e1vea News"}}]}},"_links":{"self":[{"href":"https:\/\/www.gaveanews.com\/index.php\/wp-json\/wp\/v2\/posts\/85190","targetHints":{"allow":["GET"]}}],"collection":[{"href":"https:\/\/www.gaveanews.com\/index.php\/wp-json\/wp\/v2\/posts"}],"about":[{"href":"https:\/\/www.gaveanews.com\/index.php\/wp-json\/wp\/v2\/types\/post"}],"author":[{"embeddable":true,"href":"https:\/\/www.gaveanews.com\/index.php\/wp-json\/wp\/v2\/users\/1"}],"replies":[{"embeddable":true,"href":"https:\/\/www.gaveanews.com\/index.php\/wp-json\/wp\/v2\/comments?post=85190"}],"version-history":[{"count":0,"href":"https:\/\/www.gaveanews.com\/index.php\/wp-json\/wp\/v2\/posts\/85190\/revisions"}],"wp:featuredmedia":[{"embeddable":true,"href":"https:\/\/www.gaveanews.com\/index.php\/wp-json\/wp\/v2\/media\/84780"}],"wp:attachment":[{"href":"https:\/\/www.gaveanews.com\/index.php\/wp-json\/wp\/v2\/media?parent=85190"}],"wp:term":[{"taxonomy":"category","embeddable":true,"href":"https:\/\/www.gaveanews.com\/index.php\/wp-json\/wp\/v2\/categories?post=85190"},{"taxonomy":"post_tag","embeddable":true,"href":"https:\/\/www.gaveanews.com\/index.php\/wp-json\/wp\/v2\/tags?post=85190"}],"curies":[{"name":"wp","href":"https:\/\/api.w.org\/{rel}","templated":true}]}}