{"id":85204,"date":"2022-07-26T11:37:53","date_gmt":"2022-07-26T14:37:53","guid":{"rendered":"https:\/\/www.gaveanews.com\/?p=85204"},"modified":"2022-07-26T11:37:55","modified_gmt":"2022-07-26T14:37:55","slug":"flamengo-acerta-a-contratacao-de-guilhermo-varela-entenda-condicoes","status":"publish","type":"post","link":"https:\/\/www.gaveanews.com\/index.php\/2022\/07\/26\/flamengo-acerta-a-contratacao-de-guilhermo-varela-entenda-condicoes\/","title":{"rendered":"Flamengo acerta a contrata\u00e7\u00e3o de Guilhermo Varela; entenda condi\u00e7\u00f5es"},"content":{"rendered":"\n<p>O Flamengo acertou mais uma contrata\u00e7\u00e3o importante nesta ter\u00e7a-feira (26). O clube se movimentou nos bastidores e garantiu a chegada de Guilhermo Varela para seu elenco.<\/p>\n\n\n\n<p>O uruguaio acionou o gatilho da Fifa de suspens\u00e3o de contrato com o D\u00ednamo de Moscou e deixa a R\u00fassia ainda hoje. Varela \u00e9 esperado no Rio de Janeiro nesta quarta-feira (27) para assinar contrato com o Fla.<\/p>\n\n\n\n<p>Inicialmente o atleta est\u00e1 sendo contratado por meio de empr\u00e9stimo at\u00e9 o meio de 2023, quando termina seu v\u00ednculo com o clube russo. S\u00f3 ent\u00e3o o Mais Querido ir\u00e1 realizar a contrata\u00e7\u00e3o de forma definitiva do atleta, com quem assinar\u00e1 por mais dois anos.<\/p>\n\n\n\n<p>Varela deu sinais de sua sa\u00edda do D\u00ednamo de Moscou ainda no final de semana, quando deixou a concentra\u00e7\u00e3o da equipe e recolheu seus pertences nas depend\u00eancias do clube. O jogador chega no Flamengo para refor\u00e7ar a posi\u00e7\u00e3o que hoje conta com Matheuzinho e Rodinei como op\u00e7\u00f5es.<\/p>\n\n\n\n<p>Acumulando convoca\u00e7\u00f5es pela Sele\u00e7\u00e3o Uruguaia, Varela chega para ser mais um atleta de alto n\u00edvel no elenco rubro-negro. O lateral-direito de 29 anos vem ao Mais Querido na esperan\u00e7a de se destacar ainda mais e ser convocado para a Copa do Mundo no Qatar.<\/p>\n","protected":false},"excerpt":{"rendered":"<p>O Flamengo acertou mais uma contrata\u00e7\u00e3o importante nesta ter\u00e7a-feira (26). O clube se movimentou nos bastidores e garantiu a chegada de Guilhermo Varela para seu elenco. O uruguaio acionou o gatilho da Fifa de suspens\u00e3o de contrato com o D\u00ednamo de Moscou e deixa a R\u00fassia ainda hoje. Varela \u00e9 esperado no Rio de Janeiro [&hellip;]<\/p>\n","protected":false},"author":4,"featured_media":85205,"comment_status":"open","ping_status":"closed","sticky":false,"template":"","format":"standard","meta":{"footnotes":""},"categories":[48],"tags":[],"class_list":["post-85204","post","type-post","status-publish","format-standard","has-post-thumbnail","hentry","category-negociacoes"],"yoast_head":"<!-- This site is optimized with the Yoast SEO Premium plugin v24.2 (Yoast SEO v26.9) - https:\/\/yoast.com\/product\/yoast-seo-premium-wordpress\/ -->\n<title>Flamengo acerta a contrata\u00e7\u00e3o de Guilhermo Varela; entenda condi\u00e7\u00f5es<\/title>\n<meta name=\"robots\" content=\"index, follow, max-snippet:-1, max-image-preview:large, max-video-preview:-1\" \/>\n<link rel=\"canonical\" href=\"https:\/\/www.gaveanews.com\/index.php\/2022\/07\/26\/flamengo-acerta-a-contratacao-de-guilhermo-varela-entenda-condicoes\/\" \/>\n<meta property=\"og:locale\" content=\"pt_BR\" \/>\n<meta property=\"og:type\" content=\"article\" \/>\n<meta property=\"og:title\" content=\"Flamengo acerta a contrata\u00e7\u00e3o de Guilhermo Varela; entenda condi\u00e7\u00f5es\" \/>\n<meta property=\"og:description\" content=\"O Flamengo acertou mais uma contrata\u00e7\u00e3o importante nesta ter\u00e7a-feira (26). O clube se movimentou nos bastidores e garantiu a chegada de Guilhermo Varela para seu elenco. O uruguaio acionou o gatilho da Fifa de suspens\u00e3o de contrato com o D\u00ednamo de Moscou e deixa a R\u00fassia ainda hoje. Varela \u00e9 esperado no Rio de Janeiro [&hellip;]\" \/>\n<meta property=\"og:url\" content=\"https:\/\/www.gaveanews.com\/index.php\/2022\/07\/26\/flamengo-acerta-a-contratacao-de-guilhermo-varela-entenda-condicoes\/\" \/>\n<meta property=\"og:site_name\" content=\"G\u00e1vea News\" \/>\n<meta property=\"article:publisher\" content=\"https:\/\/facebook.com\/gaveaNews\/\" \/>\n<meta property=\"article:published_time\" content=\"2022-07-26T14:37:53+00:00\" \/>\n<meta property=\"article:modified_time\" content=\"2022-07-26T14:37:55+00:00\" \/>\n<meta property=\"og:image\" content=\"https:\/\/www.gaveanews.com\/wp-content\/uploads\/Guilhermo-Varela-em-atuacao-pelo-Dinamo-de-Moscou.webp\" \/>\n\t<meta property=\"og:image:width\" content=\"1000\" \/>\n\t<meta property=\"og:image:height\" content=\"666\" \/>\n\t<meta property=\"og:image:type\" content=\"image\/webp\" \/>\n<meta name=\"author\" content=\"Let\u00edcia Gerheim\" \/>\n<meta name=\"twitter:card\" content=\"summary_large_image\" \/>\n<meta name=\"twitter:label1\" content=\"Escrito por\" \/>\n\t<meta name=\"twitter:data1\" content=\"Let\u00edcia Gerheim\" \/>\n\t<meta name=\"twitter:label2\" content=\"Est. tempo de leitura\" \/>\n\t<meta name=\"twitter:data2\" content=\"2 minutos\" \/>\n<script type=\"application\/ld+json\" class=\"yoast-schema-graph\">{\"@context\":\"https:\/\/schema.org\",\"@graph\":[{\"@type\":\"NewsArticle\",\"@id\":\"https:\/\/www.gaveanews.com\/index.php\/2022\/07\/26\/flamengo-acerta-a-contratacao-de-guilhermo-varela-entenda-condicoes\/#article\",\"isPartOf\":{\"@id\":\"https:\/\/www.gaveanews.com\/index.php\/2022\/07\/26\/flamengo-acerta-a-contratacao-de-guilhermo-varela-entenda-condicoes\/\"},\"author\":{\"name\":\"Let\u00edcia Gerheim\",\"@id\":\"https:\/\/www.gaveanews.com\/#\/schema\/person\/714c67050b836198af2450ba1c142a67\"},\"headline\":\"Flamengo acerta a contrata\u00e7\u00e3o de Guilhermo Varela; entenda condi\u00e7\u00f5es\",\"datePublished\":\"2022-07-26T14:37:53+00:00\",\"dateModified\":\"2022-07-26T14:37:55+00:00\",\"mainEntityOfPage\":{\"@id\":\"https:\/\/www.gaveanews.com\/index.php\/2022\/07\/26\/flamengo-acerta-a-contratacao-de-guilhermo-varela-entenda-condicoes\/\"},\"wordCount\":225,\"commentCount\":0,\"image\":{\"@id\":\"https:\/\/www.gaveanews.com\/index.php\/2022\/07\/26\/flamengo-acerta-a-contratacao-de-guilhermo-varela-entenda-condicoes\/#primaryimage\"},\"thumbnailUrl\":\"https:\/\/www.gaveanews.com\/wp-content\/uploads\/Guilhermo-Varela-em-atuacao-pelo-Dinamo-de-Moscou.webp\",\"articleSection\":[\"Negocia\u00e7\u00f5es\"],\"inLanguage\":\"pt-BR\",\"potentialAction\":[{\"@type\":\"CommentAction\",\"name\":\"Comment\",\"target\":[\"https:\/\/www.gaveanews.com\/index.php\/2022\/07\/26\/flamengo-acerta-a-contratacao-de-guilhermo-varela-entenda-condicoes\/#respond\"]}],\"copyrightYear\":\"2022\",\"copyrightHolder\":{\"@id\":\"https:\/\/www.gaveanews.com\/#organization\"}},{\"@type\":\"WebPage\",\"@id\":\"https:\/\/www.gaveanews.com\/index.php\/2022\/07\/26\/flamengo-acerta-a-contratacao-de-guilhermo-varela-entenda-condicoes\/\",\"url\":\"https:\/\/www.gaveanews.com\/index.php\/2022\/07\/26\/flamengo-acerta-a-contratacao-de-guilhermo-varela-entenda-condicoes\/\",\"name\":\"Flamengo acerta a contrata\u00e7\u00e3o de Guilhermo Varela; entenda condi\u00e7\u00f5es\",\"isPartOf\":{\"@id\":\"https:\/\/www.gaveanews.com\/#website\"},\"primaryImageOfPage\":{\"@id\":\"https:\/\/www.gaveanews.com\/index.php\/2022\/07\/26\/flamengo-acerta-a-contratacao-de-guilhermo-varela-entenda-condicoes\/#primaryimage\"},\"image\":{\"@id\":\"https:\/\/www.gaveanews.com\/index.php\/2022\/07\/26\/flamengo-acerta-a-contratacao-de-guilhermo-varela-entenda-condicoes\/#primaryimage\"},\"thumbnailUrl\":\"https:\/\/www.gaveanews.com\/wp-content\/uploads\/Guilhermo-Varela-em-atuacao-pelo-Dinamo-de-Moscou.webp\",\"datePublished\":\"2022-07-26T14:37:53+00:00\",\"dateModified\":\"2022-07-26T14:37:55+00:00\",\"author\":{\"@id\":\"https:\/\/www.gaveanews.com\/#\/schema\/person\/714c67050b836198af2450ba1c142a67\"},\"breadcrumb\":{\"@id\":\"https:\/\/www.gaveanews.com\/index.php\/2022\/07\/26\/flamengo-acerta-a-contratacao-de-guilhermo-varela-entenda-condicoes\/#breadcrumb\"},\"inLanguage\":\"pt-BR\",\"potentialAction\":[{\"@type\":\"ReadAction\",\"target\":[\"https:\/\/www.gaveanews.com\/index.php\/2022\/07\/26\/flamengo-acerta-a-contratacao-de-guilhermo-varela-entenda-condicoes\/\"]}]},{\"@type\":\"ImageObject\",\"inLanguage\":\"pt-BR\",\"@id\":\"https:\/\/www.gaveanews.com\/index.php\/2022\/07\/26\/flamengo-acerta-a-contratacao-de-guilhermo-varela-entenda-condicoes\/#primaryimage\",\"url\":\"https:\/\/www.gaveanews.com\/wp-content\/uploads\/Guilhermo-Varela-em-atuacao-pelo-Dinamo-de-Moscou.webp\",\"contentUrl\":\"https:\/\/www.gaveanews.com\/wp-content\/uploads\/Guilhermo-Varela-em-atuacao-pelo-Dinamo-de-Moscou.webp\",\"width\":1000,\"height\":666,\"caption\":\"Guilhermo Varela em atua\u00e7\u00e3o pelo D\u00ednamo de Moscou (Foto: Reprodu\u00e7\u00e3o)\"},{\"@type\":\"BreadcrumbList\",\"@id\":\"https:\/\/www.gaveanews.com\/index.php\/2022\/07\/26\/flamengo-acerta-a-contratacao-de-guilhermo-varela-entenda-condicoes\/#breadcrumb\",\"itemListElement\":[{\"@type\":\"ListItem\",\"position\":1,\"name\":\"Home\",\"item\":\"https:\/\/www.gaveanews.com\/\"},{\"@type\":\"ListItem\",\"position\":2,\"name\":\"Flamengo acerta a contrata\u00e7\u00e3o de Guilhermo Varela; entenda condi\u00e7\u00f5es\"}]},{\"@type\":\"WebSite\",\"@id\":\"https:\/\/www.gaveanews.com\/#website\",\"url\":\"https:\/\/www.gaveanews.com\/\",\"name\":\"G\u00e1vea News\",\"description\":\"Veja todas as not\u00edcias sobre o Flamengo: Contrata\u00e7\u00f5es, categorias de base, resultados das partidas, tabela de classifica\u00e7\u00e3o, pr\u00f3ximos jogos!\",\"potentialAction\":[{\"@type\":\"SearchAction\",\"target\":{\"@type\":\"EntryPoint\",\"urlTemplate\":\"https:\/\/www.gaveanews.com\/?s={search_term_string}\"},\"query-input\":{\"@type\":\"PropertyValueSpecification\",\"valueRequired\":true,\"valueName\":\"search_term_string\"}}],\"inLanguage\":\"pt-BR\"},{\"@type\":\"Person\",\"@id\":\"https:\/\/www.gaveanews.com\/#\/schema\/person\/714c67050b836198af2450ba1c142a67\",\"name\":\"Let\u00edcia Gerheim\",\"image\":{\"@type\":\"ImageObject\",\"inLanguage\":\"pt-BR\",\"@id\":\"https:\/\/www.gaveanews.com\/#\/schema\/person\/image\/\",\"url\":\"https:\/\/secure.gravatar.com\/avatar\/60734739c50fcebfbac509e2a826ccd0ff405c019bc73aab9354f19ecad1dcb4?s=96&d=mm&r=g\",\"contentUrl\":\"https:\/\/secure.gravatar.com\/avatar\/60734739c50fcebfbac509e2a826ccd0ff405c019bc73aab9354f19ecad1dcb4?s=96&d=mm&r=g\",\"caption\":\"Let\u00edcia Gerheim\"}}]}<\/script>\n<!-- \/ Yoast SEO Premium plugin. -->","yoast_head_json":{"title":"Flamengo acerta a contrata\u00e7\u00e3o de Guilhermo Varela; entenda condi\u00e7\u00f5es","robots":{"index":"index","follow":"follow","max-snippet":"max-snippet:-1","max-image-preview":"max-image-preview:large","max-video-preview":"max-video-preview:-1"},"canonical":"https:\/\/www.gaveanews.com\/index.php\/2022\/07\/26\/flamengo-acerta-a-contratacao-de-guilhermo-varela-entenda-condicoes\/","og_locale":"pt_BR","og_type":"article","og_title":"Flamengo acerta a contrata\u00e7\u00e3o de Guilhermo Varela; entenda condi\u00e7\u00f5es","og_description":"O Flamengo acertou mais uma contrata\u00e7\u00e3o importante nesta ter\u00e7a-feira (26). O clube se movimentou nos bastidores e garantiu a chegada de Guilhermo Varela para seu elenco. O uruguaio acionou o gatilho da Fifa de suspens\u00e3o de contrato com o D\u00ednamo de Moscou e deixa a R\u00fassia ainda hoje. Varela \u00e9 esperado no Rio de Janeiro [&hellip;]","og_url":"https:\/\/www.gaveanews.com\/index.php\/2022\/07\/26\/flamengo-acerta-a-contratacao-de-guilhermo-varela-entenda-condicoes\/","og_site_name":"G\u00e1vea News","article_publisher":"https:\/\/facebook.com\/gaveaNews\/","article_published_time":"2022-07-26T14:37:53+00:00","article_modified_time":"2022-07-26T14:37:55+00:00","og_image":[{"width":1000,"height":666,"url":"https:\/\/www.gaveanews.com\/wp-content\/uploads\/Guilhermo-Varela-em-atuacao-pelo-Dinamo-de-Moscou.webp","type":"image\/webp"}],"author":"Let\u00edcia Gerheim","twitter_card":"summary_large_image","twitter_misc":{"Escrito por":"Let\u00edcia Gerheim","Est. tempo de leitura":"2 minutos"},"schema":{"@context":"https:\/\/schema.org","@graph":[{"@type":"NewsArticle","@id":"https:\/\/www.gaveanews.com\/index.php\/2022\/07\/26\/flamengo-acerta-a-contratacao-de-guilhermo-varela-entenda-condicoes\/#article","isPartOf":{"@id":"https:\/\/www.gaveanews.com\/index.php\/2022\/07\/26\/flamengo-acerta-a-contratacao-de-guilhermo-varela-entenda-condicoes\/"},"author":{"name":"Let\u00edcia Gerheim","@id":"https:\/\/www.gaveanews.com\/#\/schema\/person\/714c67050b836198af2450ba1c142a67"},"headline":"Flamengo acerta a contrata\u00e7\u00e3o de Guilhermo Varela; entenda condi\u00e7\u00f5es","datePublished":"2022-07-26T14:37:53+00:00","dateModified":"2022-07-26T14:37:55+00:00","mainEntityOfPage":{"@id":"https:\/\/www.gaveanews.com\/index.php\/2022\/07\/26\/flamengo-acerta-a-contratacao-de-guilhermo-varela-entenda-condicoes\/"},"wordCount":225,"commentCount":0,"image":{"@id":"https:\/\/www.gaveanews.com\/index.php\/2022\/07\/26\/flamengo-acerta-a-contratacao-de-guilhermo-varela-entenda-condicoes\/#primaryimage"},"thumbnailUrl":"https:\/\/www.gaveanews.com\/wp-content\/uploads\/Guilhermo-Varela-em-atuacao-pelo-Dinamo-de-Moscou.webp","articleSection":["Negocia\u00e7\u00f5es"],"inLanguage":"pt-BR","potentialAction":[{"@type":"CommentAction","name":"Comment","target":["https:\/\/www.gaveanews.com\/index.php\/2022\/07\/26\/flamengo-acerta-a-contratacao-de-guilhermo-varela-entenda-condicoes\/#respond"]}],"copyrightYear":"2022","copyrightHolder":{"@id":"https:\/\/www.gaveanews.com\/#organization"}},{"@type":"WebPage","@id":"https:\/\/www.gaveanews.com\/index.php\/2022\/07\/26\/flamengo-acerta-a-contratacao-de-guilhermo-varela-entenda-condicoes\/","url":"https:\/\/www.gaveanews.com\/index.php\/2022\/07\/26\/flamengo-acerta-a-contratacao-de-guilhermo-varela-entenda-condicoes\/","name":"Flamengo acerta a contrata\u00e7\u00e3o de Guilhermo Varela; entenda condi\u00e7\u00f5es","isPartOf":{"@id":"https:\/\/www.gaveanews.com\/#website"},"primaryImageOfPage":{"@id":"https:\/\/www.gaveanews.com\/index.php\/2022\/07\/26\/flamengo-acerta-a-contratacao-de-guilhermo-varela-entenda-condicoes\/#primaryimage"},"image":{"@id":"https:\/\/www.gaveanews.com\/index.php\/2022\/07\/26\/flamengo-acerta-a-contratacao-de-guilhermo-varela-entenda-condicoes\/#primaryimage"},"thumbnailUrl":"https:\/\/www.gaveanews.com\/wp-content\/uploads\/Guilhermo-Varela-em-atuacao-pelo-Dinamo-de-Moscou.webp","datePublished":"2022-07-26T14:37:53+00:00","dateModified":"2022-07-26T14:37:55+00:00","author":{"@id":"https:\/\/www.gaveanews.com\/#\/schema\/person\/714c67050b836198af2450ba1c142a67"},"breadcrumb":{"@id":"https:\/\/www.gaveanews.com\/index.php\/2022\/07\/26\/flamengo-acerta-a-contratacao-de-guilhermo-varela-entenda-condicoes\/#breadcrumb"},"inLanguage":"pt-BR","potentialAction":[{"@type":"ReadAction","target":["https:\/\/www.gaveanews.com\/index.php\/2022\/07\/26\/flamengo-acerta-a-contratacao-de-guilhermo-varela-entenda-condicoes\/"]}]},{"@type":"ImageObject","inLanguage":"pt-BR","@id":"https:\/\/www.gaveanews.com\/index.php\/2022\/07\/26\/flamengo-acerta-a-contratacao-de-guilhermo-varela-entenda-condicoes\/#primaryimage","url":"https:\/\/www.gaveanews.com\/wp-content\/uploads\/Guilhermo-Varela-em-atuacao-pelo-Dinamo-de-Moscou.webp","contentUrl":"https:\/\/www.gaveanews.com\/wp-content\/uploads\/Guilhermo-Varela-em-atuacao-pelo-Dinamo-de-Moscou.webp","width":1000,"height":666,"caption":"Guilhermo Varela em atua\u00e7\u00e3o pelo D\u00ednamo de Moscou (Foto: Reprodu\u00e7\u00e3o)"},{"@type":"BreadcrumbList","@id":"https:\/\/www.gaveanews.com\/index.php\/2022\/07\/26\/flamengo-acerta-a-contratacao-de-guilhermo-varela-entenda-condicoes\/#breadcrumb","itemListElement":[{"@type":"ListItem","position":1,"name":"Home","item":"https:\/\/www.gaveanews.com\/"},{"@type":"ListItem","position":2,"name":"Flamengo acerta a contrata\u00e7\u00e3o de Guilhermo Varela; entenda condi\u00e7\u00f5es"}]},{"@type":"WebSite","@id":"https:\/\/www.gaveanews.com\/#website","url":"https:\/\/www.gaveanews.com\/","name":"G\u00e1vea News","description":"Veja todas as not\u00edcias sobre o Flamengo: Contrata\u00e7\u00f5es, categorias de base, resultados das partidas, tabela de classifica\u00e7\u00e3o, pr\u00f3ximos jogos!","potentialAction":[{"@type":"SearchAction","target":{"@type":"EntryPoint","urlTemplate":"https:\/\/www.gaveanews.com\/?s={search_term_string}"},"query-input":{"@type":"PropertyValueSpecification","valueRequired":true,"valueName":"search_term_string"}}],"inLanguage":"pt-BR"},{"@type":"Person","@id":"https:\/\/www.gaveanews.com\/#\/schema\/person\/714c67050b836198af2450ba1c142a67","name":"Let\u00edcia Gerheim","image":{"@type":"ImageObject","inLanguage":"pt-BR","@id":"https:\/\/www.gaveanews.com\/#\/schema\/person\/image\/","url":"https:\/\/secure.gravatar.com\/avatar\/60734739c50fcebfbac509e2a826ccd0ff405c019bc73aab9354f19ecad1dcb4?s=96&d=mm&r=g","contentUrl":"https:\/\/secure.gravatar.com\/avatar\/60734739c50fcebfbac509e2a826ccd0ff405c019bc73aab9354f19ecad1dcb4?s=96&d=mm&r=g","caption":"Let\u00edcia Gerheim"}}]}},"_links":{"self":[{"href":"https:\/\/www.gaveanews.com\/index.php\/wp-json\/wp\/v2\/posts\/85204","targetHints":{"allow":["GET"]}}],"collection":[{"href":"https:\/\/www.gaveanews.com\/index.php\/wp-json\/wp\/v2\/posts"}],"about":[{"href":"https:\/\/www.gaveanews.com\/index.php\/wp-json\/wp\/v2\/types\/post"}],"author":[{"embeddable":true,"href":"https:\/\/www.gaveanews.com\/index.php\/wp-json\/wp\/v2\/users\/4"}],"replies":[{"embeddable":true,"href":"https:\/\/www.gaveanews.com\/index.php\/wp-json\/wp\/v2\/comments?post=85204"}],"version-history":[{"count":0,"href":"https:\/\/www.gaveanews.com\/index.php\/wp-json\/wp\/v2\/posts\/85204\/revisions"}],"wp:featuredmedia":[{"embeddable":true,"href":"https:\/\/www.gaveanews.com\/index.php\/wp-json\/wp\/v2\/media\/85205"}],"wp:attachment":[{"href":"https:\/\/www.gaveanews.com\/index.php\/wp-json\/wp\/v2\/media?parent=85204"}],"wp:term":[{"taxonomy":"category","embeddable":true,"href":"https:\/\/www.gaveanews.com\/index.php\/wp-json\/wp\/v2\/categories?post=85204"},{"taxonomy":"post_tag","embeddable":true,"href":"https:\/\/www.gaveanews.com\/index.php\/wp-json\/wp\/v2\/tags?post=85204"}],"curies":[{"name":"wp","href":"https:\/\/api.w.org\/{rel}","templated":true}]}}