{"id":85221,"date":"2022-07-26T19:59:55","date_gmt":"2022-07-26T22:59:55","guid":{"rendered":"https:\/\/www.gaveanews.com\/?p=85221"},"modified":"2022-07-26T19:59:57","modified_gmt":"2022-07-26T22:59:57","slug":"vasco-promete-briga-com-o-flamengo-e-fluminense","status":"publish","type":"post","link":"https:\/\/www.gaveanews.com\/index.php\/2022\/07\/26\/vasco-promete-briga-com-o-flamengo-e-fluminense\/","title":{"rendered":"Vasco promete &#8220;briga&#8221; com o Flamengo e Fluminense"},"content":{"rendered":"\n<p>O Cons\u00f3rcio do Maracan\u00e3 negou o pedido do Vasco para mandar a partida diante da Chapecoense, no dia 31 de julho, no est\u00e1dio. A resposta da dupla Fla-Flu, que administra de forma provis\u00f3ria o local, veio nesta ter\u00e7a-feira. O Cruz-Maltino, por sua vez, amea\u00e7ou tomar &#8220;medidas cab\u00edveis&#8221;.<\/p>\n\n\n\n<p>Apesar disso, no entanto, o Vasco vai disputar a partida diante da Chape em S\u00e3o Janu\u00e1rio. O jogo marcar\u00e1 a estreia de Alex Teixeira, que retorna o clube ap\u00f3s 12 anos. Esse era, inclusive, o motivo pelo qual os vasca\u00ednos gostariam de disputar o confronto no local.<\/p>\n\n\n\n<p>A dupla Fla-Flu usou a justificativa do gramado para negar o pedido do Vasco. O est\u00e1dio ficou fechado nos \u00faltimos dias para reparo na grama e vai reabrir nesta quarta-feira (27), para Flamengo e Athl\u00e9tico, pela Copa do Brasil.<\/p>\n\n\n\n<p>Eles sugeriram ao Vasco outras datas. O maior problema \u00e9 que em nenhuma das datas sugeridas, o clube \u00e9 mandante do jogo. A situa\u00e7\u00e3o causou revolta entre os vasca\u00ednos.<\/p>\n\n\n\n<p><em>\u2014 \u00c9 a segunda vez seguida que o est\u00e1dio, bem p\u00fablico pertencente ao Estado do Rio de Janeiro, \u00e9 negado ao clube. Da \u00faltima vez, contra o Sport, o Vasco teve que recorrer \u00e0 justi\u00e7a contra o CR Flamengo, permission\u00e1rio do est\u00e1dio, ap\u00f3s ser impedido de utilizar um equipamento que \u00e9 p\u00fablico e que deve estar aberto e dispon\u00edvel para todos os grandes clubes do Rio de Janeiro em igualdade de condi\u00e7\u00f5es. Como expresso da proposta do CR Flamengo ao Governo do Estado, assim como o termo de refer\u00eancia do contrato de uso prec\u00e1rio. Esse entendimento foi ratificado por duas inst\u00e2ncias do TJ-RJ<\/em>, diz um trecho do comunicado oficial do Vasco.<\/p>\n\n\n\n<p>O Flamengo, por sua vez, entende que a decis\u00e3o da justi\u00e7a, que permitiu que o Vasco jogasse diante do Cruzeiro no est\u00e1dio, foi falha e pediu explica\u00e7\u00f5es a desembargadora que deu parecer favor\u00e1vel aos vasca\u00ednos. Neste caso, o rubro-negro tenta reverter a decis\u00e3o anterior, mesmo que a partida j\u00e1 tenha ocorrido.<\/p>\n\n\n\n<p>Segundo soube a &#8216;Goal&#8217;, a ideia do Flamengo \u00e9 deixar como resultado final, uma decis\u00e3o que demonstre que o Vasco n\u00e3o tinha o direito e jogou com base numa decis\u00e3o de car\u00e1ter liminar, provis\u00f3rio e que n\u00e3o era definitiva. Logo, o clube busca evitar que se crie um precedente e o Cruz-Maltino tenha direito dado pela justi\u00e7a de alugar o est\u00e1dio quando quiser.<\/p>\n\n\n\n<p>Retirado de: Goal<\/p>\n","protected":false},"excerpt":{"rendered":"<p>O Cons\u00f3rcio do Maracan\u00e3 negou o pedido do Vasco para mandar a partida diante da Chapecoense, no dia 31 de julho, no est\u00e1dio. A resposta da dupla Fla-Flu, que administra de forma provis\u00f3ria o local, veio nesta ter\u00e7a-feira. O Cruz-Maltino, por sua vez, amea\u00e7ou tomar &#8220;medidas cab\u00edveis&#8221;. Apesar disso, no entanto, o Vasco vai disputar [&hellip;]<\/p>\n","protected":false},"author":1,"featured_media":84657,"comment_status":"open","ping_status":"closed","sticky":false,"template":"","format":"standard","meta":{"footnotes":""},"categories":[1],"tags":[],"class_list":["post-85221","post","type-post","status-publish","format-standard","has-post-thumbnail","hentry","category-flamengo"],"yoast_head":"<!-- This site is optimized with the Yoast SEO Premium plugin v24.2 (Yoast SEO v26.9) - https:\/\/yoast.com\/product\/yoast-seo-premium-wordpress\/ -->\n<title>Vasco promete &quot;briga&quot; com o Flamengo e Fluminense<\/title>\n<meta name=\"robots\" content=\"index, follow, max-snippet:-1, max-image-preview:large, max-video-preview:-1\" \/>\n<link rel=\"canonical\" href=\"https:\/\/www.gaveanews.com\/index.php\/2022\/07\/26\/vasco-promete-briga-com-o-flamengo-e-fluminense\/\" \/>\n<meta property=\"og:locale\" content=\"pt_BR\" \/>\n<meta property=\"og:type\" content=\"article\" \/>\n<meta property=\"og:title\" content=\"Vasco promete &quot;briga&quot; com o Flamengo e Fluminense\" \/>\n<meta property=\"og:description\" content=\"O Cons\u00f3rcio do Maracan\u00e3 negou o pedido do Vasco para mandar a partida diante da Chapecoense, no dia 31 de julho, no est\u00e1dio. A resposta da dupla Fla-Flu, que administra de forma provis\u00f3ria o local, veio nesta ter\u00e7a-feira. O Cruz-Maltino, por sua vez, amea\u00e7ou tomar &#8220;medidas cab\u00edveis&#8221;. Apesar disso, no entanto, o Vasco vai disputar [&hellip;]\" \/>\n<meta property=\"og:url\" content=\"https:\/\/www.gaveanews.com\/index.php\/2022\/07\/26\/vasco-promete-briga-com-o-flamengo-e-fluminense\/\" \/>\n<meta property=\"og:site_name\" content=\"G\u00e1vea News\" \/>\n<meta property=\"article:publisher\" content=\"https:\/\/facebook.com\/gaveaNews\/\" \/>\n<meta property=\"article:published_time\" content=\"2022-07-26T22:59:55+00:00\" \/>\n<meta property=\"article:modified_time\" content=\"2022-07-26T22:59:57+00:00\" \/>\n<meta property=\"og:image\" content=\"https:\/\/www.gaveanews.com\/wp-content\/uploads\/Estadio-Maracana.webp\" \/>\n\t<meta property=\"og:image:width\" content=\"846\" \/>\n\t<meta property=\"og:image:height\" content=\"476\" \/>\n\t<meta property=\"og:image:type\" content=\"image\/webp\" \/>\n<meta name=\"author\" content=\"Equipe G\u00e1vea News\" \/>\n<meta name=\"twitter:card\" content=\"summary_large_image\" \/>\n<meta name=\"twitter:label1\" content=\"Escrito por\" \/>\n\t<meta name=\"twitter:data1\" content=\"Equipe G\u00e1vea News\" \/>\n\t<meta name=\"twitter:label2\" content=\"Est. tempo de leitura\" \/>\n\t<meta name=\"twitter:data2\" content=\"3 minutos\" \/>\n<script type=\"application\/ld+json\" class=\"yoast-schema-graph\">{\"@context\":\"https:\/\/schema.org\",\"@graph\":[{\"@type\":\"NewsArticle\",\"@id\":\"https:\/\/www.gaveanews.com\/index.php\/2022\/07\/26\/vasco-promete-briga-com-o-flamengo-e-fluminense\/#article\",\"isPartOf\":{\"@id\":\"https:\/\/www.gaveanews.com\/index.php\/2022\/07\/26\/vasco-promete-briga-com-o-flamengo-e-fluminense\/\"},\"author\":{\"name\":\"Equipe G\u00e1vea News\",\"@id\":\"https:\/\/www.gaveanews.com\/#\/schema\/person\/2ec14f73fb96be2caf28f91afb14749d\"},\"headline\":\"Vasco promete &#8220;briga&#8221; com o Flamengo e Fluminense\",\"datePublished\":\"2022-07-26T22:59:55+00:00\",\"dateModified\":\"2022-07-26T22:59:57+00:00\",\"mainEntityOfPage\":{\"@id\":\"https:\/\/www.gaveanews.com\/index.php\/2022\/07\/26\/vasco-promete-briga-com-o-flamengo-e-fluminense\/\"},\"wordCount\":428,\"commentCount\":0,\"image\":{\"@id\":\"https:\/\/www.gaveanews.com\/index.php\/2022\/07\/26\/vasco-promete-briga-com-o-flamengo-e-fluminense\/#primaryimage\"},\"thumbnailUrl\":\"https:\/\/www.gaveanews.com\/wp-content\/uploads\/Estadio-Maracana.webp\",\"articleSection\":[\"Flamengo\"],\"inLanguage\":\"pt-BR\",\"potentialAction\":[{\"@type\":\"CommentAction\",\"name\":\"Comment\",\"target\":[\"https:\/\/www.gaveanews.com\/index.php\/2022\/07\/26\/vasco-promete-briga-com-o-flamengo-e-fluminense\/#respond\"]}],\"copyrightYear\":\"2022\",\"copyrightHolder\":{\"@id\":\"https:\/\/www.gaveanews.com\/#organization\"}},{\"@type\":\"WebPage\",\"@id\":\"https:\/\/www.gaveanews.com\/index.php\/2022\/07\/26\/vasco-promete-briga-com-o-flamengo-e-fluminense\/\",\"url\":\"https:\/\/www.gaveanews.com\/index.php\/2022\/07\/26\/vasco-promete-briga-com-o-flamengo-e-fluminense\/\",\"name\":\"Vasco promete \\\"briga\\\" com o Flamengo e Fluminense\",\"isPartOf\":{\"@id\":\"https:\/\/www.gaveanews.com\/#website\"},\"primaryImageOfPage\":{\"@id\":\"https:\/\/www.gaveanews.com\/index.php\/2022\/07\/26\/vasco-promete-briga-com-o-flamengo-e-fluminense\/#primaryimage\"},\"image\":{\"@id\":\"https:\/\/www.gaveanews.com\/index.php\/2022\/07\/26\/vasco-promete-briga-com-o-flamengo-e-fluminense\/#primaryimage\"},\"thumbnailUrl\":\"https:\/\/www.gaveanews.com\/wp-content\/uploads\/Estadio-Maracana.webp\",\"datePublished\":\"2022-07-26T22:59:55+00:00\",\"dateModified\":\"2022-07-26T22:59:57+00:00\",\"author\":{\"@id\":\"https:\/\/www.gaveanews.com\/#\/schema\/person\/2ec14f73fb96be2caf28f91afb14749d\"},\"breadcrumb\":{\"@id\":\"https:\/\/www.gaveanews.com\/index.php\/2022\/07\/26\/vasco-promete-briga-com-o-flamengo-e-fluminense\/#breadcrumb\"},\"inLanguage\":\"pt-BR\",\"potentialAction\":[{\"@type\":\"ReadAction\",\"target\":[\"https:\/\/www.gaveanews.com\/index.php\/2022\/07\/26\/vasco-promete-briga-com-o-flamengo-e-fluminense\/\"]}]},{\"@type\":\"ImageObject\",\"inLanguage\":\"pt-BR\",\"@id\":\"https:\/\/www.gaveanews.com\/index.php\/2022\/07\/26\/vasco-promete-briga-com-o-flamengo-e-fluminense\/#primaryimage\",\"url\":\"https:\/\/www.gaveanews.com\/wp-content\/uploads\/Estadio-Maracana.webp\",\"contentUrl\":\"https:\/\/www.gaveanews.com\/wp-content\/uploads\/Estadio-Maracana.webp\",\"width\":846,\"height\":476,\"caption\":\"Est\u00e1dio Maracan\u00e3 (Foto: Alexandre Vidal\/Flamengo)\"},{\"@type\":\"BreadcrumbList\",\"@id\":\"https:\/\/www.gaveanews.com\/index.php\/2022\/07\/26\/vasco-promete-briga-com-o-flamengo-e-fluminense\/#breadcrumb\",\"itemListElement\":[{\"@type\":\"ListItem\",\"position\":1,\"name\":\"Home\",\"item\":\"https:\/\/www.gaveanews.com\/\"},{\"@type\":\"ListItem\",\"position\":2,\"name\":\"Vasco promete &#8220;briga&#8221; com o Flamengo e Fluminense\"}]},{\"@type\":\"WebSite\",\"@id\":\"https:\/\/www.gaveanews.com\/#website\",\"url\":\"https:\/\/www.gaveanews.com\/\",\"name\":\"G\u00e1vea News\",\"description\":\"Veja todas as not\u00edcias sobre o Flamengo: Contrata\u00e7\u00f5es, categorias de base, resultados das partidas, tabela de classifica\u00e7\u00e3o, pr\u00f3ximos jogos!\",\"potentialAction\":[{\"@type\":\"SearchAction\",\"target\":{\"@type\":\"EntryPoint\",\"urlTemplate\":\"https:\/\/www.gaveanews.com\/?s={search_term_string}\"},\"query-input\":{\"@type\":\"PropertyValueSpecification\",\"valueRequired\":true,\"valueName\":\"search_term_string\"}}],\"inLanguage\":\"pt-BR\"},{\"@type\":\"Person\",\"@id\":\"https:\/\/www.gaveanews.com\/#\/schema\/person\/2ec14f73fb96be2caf28f91afb14749d\",\"name\":\"Equipe G\u00e1vea News\",\"image\":{\"@type\":\"ImageObject\",\"inLanguage\":\"pt-BR\",\"@id\":\"https:\/\/www.gaveanews.com\/#\/schema\/person\/image\/\",\"url\":\"https:\/\/secure.gravatar.com\/avatar\/1e1956f1facbffd3f8fa53a326721950116b3b9dc9bd44939c01180fd4a745a9?s=96&d=mm&r=g\",\"contentUrl\":\"https:\/\/secure.gravatar.com\/avatar\/1e1956f1facbffd3f8fa53a326721950116b3b9dc9bd44939c01180fd4a745a9?s=96&d=mm&r=g\",\"caption\":\"Equipe G\u00e1vea News\"}}]}<\/script>\n<!-- \/ Yoast SEO Premium plugin. -->","yoast_head_json":{"title":"Vasco promete \"briga\" com o Flamengo e Fluminense","robots":{"index":"index","follow":"follow","max-snippet":"max-snippet:-1","max-image-preview":"max-image-preview:large","max-video-preview":"max-video-preview:-1"},"canonical":"https:\/\/www.gaveanews.com\/index.php\/2022\/07\/26\/vasco-promete-briga-com-o-flamengo-e-fluminense\/","og_locale":"pt_BR","og_type":"article","og_title":"Vasco promete \"briga\" com o Flamengo e Fluminense","og_description":"O Cons\u00f3rcio do Maracan\u00e3 negou o pedido do Vasco para mandar a partida diante da Chapecoense, no dia 31 de julho, no est\u00e1dio. A resposta da dupla Fla-Flu, que administra de forma provis\u00f3ria o local, veio nesta ter\u00e7a-feira. O Cruz-Maltino, por sua vez, amea\u00e7ou tomar &#8220;medidas cab\u00edveis&#8221;. Apesar disso, no entanto, o Vasco vai disputar [&hellip;]","og_url":"https:\/\/www.gaveanews.com\/index.php\/2022\/07\/26\/vasco-promete-briga-com-o-flamengo-e-fluminense\/","og_site_name":"G\u00e1vea News","article_publisher":"https:\/\/facebook.com\/gaveaNews\/","article_published_time":"2022-07-26T22:59:55+00:00","article_modified_time":"2022-07-26T22:59:57+00:00","og_image":[{"width":846,"height":476,"url":"https:\/\/www.gaveanews.com\/wp-content\/uploads\/Estadio-Maracana.webp","type":"image\/webp"}],"author":"Equipe G\u00e1vea News","twitter_card":"summary_large_image","twitter_misc":{"Escrito por":"Equipe G\u00e1vea News","Est. tempo de leitura":"3 minutos"},"schema":{"@context":"https:\/\/schema.org","@graph":[{"@type":"NewsArticle","@id":"https:\/\/www.gaveanews.com\/index.php\/2022\/07\/26\/vasco-promete-briga-com-o-flamengo-e-fluminense\/#article","isPartOf":{"@id":"https:\/\/www.gaveanews.com\/index.php\/2022\/07\/26\/vasco-promete-briga-com-o-flamengo-e-fluminense\/"},"author":{"name":"Equipe G\u00e1vea News","@id":"https:\/\/www.gaveanews.com\/#\/schema\/person\/2ec14f73fb96be2caf28f91afb14749d"},"headline":"Vasco promete &#8220;briga&#8221; com o Flamengo e Fluminense","datePublished":"2022-07-26T22:59:55+00:00","dateModified":"2022-07-26T22:59:57+00:00","mainEntityOfPage":{"@id":"https:\/\/www.gaveanews.com\/index.php\/2022\/07\/26\/vasco-promete-briga-com-o-flamengo-e-fluminense\/"},"wordCount":428,"commentCount":0,"image":{"@id":"https:\/\/www.gaveanews.com\/index.php\/2022\/07\/26\/vasco-promete-briga-com-o-flamengo-e-fluminense\/#primaryimage"},"thumbnailUrl":"https:\/\/www.gaveanews.com\/wp-content\/uploads\/Estadio-Maracana.webp","articleSection":["Flamengo"],"inLanguage":"pt-BR","potentialAction":[{"@type":"CommentAction","name":"Comment","target":["https:\/\/www.gaveanews.com\/index.php\/2022\/07\/26\/vasco-promete-briga-com-o-flamengo-e-fluminense\/#respond"]}],"copyrightYear":"2022","copyrightHolder":{"@id":"https:\/\/www.gaveanews.com\/#organization"}},{"@type":"WebPage","@id":"https:\/\/www.gaveanews.com\/index.php\/2022\/07\/26\/vasco-promete-briga-com-o-flamengo-e-fluminense\/","url":"https:\/\/www.gaveanews.com\/index.php\/2022\/07\/26\/vasco-promete-briga-com-o-flamengo-e-fluminense\/","name":"Vasco promete \"briga\" com o Flamengo e Fluminense","isPartOf":{"@id":"https:\/\/www.gaveanews.com\/#website"},"primaryImageOfPage":{"@id":"https:\/\/www.gaveanews.com\/index.php\/2022\/07\/26\/vasco-promete-briga-com-o-flamengo-e-fluminense\/#primaryimage"},"image":{"@id":"https:\/\/www.gaveanews.com\/index.php\/2022\/07\/26\/vasco-promete-briga-com-o-flamengo-e-fluminense\/#primaryimage"},"thumbnailUrl":"https:\/\/www.gaveanews.com\/wp-content\/uploads\/Estadio-Maracana.webp","datePublished":"2022-07-26T22:59:55+00:00","dateModified":"2022-07-26T22:59:57+00:00","author":{"@id":"https:\/\/www.gaveanews.com\/#\/schema\/person\/2ec14f73fb96be2caf28f91afb14749d"},"breadcrumb":{"@id":"https:\/\/www.gaveanews.com\/index.php\/2022\/07\/26\/vasco-promete-briga-com-o-flamengo-e-fluminense\/#breadcrumb"},"inLanguage":"pt-BR","potentialAction":[{"@type":"ReadAction","target":["https:\/\/www.gaveanews.com\/index.php\/2022\/07\/26\/vasco-promete-briga-com-o-flamengo-e-fluminense\/"]}]},{"@type":"ImageObject","inLanguage":"pt-BR","@id":"https:\/\/www.gaveanews.com\/index.php\/2022\/07\/26\/vasco-promete-briga-com-o-flamengo-e-fluminense\/#primaryimage","url":"https:\/\/www.gaveanews.com\/wp-content\/uploads\/Estadio-Maracana.webp","contentUrl":"https:\/\/www.gaveanews.com\/wp-content\/uploads\/Estadio-Maracana.webp","width":846,"height":476,"caption":"Est\u00e1dio Maracan\u00e3 (Foto: Alexandre Vidal\/Flamengo)"},{"@type":"BreadcrumbList","@id":"https:\/\/www.gaveanews.com\/index.php\/2022\/07\/26\/vasco-promete-briga-com-o-flamengo-e-fluminense\/#breadcrumb","itemListElement":[{"@type":"ListItem","position":1,"name":"Home","item":"https:\/\/www.gaveanews.com\/"},{"@type":"ListItem","position":2,"name":"Vasco promete &#8220;briga&#8221; com o Flamengo e Fluminense"}]},{"@type":"WebSite","@id":"https:\/\/www.gaveanews.com\/#website","url":"https:\/\/www.gaveanews.com\/","name":"G\u00e1vea News","description":"Veja todas as not\u00edcias sobre o Flamengo: Contrata\u00e7\u00f5es, categorias de base, resultados das partidas, tabela de classifica\u00e7\u00e3o, pr\u00f3ximos jogos!","potentialAction":[{"@type":"SearchAction","target":{"@type":"EntryPoint","urlTemplate":"https:\/\/www.gaveanews.com\/?s={search_term_string}"},"query-input":{"@type":"PropertyValueSpecification","valueRequired":true,"valueName":"search_term_string"}}],"inLanguage":"pt-BR"},{"@type":"Person","@id":"https:\/\/www.gaveanews.com\/#\/schema\/person\/2ec14f73fb96be2caf28f91afb14749d","name":"Equipe G\u00e1vea News","image":{"@type":"ImageObject","inLanguage":"pt-BR","@id":"https:\/\/www.gaveanews.com\/#\/schema\/person\/image\/","url":"https:\/\/secure.gravatar.com\/avatar\/1e1956f1facbffd3f8fa53a326721950116b3b9dc9bd44939c01180fd4a745a9?s=96&d=mm&r=g","contentUrl":"https:\/\/secure.gravatar.com\/avatar\/1e1956f1facbffd3f8fa53a326721950116b3b9dc9bd44939c01180fd4a745a9?s=96&d=mm&r=g","caption":"Equipe G\u00e1vea News"}}]}},"_links":{"self":[{"href":"https:\/\/www.gaveanews.com\/index.php\/wp-json\/wp\/v2\/posts\/85221","targetHints":{"allow":["GET"]}}],"collection":[{"href":"https:\/\/www.gaveanews.com\/index.php\/wp-json\/wp\/v2\/posts"}],"about":[{"href":"https:\/\/www.gaveanews.com\/index.php\/wp-json\/wp\/v2\/types\/post"}],"author":[{"embeddable":true,"href":"https:\/\/www.gaveanews.com\/index.php\/wp-json\/wp\/v2\/users\/1"}],"replies":[{"embeddable":true,"href":"https:\/\/www.gaveanews.com\/index.php\/wp-json\/wp\/v2\/comments?post=85221"}],"version-history":[{"count":0,"href":"https:\/\/www.gaveanews.com\/index.php\/wp-json\/wp\/v2\/posts\/85221\/revisions"}],"wp:featuredmedia":[{"embeddable":true,"href":"https:\/\/www.gaveanews.com\/index.php\/wp-json\/wp\/v2\/media\/84657"}],"wp:attachment":[{"href":"https:\/\/www.gaveanews.com\/index.php\/wp-json\/wp\/v2\/media?parent=85221"}],"wp:term":[{"taxonomy":"category","embeddable":true,"href":"https:\/\/www.gaveanews.com\/index.php\/wp-json\/wp\/v2\/categories?post=85221"},{"taxonomy":"post_tag","embeddable":true,"href":"https:\/\/www.gaveanews.com\/index.php\/wp-json\/wp\/v2\/tags?post=85221"}],"curies":[{"name":"wp","href":"https:\/\/api.w.org\/{rel}","templated":true}]}}