{"id":85223,"date":"2022-07-26T20:02:45","date_gmt":"2022-07-26T23:02:45","guid":{"rendered":"https:\/\/www.gaveanews.com\/?p=85223"},"modified":"2022-07-26T20:02:47","modified_gmt":"2022-07-26T23:02:47","slug":"flamengo-e-walace-esperam-sim-da-udinese-nesta-quarta-feira","status":"publish","type":"post","link":"https:\/\/www.gaveanews.com\/index.php\/2022\/07\/26\/flamengo-e-walace-esperam-sim-da-udinese-nesta-quarta-feira\/","title":{"rendered":"Flamengo e Walace esperam &#8216;sim&#8217; da Udinese nesta quarta-feira"},"content":{"rendered":"\n<p>Depois de acertar a contrata\u00e7\u00e3o do lateral direito Guillermo Varela, o Flamengo espera fechar nesta quarta-feira com o volante Walace, da Udinese, que ser\u00e1 comprado por cerca de 6 milh\u00f5es de euros e assinar\u00e1 com o clube por quatro anos.<\/p>\n\n\n\n<p>Com a paci\u00eancia e o sil\u00eancio em dia para convencer os italianos, a diretoria rubro-negra e os agentes do jogador de 27 anos acertam os \u00faltimos detalhes sobre o valor total da opera\u00e7\u00e3o e as bonifica\u00e7\u00f5es envolvidas para que a transfer\u00eancia seja sacramentada.<\/p>\n\n\n\n<p>Havia a possibilidade de a dupla Marcos Braz e Bruno Spindel ir \u00e0 Europa finalizar a negocia\u00e7\u00e3o, mas provavelmente n\u00e3o haver\u00e1 necessidade.<\/p>\n\n\n\n<p>O otimismo persiste em fun\u00e7\u00e3o do desejo do atleta de voltar ao Brasil, o que deve acontecer na pr\u00f3xima semana. Mesmo que n\u00e3o esteja apto a jogar na Copa do Brasil, Walace seria refor\u00e7o importante na Libertadores, que encerra inscri\u00e7\u00f5es no dia 30 para as quartas de final.<\/p>\n\n\n\n<p>Com Walace e Varela, o Flamengo praticamente encerra a sua janela de transfer\u00eancias, que teve ainda Vidal e \u00c9verton Cebolinha. H\u00e1 chances de o clube aproveitar oportunidades de mercado se mais um atacante de velocidade for encontrado.<\/p>\n\n\n\n<p>A janela reservou ainda as sa\u00eddas de Andreas Pereira, Willian Ar\u00e3o e Gustavo Henrique, o primeiro ap\u00f3s empr\u00e9stimo e os dois outros vendidos ao Fenerbah\u00e7ce, da Turquia.<\/p>\n\n\n\n<p>Retirado de: O Globo<\/p>\n","protected":false},"excerpt":{"rendered":"<p>Depois de acertar a contrata\u00e7\u00e3o do lateral direito Guillermo Varela, o Flamengo espera fechar nesta quarta-feira com o volante Walace, da Udinese, que ser\u00e1 comprado por cerca de 6 milh\u00f5es de euros e assinar\u00e1 com o clube por quatro anos. Com a paci\u00eancia e o sil\u00eancio em dia para convencer os italianos, a diretoria rubro-negra [&hellip;]<\/p>\n","protected":false},"author":1,"featured_media":84769,"comment_status":"open","ping_status":"closed","sticky":false,"template":"","format":"standard","meta":{"footnotes":""},"categories":[48],"tags":[],"class_list":["post-85223","post","type-post","status-publish","format-standard","has-post-thumbnail","hentry","category-negociacoes"],"yoast_head":"<!-- This site is optimized with the Yoast SEO Premium plugin v24.2 (Yoast SEO v26.9) - https:\/\/yoast.com\/product\/yoast-seo-premium-wordpress\/ -->\n<title>Flamengo e Walace esperam &#039;sim&#039; da Udinese nesta quarta-feira<\/title>\n<meta name=\"robots\" content=\"index, follow, max-snippet:-1, max-image-preview:large, max-video-preview:-1\" \/>\n<link rel=\"canonical\" href=\"https:\/\/www.gaveanews.com\/index.php\/2022\/07\/26\/flamengo-e-walace-esperam-sim-da-udinese-nesta-quarta-feira\/\" \/>\n<meta property=\"og:locale\" content=\"pt_BR\" \/>\n<meta property=\"og:type\" content=\"article\" \/>\n<meta property=\"og:title\" content=\"Flamengo e Walace esperam &#039;sim&#039; da Udinese nesta quarta-feira\" \/>\n<meta property=\"og:description\" content=\"Depois de acertar a contrata\u00e7\u00e3o do lateral direito Guillermo Varela, o Flamengo espera fechar nesta quarta-feira com o volante Walace, da Udinese, que ser\u00e1 comprado por cerca de 6 milh\u00f5es de euros e assinar\u00e1 com o clube por quatro anos. Com a paci\u00eancia e o sil\u00eancio em dia para convencer os italianos, a diretoria rubro-negra [&hellip;]\" \/>\n<meta property=\"og:url\" content=\"https:\/\/www.gaveanews.com\/index.php\/2022\/07\/26\/flamengo-e-walace-esperam-sim-da-udinese-nesta-quarta-feira\/\" \/>\n<meta property=\"og:site_name\" content=\"G\u00e1vea News\" \/>\n<meta property=\"article:publisher\" content=\"https:\/\/facebook.com\/gaveaNews\/\" \/>\n<meta property=\"article:published_time\" content=\"2022-07-26T23:02:45+00:00\" \/>\n<meta property=\"article:modified_time\" content=\"2022-07-26T23:02:47+00:00\" \/>\n<meta property=\"og:image\" content=\"https:\/\/www.gaveanews.com\/wp-content\/uploads\/Walace-jogador-da-Udinese.webp\" \/>\n\t<meta property=\"og:image:width\" content=\"889\" \/>\n\t<meta property=\"og:image:height\" content=\"567\" \/>\n\t<meta property=\"og:image:type\" content=\"image\/png\" \/>\n<meta name=\"author\" content=\"Equipe G\u00e1vea News\" \/>\n<meta name=\"twitter:card\" content=\"summary_large_image\" \/>\n<meta name=\"twitter:label1\" content=\"Escrito por\" \/>\n\t<meta name=\"twitter:data1\" content=\"Equipe G\u00e1vea News\" \/>\n\t<meta name=\"twitter:label2\" content=\"Est. tempo de leitura\" \/>\n\t<meta name=\"twitter:data2\" content=\"2 minutos\" \/>\n<script type=\"application\/ld+json\" class=\"yoast-schema-graph\">{\"@context\":\"https:\/\/schema.org\",\"@graph\":[{\"@type\":\"NewsArticle\",\"@id\":\"https:\/\/www.gaveanews.com\/index.php\/2022\/07\/26\/flamengo-e-walace-esperam-sim-da-udinese-nesta-quarta-feira\/#article\",\"isPartOf\":{\"@id\":\"https:\/\/www.gaveanews.com\/index.php\/2022\/07\/26\/flamengo-e-walace-esperam-sim-da-udinese-nesta-quarta-feira\/\"},\"author\":{\"name\":\"Equipe G\u00e1vea News\",\"@id\":\"https:\/\/www.gaveanews.com\/#\/schema\/person\/2ec14f73fb96be2caf28f91afb14749d\"},\"headline\":\"Flamengo e Walace esperam &#8216;sim&#8217; da Udinese nesta quarta-feira\",\"datePublished\":\"2022-07-26T23:02:45+00:00\",\"dateModified\":\"2022-07-26T23:02:47+00:00\",\"mainEntityOfPage\":{\"@id\":\"https:\/\/www.gaveanews.com\/index.php\/2022\/07\/26\/flamengo-e-walace-esperam-sim-da-udinese-nesta-quarta-feira\/\"},\"wordCount\":246,\"commentCount\":0,\"image\":{\"@id\":\"https:\/\/www.gaveanews.com\/index.php\/2022\/07\/26\/flamengo-e-walace-esperam-sim-da-udinese-nesta-quarta-feira\/#primaryimage\"},\"thumbnailUrl\":\"https:\/\/www.gaveanews.com\/wp-content\/uploads\/Walace-jogador-da-Udinese.webp\",\"articleSection\":[\"Negocia\u00e7\u00f5es\"],\"inLanguage\":\"pt-BR\",\"potentialAction\":[{\"@type\":\"CommentAction\",\"name\":\"Comment\",\"target\":[\"https:\/\/www.gaveanews.com\/index.php\/2022\/07\/26\/flamengo-e-walace-esperam-sim-da-udinese-nesta-quarta-feira\/#respond\"]}],\"copyrightYear\":\"2022\",\"copyrightHolder\":{\"@id\":\"https:\/\/www.gaveanews.com\/#organization\"}},{\"@type\":\"WebPage\",\"@id\":\"https:\/\/www.gaveanews.com\/index.php\/2022\/07\/26\/flamengo-e-walace-esperam-sim-da-udinese-nesta-quarta-feira\/\",\"url\":\"https:\/\/www.gaveanews.com\/index.php\/2022\/07\/26\/flamengo-e-walace-esperam-sim-da-udinese-nesta-quarta-feira\/\",\"name\":\"Flamengo e Walace esperam 'sim' da Udinese nesta quarta-feira\",\"isPartOf\":{\"@id\":\"https:\/\/www.gaveanews.com\/#website\"},\"primaryImageOfPage\":{\"@id\":\"https:\/\/www.gaveanews.com\/index.php\/2022\/07\/26\/flamengo-e-walace-esperam-sim-da-udinese-nesta-quarta-feira\/#primaryimage\"},\"image\":{\"@id\":\"https:\/\/www.gaveanews.com\/index.php\/2022\/07\/26\/flamengo-e-walace-esperam-sim-da-udinese-nesta-quarta-feira\/#primaryimage\"},\"thumbnailUrl\":\"https:\/\/www.gaveanews.com\/wp-content\/uploads\/Walace-jogador-da-Udinese.webp\",\"datePublished\":\"2022-07-26T23:02:45+00:00\",\"dateModified\":\"2022-07-26T23:02:47+00:00\",\"author\":{\"@id\":\"https:\/\/www.gaveanews.com\/#\/schema\/person\/2ec14f73fb96be2caf28f91afb14749d\"},\"breadcrumb\":{\"@id\":\"https:\/\/www.gaveanews.com\/index.php\/2022\/07\/26\/flamengo-e-walace-esperam-sim-da-udinese-nesta-quarta-feira\/#breadcrumb\"},\"inLanguage\":\"pt-BR\",\"potentialAction\":[{\"@type\":\"ReadAction\",\"target\":[\"https:\/\/www.gaveanews.com\/index.php\/2022\/07\/26\/flamengo-e-walace-esperam-sim-da-udinese-nesta-quarta-feira\/\"]}]},{\"@type\":\"ImageObject\",\"inLanguage\":\"pt-BR\",\"@id\":\"https:\/\/www.gaveanews.com\/index.php\/2022\/07\/26\/flamengo-e-walace-esperam-sim-da-udinese-nesta-quarta-feira\/#primaryimage\",\"url\":\"https:\/\/www.gaveanews.com\/wp-content\/uploads\/Walace-jogador-da-Udinese.webp\",\"contentUrl\":\"https:\/\/www.gaveanews.com\/wp-content\/uploads\/Walace-jogador-da-Udinese.webp\",\"width\":889,\"height\":567,\"caption\":\"Walace, jogador da Udinese (Foto: Reprodu\u00e7\u00e3o)\"},{\"@type\":\"BreadcrumbList\",\"@id\":\"https:\/\/www.gaveanews.com\/index.php\/2022\/07\/26\/flamengo-e-walace-esperam-sim-da-udinese-nesta-quarta-feira\/#breadcrumb\",\"itemListElement\":[{\"@type\":\"ListItem\",\"position\":1,\"name\":\"Home\",\"item\":\"https:\/\/www.gaveanews.com\/\"},{\"@type\":\"ListItem\",\"position\":2,\"name\":\"Flamengo e Walace esperam &#8216;sim&#8217; da Udinese nesta quarta-feira\"}]},{\"@type\":\"WebSite\",\"@id\":\"https:\/\/www.gaveanews.com\/#website\",\"url\":\"https:\/\/www.gaveanews.com\/\",\"name\":\"G\u00e1vea News\",\"description\":\"Veja todas as not\u00edcias sobre o Flamengo: Contrata\u00e7\u00f5es, categorias de base, resultados das partidas, tabela de classifica\u00e7\u00e3o, pr\u00f3ximos jogos!\",\"potentialAction\":[{\"@type\":\"SearchAction\",\"target\":{\"@type\":\"EntryPoint\",\"urlTemplate\":\"https:\/\/www.gaveanews.com\/?s={search_term_string}\"},\"query-input\":{\"@type\":\"PropertyValueSpecification\",\"valueRequired\":true,\"valueName\":\"search_term_string\"}}],\"inLanguage\":\"pt-BR\"},{\"@type\":\"Person\",\"@id\":\"https:\/\/www.gaveanews.com\/#\/schema\/person\/2ec14f73fb96be2caf28f91afb14749d\",\"name\":\"Equipe G\u00e1vea News\",\"image\":{\"@type\":\"ImageObject\",\"inLanguage\":\"pt-BR\",\"@id\":\"https:\/\/www.gaveanews.com\/#\/schema\/person\/image\/\",\"url\":\"https:\/\/secure.gravatar.com\/avatar\/1e1956f1facbffd3f8fa53a326721950116b3b9dc9bd44939c01180fd4a745a9?s=96&d=mm&r=g\",\"contentUrl\":\"https:\/\/secure.gravatar.com\/avatar\/1e1956f1facbffd3f8fa53a326721950116b3b9dc9bd44939c01180fd4a745a9?s=96&d=mm&r=g\",\"caption\":\"Equipe G\u00e1vea News\"}}]}<\/script>\n<!-- \/ Yoast SEO Premium plugin. -->","yoast_head_json":{"title":"Flamengo e Walace esperam 'sim' da Udinese nesta quarta-feira","robots":{"index":"index","follow":"follow","max-snippet":"max-snippet:-1","max-image-preview":"max-image-preview:large","max-video-preview":"max-video-preview:-1"},"canonical":"https:\/\/www.gaveanews.com\/index.php\/2022\/07\/26\/flamengo-e-walace-esperam-sim-da-udinese-nesta-quarta-feira\/","og_locale":"pt_BR","og_type":"article","og_title":"Flamengo e Walace esperam 'sim' da Udinese nesta quarta-feira","og_description":"Depois de acertar a contrata\u00e7\u00e3o do lateral direito Guillermo Varela, o Flamengo espera fechar nesta quarta-feira com o volante Walace, da Udinese, que ser\u00e1 comprado por cerca de 6 milh\u00f5es de euros e assinar\u00e1 com o clube por quatro anos. Com a paci\u00eancia e o sil\u00eancio em dia para convencer os italianos, a diretoria rubro-negra [&hellip;]","og_url":"https:\/\/www.gaveanews.com\/index.php\/2022\/07\/26\/flamengo-e-walace-esperam-sim-da-udinese-nesta-quarta-feira\/","og_site_name":"G\u00e1vea News","article_publisher":"https:\/\/facebook.com\/gaveaNews\/","article_published_time":"2022-07-26T23:02:45+00:00","article_modified_time":"2022-07-26T23:02:47+00:00","og_image":[{"width":889,"height":567,"url":"https:\/\/www.gaveanews.com\/wp-content\/uploads\/Walace-jogador-da-Udinese.webp","type":"image\/png"}],"author":"Equipe G\u00e1vea News","twitter_card":"summary_large_image","twitter_misc":{"Escrito por":"Equipe G\u00e1vea News","Est. tempo de leitura":"2 minutos"},"schema":{"@context":"https:\/\/schema.org","@graph":[{"@type":"NewsArticle","@id":"https:\/\/www.gaveanews.com\/index.php\/2022\/07\/26\/flamengo-e-walace-esperam-sim-da-udinese-nesta-quarta-feira\/#article","isPartOf":{"@id":"https:\/\/www.gaveanews.com\/index.php\/2022\/07\/26\/flamengo-e-walace-esperam-sim-da-udinese-nesta-quarta-feira\/"},"author":{"name":"Equipe G\u00e1vea News","@id":"https:\/\/www.gaveanews.com\/#\/schema\/person\/2ec14f73fb96be2caf28f91afb14749d"},"headline":"Flamengo e Walace esperam &#8216;sim&#8217; da Udinese nesta quarta-feira","datePublished":"2022-07-26T23:02:45+00:00","dateModified":"2022-07-26T23:02:47+00:00","mainEntityOfPage":{"@id":"https:\/\/www.gaveanews.com\/index.php\/2022\/07\/26\/flamengo-e-walace-esperam-sim-da-udinese-nesta-quarta-feira\/"},"wordCount":246,"commentCount":0,"image":{"@id":"https:\/\/www.gaveanews.com\/index.php\/2022\/07\/26\/flamengo-e-walace-esperam-sim-da-udinese-nesta-quarta-feira\/#primaryimage"},"thumbnailUrl":"https:\/\/www.gaveanews.com\/wp-content\/uploads\/Walace-jogador-da-Udinese.webp","articleSection":["Negocia\u00e7\u00f5es"],"inLanguage":"pt-BR","potentialAction":[{"@type":"CommentAction","name":"Comment","target":["https:\/\/www.gaveanews.com\/index.php\/2022\/07\/26\/flamengo-e-walace-esperam-sim-da-udinese-nesta-quarta-feira\/#respond"]}],"copyrightYear":"2022","copyrightHolder":{"@id":"https:\/\/www.gaveanews.com\/#organization"}},{"@type":"WebPage","@id":"https:\/\/www.gaveanews.com\/index.php\/2022\/07\/26\/flamengo-e-walace-esperam-sim-da-udinese-nesta-quarta-feira\/","url":"https:\/\/www.gaveanews.com\/index.php\/2022\/07\/26\/flamengo-e-walace-esperam-sim-da-udinese-nesta-quarta-feira\/","name":"Flamengo e Walace esperam 'sim' da Udinese nesta quarta-feira","isPartOf":{"@id":"https:\/\/www.gaveanews.com\/#website"},"primaryImageOfPage":{"@id":"https:\/\/www.gaveanews.com\/index.php\/2022\/07\/26\/flamengo-e-walace-esperam-sim-da-udinese-nesta-quarta-feira\/#primaryimage"},"image":{"@id":"https:\/\/www.gaveanews.com\/index.php\/2022\/07\/26\/flamengo-e-walace-esperam-sim-da-udinese-nesta-quarta-feira\/#primaryimage"},"thumbnailUrl":"https:\/\/www.gaveanews.com\/wp-content\/uploads\/Walace-jogador-da-Udinese.webp","datePublished":"2022-07-26T23:02:45+00:00","dateModified":"2022-07-26T23:02:47+00:00","author":{"@id":"https:\/\/www.gaveanews.com\/#\/schema\/person\/2ec14f73fb96be2caf28f91afb14749d"},"breadcrumb":{"@id":"https:\/\/www.gaveanews.com\/index.php\/2022\/07\/26\/flamengo-e-walace-esperam-sim-da-udinese-nesta-quarta-feira\/#breadcrumb"},"inLanguage":"pt-BR","potentialAction":[{"@type":"ReadAction","target":["https:\/\/www.gaveanews.com\/index.php\/2022\/07\/26\/flamengo-e-walace-esperam-sim-da-udinese-nesta-quarta-feira\/"]}]},{"@type":"ImageObject","inLanguage":"pt-BR","@id":"https:\/\/www.gaveanews.com\/index.php\/2022\/07\/26\/flamengo-e-walace-esperam-sim-da-udinese-nesta-quarta-feira\/#primaryimage","url":"https:\/\/www.gaveanews.com\/wp-content\/uploads\/Walace-jogador-da-Udinese.webp","contentUrl":"https:\/\/www.gaveanews.com\/wp-content\/uploads\/Walace-jogador-da-Udinese.webp","width":889,"height":567,"caption":"Walace, jogador da Udinese (Foto: Reprodu\u00e7\u00e3o)"},{"@type":"BreadcrumbList","@id":"https:\/\/www.gaveanews.com\/index.php\/2022\/07\/26\/flamengo-e-walace-esperam-sim-da-udinese-nesta-quarta-feira\/#breadcrumb","itemListElement":[{"@type":"ListItem","position":1,"name":"Home","item":"https:\/\/www.gaveanews.com\/"},{"@type":"ListItem","position":2,"name":"Flamengo e Walace esperam &#8216;sim&#8217; da Udinese nesta quarta-feira"}]},{"@type":"WebSite","@id":"https:\/\/www.gaveanews.com\/#website","url":"https:\/\/www.gaveanews.com\/","name":"G\u00e1vea News","description":"Veja todas as not\u00edcias sobre o Flamengo: Contrata\u00e7\u00f5es, categorias de base, resultados das partidas, tabela de classifica\u00e7\u00e3o, pr\u00f3ximos jogos!","potentialAction":[{"@type":"SearchAction","target":{"@type":"EntryPoint","urlTemplate":"https:\/\/www.gaveanews.com\/?s={search_term_string}"},"query-input":{"@type":"PropertyValueSpecification","valueRequired":true,"valueName":"search_term_string"}}],"inLanguage":"pt-BR"},{"@type":"Person","@id":"https:\/\/www.gaveanews.com\/#\/schema\/person\/2ec14f73fb96be2caf28f91afb14749d","name":"Equipe G\u00e1vea News","image":{"@type":"ImageObject","inLanguage":"pt-BR","@id":"https:\/\/www.gaveanews.com\/#\/schema\/person\/image\/","url":"https:\/\/secure.gravatar.com\/avatar\/1e1956f1facbffd3f8fa53a326721950116b3b9dc9bd44939c01180fd4a745a9?s=96&d=mm&r=g","contentUrl":"https:\/\/secure.gravatar.com\/avatar\/1e1956f1facbffd3f8fa53a326721950116b3b9dc9bd44939c01180fd4a745a9?s=96&d=mm&r=g","caption":"Equipe G\u00e1vea News"}}]}},"_links":{"self":[{"href":"https:\/\/www.gaveanews.com\/index.php\/wp-json\/wp\/v2\/posts\/85223","targetHints":{"allow":["GET"]}}],"collection":[{"href":"https:\/\/www.gaveanews.com\/index.php\/wp-json\/wp\/v2\/posts"}],"about":[{"href":"https:\/\/www.gaveanews.com\/index.php\/wp-json\/wp\/v2\/types\/post"}],"author":[{"embeddable":true,"href":"https:\/\/www.gaveanews.com\/index.php\/wp-json\/wp\/v2\/users\/1"}],"replies":[{"embeddable":true,"href":"https:\/\/www.gaveanews.com\/index.php\/wp-json\/wp\/v2\/comments?post=85223"}],"version-history":[{"count":0,"href":"https:\/\/www.gaveanews.com\/index.php\/wp-json\/wp\/v2\/posts\/85223\/revisions"}],"wp:featuredmedia":[{"embeddable":true,"href":"https:\/\/www.gaveanews.com\/index.php\/wp-json\/wp\/v2\/media\/84769"}],"wp:attachment":[{"href":"https:\/\/www.gaveanews.com\/index.php\/wp-json\/wp\/v2\/media?parent=85223"}],"wp:term":[{"taxonomy":"category","embeddable":true,"href":"https:\/\/www.gaveanews.com\/index.php\/wp-json\/wp\/v2\/categories?post=85223"},{"taxonomy":"post_tag","embeddable":true,"href":"https:\/\/www.gaveanews.com\/index.php\/wp-json\/wp\/v2\/tags?post=85223"}],"curies":[{"name":"wp","href":"https:\/\/api.w.org\/{rel}","templated":true}]}}