{"id":85231,"date":"2022-07-26T20:13:12","date_gmt":"2022-07-26T23:13:12","guid":{"rendered":"https:\/\/www.gaveanews.com\/?p=85231"},"modified":"2024-04-06T23:22:14","modified_gmt":"2024-04-07T02:22:14","slug":"pedro-estara-na-lista-de-tite-na-proxima-convocacao-da-selecao-brasileira","status":"publish","type":"post","link":"https:\/\/www.gaveanews.com\/index.php\/2022\/07\/26\/pedro-estara-na-lista-de-tite-na-proxima-convocacao-da-selecao-brasileira\/","title":{"rendered":"Pedro estar\u00e1 na lista de Tite na pr\u00f3xima convoca\u00e7\u00e3o da sele\u00e7\u00e3o brasileira"},"content":{"rendered":"\n<p>A chegada de Dorival J\u00fanior no Flamengo fez com que Pedro se consolidasse como titular. Mais do que isso, o atacante vem correspondendo dentro das quatro linhas e sendo decisivo para o Rubro-Negro. Nas \u00faltimas sete partidas, o centroavante balan\u00e7ou as redes nove vezes e voltou a dar alegrias aos torcedores flamenguistas. Em alta, o jogador tamb\u00e9m voltou a estar no radar de Tite, t\u00e9cnico da sele\u00e7\u00e3o brasileira.<\/p>\n\n\n\n<p>De acordo com o jornalista e narrador Nilson Cesar, do Grupo Jovem Pan, Pedro estar\u00e1 na lista do treinador da Canarinho na pr\u00f3xima Data Fifa, em setembro \u2013 os advers\u00e1rios do Brasil ainda n\u00e3o foram definidos. Al\u00e9m disso, segundo o locutor da JP, o atleta ainda pode sonhar com uma vaga na Copa do Mundo do Catar, que acontece entre novembro e dezembro deste ano.<\/p>\n\n\n\n<p><em>\u2014 O Tite vai dar essa chance para o Pedro. O Tite um carinho e uma paix\u00e3o enormes pelo atacante. Ali\u00e1s, para quem n\u00e3o lembra, o primeiro centroavante a ser chamado foi ele. Segundo o Tite, a sele\u00e7\u00e3o brasileira precisa de um centroavante. Ent\u00e3o, como mais tr\u00eas vagas para a Copa do Mundo foram abertas, eu n\u00e3o ficaria surpreso se ele fosse convocado para o Mundial do Catar. J\u00e1 h\u00e1 muitos atacantes de qualidade que atuam na beirada, que v\u00e3o ajudar o Neymar. O Pedro vai ser o cara da op\u00e7\u00e3o t\u00e1tica\u2026 O Richarlison n\u00e3o tem essa caracter\u00edstica. O Tite queria que o Pedro jogasse de titular no Flamengo, para ter uma sequ\u00eancia e voltar para a sele\u00e7\u00e3o<\/em>, informou Nilson Cesar, durante o programa \u201cBate-Pronto\u201d, nesta segunda-feira, 25.<\/p>\n\n\n\n<p>Retirado de: Jovem Pan <\/p>\n","protected":false},"excerpt":{"rendered":"<p>A chegada de Dorival J\u00fanior no Flamengo fez com que Pedro se consolidasse como titular. Mais do que isso, o atacante vem correspondendo dentro das quatro linhas e sendo decisivo para o Rubro-Negro. Nas \u00faltimas sete partidas, o centroavante balan\u00e7ou as redes nove vezes e voltou a dar alegrias aos torcedores flamenguistas. Em alta, o [&hellip;]<\/p>\n","protected":false},"author":1,"featured_media":82090,"comment_status":"open","ping_status":"closed","sticky":false,"template":"","format":"standard","meta":{"footnotes":""},"categories":[47],"tags":[171],"class_list":["post-85231","post","type-post","status-publish","format-standard","has-post-thumbnail","hentry","category-destaques","tag-adenor-leonardo-bachi-tite"],"yoast_head":"<!-- This site is optimized with the Yoast SEO Premium plugin v24.2 (Yoast SEO v26.9) - https:\/\/yoast.com\/product\/yoast-seo-premium-wordpress\/ -->\n<title>Pedro estar\u00e1 na lista de Tite na pr\u00f3xima convoca\u00e7\u00e3o da sele\u00e7\u00e3o brasileira<\/title>\n<meta name=\"robots\" content=\"index, follow, max-snippet:-1, max-image-preview:large, max-video-preview:-1\" \/>\n<link rel=\"canonical\" href=\"https:\/\/www.gaveanews.com\/index.php\/2022\/07\/26\/pedro-estara-na-lista-de-tite-na-proxima-convocacao-da-selecao-brasileira\/\" \/>\n<meta property=\"og:locale\" content=\"pt_BR\" \/>\n<meta property=\"og:type\" content=\"article\" \/>\n<meta property=\"og:title\" content=\"Pedro estar\u00e1 na lista de Tite na pr\u00f3xima convoca\u00e7\u00e3o da sele\u00e7\u00e3o brasileira\" \/>\n<meta property=\"og:description\" content=\"A chegada de Dorival J\u00fanior no Flamengo fez com que Pedro se consolidasse como titular. Mais do que isso, o atacante vem correspondendo dentro das quatro linhas e sendo decisivo para o Rubro-Negro. Nas \u00faltimas sete partidas, o centroavante balan\u00e7ou as redes nove vezes e voltou a dar alegrias aos torcedores flamenguistas. Em alta, o [&hellip;]\" \/>\n<meta property=\"og:url\" content=\"https:\/\/www.gaveanews.com\/index.php\/2022\/07\/26\/pedro-estara-na-lista-de-tite-na-proxima-convocacao-da-selecao-brasileira\/\" \/>\n<meta property=\"og:site_name\" content=\"G\u00e1vea News\" \/>\n<meta property=\"article:publisher\" content=\"https:\/\/facebook.com\/gaveaNews\/\" \/>\n<meta property=\"article:published_time\" content=\"2022-07-26T23:13:12+00:00\" \/>\n<meta property=\"article:modified_time\" content=\"2024-04-07T02:22:14+00:00\" \/>\n<meta property=\"og:image\" content=\"https:\/\/www.gaveanews.com\/wp-content\/uploads\/Pedro-comemora-gol-marcado-pelo-Flamengo-contra-o-Sporting-Cristal.webp\" \/>\n\t<meta property=\"og:image:width\" content=\"799\" \/>\n\t<meta property=\"og:image:height\" content=\"533\" \/>\n\t<meta property=\"og:image:type\" content=\"image\/jpeg\" \/>\n<meta name=\"author\" content=\"Equipe G\u00e1vea News\" \/>\n<meta name=\"twitter:card\" content=\"summary_large_image\" \/>\n<meta name=\"twitter:label1\" content=\"Escrito por\" \/>\n\t<meta name=\"twitter:data1\" content=\"Equipe G\u00e1vea News\" \/>\n\t<meta name=\"twitter:label2\" content=\"Est. tempo de leitura\" \/>\n\t<meta name=\"twitter:data2\" content=\"2 minutos\" \/>\n<script type=\"application\/ld+json\" class=\"yoast-schema-graph\">{\"@context\":\"https:\/\/schema.org\",\"@graph\":[{\"@type\":\"NewsArticle\",\"@id\":\"https:\/\/www.gaveanews.com\/index.php\/2022\/07\/26\/pedro-estara-na-lista-de-tite-na-proxima-convocacao-da-selecao-brasileira\/#article\",\"isPartOf\":{\"@id\":\"https:\/\/www.gaveanews.com\/index.php\/2022\/07\/26\/pedro-estara-na-lista-de-tite-na-proxima-convocacao-da-selecao-brasileira\/\"},\"author\":{\"name\":\"Equipe G\u00e1vea News\",\"@id\":\"https:\/\/www.gaveanews.com\/#\/schema\/person\/2ec14f73fb96be2caf28f91afb14749d\"},\"headline\":\"Pedro estar\u00e1 na lista de Tite na pr\u00f3xima convoca\u00e7\u00e3o da sele\u00e7\u00e3o brasileira\",\"datePublished\":\"2022-07-26T23:13:12+00:00\",\"dateModified\":\"2024-04-07T02:22:14+00:00\",\"mainEntityOfPage\":{\"@id\":\"https:\/\/www.gaveanews.com\/index.php\/2022\/07\/26\/pedro-estara-na-lista-de-tite-na-proxima-convocacao-da-selecao-brasileira\/\"},\"wordCount\":300,\"commentCount\":0,\"image\":{\"@id\":\"https:\/\/www.gaveanews.com\/index.php\/2022\/07\/26\/pedro-estara-na-lista-de-tite-na-proxima-convocacao-da-selecao-brasileira\/#primaryimage\"},\"thumbnailUrl\":\"https:\/\/www.gaveanews.com\/wp-content\/uploads\/Pedro-comemora-gol-marcado-pelo-Flamengo-contra-o-Sporting-Cristal.webp\",\"keywords\":[\"Adenor Leonardo Bachi\"],\"articleSection\":[\"Destaques\"],\"inLanguage\":\"pt-BR\",\"potentialAction\":[{\"@type\":\"CommentAction\",\"name\":\"Comment\",\"target\":[\"https:\/\/www.gaveanews.com\/index.php\/2022\/07\/26\/pedro-estara-na-lista-de-tite-na-proxima-convocacao-da-selecao-brasileira\/#respond\"]}],\"copyrightYear\":\"2022\",\"copyrightHolder\":{\"@id\":\"https:\/\/www.gaveanews.com\/#organization\"}},{\"@type\":\"WebPage\",\"@id\":\"https:\/\/www.gaveanews.com\/index.php\/2022\/07\/26\/pedro-estara-na-lista-de-tite-na-proxima-convocacao-da-selecao-brasileira\/\",\"url\":\"https:\/\/www.gaveanews.com\/index.php\/2022\/07\/26\/pedro-estara-na-lista-de-tite-na-proxima-convocacao-da-selecao-brasileira\/\",\"name\":\"Pedro estar\u00e1 na lista de Tite na pr\u00f3xima convoca\u00e7\u00e3o da sele\u00e7\u00e3o brasileira\",\"isPartOf\":{\"@id\":\"https:\/\/www.gaveanews.com\/#website\"},\"primaryImageOfPage\":{\"@id\":\"https:\/\/www.gaveanews.com\/index.php\/2022\/07\/26\/pedro-estara-na-lista-de-tite-na-proxima-convocacao-da-selecao-brasileira\/#primaryimage\"},\"image\":{\"@id\":\"https:\/\/www.gaveanews.com\/index.php\/2022\/07\/26\/pedro-estara-na-lista-de-tite-na-proxima-convocacao-da-selecao-brasileira\/#primaryimage\"},\"thumbnailUrl\":\"https:\/\/www.gaveanews.com\/wp-content\/uploads\/Pedro-comemora-gol-marcado-pelo-Flamengo-contra-o-Sporting-Cristal.webp\",\"datePublished\":\"2022-07-26T23:13:12+00:00\",\"dateModified\":\"2024-04-07T02:22:14+00:00\",\"author\":{\"@id\":\"https:\/\/www.gaveanews.com\/#\/schema\/person\/2ec14f73fb96be2caf28f91afb14749d\"},\"breadcrumb\":{\"@id\":\"https:\/\/www.gaveanews.com\/index.php\/2022\/07\/26\/pedro-estara-na-lista-de-tite-na-proxima-convocacao-da-selecao-brasileira\/#breadcrumb\"},\"inLanguage\":\"pt-BR\",\"potentialAction\":[{\"@type\":\"ReadAction\",\"target\":[\"https:\/\/www.gaveanews.com\/index.php\/2022\/07\/26\/pedro-estara-na-lista-de-tite-na-proxima-convocacao-da-selecao-brasileira\/\"]}]},{\"@type\":\"ImageObject\",\"inLanguage\":\"pt-BR\",\"@id\":\"https:\/\/www.gaveanews.com\/index.php\/2022\/07\/26\/pedro-estara-na-lista-de-tite-na-proxima-convocacao-da-selecao-brasileira\/#primaryimage\",\"url\":\"https:\/\/www.gaveanews.com\/wp-content\/uploads\/Pedro-comemora-gol-marcado-pelo-Flamengo-contra-o-Sporting-Cristal.webp\",\"contentUrl\":\"https:\/\/www.gaveanews.com\/wp-content\/uploads\/Pedro-comemora-gol-marcado-pelo-Flamengo-contra-o-Sporting-Cristal.webp\",\"width\":799,\"height\":533,\"caption\":\"Pedro comemora gol marcado pelo Flamengo contra o Sporting Cristal (Foto: Alexandre Vidal\/Flamengo)\"},{\"@type\":\"BreadcrumbList\",\"@id\":\"https:\/\/www.gaveanews.com\/index.php\/2022\/07\/26\/pedro-estara-na-lista-de-tite-na-proxima-convocacao-da-selecao-brasileira\/#breadcrumb\",\"itemListElement\":[{\"@type\":\"ListItem\",\"position\":1,\"name\":\"Home\",\"item\":\"https:\/\/www.gaveanews.com\/\"},{\"@type\":\"ListItem\",\"position\":2,\"name\":\"Pedro estar\u00e1 na lista de Tite na pr\u00f3xima convoca\u00e7\u00e3o da sele\u00e7\u00e3o brasileira\"}]},{\"@type\":\"WebSite\",\"@id\":\"https:\/\/www.gaveanews.com\/#website\",\"url\":\"https:\/\/www.gaveanews.com\/\",\"name\":\"G\u00e1vea News\",\"description\":\"Veja todas as not\u00edcias sobre o Flamengo: Contrata\u00e7\u00f5es, categorias de base, resultados das partidas, tabela de classifica\u00e7\u00e3o, pr\u00f3ximos jogos!\",\"potentialAction\":[{\"@type\":\"SearchAction\",\"target\":{\"@type\":\"EntryPoint\",\"urlTemplate\":\"https:\/\/www.gaveanews.com\/?s={search_term_string}\"},\"query-input\":{\"@type\":\"PropertyValueSpecification\",\"valueRequired\":true,\"valueName\":\"search_term_string\"}}],\"inLanguage\":\"pt-BR\"},{\"@type\":\"Person\",\"@id\":\"https:\/\/www.gaveanews.com\/#\/schema\/person\/2ec14f73fb96be2caf28f91afb14749d\",\"name\":\"Equipe G\u00e1vea News\",\"image\":{\"@type\":\"ImageObject\",\"inLanguage\":\"pt-BR\",\"@id\":\"https:\/\/www.gaveanews.com\/#\/schema\/person\/image\/\",\"url\":\"https:\/\/secure.gravatar.com\/avatar\/1e1956f1facbffd3f8fa53a326721950116b3b9dc9bd44939c01180fd4a745a9?s=96&d=mm&r=g\",\"contentUrl\":\"https:\/\/secure.gravatar.com\/avatar\/1e1956f1facbffd3f8fa53a326721950116b3b9dc9bd44939c01180fd4a745a9?s=96&d=mm&r=g\",\"caption\":\"Equipe G\u00e1vea News\"}}]}<\/script>\n<!-- \/ Yoast SEO Premium plugin. -->","yoast_head_json":{"title":"Pedro estar\u00e1 na lista de Tite na pr\u00f3xima convoca\u00e7\u00e3o da sele\u00e7\u00e3o brasileira","robots":{"index":"index","follow":"follow","max-snippet":"max-snippet:-1","max-image-preview":"max-image-preview:large","max-video-preview":"max-video-preview:-1"},"canonical":"https:\/\/www.gaveanews.com\/index.php\/2022\/07\/26\/pedro-estara-na-lista-de-tite-na-proxima-convocacao-da-selecao-brasileira\/","og_locale":"pt_BR","og_type":"article","og_title":"Pedro estar\u00e1 na lista de Tite na pr\u00f3xima convoca\u00e7\u00e3o da sele\u00e7\u00e3o brasileira","og_description":"A chegada de Dorival J\u00fanior no Flamengo fez com que Pedro se consolidasse como titular. Mais do que isso, o atacante vem correspondendo dentro das quatro linhas e sendo decisivo para o Rubro-Negro. Nas \u00faltimas sete partidas, o centroavante balan\u00e7ou as redes nove vezes e voltou a dar alegrias aos torcedores flamenguistas. Em alta, o [&hellip;]","og_url":"https:\/\/www.gaveanews.com\/index.php\/2022\/07\/26\/pedro-estara-na-lista-de-tite-na-proxima-convocacao-da-selecao-brasileira\/","og_site_name":"G\u00e1vea News","article_publisher":"https:\/\/facebook.com\/gaveaNews\/","article_published_time":"2022-07-26T23:13:12+00:00","article_modified_time":"2024-04-07T02:22:14+00:00","og_image":[{"width":799,"height":533,"url":"https:\/\/www.gaveanews.com\/wp-content\/uploads\/Pedro-comemora-gol-marcado-pelo-Flamengo-contra-o-Sporting-Cristal.webp","type":"image\/jpeg"}],"author":"Equipe G\u00e1vea News","twitter_card":"summary_large_image","twitter_misc":{"Escrito por":"Equipe G\u00e1vea News","Est. tempo de leitura":"2 minutos"},"schema":{"@context":"https:\/\/schema.org","@graph":[{"@type":"NewsArticle","@id":"https:\/\/www.gaveanews.com\/index.php\/2022\/07\/26\/pedro-estara-na-lista-de-tite-na-proxima-convocacao-da-selecao-brasileira\/#article","isPartOf":{"@id":"https:\/\/www.gaveanews.com\/index.php\/2022\/07\/26\/pedro-estara-na-lista-de-tite-na-proxima-convocacao-da-selecao-brasileira\/"},"author":{"name":"Equipe G\u00e1vea News","@id":"https:\/\/www.gaveanews.com\/#\/schema\/person\/2ec14f73fb96be2caf28f91afb14749d"},"headline":"Pedro estar\u00e1 na lista de Tite na pr\u00f3xima convoca\u00e7\u00e3o da sele\u00e7\u00e3o brasileira","datePublished":"2022-07-26T23:13:12+00:00","dateModified":"2024-04-07T02:22:14+00:00","mainEntityOfPage":{"@id":"https:\/\/www.gaveanews.com\/index.php\/2022\/07\/26\/pedro-estara-na-lista-de-tite-na-proxima-convocacao-da-selecao-brasileira\/"},"wordCount":300,"commentCount":0,"image":{"@id":"https:\/\/www.gaveanews.com\/index.php\/2022\/07\/26\/pedro-estara-na-lista-de-tite-na-proxima-convocacao-da-selecao-brasileira\/#primaryimage"},"thumbnailUrl":"https:\/\/www.gaveanews.com\/wp-content\/uploads\/Pedro-comemora-gol-marcado-pelo-Flamengo-contra-o-Sporting-Cristal.webp","keywords":["Adenor Leonardo Bachi"],"articleSection":["Destaques"],"inLanguage":"pt-BR","potentialAction":[{"@type":"CommentAction","name":"Comment","target":["https:\/\/www.gaveanews.com\/index.php\/2022\/07\/26\/pedro-estara-na-lista-de-tite-na-proxima-convocacao-da-selecao-brasileira\/#respond"]}],"copyrightYear":"2022","copyrightHolder":{"@id":"https:\/\/www.gaveanews.com\/#organization"}},{"@type":"WebPage","@id":"https:\/\/www.gaveanews.com\/index.php\/2022\/07\/26\/pedro-estara-na-lista-de-tite-na-proxima-convocacao-da-selecao-brasileira\/","url":"https:\/\/www.gaveanews.com\/index.php\/2022\/07\/26\/pedro-estara-na-lista-de-tite-na-proxima-convocacao-da-selecao-brasileira\/","name":"Pedro estar\u00e1 na lista de Tite na pr\u00f3xima convoca\u00e7\u00e3o da sele\u00e7\u00e3o brasileira","isPartOf":{"@id":"https:\/\/www.gaveanews.com\/#website"},"primaryImageOfPage":{"@id":"https:\/\/www.gaveanews.com\/index.php\/2022\/07\/26\/pedro-estara-na-lista-de-tite-na-proxima-convocacao-da-selecao-brasileira\/#primaryimage"},"image":{"@id":"https:\/\/www.gaveanews.com\/index.php\/2022\/07\/26\/pedro-estara-na-lista-de-tite-na-proxima-convocacao-da-selecao-brasileira\/#primaryimage"},"thumbnailUrl":"https:\/\/www.gaveanews.com\/wp-content\/uploads\/Pedro-comemora-gol-marcado-pelo-Flamengo-contra-o-Sporting-Cristal.webp","datePublished":"2022-07-26T23:13:12+00:00","dateModified":"2024-04-07T02:22:14+00:00","author":{"@id":"https:\/\/www.gaveanews.com\/#\/schema\/person\/2ec14f73fb96be2caf28f91afb14749d"},"breadcrumb":{"@id":"https:\/\/www.gaveanews.com\/index.php\/2022\/07\/26\/pedro-estara-na-lista-de-tite-na-proxima-convocacao-da-selecao-brasileira\/#breadcrumb"},"inLanguage":"pt-BR","potentialAction":[{"@type":"ReadAction","target":["https:\/\/www.gaveanews.com\/index.php\/2022\/07\/26\/pedro-estara-na-lista-de-tite-na-proxima-convocacao-da-selecao-brasileira\/"]}]},{"@type":"ImageObject","inLanguage":"pt-BR","@id":"https:\/\/www.gaveanews.com\/index.php\/2022\/07\/26\/pedro-estara-na-lista-de-tite-na-proxima-convocacao-da-selecao-brasileira\/#primaryimage","url":"https:\/\/www.gaveanews.com\/wp-content\/uploads\/Pedro-comemora-gol-marcado-pelo-Flamengo-contra-o-Sporting-Cristal.webp","contentUrl":"https:\/\/www.gaveanews.com\/wp-content\/uploads\/Pedro-comemora-gol-marcado-pelo-Flamengo-contra-o-Sporting-Cristal.webp","width":799,"height":533,"caption":"Pedro comemora gol marcado pelo Flamengo contra o Sporting Cristal (Foto: Alexandre Vidal\/Flamengo)"},{"@type":"BreadcrumbList","@id":"https:\/\/www.gaveanews.com\/index.php\/2022\/07\/26\/pedro-estara-na-lista-de-tite-na-proxima-convocacao-da-selecao-brasileira\/#breadcrumb","itemListElement":[{"@type":"ListItem","position":1,"name":"Home","item":"https:\/\/www.gaveanews.com\/"},{"@type":"ListItem","position":2,"name":"Pedro estar\u00e1 na lista de Tite na pr\u00f3xima convoca\u00e7\u00e3o da sele\u00e7\u00e3o brasileira"}]},{"@type":"WebSite","@id":"https:\/\/www.gaveanews.com\/#website","url":"https:\/\/www.gaveanews.com\/","name":"G\u00e1vea News","description":"Veja todas as not\u00edcias sobre o Flamengo: Contrata\u00e7\u00f5es, categorias de base, resultados das partidas, tabela de classifica\u00e7\u00e3o, pr\u00f3ximos jogos!","potentialAction":[{"@type":"SearchAction","target":{"@type":"EntryPoint","urlTemplate":"https:\/\/www.gaveanews.com\/?s={search_term_string}"},"query-input":{"@type":"PropertyValueSpecification","valueRequired":true,"valueName":"search_term_string"}}],"inLanguage":"pt-BR"},{"@type":"Person","@id":"https:\/\/www.gaveanews.com\/#\/schema\/person\/2ec14f73fb96be2caf28f91afb14749d","name":"Equipe G\u00e1vea News","image":{"@type":"ImageObject","inLanguage":"pt-BR","@id":"https:\/\/www.gaveanews.com\/#\/schema\/person\/image\/","url":"https:\/\/secure.gravatar.com\/avatar\/1e1956f1facbffd3f8fa53a326721950116b3b9dc9bd44939c01180fd4a745a9?s=96&d=mm&r=g","contentUrl":"https:\/\/secure.gravatar.com\/avatar\/1e1956f1facbffd3f8fa53a326721950116b3b9dc9bd44939c01180fd4a745a9?s=96&d=mm&r=g","caption":"Equipe G\u00e1vea News"}}]}},"_links":{"self":[{"href":"https:\/\/www.gaveanews.com\/index.php\/wp-json\/wp\/v2\/posts\/85231","targetHints":{"allow":["GET"]}}],"collection":[{"href":"https:\/\/www.gaveanews.com\/index.php\/wp-json\/wp\/v2\/posts"}],"about":[{"href":"https:\/\/www.gaveanews.com\/index.php\/wp-json\/wp\/v2\/types\/post"}],"author":[{"embeddable":true,"href":"https:\/\/www.gaveanews.com\/index.php\/wp-json\/wp\/v2\/users\/1"}],"replies":[{"embeddable":true,"href":"https:\/\/www.gaveanews.com\/index.php\/wp-json\/wp\/v2\/comments?post=85231"}],"version-history":[{"count":1,"href":"https:\/\/www.gaveanews.com\/index.php\/wp-json\/wp\/v2\/posts\/85231\/revisions"}],"predecessor-version":[{"id":135057,"href":"https:\/\/www.gaveanews.com\/index.php\/wp-json\/wp\/v2\/posts\/85231\/revisions\/135057"}],"wp:featuredmedia":[{"embeddable":true,"href":"https:\/\/www.gaveanews.com\/index.php\/wp-json\/wp\/v2\/media\/82090"}],"wp:attachment":[{"href":"https:\/\/www.gaveanews.com\/index.php\/wp-json\/wp\/v2\/media?parent=85231"}],"wp:term":[{"taxonomy":"category","embeddable":true,"href":"https:\/\/www.gaveanews.com\/index.php\/wp-json\/wp\/v2\/categories?post=85231"},{"taxonomy":"post_tag","embeddable":true,"href":"https:\/\/www.gaveanews.com\/index.php\/wp-json\/wp\/v2\/tags?post=85231"}],"curies":[{"name":"wp","href":"https:\/\/api.w.org\/{rel}","templated":true}]}}