{"id":85233,"date":"2022-07-26T20:15:18","date_gmt":"2022-07-26T23:15:18","guid":{"rendered":"https:\/\/www.gaveanews.com\/?p=85233"},"modified":"2022-07-26T20:15:20","modified_gmt":"2022-07-26T23:15:20","slug":"estadio-do-flamengo-e-tratado-sob-sigilo-dentro-da-caixa-economica-federal","status":"publish","type":"post","link":"https:\/\/www.gaveanews.com\/index.php\/2022\/07\/26\/estadio-do-flamengo-e-tratado-sob-sigilo-dentro-da-caixa-economica-federal\/","title":{"rendered":"Est\u00e1dio do Flamengo \u00e9 tratado sob sigilo dentro da Caixa Econ\u00f4mica Federal"},"content":{"rendered":"\n<p>Conforme o presidente Jair Bolsonaro divulgou na \u00faltima segunda-feira, a Caixa Econ\u00f4mica Federal est\u00e1 elaborando um estudo de viabilidade para a constru\u00e7\u00e3o o est\u00e1dio do Flamengo na regi\u00e3o do Gas\u00f4metro. O assunto, entretanto, \u00e9 tratado sob sigilo dentro do banco.<\/p>\n\n\n\n<p>O projeto \u00e9 tratado por uma vice-presid\u00eancia espec\u00edfica e poucas pessoas t\u00eam acesso. A equipe trabalha de forma isolada e se comprometeu com termos do compliance da Caixa. H\u00e1 receio tamb\u00e9m com \u00f3rg\u00e3os de fiscaliza\u00e7\u00e3o como o Tribunal de Contas da Uni\u00e3o (TCU), que audita o banco.<\/p>\n\n\n\n<p>De acordo com fontes da Caixa, o estudo leva em considera\u00e7\u00e3o n\u00e3o s\u00f3 o valor do terreno, mas quanto ele poderia gerar em lucro e ajudar no desenvolvimento da regi\u00e3o. O banco tamb\u00e9m se preocupa em n\u00e3o ter preju\u00edzos. A regi\u00e3o onde pode ser erguido o est\u00e1dio \u00e9 a mais valorizada do Porto Maravilha. No local h\u00e1 a possibilidade de serem erguidos pr\u00e9dios de at\u00e9 50 andares, por exemplo.<\/p>\n\n\n\n<p>A partir do momento que todos esses detalhes forem levantados, o banco tra\u00e7ar\u00e1 estrat\u00e9gias sobre como poder\u00e1 oferecer o terreno ao Flamengo, assim como, estipular valores e formas de pagamento.<\/p>\n\n\n\n<p>Retirado de: Panorama Esportivo<\/p>\n","protected":false},"excerpt":{"rendered":"<p>Conforme o presidente Jair Bolsonaro divulgou na \u00faltima segunda-feira, a Caixa Econ\u00f4mica Federal est\u00e1 elaborando um estudo de viabilidade para a constru\u00e7\u00e3o o est\u00e1dio do Flamengo na regi\u00e3o do Gas\u00f4metro. O assunto, entretanto, \u00e9 tratado sob sigilo dentro do banco. O projeto \u00e9 tratado por uma vice-presid\u00eancia espec\u00edfica e poucas pessoas t\u00eam acesso. A equipe [&hellip;]<\/p>\n","protected":false},"author":1,"featured_media":15077,"comment_status":"open","ping_status":"closed","sticky":false,"template":"","format":"standard","meta":{"footnotes":""},"categories":[1],"tags":[],"class_list":["post-85233","post","type-post","status-publish","format-standard","has-post-thumbnail","hentry","category-flamengo"],"yoast_head":"<!-- This site is optimized with the Yoast SEO Premium plugin v24.2 (Yoast SEO v26.9) - https:\/\/yoast.com\/product\/yoast-seo-premium-wordpress\/ -->\n<title>Est\u00e1dio do Flamengo \u00e9 tratado sob sigilo dentro da Caixa Econ\u00f4mica Federal<\/title>\n<meta name=\"robots\" content=\"index, follow, max-snippet:-1, max-image-preview:large, max-video-preview:-1\" \/>\n<link rel=\"canonical\" href=\"https:\/\/www.gaveanews.com\/index.php\/2022\/07\/26\/estadio-do-flamengo-e-tratado-sob-sigilo-dentro-da-caixa-economica-federal\/\" \/>\n<meta property=\"og:locale\" content=\"pt_BR\" \/>\n<meta property=\"og:type\" content=\"article\" \/>\n<meta property=\"og:title\" content=\"Est\u00e1dio do Flamengo \u00e9 tratado sob sigilo dentro da Caixa Econ\u00f4mica Federal\" \/>\n<meta property=\"og:description\" content=\"Conforme o presidente Jair Bolsonaro divulgou na \u00faltima segunda-feira, a Caixa Econ\u00f4mica Federal est\u00e1 elaborando um estudo de viabilidade para a constru\u00e7\u00e3o o est\u00e1dio do Flamengo na regi\u00e3o do Gas\u00f4metro. O assunto, entretanto, \u00e9 tratado sob sigilo dentro do banco. O projeto \u00e9 tratado por uma vice-presid\u00eancia espec\u00edfica e poucas pessoas t\u00eam acesso. A equipe [&hellip;]\" \/>\n<meta property=\"og:url\" content=\"https:\/\/www.gaveanews.com\/index.php\/2022\/07\/26\/estadio-do-flamengo-e-tratado-sob-sigilo-dentro-da-caixa-economica-federal\/\" \/>\n<meta property=\"og:site_name\" content=\"G\u00e1vea News\" \/>\n<meta property=\"article:publisher\" content=\"https:\/\/facebook.com\/gaveaNews\/\" \/>\n<meta property=\"article:published_time\" content=\"2022-07-26T23:15:18+00:00\" \/>\n<meta property=\"article:modified_time\" content=\"2022-07-26T23:15:20+00:00\" \/>\n<meta property=\"og:image\" content=\"https:\/\/www.gaveanews.com\/wp-content\/uploads\/2019\/03\/Rodolfo-Landim-durante-entrevista-coletiva-na-Gavea.webp\" \/>\n\t<meta property=\"og:image:width\" content=\"1\" \/>\n\t<meta property=\"og:image:height\" content=\"1\" \/>\n\t<meta property=\"og:image:type\" content=\"image\/jpeg\" \/>\n<meta name=\"author\" content=\"Equipe G\u00e1vea News\" \/>\n<meta name=\"twitter:card\" content=\"summary_large_image\" \/>\n<meta name=\"twitter:label1\" content=\"Escrito por\" \/>\n\t<meta name=\"twitter:data1\" content=\"Equipe G\u00e1vea News\" \/>\n\t<meta name=\"twitter:label2\" content=\"Est. tempo de leitura\" \/>\n\t<meta name=\"twitter:data2\" content=\"2 minutos\" \/>\n<script type=\"application\/ld+json\" class=\"yoast-schema-graph\">{\"@context\":\"https:\/\/schema.org\",\"@graph\":[{\"@type\":\"NewsArticle\",\"@id\":\"https:\/\/www.gaveanews.com\/index.php\/2022\/07\/26\/estadio-do-flamengo-e-tratado-sob-sigilo-dentro-da-caixa-economica-federal\/#article\",\"isPartOf\":{\"@id\":\"https:\/\/www.gaveanews.com\/index.php\/2022\/07\/26\/estadio-do-flamengo-e-tratado-sob-sigilo-dentro-da-caixa-economica-federal\/\"},\"author\":{\"name\":\"Equipe G\u00e1vea News\",\"@id\":\"https:\/\/www.gaveanews.com\/#\/schema\/person\/2ec14f73fb96be2caf28f91afb14749d\"},\"headline\":\"Est\u00e1dio do Flamengo \u00e9 tratado sob sigilo dentro da Caixa Econ\u00f4mica Federal\",\"datePublished\":\"2022-07-26T23:15:18+00:00\",\"dateModified\":\"2022-07-26T23:15:20+00:00\",\"mainEntityOfPage\":{\"@id\":\"https:\/\/www.gaveanews.com\/index.php\/2022\/07\/26\/estadio-do-flamengo-e-tratado-sob-sigilo-dentro-da-caixa-economica-federal\/\"},\"wordCount\":222,\"commentCount\":0,\"image\":{\"@id\":\"https:\/\/www.gaveanews.com\/index.php\/2022\/07\/26\/estadio-do-flamengo-e-tratado-sob-sigilo-dentro-da-caixa-economica-federal\/#primaryimage\"},\"thumbnailUrl\":\"https:\/\/www.gaveanews.com\/wp-content\/uploads\/2019\/03\/Rodolfo-Landim-durante-entrevista-coletiva-na-Gavea.webp\",\"articleSection\":[\"Flamengo\"],\"inLanguage\":\"pt-BR\",\"potentialAction\":[{\"@type\":\"CommentAction\",\"name\":\"Comment\",\"target\":[\"https:\/\/www.gaveanews.com\/index.php\/2022\/07\/26\/estadio-do-flamengo-e-tratado-sob-sigilo-dentro-da-caixa-economica-federal\/#respond\"]}],\"copyrightYear\":\"2022\",\"copyrightHolder\":{\"@id\":\"https:\/\/www.gaveanews.com\/#organization\"}},{\"@type\":\"WebPage\",\"@id\":\"https:\/\/www.gaveanews.com\/index.php\/2022\/07\/26\/estadio-do-flamengo-e-tratado-sob-sigilo-dentro-da-caixa-economica-federal\/\",\"url\":\"https:\/\/www.gaveanews.com\/index.php\/2022\/07\/26\/estadio-do-flamengo-e-tratado-sob-sigilo-dentro-da-caixa-economica-federal\/\",\"name\":\"Est\u00e1dio do Flamengo \u00e9 tratado sob sigilo dentro da Caixa Econ\u00f4mica Federal\",\"isPartOf\":{\"@id\":\"https:\/\/www.gaveanews.com\/#website\"},\"primaryImageOfPage\":{\"@id\":\"https:\/\/www.gaveanews.com\/index.php\/2022\/07\/26\/estadio-do-flamengo-e-tratado-sob-sigilo-dentro-da-caixa-economica-federal\/#primaryimage\"},\"image\":{\"@id\":\"https:\/\/www.gaveanews.com\/index.php\/2022\/07\/26\/estadio-do-flamengo-e-tratado-sob-sigilo-dentro-da-caixa-economica-federal\/#primaryimage\"},\"thumbnailUrl\":\"https:\/\/www.gaveanews.com\/wp-content\/uploads\/2019\/03\/Rodolfo-Landim-durante-entrevista-coletiva-na-Gavea.webp\",\"datePublished\":\"2022-07-26T23:15:18+00:00\",\"dateModified\":\"2022-07-26T23:15:20+00:00\",\"author\":{\"@id\":\"https:\/\/www.gaveanews.com\/#\/schema\/person\/2ec14f73fb96be2caf28f91afb14749d\"},\"breadcrumb\":{\"@id\":\"https:\/\/www.gaveanews.com\/index.php\/2022\/07\/26\/estadio-do-flamengo-e-tratado-sob-sigilo-dentro-da-caixa-economica-federal\/#breadcrumb\"},\"inLanguage\":\"pt-BR\",\"potentialAction\":[{\"@type\":\"ReadAction\",\"target\":[\"https:\/\/www.gaveanews.com\/index.php\/2022\/07\/26\/estadio-do-flamengo-e-tratado-sob-sigilo-dentro-da-caixa-economica-federal\/\"]}]},{\"@type\":\"ImageObject\",\"inLanguage\":\"pt-BR\",\"@id\":\"https:\/\/www.gaveanews.com\/index.php\/2022\/07\/26\/estadio-do-flamengo-e-tratado-sob-sigilo-dentro-da-caixa-economica-federal\/#primaryimage\",\"url\":\"https:\/\/www.gaveanews.com\/wp-content\/uploads\/2019\/03\/Rodolfo-Landim-durante-entrevista-coletiva-na-Gavea.webp\",\"contentUrl\":\"https:\/\/www.gaveanews.com\/wp-content\/uploads\/2019\/03\/Rodolfo-Landim-durante-entrevista-coletiva-na-Gavea.webp\",\"width\":900,\"height\":599,\"caption\":\"Rodolfo Landim durante entrevista coletiva na G\u00e1vea (Foto: Ag\u00eancia Foto BR)\"},{\"@type\":\"BreadcrumbList\",\"@id\":\"https:\/\/www.gaveanews.com\/index.php\/2022\/07\/26\/estadio-do-flamengo-e-tratado-sob-sigilo-dentro-da-caixa-economica-federal\/#breadcrumb\",\"itemListElement\":[{\"@type\":\"ListItem\",\"position\":1,\"name\":\"Home\",\"item\":\"https:\/\/www.gaveanews.com\/\"},{\"@type\":\"ListItem\",\"position\":2,\"name\":\"Est\u00e1dio do Flamengo \u00e9 tratado sob sigilo dentro da Caixa Econ\u00f4mica Federal\"}]},{\"@type\":\"WebSite\",\"@id\":\"https:\/\/www.gaveanews.com\/#website\",\"url\":\"https:\/\/www.gaveanews.com\/\",\"name\":\"G\u00e1vea News\",\"description\":\"Veja todas as not\u00edcias sobre o Flamengo: Contrata\u00e7\u00f5es, categorias de base, resultados das partidas, tabela de classifica\u00e7\u00e3o, pr\u00f3ximos jogos!\",\"potentialAction\":[{\"@type\":\"SearchAction\",\"target\":{\"@type\":\"EntryPoint\",\"urlTemplate\":\"https:\/\/www.gaveanews.com\/?s={search_term_string}\"},\"query-input\":{\"@type\":\"PropertyValueSpecification\",\"valueRequired\":true,\"valueName\":\"search_term_string\"}}],\"inLanguage\":\"pt-BR\"},{\"@type\":\"Person\",\"@id\":\"https:\/\/www.gaveanews.com\/#\/schema\/person\/2ec14f73fb96be2caf28f91afb14749d\",\"name\":\"Equipe G\u00e1vea News\",\"image\":{\"@type\":\"ImageObject\",\"inLanguage\":\"pt-BR\",\"@id\":\"https:\/\/www.gaveanews.com\/#\/schema\/person\/image\/\",\"url\":\"https:\/\/secure.gravatar.com\/avatar\/1e1956f1facbffd3f8fa53a326721950116b3b9dc9bd44939c01180fd4a745a9?s=96&d=mm&r=g\",\"contentUrl\":\"https:\/\/secure.gravatar.com\/avatar\/1e1956f1facbffd3f8fa53a326721950116b3b9dc9bd44939c01180fd4a745a9?s=96&d=mm&r=g\",\"caption\":\"Equipe G\u00e1vea News\"}}]}<\/script>\n<!-- \/ Yoast SEO Premium plugin. -->","yoast_head_json":{"title":"Est\u00e1dio do Flamengo \u00e9 tratado sob sigilo dentro da Caixa Econ\u00f4mica Federal","robots":{"index":"index","follow":"follow","max-snippet":"max-snippet:-1","max-image-preview":"max-image-preview:large","max-video-preview":"max-video-preview:-1"},"canonical":"https:\/\/www.gaveanews.com\/index.php\/2022\/07\/26\/estadio-do-flamengo-e-tratado-sob-sigilo-dentro-da-caixa-economica-federal\/","og_locale":"pt_BR","og_type":"article","og_title":"Est\u00e1dio do Flamengo \u00e9 tratado sob sigilo dentro da Caixa Econ\u00f4mica Federal","og_description":"Conforme o presidente Jair Bolsonaro divulgou na \u00faltima segunda-feira, a Caixa Econ\u00f4mica Federal est\u00e1 elaborando um estudo de viabilidade para a constru\u00e7\u00e3o o est\u00e1dio do Flamengo na regi\u00e3o do Gas\u00f4metro. O assunto, entretanto, \u00e9 tratado sob sigilo dentro do banco. O projeto \u00e9 tratado por uma vice-presid\u00eancia espec\u00edfica e poucas pessoas t\u00eam acesso. A equipe [&hellip;]","og_url":"https:\/\/www.gaveanews.com\/index.php\/2022\/07\/26\/estadio-do-flamengo-e-tratado-sob-sigilo-dentro-da-caixa-economica-federal\/","og_site_name":"G\u00e1vea News","article_publisher":"https:\/\/facebook.com\/gaveaNews\/","article_published_time":"2022-07-26T23:15:18+00:00","article_modified_time":"2022-07-26T23:15:20+00:00","og_image":[{"url":"https:\/\/www.gaveanews.com\/wp-content\/uploads\/2019\/03\/Rodolfo-Landim-durante-entrevista-coletiva-na-Gavea.webp","width":1,"height":1,"type":"image\/jpeg"}],"author":"Equipe G\u00e1vea News","twitter_card":"summary_large_image","twitter_misc":{"Escrito por":"Equipe G\u00e1vea News","Est. tempo de leitura":"2 minutos"},"schema":{"@context":"https:\/\/schema.org","@graph":[{"@type":"NewsArticle","@id":"https:\/\/www.gaveanews.com\/index.php\/2022\/07\/26\/estadio-do-flamengo-e-tratado-sob-sigilo-dentro-da-caixa-economica-federal\/#article","isPartOf":{"@id":"https:\/\/www.gaveanews.com\/index.php\/2022\/07\/26\/estadio-do-flamengo-e-tratado-sob-sigilo-dentro-da-caixa-economica-federal\/"},"author":{"name":"Equipe G\u00e1vea News","@id":"https:\/\/www.gaveanews.com\/#\/schema\/person\/2ec14f73fb96be2caf28f91afb14749d"},"headline":"Est\u00e1dio do Flamengo \u00e9 tratado sob sigilo dentro da Caixa Econ\u00f4mica Federal","datePublished":"2022-07-26T23:15:18+00:00","dateModified":"2022-07-26T23:15:20+00:00","mainEntityOfPage":{"@id":"https:\/\/www.gaveanews.com\/index.php\/2022\/07\/26\/estadio-do-flamengo-e-tratado-sob-sigilo-dentro-da-caixa-economica-federal\/"},"wordCount":222,"commentCount":0,"image":{"@id":"https:\/\/www.gaveanews.com\/index.php\/2022\/07\/26\/estadio-do-flamengo-e-tratado-sob-sigilo-dentro-da-caixa-economica-federal\/#primaryimage"},"thumbnailUrl":"https:\/\/www.gaveanews.com\/wp-content\/uploads\/2019\/03\/Rodolfo-Landim-durante-entrevista-coletiva-na-Gavea.webp","articleSection":["Flamengo"],"inLanguage":"pt-BR","potentialAction":[{"@type":"CommentAction","name":"Comment","target":["https:\/\/www.gaveanews.com\/index.php\/2022\/07\/26\/estadio-do-flamengo-e-tratado-sob-sigilo-dentro-da-caixa-economica-federal\/#respond"]}],"copyrightYear":"2022","copyrightHolder":{"@id":"https:\/\/www.gaveanews.com\/#organization"}},{"@type":"WebPage","@id":"https:\/\/www.gaveanews.com\/index.php\/2022\/07\/26\/estadio-do-flamengo-e-tratado-sob-sigilo-dentro-da-caixa-economica-federal\/","url":"https:\/\/www.gaveanews.com\/index.php\/2022\/07\/26\/estadio-do-flamengo-e-tratado-sob-sigilo-dentro-da-caixa-economica-federal\/","name":"Est\u00e1dio do Flamengo \u00e9 tratado sob sigilo dentro da Caixa Econ\u00f4mica Federal","isPartOf":{"@id":"https:\/\/www.gaveanews.com\/#website"},"primaryImageOfPage":{"@id":"https:\/\/www.gaveanews.com\/index.php\/2022\/07\/26\/estadio-do-flamengo-e-tratado-sob-sigilo-dentro-da-caixa-economica-federal\/#primaryimage"},"image":{"@id":"https:\/\/www.gaveanews.com\/index.php\/2022\/07\/26\/estadio-do-flamengo-e-tratado-sob-sigilo-dentro-da-caixa-economica-federal\/#primaryimage"},"thumbnailUrl":"https:\/\/www.gaveanews.com\/wp-content\/uploads\/2019\/03\/Rodolfo-Landim-durante-entrevista-coletiva-na-Gavea.webp","datePublished":"2022-07-26T23:15:18+00:00","dateModified":"2022-07-26T23:15:20+00:00","author":{"@id":"https:\/\/www.gaveanews.com\/#\/schema\/person\/2ec14f73fb96be2caf28f91afb14749d"},"breadcrumb":{"@id":"https:\/\/www.gaveanews.com\/index.php\/2022\/07\/26\/estadio-do-flamengo-e-tratado-sob-sigilo-dentro-da-caixa-economica-federal\/#breadcrumb"},"inLanguage":"pt-BR","potentialAction":[{"@type":"ReadAction","target":["https:\/\/www.gaveanews.com\/index.php\/2022\/07\/26\/estadio-do-flamengo-e-tratado-sob-sigilo-dentro-da-caixa-economica-federal\/"]}]},{"@type":"ImageObject","inLanguage":"pt-BR","@id":"https:\/\/www.gaveanews.com\/index.php\/2022\/07\/26\/estadio-do-flamengo-e-tratado-sob-sigilo-dentro-da-caixa-economica-federal\/#primaryimage","url":"https:\/\/www.gaveanews.com\/wp-content\/uploads\/2019\/03\/Rodolfo-Landim-durante-entrevista-coletiva-na-Gavea.webp","contentUrl":"https:\/\/www.gaveanews.com\/wp-content\/uploads\/2019\/03\/Rodolfo-Landim-durante-entrevista-coletiva-na-Gavea.webp","width":900,"height":599,"caption":"Rodolfo Landim durante entrevista coletiva na G\u00e1vea (Foto: Ag\u00eancia Foto BR)"},{"@type":"BreadcrumbList","@id":"https:\/\/www.gaveanews.com\/index.php\/2022\/07\/26\/estadio-do-flamengo-e-tratado-sob-sigilo-dentro-da-caixa-economica-federal\/#breadcrumb","itemListElement":[{"@type":"ListItem","position":1,"name":"Home","item":"https:\/\/www.gaveanews.com\/"},{"@type":"ListItem","position":2,"name":"Est\u00e1dio do Flamengo \u00e9 tratado sob sigilo dentro da Caixa Econ\u00f4mica Federal"}]},{"@type":"WebSite","@id":"https:\/\/www.gaveanews.com\/#website","url":"https:\/\/www.gaveanews.com\/","name":"G\u00e1vea News","description":"Veja todas as not\u00edcias sobre o Flamengo: Contrata\u00e7\u00f5es, categorias de base, resultados das partidas, tabela de classifica\u00e7\u00e3o, pr\u00f3ximos jogos!","potentialAction":[{"@type":"SearchAction","target":{"@type":"EntryPoint","urlTemplate":"https:\/\/www.gaveanews.com\/?s={search_term_string}"},"query-input":{"@type":"PropertyValueSpecification","valueRequired":true,"valueName":"search_term_string"}}],"inLanguage":"pt-BR"},{"@type":"Person","@id":"https:\/\/www.gaveanews.com\/#\/schema\/person\/2ec14f73fb96be2caf28f91afb14749d","name":"Equipe G\u00e1vea News","image":{"@type":"ImageObject","inLanguage":"pt-BR","@id":"https:\/\/www.gaveanews.com\/#\/schema\/person\/image\/","url":"https:\/\/secure.gravatar.com\/avatar\/1e1956f1facbffd3f8fa53a326721950116b3b9dc9bd44939c01180fd4a745a9?s=96&d=mm&r=g","contentUrl":"https:\/\/secure.gravatar.com\/avatar\/1e1956f1facbffd3f8fa53a326721950116b3b9dc9bd44939c01180fd4a745a9?s=96&d=mm&r=g","caption":"Equipe G\u00e1vea News"}}]}},"_links":{"self":[{"href":"https:\/\/www.gaveanews.com\/index.php\/wp-json\/wp\/v2\/posts\/85233","targetHints":{"allow":["GET"]}}],"collection":[{"href":"https:\/\/www.gaveanews.com\/index.php\/wp-json\/wp\/v2\/posts"}],"about":[{"href":"https:\/\/www.gaveanews.com\/index.php\/wp-json\/wp\/v2\/types\/post"}],"author":[{"embeddable":true,"href":"https:\/\/www.gaveanews.com\/index.php\/wp-json\/wp\/v2\/users\/1"}],"replies":[{"embeddable":true,"href":"https:\/\/www.gaveanews.com\/index.php\/wp-json\/wp\/v2\/comments?post=85233"}],"version-history":[{"count":0,"href":"https:\/\/www.gaveanews.com\/index.php\/wp-json\/wp\/v2\/posts\/85233\/revisions"}],"wp:featuredmedia":[{"embeddable":true,"href":"https:\/\/www.gaveanews.com\/index.php\/wp-json\/wp\/v2\/media\/15077"}],"wp:attachment":[{"href":"https:\/\/www.gaveanews.com\/index.php\/wp-json\/wp\/v2\/media?parent=85233"}],"wp:term":[{"taxonomy":"category","embeddable":true,"href":"https:\/\/www.gaveanews.com\/index.php\/wp-json\/wp\/v2\/categories?post=85233"},{"taxonomy":"post_tag","embeddable":true,"href":"https:\/\/www.gaveanews.com\/index.php\/wp-json\/wp\/v2\/tags?post=85233"}],"curies":[{"name":"wp","href":"https:\/\/api.w.org\/{rel}","templated":true}]}}