{"id":85243,"date":"2022-07-27T09:34:52","date_gmt":"2022-07-27T12:34:52","guid":{"rendered":"https:\/\/www.gaveanews.com\/?p=85243"},"modified":"2022-07-27T09:34:54","modified_gmt":"2022-07-27T12:34:54","slug":"saiba-onde-assistir-flamengo-x-athletico-pr-pela-copa-do-brasil","status":"publish","type":"post","link":"https:\/\/www.gaveanews.com\/index.php\/2022\/07\/27\/saiba-onde-assistir-flamengo-x-athletico-pr-pela-copa-do-brasil\/","title":{"rendered":"Saiba onde assistir Flamengo x Athletico-PR pela Copa do Brasil"},"content":{"rendered":"\n<p>A decis\u00e3o por uma vaga nas semifinais da Copa do Brasil come\u00e7a hoje (27). Em um dos confrontos da noite, o Flamengo recebe o Athletico-PR para disputar os primeiros 90 minutos do duelo e espera garantir uma boa vantagem.<\/p>\n\n\n\n<p>Pelo lado carioca, a equipe poder\u00e1 contar com sua for\u00e7a m\u00e1xima e o bom momento para esta partida. Todo o time titular de Dorival J\u00fanior est\u00e1 \u00e0 disposi\u00e7\u00e3o e dever\u00e1 iniciar o jogo dentro das quatro linhas. Isso, \u00e9 claro, sem contar nos minutos que Cebolinha e Vidal, novos refor\u00e7os do grupo, poder\u00e3o ganhar no decorrer do confronto.<\/p>\n\n\n\n<p>Em rela\u00e7\u00e3o ao Furac\u00e3o haver\u00e3o sete desfalques. Orejuela e Vitor Roque ficam impossibilitados de jogar pois j\u00e1 atuaram por outras equipes na competi\u00e7\u00e3o. Pedro Rocha tem futuro indefinido e n\u00e3o participa do duelo por op\u00e7\u00e3o do clube. Christian, Julimar, Reinaldo e Pablo tratam problemas f\u00edsicos e tamb\u00e9m est\u00e3o de fora.<\/p>\n\n\n\n<p>Sabendo da import\u00e2ncia de conseguir uma boa vantagem em casa, a torcida do Flamengo esgotou os ingressos e comparecer\u00e1 ao Maracan\u00e3 em peso. Mas, para aqueles que n\u00e3o estar\u00e3o no est\u00e1dio, tamb\u00e9m haver\u00e1 a cobertura do mesmo pela TV.<\/p>\n\n\n\n<p>A TV Globo transmite a partida para todo o Brasil, com a exce\u00e7\u00e3o dos estados de S\u00e3o Paulo e Goi\u00e1s (nestes locais ser\u00e1 disponibilizado Atl\u00e9tico-GO x Corinthians). No canal aberto a narra\u00e7\u00e3o ser\u00e1 feita por Lu\u00eds Roberto, com coment\u00e1rios de Junior, Roger Flores e Sandro Meira Ricci.<\/p>\n\n\n\n<p>A emissora tamb\u00e9m transmite o evento na TV fechada. Por l\u00e1, o SporTV contar\u00e1 com a narra\u00e7\u00e3o de Gustavo Villani e coment\u00e1rios de L\u00e9dio Carmona, Pedrinho e Fernanda Colombo.<\/p>\n\n\n\n<p>O duelo de rubro-negros acontece \u00e0s 21h30 (hor\u00e1rio de Bras\u00edlia), no Maracan\u00e3. Caso algu\u00e9m saia na frente no placar, chegar\u00e1 na Arena da Baixada no dia 17 de agosto com uma vantagem importante na briga pela classifica\u00e7\u00e3o.<\/p>\n","protected":false},"excerpt":{"rendered":"<p>A decis\u00e3o por uma vaga nas semifinais da Copa do Brasil come\u00e7a hoje (27). Em um dos confrontos da noite, o Flamengo recebe o Athletico-PR para disputar os primeiros 90 minutos do duelo e espera garantir uma boa vantagem. Pelo lado carioca, a equipe poder\u00e1 contar com sua for\u00e7a m\u00e1xima e o bom momento para [&hellip;]<\/p>\n","protected":false},"author":4,"featured_media":84753,"comment_status":"open","ping_status":"closed","sticky":false,"template":"","format":"standard","meta":{"footnotes":""},"categories":[1],"tags":[],"class_list":["post-85243","post","type-post","status-publish","format-standard","has-post-thumbnail","hentry","category-flamengo"],"yoast_head":"<!-- This site is optimized with the Yoast SEO Premium plugin v24.2 (Yoast SEO v26.9) - https:\/\/yoast.com\/product\/yoast-seo-premium-wordpress\/ -->\n<title>Saiba onde assistir Flamengo x Athletico-PR pela Copa do Brasil<\/title>\n<meta name=\"robots\" content=\"index, follow, max-snippet:-1, max-image-preview:large, max-video-preview:-1\" \/>\n<link rel=\"canonical\" href=\"https:\/\/www.gaveanews.com\/index.php\/2022\/07\/27\/saiba-onde-assistir-flamengo-x-athletico-pr-pela-copa-do-brasil\/\" \/>\n<meta property=\"og:locale\" content=\"pt_BR\" \/>\n<meta property=\"og:type\" content=\"article\" \/>\n<meta property=\"og:title\" content=\"Saiba onde assistir Flamengo x Athletico-PR pela Copa do Brasil\" \/>\n<meta property=\"og:description\" content=\"A decis\u00e3o por uma vaga nas semifinais da Copa do Brasil come\u00e7a hoje (27). Em um dos confrontos da noite, o Flamengo recebe o Athletico-PR para disputar os primeiros 90 minutos do duelo e espera garantir uma boa vantagem. Pelo lado carioca, a equipe poder\u00e1 contar com sua for\u00e7a m\u00e1xima e o bom momento para [&hellip;]\" \/>\n<meta property=\"og:url\" content=\"https:\/\/www.gaveanews.com\/index.php\/2022\/07\/27\/saiba-onde-assistir-flamengo-x-athletico-pr-pela-copa-do-brasil\/\" \/>\n<meta property=\"og:site_name\" content=\"G\u00e1vea News\" \/>\n<meta property=\"article:publisher\" content=\"https:\/\/facebook.com\/gaveaNews\/\" \/>\n<meta property=\"article:published_time\" content=\"2022-07-27T12:34:52+00:00\" \/>\n<meta property=\"article:modified_time\" content=\"2022-07-27T12:34:54+00:00\" \/>\n<meta property=\"og:image\" content=\"https:\/\/www.gaveanews.com\/wp-content\/uploads\/Interior-do-Maracana-antes-de-Flamengo-x-Atletico-MG-pela-Copa-do-Brasil.webp\" \/>\n\t<meta property=\"og:image:width\" content=\"800\" \/>\n\t<meta property=\"og:image:height\" content=\"532\" \/>\n\t<meta property=\"og:image:type\" content=\"image\/jpeg\" \/>\n<meta name=\"author\" content=\"Let\u00edcia Gerheim\" \/>\n<meta name=\"twitter:card\" content=\"summary_large_image\" \/>\n<meta name=\"twitter:label1\" content=\"Escrito por\" \/>\n\t<meta name=\"twitter:data1\" content=\"Let\u00edcia Gerheim\" \/>\n\t<meta name=\"twitter:label2\" content=\"Est. tempo de leitura\" \/>\n\t<meta name=\"twitter:data2\" content=\"2 minutos\" \/>\n<script type=\"application\/ld+json\" class=\"yoast-schema-graph\">{\"@context\":\"https:\/\/schema.org\",\"@graph\":[{\"@type\":\"NewsArticle\",\"@id\":\"https:\/\/www.gaveanews.com\/index.php\/2022\/07\/27\/saiba-onde-assistir-flamengo-x-athletico-pr-pela-copa-do-brasil\/#article\",\"isPartOf\":{\"@id\":\"https:\/\/www.gaveanews.com\/index.php\/2022\/07\/27\/saiba-onde-assistir-flamengo-x-athletico-pr-pela-copa-do-brasil\/\"},\"author\":{\"name\":\"Let\u00edcia Gerheim\",\"@id\":\"https:\/\/www.gaveanews.com\/#\/schema\/person\/714c67050b836198af2450ba1c142a67\"},\"headline\":\"Saiba onde assistir Flamengo x Athletico-PR pela Copa do Brasil\",\"datePublished\":\"2022-07-27T12:34:52+00:00\",\"dateModified\":\"2022-07-27T12:34:54+00:00\",\"mainEntityOfPage\":{\"@id\":\"https:\/\/www.gaveanews.com\/index.php\/2022\/07\/27\/saiba-onde-assistir-flamengo-x-athletico-pr-pela-copa-do-brasil\/\"},\"wordCount\":341,\"commentCount\":0,\"image\":{\"@id\":\"https:\/\/www.gaveanews.com\/index.php\/2022\/07\/27\/saiba-onde-assistir-flamengo-x-athletico-pr-pela-copa-do-brasil\/#primaryimage\"},\"thumbnailUrl\":\"https:\/\/www.gaveanews.com\/wp-content\/uploads\/Interior-do-Maracana-antes-de-Flamengo-x-Atletico-MG-pela-Copa-do-Brasil.webp\",\"articleSection\":[\"Flamengo\"],\"inLanguage\":\"pt-BR\",\"potentialAction\":[{\"@type\":\"CommentAction\",\"name\":\"Comment\",\"target\":[\"https:\/\/www.gaveanews.com\/index.php\/2022\/07\/27\/saiba-onde-assistir-flamengo-x-athletico-pr-pela-copa-do-brasil\/#respond\"]}],\"copyrightYear\":\"2022\",\"copyrightHolder\":{\"@id\":\"https:\/\/www.gaveanews.com\/#organization\"}},{\"@type\":\"WebPage\",\"@id\":\"https:\/\/www.gaveanews.com\/index.php\/2022\/07\/27\/saiba-onde-assistir-flamengo-x-athletico-pr-pela-copa-do-brasil\/\",\"url\":\"https:\/\/www.gaveanews.com\/index.php\/2022\/07\/27\/saiba-onde-assistir-flamengo-x-athletico-pr-pela-copa-do-brasil\/\",\"name\":\"Saiba onde assistir Flamengo x Athletico-PR pela Copa do Brasil\",\"isPartOf\":{\"@id\":\"https:\/\/www.gaveanews.com\/#website\"},\"primaryImageOfPage\":{\"@id\":\"https:\/\/www.gaveanews.com\/index.php\/2022\/07\/27\/saiba-onde-assistir-flamengo-x-athletico-pr-pela-copa-do-brasil\/#primaryimage\"},\"image\":{\"@id\":\"https:\/\/www.gaveanews.com\/index.php\/2022\/07\/27\/saiba-onde-assistir-flamengo-x-athletico-pr-pela-copa-do-brasil\/#primaryimage\"},\"thumbnailUrl\":\"https:\/\/www.gaveanews.com\/wp-content\/uploads\/Interior-do-Maracana-antes-de-Flamengo-x-Atletico-MG-pela-Copa-do-Brasil.webp\",\"datePublished\":\"2022-07-27T12:34:52+00:00\",\"dateModified\":\"2022-07-27T12:34:54+00:00\",\"author\":{\"@id\":\"https:\/\/www.gaveanews.com\/#\/schema\/person\/714c67050b836198af2450ba1c142a67\"},\"breadcrumb\":{\"@id\":\"https:\/\/www.gaveanews.com\/index.php\/2022\/07\/27\/saiba-onde-assistir-flamengo-x-athletico-pr-pela-copa-do-brasil\/#breadcrumb\"},\"inLanguage\":\"pt-BR\",\"potentialAction\":[{\"@type\":\"ReadAction\",\"target\":[\"https:\/\/www.gaveanews.com\/index.php\/2022\/07\/27\/saiba-onde-assistir-flamengo-x-athletico-pr-pela-copa-do-brasil\/\"]}]},{\"@type\":\"ImageObject\",\"inLanguage\":\"pt-BR\",\"@id\":\"https:\/\/www.gaveanews.com\/index.php\/2022\/07\/27\/saiba-onde-assistir-flamengo-x-athletico-pr-pela-copa-do-brasil\/#primaryimage\",\"url\":\"https:\/\/www.gaveanews.com\/wp-content\/uploads\/Interior-do-Maracana-antes-de-Flamengo-x-Atletico-MG-pela-Copa-do-Brasil.webp\",\"contentUrl\":\"https:\/\/www.gaveanews.com\/wp-content\/uploads\/Interior-do-Maracana-antes-de-Flamengo-x-Atletico-MG-pela-Copa-do-Brasil.webp\",\"width\":800,\"height\":532,\"caption\":\"Interior do Maracan\u00e3 antes de Flamengo x Atl\u00e9tico-MG pela Copa do Brasil (Foto: Paula Reis\/Flamengo)\"},{\"@type\":\"BreadcrumbList\",\"@id\":\"https:\/\/www.gaveanews.com\/index.php\/2022\/07\/27\/saiba-onde-assistir-flamengo-x-athletico-pr-pela-copa-do-brasil\/#breadcrumb\",\"itemListElement\":[{\"@type\":\"ListItem\",\"position\":1,\"name\":\"Home\",\"item\":\"https:\/\/www.gaveanews.com\/\"},{\"@type\":\"ListItem\",\"position\":2,\"name\":\"Saiba onde assistir Flamengo x Athletico-PR pela Copa do Brasil\"}]},{\"@type\":\"WebSite\",\"@id\":\"https:\/\/www.gaveanews.com\/#website\",\"url\":\"https:\/\/www.gaveanews.com\/\",\"name\":\"G\u00e1vea News\",\"description\":\"Veja todas as not\u00edcias sobre o Flamengo: Contrata\u00e7\u00f5es, categorias de base, resultados das partidas, tabela de classifica\u00e7\u00e3o, pr\u00f3ximos jogos!\",\"potentialAction\":[{\"@type\":\"SearchAction\",\"target\":{\"@type\":\"EntryPoint\",\"urlTemplate\":\"https:\/\/www.gaveanews.com\/?s={search_term_string}\"},\"query-input\":{\"@type\":\"PropertyValueSpecification\",\"valueRequired\":true,\"valueName\":\"search_term_string\"}}],\"inLanguage\":\"pt-BR\"},{\"@type\":\"Person\",\"@id\":\"https:\/\/www.gaveanews.com\/#\/schema\/person\/714c67050b836198af2450ba1c142a67\",\"name\":\"Let\u00edcia Gerheim\",\"image\":{\"@type\":\"ImageObject\",\"inLanguage\":\"pt-BR\",\"@id\":\"https:\/\/www.gaveanews.com\/#\/schema\/person\/image\/\",\"url\":\"https:\/\/secure.gravatar.com\/avatar\/60734739c50fcebfbac509e2a826ccd0ff405c019bc73aab9354f19ecad1dcb4?s=96&d=mm&r=g\",\"contentUrl\":\"https:\/\/secure.gravatar.com\/avatar\/60734739c50fcebfbac509e2a826ccd0ff405c019bc73aab9354f19ecad1dcb4?s=96&d=mm&r=g\",\"caption\":\"Let\u00edcia Gerheim\"}}]}<\/script>\n<!-- \/ Yoast SEO Premium plugin. -->","yoast_head_json":{"title":"Saiba onde assistir Flamengo x Athletico-PR pela Copa do Brasil","robots":{"index":"index","follow":"follow","max-snippet":"max-snippet:-1","max-image-preview":"max-image-preview:large","max-video-preview":"max-video-preview:-1"},"canonical":"https:\/\/www.gaveanews.com\/index.php\/2022\/07\/27\/saiba-onde-assistir-flamengo-x-athletico-pr-pela-copa-do-brasil\/","og_locale":"pt_BR","og_type":"article","og_title":"Saiba onde assistir Flamengo x Athletico-PR pela Copa do Brasil","og_description":"A decis\u00e3o por uma vaga nas semifinais da Copa do Brasil come\u00e7a hoje (27). Em um dos confrontos da noite, o Flamengo recebe o Athletico-PR para disputar os primeiros 90 minutos do duelo e espera garantir uma boa vantagem. Pelo lado carioca, a equipe poder\u00e1 contar com sua for\u00e7a m\u00e1xima e o bom momento para [&hellip;]","og_url":"https:\/\/www.gaveanews.com\/index.php\/2022\/07\/27\/saiba-onde-assistir-flamengo-x-athletico-pr-pela-copa-do-brasil\/","og_site_name":"G\u00e1vea News","article_publisher":"https:\/\/facebook.com\/gaveaNews\/","article_published_time":"2022-07-27T12:34:52+00:00","article_modified_time":"2022-07-27T12:34:54+00:00","og_image":[{"width":800,"height":532,"url":"https:\/\/www.gaveanews.com\/wp-content\/uploads\/Interior-do-Maracana-antes-de-Flamengo-x-Atletico-MG-pela-Copa-do-Brasil.webp","type":"image\/jpeg"}],"author":"Let\u00edcia Gerheim","twitter_card":"summary_large_image","twitter_misc":{"Escrito por":"Let\u00edcia Gerheim","Est. tempo de leitura":"2 minutos"},"schema":{"@context":"https:\/\/schema.org","@graph":[{"@type":"NewsArticle","@id":"https:\/\/www.gaveanews.com\/index.php\/2022\/07\/27\/saiba-onde-assistir-flamengo-x-athletico-pr-pela-copa-do-brasil\/#article","isPartOf":{"@id":"https:\/\/www.gaveanews.com\/index.php\/2022\/07\/27\/saiba-onde-assistir-flamengo-x-athletico-pr-pela-copa-do-brasil\/"},"author":{"name":"Let\u00edcia Gerheim","@id":"https:\/\/www.gaveanews.com\/#\/schema\/person\/714c67050b836198af2450ba1c142a67"},"headline":"Saiba onde assistir Flamengo x Athletico-PR pela Copa do Brasil","datePublished":"2022-07-27T12:34:52+00:00","dateModified":"2022-07-27T12:34:54+00:00","mainEntityOfPage":{"@id":"https:\/\/www.gaveanews.com\/index.php\/2022\/07\/27\/saiba-onde-assistir-flamengo-x-athletico-pr-pela-copa-do-brasil\/"},"wordCount":341,"commentCount":0,"image":{"@id":"https:\/\/www.gaveanews.com\/index.php\/2022\/07\/27\/saiba-onde-assistir-flamengo-x-athletico-pr-pela-copa-do-brasil\/#primaryimage"},"thumbnailUrl":"https:\/\/www.gaveanews.com\/wp-content\/uploads\/Interior-do-Maracana-antes-de-Flamengo-x-Atletico-MG-pela-Copa-do-Brasil.webp","articleSection":["Flamengo"],"inLanguage":"pt-BR","potentialAction":[{"@type":"CommentAction","name":"Comment","target":["https:\/\/www.gaveanews.com\/index.php\/2022\/07\/27\/saiba-onde-assistir-flamengo-x-athletico-pr-pela-copa-do-brasil\/#respond"]}],"copyrightYear":"2022","copyrightHolder":{"@id":"https:\/\/www.gaveanews.com\/#organization"}},{"@type":"WebPage","@id":"https:\/\/www.gaveanews.com\/index.php\/2022\/07\/27\/saiba-onde-assistir-flamengo-x-athletico-pr-pela-copa-do-brasil\/","url":"https:\/\/www.gaveanews.com\/index.php\/2022\/07\/27\/saiba-onde-assistir-flamengo-x-athletico-pr-pela-copa-do-brasil\/","name":"Saiba onde assistir Flamengo x Athletico-PR pela Copa do Brasil","isPartOf":{"@id":"https:\/\/www.gaveanews.com\/#website"},"primaryImageOfPage":{"@id":"https:\/\/www.gaveanews.com\/index.php\/2022\/07\/27\/saiba-onde-assistir-flamengo-x-athletico-pr-pela-copa-do-brasil\/#primaryimage"},"image":{"@id":"https:\/\/www.gaveanews.com\/index.php\/2022\/07\/27\/saiba-onde-assistir-flamengo-x-athletico-pr-pela-copa-do-brasil\/#primaryimage"},"thumbnailUrl":"https:\/\/www.gaveanews.com\/wp-content\/uploads\/Interior-do-Maracana-antes-de-Flamengo-x-Atletico-MG-pela-Copa-do-Brasil.webp","datePublished":"2022-07-27T12:34:52+00:00","dateModified":"2022-07-27T12:34:54+00:00","author":{"@id":"https:\/\/www.gaveanews.com\/#\/schema\/person\/714c67050b836198af2450ba1c142a67"},"breadcrumb":{"@id":"https:\/\/www.gaveanews.com\/index.php\/2022\/07\/27\/saiba-onde-assistir-flamengo-x-athletico-pr-pela-copa-do-brasil\/#breadcrumb"},"inLanguage":"pt-BR","potentialAction":[{"@type":"ReadAction","target":["https:\/\/www.gaveanews.com\/index.php\/2022\/07\/27\/saiba-onde-assistir-flamengo-x-athletico-pr-pela-copa-do-brasil\/"]}]},{"@type":"ImageObject","inLanguage":"pt-BR","@id":"https:\/\/www.gaveanews.com\/index.php\/2022\/07\/27\/saiba-onde-assistir-flamengo-x-athletico-pr-pela-copa-do-brasil\/#primaryimage","url":"https:\/\/www.gaveanews.com\/wp-content\/uploads\/Interior-do-Maracana-antes-de-Flamengo-x-Atletico-MG-pela-Copa-do-Brasil.webp","contentUrl":"https:\/\/www.gaveanews.com\/wp-content\/uploads\/Interior-do-Maracana-antes-de-Flamengo-x-Atletico-MG-pela-Copa-do-Brasil.webp","width":800,"height":532,"caption":"Interior do Maracan\u00e3 antes de Flamengo x Atl\u00e9tico-MG pela Copa do Brasil (Foto: Paula Reis\/Flamengo)"},{"@type":"BreadcrumbList","@id":"https:\/\/www.gaveanews.com\/index.php\/2022\/07\/27\/saiba-onde-assistir-flamengo-x-athletico-pr-pela-copa-do-brasil\/#breadcrumb","itemListElement":[{"@type":"ListItem","position":1,"name":"Home","item":"https:\/\/www.gaveanews.com\/"},{"@type":"ListItem","position":2,"name":"Saiba onde assistir Flamengo x Athletico-PR pela Copa do Brasil"}]},{"@type":"WebSite","@id":"https:\/\/www.gaveanews.com\/#website","url":"https:\/\/www.gaveanews.com\/","name":"G\u00e1vea News","description":"Veja todas as not\u00edcias sobre o Flamengo: Contrata\u00e7\u00f5es, categorias de base, resultados das partidas, tabela de classifica\u00e7\u00e3o, pr\u00f3ximos jogos!","potentialAction":[{"@type":"SearchAction","target":{"@type":"EntryPoint","urlTemplate":"https:\/\/www.gaveanews.com\/?s={search_term_string}"},"query-input":{"@type":"PropertyValueSpecification","valueRequired":true,"valueName":"search_term_string"}}],"inLanguage":"pt-BR"},{"@type":"Person","@id":"https:\/\/www.gaveanews.com\/#\/schema\/person\/714c67050b836198af2450ba1c142a67","name":"Let\u00edcia Gerheim","image":{"@type":"ImageObject","inLanguage":"pt-BR","@id":"https:\/\/www.gaveanews.com\/#\/schema\/person\/image\/","url":"https:\/\/secure.gravatar.com\/avatar\/60734739c50fcebfbac509e2a826ccd0ff405c019bc73aab9354f19ecad1dcb4?s=96&d=mm&r=g","contentUrl":"https:\/\/secure.gravatar.com\/avatar\/60734739c50fcebfbac509e2a826ccd0ff405c019bc73aab9354f19ecad1dcb4?s=96&d=mm&r=g","caption":"Let\u00edcia Gerheim"}}]}},"_links":{"self":[{"href":"https:\/\/www.gaveanews.com\/index.php\/wp-json\/wp\/v2\/posts\/85243","targetHints":{"allow":["GET"]}}],"collection":[{"href":"https:\/\/www.gaveanews.com\/index.php\/wp-json\/wp\/v2\/posts"}],"about":[{"href":"https:\/\/www.gaveanews.com\/index.php\/wp-json\/wp\/v2\/types\/post"}],"author":[{"embeddable":true,"href":"https:\/\/www.gaveanews.com\/index.php\/wp-json\/wp\/v2\/users\/4"}],"replies":[{"embeddable":true,"href":"https:\/\/www.gaveanews.com\/index.php\/wp-json\/wp\/v2\/comments?post=85243"}],"version-history":[{"count":0,"href":"https:\/\/www.gaveanews.com\/index.php\/wp-json\/wp\/v2\/posts\/85243\/revisions"}],"wp:featuredmedia":[{"embeddable":true,"href":"https:\/\/www.gaveanews.com\/index.php\/wp-json\/wp\/v2\/media\/84753"}],"wp:attachment":[{"href":"https:\/\/www.gaveanews.com\/index.php\/wp-json\/wp\/v2\/media?parent=85243"}],"wp:term":[{"taxonomy":"category","embeddable":true,"href":"https:\/\/www.gaveanews.com\/index.php\/wp-json\/wp\/v2\/categories?post=85243"},{"taxonomy":"post_tag","embeddable":true,"href":"https:\/\/www.gaveanews.com\/index.php\/wp-json\/wp\/v2\/tags?post=85243"}],"curies":[{"name":"wp","href":"https:\/\/api.w.org\/{rel}","templated":true}]}}