{"id":85267,"date":"2022-07-27T15:06:27","date_gmt":"2022-07-27T18:06:27","guid":{"rendered":"https:\/\/www.gaveanews.com\/?p=85267"},"modified":"2022-07-27T15:06:29","modified_gmt":"2022-07-27T18:06:29","slug":"estadio-do-flamengo-veja-como-anda-a-negociacao-entre-o-rubro-negro-e-a-caixa","status":"publish","type":"post","link":"https:\/\/www.gaveanews.com\/index.php\/2022\/07\/27\/estadio-do-flamengo-veja-como-anda-a-negociacao-entre-o-rubro-negro-e-a-caixa\/","title":{"rendered":"Est\u00e1dio do Flamengo: Veja como anda a negocia\u00e7\u00e3o entre o Rubro-Negro e a Caixa"},"content":{"rendered":"\n<p>Na \u00faltima semana, o presidente Rodolfo Landim e o comando da Caixa se reun\u00edram para discutir a constru\u00e7\u00e3o do est\u00e1dio do Meng\u00e3o. Segundo o \u2018O Globo\u2019, o mandat\u00e1rio do Fla deu in\u00edcio a negocia\u00e7\u00e3o e estava acompanhado de alguns assessores. Do lado do Banco, estavam Daniella Marques e Rafael Moraes, que cuidam das finan\u00e7as.<\/p>\n\n\n\n<p>O Flamengo, de acordo com o \u2018O Globo\u2019, n\u00e3o levou uma proposta, mas sim o desejo de erguer o est\u00e1dio na regi\u00e3o do Gas\u00f4metro. A Caixa, portanto, entregou o assunto \u00e0 \u00e1rea t\u00e9cnica do Banco para avaliar a viabilidade do neg\u00f3cio.<\/p>\n\n\n\n<p>Com as negocia\u00e7\u00f5es em est\u00e1gio preliminar, o Flamengo conta com dois trunfos. Um deles \u00e9 de que o presidente Jair Bolsonaro se mostrou sol\u00edcito a ajudar, assim como outros pol\u00edticos. Outro trunfo \u00e9 a situa\u00e7\u00e3o financeira. O presidente garante que o dinheiro para realizar a constru\u00e7\u00e3o sair\u00e1 da cria\u00e7\u00e3o da Liga de Clubes, que est\u00e1 pr\u00f3xima de ser concretizada.<\/p>\n\n\n\n<p>Retirado de: Di\u00e1rio do Fla<\/p>\n","protected":false},"excerpt":{"rendered":"<p>Na \u00faltima semana, o presidente Rodolfo Landim e o comando da Caixa se reun\u00edram para discutir a constru\u00e7\u00e3o do est\u00e1dio do Meng\u00e3o. Segundo o \u2018O Globo\u2019, o mandat\u00e1rio do Fla deu in\u00edcio a negocia\u00e7\u00e3o e estava acompanhado de alguns assessores. Do lado do Banco, estavam Daniella Marques e Rafael Moraes, que cuidam das finan\u00e7as. O [&hellip;]<\/p>\n","protected":false},"author":1,"featured_media":82159,"comment_status":"open","ping_status":"closed","sticky":false,"template":"","format":"standard","meta":{"footnotes":""},"categories":[1],"tags":[],"class_list":["post-85267","post","type-post","status-publish","format-standard","has-post-thumbnail","hentry","category-flamengo"],"yoast_head":"<!-- This site is optimized with the Yoast SEO Premium plugin v24.2 (Yoast SEO v26.9) - https:\/\/yoast.com\/product\/yoast-seo-premium-wordpress\/ -->\n<title>Est\u00e1dio do Flamengo: Veja como anda a negocia\u00e7\u00e3o entre o Rubro-Negro e a Caixa<\/title>\n<meta name=\"robots\" content=\"index, follow, max-snippet:-1, max-image-preview:large, max-video-preview:-1\" \/>\n<link rel=\"canonical\" href=\"https:\/\/www.gaveanews.com\/index.php\/2022\/07\/27\/estadio-do-flamengo-veja-como-anda-a-negociacao-entre-o-rubro-negro-e-a-caixa\/\" \/>\n<meta property=\"og:locale\" content=\"pt_BR\" \/>\n<meta property=\"og:type\" content=\"article\" \/>\n<meta property=\"og:title\" content=\"Est\u00e1dio do Flamengo: Veja como anda a negocia\u00e7\u00e3o entre o Rubro-Negro e a Caixa\" \/>\n<meta property=\"og:description\" content=\"Na \u00faltima semana, o presidente Rodolfo Landim e o comando da Caixa se reun\u00edram para discutir a constru\u00e7\u00e3o do est\u00e1dio do Meng\u00e3o. Segundo o \u2018O Globo\u2019, o mandat\u00e1rio do Fla deu in\u00edcio a negocia\u00e7\u00e3o e estava acompanhado de alguns assessores. Do lado do Banco, estavam Daniella Marques e Rafael Moraes, que cuidam das finan\u00e7as. O [&hellip;]\" \/>\n<meta property=\"og:url\" content=\"https:\/\/www.gaveanews.com\/index.php\/2022\/07\/27\/estadio-do-flamengo-veja-como-anda-a-negociacao-entre-o-rubro-negro-e-a-caixa\/\" \/>\n<meta property=\"og:site_name\" content=\"G\u00e1vea News\" \/>\n<meta property=\"article:publisher\" content=\"https:\/\/facebook.com\/gaveaNews\/\" \/>\n<meta property=\"article:published_time\" content=\"2022-07-27T18:06:27+00:00\" \/>\n<meta property=\"article:modified_time\" content=\"2022-07-27T18:06:29+00:00\" \/>\n<meta property=\"og:image\" content=\"https:\/\/www.gaveanews.com\/wp-content\/uploads\/Rodolfo-Landim-durante-cerimonia-de-posse-no-Flamengo.webp\" \/>\n\t<meta property=\"og:image:width\" content=\"1000\" \/>\n\t<meta property=\"og:image:height\" content=\"666\" \/>\n\t<meta property=\"og:image:type\" content=\"image\/webp\" \/>\n<meta name=\"author\" content=\"Equipe G\u00e1vea News\" \/>\n<meta name=\"twitter:card\" content=\"summary_large_image\" \/>\n<meta name=\"twitter:label1\" content=\"Escrito por\" \/>\n\t<meta name=\"twitter:data1\" content=\"Equipe G\u00e1vea News\" \/>\n\t<meta name=\"twitter:label2\" content=\"Est. tempo de leitura\" \/>\n\t<meta name=\"twitter:data2\" content=\"1 minuto\" \/>\n<script type=\"application\/ld+json\" class=\"yoast-schema-graph\">{\"@context\":\"https:\/\/schema.org\",\"@graph\":[{\"@type\":\"NewsArticle\",\"@id\":\"https:\/\/www.gaveanews.com\/index.php\/2022\/07\/27\/estadio-do-flamengo-veja-como-anda-a-negociacao-entre-o-rubro-negro-e-a-caixa\/#article\",\"isPartOf\":{\"@id\":\"https:\/\/www.gaveanews.com\/index.php\/2022\/07\/27\/estadio-do-flamengo-veja-como-anda-a-negociacao-entre-o-rubro-negro-e-a-caixa\/\"},\"author\":{\"name\":\"Equipe G\u00e1vea News\",\"@id\":\"https:\/\/www.gaveanews.com\/#\/schema\/person\/2ec14f73fb96be2caf28f91afb14749d\"},\"headline\":\"Est\u00e1dio do Flamengo: Veja como anda a negocia\u00e7\u00e3o entre o Rubro-Negro e a Caixa\",\"datePublished\":\"2022-07-27T18:06:27+00:00\",\"dateModified\":\"2022-07-27T18:06:29+00:00\",\"mainEntityOfPage\":{\"@id\":\"https:\/\/www.gaveanews.com\/index.php\/2022\/07\/27\/estadio-do-flamengo-veja-como-anda-a-negociacao-entre-o-rubro-negro-e-a-caixa\/\"},\"wordCount\":195,\"commentCount\":0,\"image\":{\"@id\":\"https:\/\/www.gaveanews.com\/index.php\/2022\/07\/27\/estadio-do-flamengo-veja-como-anda-a-negociacao-entre-o-rubro-negro-e-a-caixa\/#primaryimage\"},\"thumbnailUrl\":\"https:\/\/www.gaveanews.com\/wp-content\/uploads\/Rodolfo-Landim-durante-cerimonia-de-posse-no-Flamengo.webp\",\"articleSection\":[\"Flamengo\"],\"inLanguage\":\"pt-BR\",\"potentialAction\":[{\"@type\":\"CommentAction\",\"name\":\"Comment\",\"target\":[\"https:\/\/www.gaveanews.com\/index.php\/2022\/07\/27\/estadio-do-flamengo-veja-como-anda-a-negociacao-entre-o-rubro-negro-e-a-caixa\/#respond\"]}],\"copyrightYear\":\"2022\",\"copyrightHolder\":{\"@id\":\"https:\/\/www.gaveanews.com\/#organization\"}},{\"@type\":\"WebPage\",\"@id\":\"https:\/\/www.gaveanews.com\/index.php\/2022\/07\/27\/estadio-do-flamengo-veja-como-anda-a-negociacao-entre-o-rubro-negro-e-a-caixa\/\",\"url\":\"https:\/\/www.gaveanews.com\/index.php\/2022\/07\/27\/estadio-do-flamengo-veja-como-anda-a-negociacao-entre-o-rubro-negro-e-a-caixa\/\",\"name\":\"Est\u00e1dio do Flamengo: Veja como anda a negocia\u00e7\u00e3o entre o Rubro-Negro e a Caixa\",\"isPartOf\":{\"@id\":\"https:\/\/www.gaveanews.com\/#website\"},\"primaryImageOfPage\":{\"@id\":\"https:\/\/www.gaveanews.com\/index.php\/2022\/07\/27\/estadio-do-flamengo-veja-como-anda-a-negociacao-entre-o-rubro-negro-e-a-caixa\/#primaryimage\"},\"image\":{\"@id\":\"https:\/\/www.gaveanews.com\/index.php\/2022\/07\/27\/estadio-do-flamengo-veja-como-anda-a-negociacao-entre-o-rubro-negro-e-a-caixa\/#primaryimage\"},\"thumbnailUrl\":\"https:\/\/www.gaveanews.com\/wp-content\/uploads\/Rodolfo-Landim-durante-cerimonia-de-posse-no-Flamengo.webp\",\"datePublished\":\"2022-07-27T18:06:27+00:00\",\"dateModified\":\"2022-07-27T18:06:29+00:00\",\"author\":{\"@id\":\"https:\/\/www.gaveanews.com\/#\/schema\/person\/2ec14f73fb96be2caf28f91afb14749d\"},\"breadcrumb\":{\"@id\":\"https:\/\/www.gaveanews.com\/index.php\/2022\/07\/27\/estadio-do-flamengo-veja-como-anda-a-negociacao-entre-o-rubro-negro-e-a-caixa\/#breadcrumb\"},\"inLanguage\":\"pt-BR\",\"potentialAction\":[{\"@type\":\"ReadAction\",\"target\":[\"https:\/\/www.gaveanews.com\/index.php\/2022\/07\/27\/estadio-do-flamengo-veja-como-anda-a-negociacao-entre-o-rubro-negro-e-a-caixa\/\"]}]},{\"@type\":\"ImageObject\",\"inLanguage\":\"pt-BR\",\"@id\":\"https:\/\/www.gaveanews.com\/index.php\/2022\/07\/27\/estadio-do-flamengo-veja-como-anda-a-negociacao-entre-o-rubro-negro-e-a-caixa\/#primaryimage\",\"url\":\"https:\/\/www.gaveanews.com\/wp-content\/uploads\/Rodolfo-Landim-durante-cerimonia-de-posse-no-Flamengo.webp\",\"contentUrl\":\"https:\/\/www.gaveanews.com\/wp-content\/uploads\/Rodolfo-Landim-durante-cerimonia-de-posse-no-Flamengo.webp\",\"width\":1000,\"height\":666,\"caption\":\"Rodolfo Landim durante cerim\u00f4nia de posse no Flamengo (Foto: Marcelo Cortes\/Flamengo)\"},{\"@type\":\"BreadcrumbList\",\"@id\":\"https:\/\/www.gaveanews.com\/index.php\/2022\/07\/27\/estadio-do-flamengo-veja-como-anda-a-negociacao-entre-o-rubro-negro-e-a-caixa\/#breadcrumb\",\"itemListElement\":[{\"@type\":\"ListItem\",\"position\":1,\"name\":\"Home\",\"item\":\"https:\/\/www.gaveanews.com\/\"},{\"@type\":\"ListItem\",\"position\":2,\"name\":\"Est\u00e1dio do Flamengo: Veja como anda a negocia\u00e7\u00e3o entre o Rubro-Negro e a Caixa\"}]},{\"@type\":\"WebSite\",\"@id\":\"https:\/\/www.gaveanews.com\/#website\",\"url\":\"https:\/\/www.gaveanews.com\/\",\"name\":\"G\u00e1vea News\",\"description\":\"Veja todas as not\u00edcias sobre o Flamengo: Contrata\u00e7\u00f5es, categorias de base, resultados das partidas, tabela de classifica\u00e7\u00e3o, pr\u00f3ximos jogos!\",\"potentialAction\":[{\"@type\":\"SearchAction\",\"target\":{\"@type\":\"EntryPoint\",\"urlTemplate\":\"https:\/\/www.gaveanews.com\/?s={search_term_string}\"},\"query-input\":{\"@type\":\"PropertyValueSpecification\",\"valueRequired\":true,\"valueName\":\"search_term_string\"}}],\"inLanguage\":\"pt-BR\"},{\"@type\":\"Person\",\"@id\":\"https:\/\/www.gaveanews.com\/#\/schema\/person\/2ec14f73fb96be2caf28f91afb14749d\",\"name\":\"Equipe G\u00e1vea News\",\"image\":{\"@type\":\"ImageObject\",\"inLanguage\":\"pt-BR\",\"@id\":\"https:\/\/www.gaveanews.com\/#\/schema\/person\/image\/\",\"url\":\"https:\/\/secure.gravatar.com\/avatar\/1e1956f1facbffd3f8fa53a326721950116b3b9dc9bd44939c01180fd4a745a9?s=96&d=mm&r=g\",\"contentUrl\":\"https:\/\/secure.gravatar.com\/avatar\/1e1956f1facbffd3f8fa53a326721950116b3b9dc9bd44939c01180fd4a745a9?s=96&d=mm&r=g\",\"caption\":\"Equipe G\u00e1vea News\"}}]}<\/script>\n<!-- \/ Yoast SEO Premium plugin. -->","yoast_head_json":{"title":"Est\u00e1dio do Flamengo: Veja como anda a negocia\u00e7\u00e3o entre o Rubro-Negro e a Caixa","robots":{"index":"index","follow":"follow","max-snippet":"max-snippet:-1","max-image-preview":"max-image-preview:large","max-video-preview":"max-video-preview:-1"},"canonical":"https:\/\/www.gaveanews.com\/index.php\/2022\/07\/27\/estadio-do-flamengo-veja-como-anda-a-negociacao-entre-o-rubro-negro-e-a-caixa\/","og_locale":"pt_BR","og_type":"article","og_title":"Est\u00e1dio do Flamengo: Veja como anda a negocia\u00e7\u00e3o entre o Rubro-Negro e a Caixa","og_description":"Na \u00faltima semana, o presidente Rodolfo Landim e o comando da Caixa se reun\u00edram para discutir a constru\u00e7\u00e3o do est\u00e1dio do Meng\u00e3o. Segundo o \u2018O Globo\u2019, o mandat\u00e1rio do Fla deu in\u00edcio a negocia\u00e7\u00e3o e estava acompanhado de alguns assessores. Do lado do Banco, estavam Daniella Marques e Rafael Moraes, que cuidam das finan\u00e7as. O [&hellip;]","og_url":"https:\/\/www.gaveanews.com\/index.php\/2022\/07\/27\/estadio-do-flamengo-veja-como-anda-a-negociacao-entre-o-rubro-negro-e-a-caixa\/","og_site_name":"G\u00e1vea News","article_publisher":"https:\/\/facebook.com\/gaveaNews\/","article_published_time":"2022-07-27T18:06:27+00:00","article_modified_time":"2022-07-27T18:06:29+00:00","og_image":[{"width":1000,"height":666,"url":"https:\/\/www.gaveanews.com\/wp-content\/uploads\/Rodolfo-Landim-durante-cerimonia-de-posse-no-Flamengo.webp","type":"image\/webp"}],"author":"Equipe G\u00e1vea News","twitter_card":"summary_large_image","twitter_misc":{"Escrito por":"Equipe G\u00e1vea News","Est. tempo de leitura":"1 minuto"},"schema":{"@context":"https:\/\/schema.org","@graph":[{"@type":"NewsArticle","@id":"https:\/\/www.gaveanews.com\/index.php\/2022\/07\/27\/estadio-do-flamengo-veja-como-anda-a-negociacao-entre-o-rubro-negro-e-a-caixa\/#article","isPartOf":{"@id":"https:\/\/www.gaveanews.com\/index.php\/2022\/07\/27\/estadio-do-flamengo-veja-como-anda-a-negociacao-entre-o-rubro-negro-e-a-caixa\/"},"author":{"name":"Equipe G\u00e1vea News","@id":"https:\/\/www.gaveanews.com\/#\/schema\/person\/2ec14f73fb96be2caf28f91afb14749d"},"headline":"Est\u00e1dio do Flamengo: Veja como anda a negocia\u00e7\u00e3o entre o Rubro-Negro e a Caixa","datePublished":"2022-07-27T18:06:27+00:00","dateModified":"2022-07-27T18:06:29+00:00","mainEntityOfPage":{"@id":"https:\/\/www.gaveanews.com\/index.php\/2022\/07\/27\/estadio-do-flamengo-veja-como-anda-a-negociacao-entre-o-rubro-negro-e-a-caixa\/"},"wordCount":195,"commentCount":0,"image":{"@id":"https:\/\/www.gaveanews.com\/index.php\/2022\/07\/27\/estadio-do-flamengo-veja-como-anda-a-negociacao-entre-o-rubro-negro-e-a-caixa\/#primaryimage"},"thumbnailUrl":"https:\/\/www.gaveanews.com\/wp-content\/uploads\/Rodolfo-Landim-durante-cerimonia-de-posse-no-Flamengo.webp","articleSection":["Flamengo"],"inLanguage":"pt-BR","potentialAction":[{"@type":"CommentAction","name":"Comment","target":["https:\/\/www.gaveanews.com\/index.php\/2022\/07\/27\/estadio-do-flamengo-veja-como-anda-a-negociacao-entre-o-rubro-negro-e-a-caixa\/#respond"]}],"copyrightYear":"2022","copyrightHolder":{"@id":"https:\/\/www.gaveanews.com\/#organization"}},{"@type":"WebPage","@id":"https:\/\/www.gaveanews.com\/index.php\/2022\/07\/27\/estadio-do-flamengo-veja-como-anda-a-negociacao-entre-o-rubro-negro-e-a-caixa\/","url":"https:\/\/www.gaveanews.com\/index.php\/2022\/07\/27\/estadio-do-flamengo-veja-como-anda-a-negociacao-entre-o-rubro-negro-e-a-caixa\/","name":"Est\u00e1dio do Flamengo: Veja como anda a negocia\u00e7\u00e3o entre o Rubro-Negro e a Caixa","isPartOf":{"@id":"https:\/\/www.gaveanews.com\/#website"},"primaryImageOfPage":{"@id":"https:\/\/www.gaveanews.com\/index.php\/2022\/07\/27\/estadio-do-flamengo-veja-como-anda-a-negociacao-entre-o-rubro-negro-e-a-caixa\/#primaryimage"},"image":{"@id":"https:\/\/www.gaveanews.com\/index.php\/2022\/07\/27\/estadio-do-flamengo-veja-como-anda-a-negociacao-entre-o-rubro-negro-e-a-caixa\/#primaryimage"},"thumbnailUrl":"https:\/\/www.gaveanews.com\/wp-content\/uploads\/Rodolfo-Landim-durante-cerimonia-de-posse-no-Flamengo.webp","datePublished":"2022-07-27T18:06:27+00:00","dateModified":"2022-07-27T18:06:29+00:00","author":{"@id":"https:\/\/www.gaveanews.com\/#\/schema\/person\/2ec14f73fb96be2caf28f91afb14749d"},"breadcrumb":{"@id":"https:\/\/www.gaveanews.com\/index.php\/2022\/07\/27\/estadio-do-flamengo-veja-como-anda-a-negociacao-entre-o-rubro-negro-e-a-caixa\/#breadcrumb"},"inLanguage":"pt-BR","potentialAction":[{"@type":"ReadAction","target":["https:\/\/www.gaveanews.com\/index.php\/2022\/07\/27\/estadio-do-flamengo-veja-como-anda-a-negociacao-entre-o-rubro-negro-e-a-caixa\/"]}]},{"@type":"ImageObject","inLanguage":"pt-BR","@id":"https:\/\/www.gaveanews.com\/index.php\/2022\/07\/27\/estadio-do-flamengo-veja-como-anda-a-negociacao-entre-o-rubro-negro-e-a-caixa\/#primaryimage","url":"https:\/\/www.gaveanews.com\/wp-content\/uploads\/Rodolfo-Landim-durante-cerimonia-de-posse-no-Flamengo.webp","contentUrl":"https:\/\/www.gaveanews.com\/wp-content\/uploads\/Rodolfo-Landim-durante-cerimonia-de-posse-no-Flamengo.webp","width":1000,"height":666,"caption":"Rodolfo Landim durante cerim\u00f4nia de posse no Flamengo (Foto: Marcelo Cortes\/Flamengo)"},{"@type":"BreadcrumbList","@id":"https:\/\/www.gaveanews.com\/index.php\/2022\/07\/27\/estadio-do-flamengo-veja-como-anda-a-negociacao-entre-o-rubro-negro-e-a-caixa\/#breadcrumb","itemListElement":[{"@type":"ListItem","position":1,"name":"Home","item":"https:\/\/www.gaveanews.com\/"},{"@type":"ListItem","position":2,"name":"Est\u00e1dio do Flamengo: Veja como anda a negocia\u00e7\u00e3o entre o Rubro-Negro e a Caixa"}]},{"@type":"WebSite","@id":"https:\/\/www.gaveanews.com\/#website","url":"https:\/\/www.gaveanews.com\/","name":"G\u00e1vea News","description":"Veja todas as not\u00edcias sobre o Flamengo: Contrata\u00e7\u00f5es, categorias de base, resultados das partidas, tabela de classifica\u00e7\u00e3o, pr\u00f3ximos jogos!","potentialAction":[{"@type":"SearchAction","target":{"@type":"EntryPoint","urlTemplate":"https:\/\/www.gaveanews.com\/?s={search_term_string}"},"query-input":{"@type":"PropertyValueSpecification","valueRequired":true,"valueName":"search_term_string"}}],"inLanguage":"pt-BR"},{"@type":"Person","@id":"https:\/\/www.gaveanews.com\/#\/schema\/person\/2ec14f73fb96be2caf28f91afb14749d","name":"Equipe G\u00e1vea News","image":{"@type":"ImageObject","inLanguage":"pt-BR","@id":"https:\/\/www.gaveanews.com\/#\/schema\/person\/image\/","url":"https:\/\/secure.gravatar.com\/avatar\/1e1956f1facbffd3f8fa53a326721950116b3b9dc9bd44939c01180fd4a745a9?s=96&d=mm&r=g","contentUrl":"https:\/\/secure.gravatar.com\/avatar\/1e1956f1facbffd3f8fa53a326721950116b3b9dc9bd44939c01180fd4a745a9?s=96&d=mm&r=g","caption":"Equipe G\u00e1vea News"}}]}},"_links":{"self":[{"href":"https:\/\/www.gaveanews.com\/index.php\/wp-json\/wp\/v2\/posts\/85267","targetHints":{"allow":["GET"]}}],"collection":[{"href":"https:\/\/www.gaveanews.com\/index.php\/wp-json\/wp\/v2\/posts"}],"about":[{"href":"https:\/\/www.gaveanews.com\/index.php\/wp-json\/wp\/v2\/types\/post"}],"author":[{"embeddable":true,"href":"https:\/\/www.gaveanews.com\/index.php\/wp-json\/wp\/v2\/users\/1"}],"replies":[{"embeddable":true,"href":"https:\/\/www.gaveanews.com\/index.php\/wp-json\/wp\/v2\/comments?post=85267"}],"version-history":[{"count":0,"href":"https:\/\/www.gaveanews.com\/index.php\/wp-json\/wp\/v2\/posts\/85267\/revisions"}],"wp:featuredmedia":[{"embeddable":true,"href":"https:\/\/www.gaveanews.com\/index.php\/wp-json\/wp\/v2\/media\/82159"}],"wp:attachment":[{"href":"https:\/\/www.gaveanews.com\/index.php\/wp-json\/wp\/v2\/media?parent=85267"}],"wp:term":[{"taxonomy":"category","embeddable":true,"href":"https:\/\/www.gaveanews.com\/index.php\/wp-json\/wp\/v2\/categories?post=85267"},{"taxonomy":"post_tag","embeddable":true,"href":"https:\/\/www.gaveanews.com\/index.php\/wp-json\/wp\/v2\/tags?post=85267"}],"curies":[{"name":"wp","href":"https:\/\/api.w.org\/{rel}","templated":true}]}}