{"id":85286,"date":"2022-07-28T00:26:28","date_gmt":"2022-07-28T03:26:28","guid":{"rendered":"https:\/\/www.gaveanews.com\/?p=85286"},"modified":"2022-07-28T00:26:31","modified_gmt":"2022-07-28T03:26:31","slug":"marcos-braz-e-sincero-ao-falar-sobre-a-possibilidade-do-flamengo-contratar-oscar","status":"publish","type":"post","link":"https:\/\/www.gaveanews.com\/index.php\/2022\/07\/28\/marcos-braz-e-sincero-ao-falar-sobre-a-possibilidade-do-flamengo-contratar-oscar\/","title":{"rendered":"Marcos Braz \u00e9 sincero ao falar sobre a possibilidade do Flamengo contratar Oscar"},"content":{"rendered":"\n<p>Na noite desta quarta-feira (28 de julho), o time do Flamengo recebeu o Athletico Paranaense no Maracan\u00e3. O duelo, v\u00e1lido pela Copa do Brasil, terminou sem gols. Sobre a segunda partida, ela est\u00e1 agendada para o dia 17 de agosto.<\/p>\n\n\n\n<p>E como de costume, diversos jornalistas fizeram a cobertura do jogo no pr\u00f3prio est\u00e1dio. Inclusive, ap\u00f3s o apito final, parte da imprensa conversou com Marcos Braz. Dentre os assuntos abordados, a poss\u00edvel chegada de Oscar foi citada. <\/p>\n\n\n\n<p>A respeito deste tema, Braz foi sincero, e de maneira breve ele explicou que o Flamengo j\u00e1 possu\u00ed um acordo com o pr\u00f3prio jogador. Todavia, o Shandong Luneng ainda n\u00e3o aceitou a oferta flamenguista: <\/p>\n\n\n\n<p><em>\u2014 Falta libera\u00e7\u00e3o (do clube chin\u00eas). Com o jogador n\u00e3o temos problema<\/em>.<\/p>\n","protected":false},"excerpt":{"rendered":"<p>Na noite desta quarta-feira (28 de julho), o time do Flamengo recebeu o Athletico Paranaense no Maracan\u00e3. O duelo, v\u00e1lido pela Copa do Brasil, terminou sem gols. Sobre a segunda partida, ela est\u00e1 agendada para o dia 17 de agosto. E como de costume, diversos jornalistas fizeram a cobertura do jogo no pr\u00f3prio est\u00e1dio. Inclusive, [&hellip;]<\/p>\n","protected":false},"author":2,"featured_media":85211,"comment_status":"open","ping_status":"closed","sticky":false,"template":"","format":"standard","meta":{"footnotes":""},"categories":[48],"tags":[],"class_list":["post-85286","post","type-post","status-publish","format-standard","has-post-thumbnail","hentry","category-negociacoes"],"yoast_head":"<!-- This site is optimized with the Yoast SEO Premium plugin v24.2 (Yoast SEO v26.9) - https:\/\/yoast.com\/product\/yoast-seo-premium-wordpress\/ -->\n<title>Marcos Braz \u00e9 sincero ao falar sobre a possibilidade do Flamengo contratar Oscar<\/title>\n<meta name=\"robots\" content=\"index, follow, max-snippet:-1, max-image-preview:large, max-video-preview:-1\" \/>\n<link rel=\"canonical\" href=\"https:\/\/www.gaveanews.com\/index.php\/2022\/07\/28\/marcos-braz-e-sincero-ao-falar-sobre-a-possibilidade-do-flamengo-contratar-oscar\/\" \/>\n<meta property=\"og:locale\" content=\"pt_BR\" \/>\n<meta property=\"og:type\" content=\"article\" \/>\n<meta property=\"og:title\" content=\"Marcos Braz \u00e9 sincero ao falar sobre a possibilidade do Flamengo contratar Oscar\" \/>\n<meta property=\"og:description\" content=\"Na noite desta quarta-feira (28 de julho), o time do Flamengo recebeu o Athletico Paranaense no Maracan\u00e3. O duelo, v\u00e1lido pela Copa do Brasil, terminou sem gols. Sobre a segunda partida, ela est\u00e1 agendada para o dia 17 de agosto. E como de costume, diversos jornalistas fizeram a cobertura do jogo no pr\u00f3prio est\u00e1dio. Inclusive, [&hellip;]\" \/>\n<meta property=\"og:url\" content=\"https:\/\/www.gaveanews.com\/index.php\/2022\/07\/28\/marcos-braz-e-sincero-ao-falar-sobre-a-possibilidade-do-flamengo-contratar-oscar\/\" \/>\n<meta property=\"og:site_name\" content=\"G\u00e1vea News\" \/>\n<meta property=\"article:publisher\" content=\"https:\/\/facebook.com\/gaveaNews\/\" \/>\n<meta property=\"article:published_time\" content=\"2022-07-28T03:26:28+00:00\" \/>\n<meta property=\"article:modified_time\" content=\"2022-07-28T03:26:31+00:00\" \/>\n<meta property=\"og:image\" content=\"https:\/\/www.gaveanews.com\/wp-content\/uploads\/Oscar-em-acao-pelo-Shanghai-Port.webp\" \/>\n\t<meta property=\"og:image:width\" content=\"1000\" \/>\n\t<meta property=\"og:image:height\" content=\"666\" \/>\n\t<meta property=\"og:image:type\" content=\"image\/webp\" \/>\n<meta name=\"author\" content=\"Hugo Nogueira\" \/>\n<meta name=\"twitter:card\" content=\"summary_large_image\" \/>\n<meta name=\"twitter:label1\" content=\"Escrito por\" \/>\n\t<meta name=\"twitter:data1\" content=\"Hugo Nogueira\" \/>\n\t<meta name=\"twitter:label2\" content=\"Est. tempo de leitura\" \/>\n\t<meta name=\"twitter:data2\" content=\"1 minuto\" \/>\n<script type=\"application\/ld+json\" class=\"yoast-schema-graph\">{\"@context\":\"https:\/\/schema.org\",\"@graph\":[{\"@type\":\"NewsArticle\",\"@id\":\"https:\/\/www.gaveanews.com\/index.php\/2022\/07\/28\/marcos-braz-e-sincero-ao-falar-sobre-a-possibilidade-do-flamengo-contratar-oscar\/#article\",\"isPartOf\":{\"@id\":\"https:\/\/www.gaveanews.com\/index.php\/2022\/07\/28\/marcos-braz-e-sincero-ao-falar-sobre-a-possibilidade-do-flamengo-contratar-oscar\/\"},\"author\":{\"name\":\"Hugo Nogueira\",\"@id\":\"https:\/\/www.gaveanews.com\/#\/schema\/person\/3a0372021fabaeec4e7e4242cfa27841\"},\"headline\":\"Marcos Braz \u00e9 sincero ao falar sobre a possibilidade do Flamengo contratar Oscar\",\"datePublished\":\"2022-07-28T03:26:28+00:00\",\"dateModified\":\"2022-07-28T03:26:31+00:00\",\"mainEntityOfPage\":{\"@id\":\"https:\/\/www.gaveanews.com\/index.php\/2022\/07\/28\/marcos-braz-e-sincero-ao-falar-sobre-a-possibilidade-do-flamengo-contratar-oscar\/\"},\"wordCount\":142,\"commentCount\":0,\"image\":{\"@id\":\"https:\/\/www.gaveanews.com\/index.php\/2022\/07\/28\/marcos-braz-e-sincero-ao-falar-sobre-a-possibilidade-do-flamengo-contratar-oscar\/#primaryimage\"},\"thumbnailUrl\":\"https:\/\/www.gaveanews.com\/wp-content\/uploads\/Oscar-em-acao-pelo-Shanghai-Port.webp\",\"articleSection\":[\"Negocia\u00e7\u00f5es\"],\"inLanguage\":\"pt-BR\",\"potentialAction\":[{\"@type\":\"CommentAction\",\"name\":\"Comment\",\"target\":[\"https:\/\/www.gaveanews.com\/index.php\/2022\/07\/28\/marcos-braz-e-sincero-ao-falar-sobre-a-possibilidade-do-flamengo-contratar-oscar\/#respond\"]}],\"copyrightYear\":\"2022\",\"copyrightHolder\":{\"@id\":\"https:\/\/www.gaveanews.com\/#organization\"}},{\"@type\":\"WebPage\",\"@id\":\"https:\/\/www.gaveanews.com\/index.php\/2022\/07\/28\/marcos-braz-e-sincero-ao-falar-sobre-a-possibilidade-do-flamengo-contratar-oscar\/\",\"url\":\"https:\/\/www.gaveanews.com\/index.php\/2022\/07\/28\/marcos-braz-e-sincero-ao-falar-sobre-a-possibilidade-do-flamengo-contratar-oscar\/\",\"name\":\"Marcos Braz \u00e9 sincero ao falar sobre a possibilidade do Flamengo contratar Oscar\",\"isPartOf\":{\"@id\":\"https:\/\/www.gaveanews.com\/#website\"},\"primaryImageOfPage\":{\"@id\":\"https:\/\/www.gaveanews.com\/index.php\/2022\/07\/28\/marcos-braz-e-sincero-ao-falar-sobre-a-possibilidade-do-flamengo-contratar-oscar\/#primaryimage\"},\"image\":{\"@id\":\"https:\/\/www.gaveanews.com\/index.php\/2022\/07\/28\/marcos-braz-e-sincero-ao-falar-sobre-a-possibilidade-do-flamengo-contratar-oscar\/#primaryimage\"},\"thumbnailUrl\":\"https:\/\/www.gaveanews.com\/wp-content\/uploads\/Oscar-em-acao-pelo-Shanghai-Port.webp\",\"datePublished\":\"2022-07-28T03:26:28+00:00\",\"dateModified\":\"2022-07-28T03:26:31+00:00\",\"author\":{\"@id\":\"https:\/\/www.gaveanews.com\/#\/schema\/person\/3a0372021fabaeec4e7e4242cfa27841\"},\"breadcrumb\":{\"@id\":\"https:\/\/www.gaveanews.com\/index.php\/2022\/07\/28\/marcos-braz-e-sincero-ao-falar-sobre-a-possibilidade-do-flamengo-contratar-oscar\/#breadcrumb\"},\"inLanguage\":\"pt-BR\",\"potentialAction\":[{\"@type\":\"ReadAction\",\"target\":[\"https:\/\/www.gaveanews.com\/index.php\/2022\/07\/28\/marcos-braz-e-sincero-ao-falar-sobre-a-possibilidade-do-flamengo-contratar-oscar\/\"]}]},{\"@type\":\"ImageObject\",\"inLanguage\":\"pt-BR\",\"@id\":\"https:\/\/www.gaveanews.com\/index.php\/2022\/07\/28\/marcos-braz-e-sincero-ao-falar-sobre-a-possibilidade-do-flamengo-contratar-oscar\/#primaryimage\",\"url\":\"https:\/\/www.gaveanews.com\/wp-content\/uploads\/Oscar-em-acao-pelo-Shanghai-Port.webp\",\"contentUrl\":\"https:\/\/www.gaveanews.com\/wp-content\/uploads\/Oscar-em-acao-pelo-Shanghai-Port.webp\",\"width\":1000,\"height\":666,\"caption\":\"Oscar em a\u00e7\u00e3o pelo Shanghai Port (Foto: Divulga\u00e7\u00e3o)\"},{\"@type\":\"BreadcrumbList\",\"@id\":\"https:\/\/www.gaveanews.com\/index.php\/2022\/07\/28\/marcos-braz-e-sincero-ao-falar-sobre-a-possibilidade-do-flamengo-contratar-oscar\/#breadcrumb\",\"itemListElement\":[{\"@type\":\"ListItem\",\"position\":1,\"name\":\"Home\",\"item\":\"https:\/\/www.gaveanews.com\/\"},{\"@type\":\"ListItem\",\"position\":2,\"name\":\"Marcos Braz \u00e9 sincero ao falar sobre a possibilidade do Flamengo contratar Oscar\"}]},{\"@type\":\"WebSite\",\"@id\":\"https:\/\/www.gaveanews.com\/#website\",\"url\":\"https:\/\/www.gaveanews.com\/\",\"name\":\"G\u00e1vea News\",\"description\":\"Veja todas as not\u00edcias sobre o Flamengo: Contrata\u00e7\u00f5es, categorias de base, resultados das partidas, tabela de classifica\u00e7\u00e3o, pr\u00f3ximos jogos!\",\"potentialAction\":[{\"@type\":\"SearchAction\",\"target\":{\"@type\":\"EntryPoint\",\"urlTemplate\":\"https:\/\/www.gaveanews.com\/?s={search_term_string}\"},\"query-input\":{\"@type\":\"PropertyValueSpecification\",\"valueRequired\":true,\"valueName\":\"search_term_string\"}}],\"inLanguage\":\"pt-BR\"},{\"@type\":\"Person\",\"@id\":\"https:\/\/www.gaveanews.com\/#\/schema\/person\/3a0372021fabaeec4e7e4242cfa27841\",\"name\":\"Hugo Nogueira\",\"image\":{\"@type\":\"ImageObject\",\"inLanguage\":\"pt-BR\",\"@id\":\"https:\/\/www.gaveanews.com\/#\/schema\/person\/image\/\",\"url\":\"https:\/\/secure.gravatar.com\/avatar\/0cdd89f3b47bb55926c08eee2db992845cfdd53f84c9fdd47a49d89b3cd40c0a?s=96&d=mm&r=g\",\"contentUrl\":\"https:\/\/secure.gravatar.com\/avatar\/0cdd89f3b47bb55926c08eee2db992845cfdd53f84c9fdd47a49d89b3cd40c0a?s=96&d=mm&r=g\",\"caption\":\"Hugo Nogueira\"}}]}<\/script>\n<!-- \/ Yoast SEO Premium plugin. -->","yoast_head_json":{"title":"Marcos Braz \u00e9 sincero ao falar sobre a possibilidade do Flamengo contratar Oscar","robots":{"index":"index","follow":"follow","max-snippet":"max-snippet:-1","max-image-preview":"max-image-preview:large","max-video-preview":"max-video-preview:-1"},"canonical":"https:\/\/www.gaveanews.com\/index.php\/2022\/07\/28\/marcos-braz-e-sincero-ao-falar-sobre-a-possibilidade-do-flamengo-contratar-oscar\/","og_locale":"pt_BR","og_type":"article","og_title":"Marcos Braz \u00e9 sincero ao falar sobre a possibilidade do Flamengo contratar Oscar","og_description":"Na noite desta quarta-feira (28 de julho), o time do Flamengo recebeu o Athletico Paranaense no Maracan\u00e3. O duelo, v\u00e1lido pela Copa do Brasil, terminou sem gols. Sobre a segunda partida, ela est\u00e1 agendada para o dia 17 de agosto. E como de costume, diversos jornalistas fizeram a cobertura do jogo no pr\u00f3prio est\u00e1dio. Inclusive, [&hellip;]","og_url":"https:\/\/www.gaveanews.com\/index.php\/2022\/07\/28\/marcos-braz-e-sincero-ao-falar-sobre-a-possibilidade-do-flamengo-contratar-oscar\/","og_site_name":"G\u00e1vea News","article_publisher":"https:\/\/facebook.com\/gaveaNews\/","article_published_time":"2022-07-28T03:26:28+00:00","article_modified_time":"2022-07-28T03:26:31+00:00","og_image":[{"width":1000,"height":666,"url":"https:\/\/www.gaveanews.com\/wp-content\/uploads\/Oscar-em-acao-pelo-Shanghai-Port.webp","type":"image\/webp"}],"author":"Hugo Nogueira","twitter_card":"summary_large_image","twitter_misc":{"Escrito por":"Hugo Nogueira","Est. tempo de leitura":"1 minuto"},"schema":{"@context":"https:\/\/schema.org","@graph":[{"@type":"NewsArticle","@id":"https:\/\/www.gaveanews.com\/index.php\/2022\/07\/28\/marcos-braz-e-sincero-ao-falar-sobre-a-possibilidade-do-flamengo-contratar-oscar\/#article","isPartOf":{"@id":"https:\/\/www.gaveanews.com\/index.php\/2022\/07\/28\/marcos-braz-e-sincero-ao-falar-sobre-a-possibilidade-do-flamengo-contratar-oscar\/"},"author":{"name":"Hugo Nogueira","@id":"https:\/\/www.gaveanews.com\/#\/schema\/person\/3a0372021fabaeec4e7e4242cfa27841"},"headline":"Marcos Braz \u00e9 sincero ao falar sobre a possibilidade do Flamengo contratar Oscar","datePublished":"2022-07-28T03:26:28+00:00","dateModified":"2022-07-28T03:26:31+00:00","mainEntityOfPage":{"@id":"https:\/\/www.gaveanews.com\/index.php\/2022\/07\/28\/marcos-braz-e-sincero-ao-falar-sobre-a-possibilidade-do-flamengo-contratar-oscar\/"},"wordCount":142,"commentCount":0,"image":{"@id":"https:\/\/www.gaveanews.com\/index.php\/2022\/07\/28\/marcos-braz-e-sincero-ao-falar-sobre-a-possibilidade-do-flamengo-contratar-oscar\/#primaryimage"},"thumbnailUrl":"https:\/\/www.gaveanews.com\/wp-content\/uploads\/Oscar-em-acao-pelo-Shanghai-Port.webp","articleSection":["Negocia\u00e7\u00f5es"],"inLanguage":"pt-BR","potentialAction":[{"@type":"CommentAction","name":"Comment","target":["https:\/\/www.gaveanews.com\/index.php\/2022\/07\/28\/marcos-braz-e-sincero-ao-falar-sobre-a-possibilidade-do-flamengo-contratar-oscar\/#respond"]}],"copyrightYear":"2022","copyrightHolder":{"@id":"https:\/\/www.gaveanews.com\/#organization"}},{"@type":"WebPage","@id":"https:\/\/www.gaveanews.com\/index.php\/2022\/07\/28\/marcos-braz-e-sincero-ao-falar-sobre-a-possibilidade-do-flamengo-contratar-oscar\/","url":"https:\/\/www.gaveanews.com\/index.php\/2022\/07\/28\/marcos-braz-e-sincero-ao-falar-sobre-a-possibilidade-do-flamengo-contratar-oscar\/","name":"Marcos Braz \u00e9 sincero ao falar sobre a possibilidade do Flamengo contratar Oscar","isPartOf":{"@id":"https:\/\/www.gaveanews.com\/#website"},"primaryImageOfPage":{"@id":"https:\/\/www.gaveanews.com\/index.php\/2022\/07\/28\/marcos-braz-e-sincero-ao-falar-sobre-a-possibilidade-do-flamengo-contratar-oscar\/#primaryimage"},"image":{"@id":"https:\/\/www.gaveanews.com\/index.php\/2022\/07\/28\/marcos-braz-e-sincero-ao-falar-sobre-a-possibilidade-do-flamengo-contratar-oscar\/#primaryimage"},"thumbnailUrl":"https:\/\/www.gaveanews.com\/wp-content\/uploads\/Oscar-em-acao-pelo-Shanghai-Port.webp","datePublished":"2022-07-28T03:26:28+00:00","dateModified":"2022-07-28T03:26:31+00:00","author":{"@id":"https:\/\/www.gaveanews.com\/#\/schema\/person\/3a0372021fabaeec4e7e4242cfa27841"},"breadcrumb":{"@id":"https:\/\/www.gaveanews.com\/index.php\/2022\/07\/28\/marcos-braz-e-sincero-ao-falar-sobre-a-possibilidade-do-flamengo-contratar-oscar\/#breadcrumb"},"inLanguage":"pt-BR","potentialAction":[{"@type":"ReadAction","target":["https:\/\/www.gaveanews.com\/index.php\/2022\/07\/28\/marcos-braz-e-sincero-ao-falar-sobre-a-possibilidade-do-flamengo-contratar-oscar\/"]}]},{"@type":"ImageObject","inLanguage":"pt-BR","@id":"https:\/\/www.gaveanews.com\/index.php\/2022\/07\/28\/marcos-braz-e-sincero-ao-falar-sobre-a-possibilidade-do-flamengo-contratar-oscar\/#primaryimage","url":"https:\/\/www.gaveanews.com\/wp-content\/uploads\/Oscar-em-acao-pelo-Shanghai-Port.webp","contentUrl":"https:\/\/www.gaveanews.com\/wp-content\/uploads\/Oscar-em-acao-pelo-Shanghai-Port.webp","width":1000,"height":666,"caption":"Oscar em a\u00e7\u00e3o pelo Shanghai Port (Foto: Divulga\u00e7\u00e3o)"},{"@type":"BreadcrumbList","@id":"https:\/\/www.gaveanews.com\/index.php\/2022\/07\/28\/marcos-braz-e-sincero-ao-falar-sobre-a-possibilidade-do-flamengo-contratar-oscar\/#breadcrumb","itemListElement":[{"@type":"ListItem","position":1,"name":"Home","item":"https:\/\/www.gaveanews.com\/"},{"@type":"ListItem","position":2,"name":"Marcos Braz \u00e9 sincero ao falar sobre a possibilidade do Flamengo contratar Oscar"}]},{"@type":"WebSite","@id":"https:\/\/www.gaveanews.com\/#website","url":"https:\/\/www.gaveanews.com\/","name":"G\u00e1vea News","description":"Veja todas as not\u00edcias sobre o Flamengo: Contrata\u00e7\u00f5es, categorias de base, resultados das partidas, tabela de classifica\u00e7\u00e3o, pr\u00f3ximos jogos!","potentialAction":[{"@type":"SearchAction","target":{"@type":"EntryPoint","urlTemplate":"https:\/\/www.gaveanews.com\/?s={search_term_string}"},"query-input":{"@type":"PropertyValueSpecification","valueRequired":true,"valueName":"search_term_string"}}],"inLanguage":"pt-BR"},{"@type":"Person","@id":"https:\/\/www.gaveanews.com\/#\/schema\/person\/3a0372021fabaeec4e7e4242cfa27841","name":"Hugo Nogueira","image":{"@type":"ImageObject","inLanguage":"pt-BR","@id":"https:\/\/www.gaveanews.com\/#\/schema\/person\/image\/","url":"https:\/\/secure.gravatar.com\/avatar\/0cdd89f3b47bb55926c08eee2db992845cfdd53f84c9fdd47a49d89b3cd40c0a?s=96&d=mm&r=g","contentUrl":"https:\/\/secure.gravatar.com\/avatar\/0cdd89f3b47bb55926c08eee2db992845cfdd53f84c9fdd47a49d89b3cd40c0a?s=96&d=mm&r=g","caption":"Hugo Nogueira"}}]}},"_links":{"self":[{"href":"https:\/\/www.gaveanews.com\/index.php\/wp-json\/wp\/v2\/posts\/85286","targetHints":{"allow":["GET"]}}],"collection":[{"href":"https:\/\/www.gaveanews.com\/index.php\/wp-json\/wp\/v2\/posts"}],"about":[{"href":"https:\/\/www.gaveanews.com\/index.php\/wp-json\/wp\/v2\/types\/post"}],"author":[{"embeddable":true,"href":"https:\/\/www.gaveanews.com\/index.php\/wp-json\/wp\/v2\/users\/2"}],"replies":[{"embeddable":true,"href":"https:\/\/www.gaveanews.com\/index.php\/wp-json\/wp\/v2\/comments?post=85286"}],"version-history":[{"count":0,"href":"https:\/\/www.gaveanews.com\/index.php\/wp-json\/wp\/v2\/posts\/85286\/revisions"}],"wp:featuredmedia":[{"embeddable":true,"href":"https:\/\/www.gaveanews.com\/index.php\/wp-json\/wp\/v2\/media\/85211"}],"wp:attachment":[{"href":"https:\/\/www.gaveanews.com\/index.php\/wp-json\/wp\/v2\/media?parent=85286"}],"wp:term":[{"taxonomy":"category","embeddable":true,"href":"https:\/\/www.gaveanews.com\/index.php\/wp-json\/wp\/v2\/categories?post=85286"},{"taxonomy":"post_tag","embeddable":true,"href":"https:\/\/www.gaveanews.com\/index.php\/wp-json\/wp\/v2\/tags?post=85286"}],"curies":[{"name":"wp","href":"https:\/\/api.w.org\/{rel}","templated":true}]}}