{"id":85302,"date":"2022-07-28T10:40:46","date_gmt":"2022-07-28T13:40:46","guid":{"rendered":"https:\/\/www.gaveanews.com\/?p=85302"},"modified":"2022-07-28T10:40:49","modified_gmt":"2022-07-28T13:40:49","slug":"video-treinador-do-athletico-pr-felipao-rebate-o-flamengo","status":"publish","type":"post","link":"https:\/\/www.gaveanews.com\/index.php\/2022\/07\/28\/video-treinador-do-athletico-pr-felipao-rebate-o-flamengo\/","title":{"rendered":"V\u00eddeo: Treinador do Athletico-PR, Felip\u00e3o rebate o Flamengo"},"content":{"rendered":"\n<p>A partida entre Flamengo e Athletico-PR terminou sem gols e com muitas reclama\u00e7\u00f5es. Por parte de ambos os clubes houveram cr\u00edticas \u00e0 arbitragem, que de fato teve uma atua\u00e7\u00e3o bem ruim.<\/p>\n\n\n\n<ul class=\"wp-block-list\"><li><a href=\"https:\/\/www.gaveanews.com\/index.php\/2022\/07\/28\/dorival-junior-avalia-empate-entre-flamengo-e-athletico-pr-pela-copa-do-brasil\/\">Dorival J\u00fanior avalia empate entre Flamengo e Athletico pela Copa do Brasil<\/a><\/li><li><a href=\"https:\/\/www.gaveanews.com\/index.php\/2022\/07\/28\/leo-pereira-avalia-atuacao-do-flamengo-e-empate-com-o-athletico-pr\/\">L\u00e9o Pereira analisa jogo contra o Athletico e projeta pr\u00f3ximo jogo<\/a><\/li><\/ul>\n\n\n\n<p>Nas entrevistas coletivas p\u00f3s-jogo, os t\u00e9cnicos foram questionados sobre os lances pol\u00eamicos. Enquanto <a href=\"https:\/\/www.gaveanews.com\/index.php\/2022\/07\/28\/dorival-junior-foge-de-criticas-sobre-a-arbitragem-mas-avalia-reacao-com-os-jogadores-houve-um-descontrole\/\">Dorival J\u00fanior afirmou que n\u00e3o falaria sobre arbitragem e focaria em seu pr\u00f3prio time,<\/a> Felip\u00e3o soltou o verbo e ainda criticou as reclama\u00e7\u00f5es de dirigentes do Flamengo.<\/p>\n\n\n\n<p><em>&#8211; Eles est\u00e3o reclamando de alguma coisa? Passa o lance do Gabigol chutando o Fernandinho. Passa o lance do Arrascaeta. Vergonhoso. \u00c9 pra expulsar 30 dias seguidos. N\u00e3o quebrou o p\u00e9 do Erick por milagre, n\u00e3o me venham com choradeira, porque quem tem que chorar somos n\u00f3s. N\u00e3o procede nada. \u00c9 gritinho de histeria.<\/em><\/p>\n\n\n\n<figure class=\"wp-block-embed is-type-rich is-provider-twitter wp-block-embed-twitter\"><div class=\"wp-block-embed__wrapper\">\n<blockquote class=\"twitter-tweet\" data-width=\"550\" data-dnt=\"true\"><p lang=\"pt\" dir=\"ltr\">Felip\u00e3o rebate reclama\u00e7\u00f5es de flamenguistas contra a arbitragem: &quot;N\u00e3o procede nada, \u00e9 gritinho de histeria&quot; <a href=\"https:\/\/t.co\/C8MkEkVyAQ\">pic.twitter.com\/C8MkEkVyAQ<\/a><\/p>&mdash; ge (@geglobo) <a href=\"https:\/\/twitter.com\/geglobo\/status\/1552499255406911488?ref_src=twsrc%5Etfw\">July 28, 2022<\/a><\/blockquote><script async src=\"https:\/\/platform.twitter.com\/widgets.js\" charset=\"utf-8\"><\/script>\n<\/div><\/figure>\n\n\n\n<p>As equipes voltam a se enfrentar pela Copa do Brasil no dia 17 de agosto. Por conta do empate no Maracan\u00e3, a decis\u00e3o pela vaga nas semifinais do torneio est\u00e1 aberta e ser\u00e1 definida na Arena do Baixada.<\/p>\n","protected":false},"excerpt":{"rendered":"<p>A partida entre Flamengo e Athletico-PR terminou sem gols e com muitas reclama\u00e7\u00f5es. Por parte de ambos os clubes houveram cr\u00edticas \u00e0 arbitragem, que de fato teve uma atua\u00e7\u00e3o bem ruim. Dorival J\u00fanior avalia empate entre Flamengo e Athletico pela Copa do Brasil L\u00e9o Pereira analisa jogo contra o Athletico e projeta pr\u00f3ximo jogo Nas [&hellip;]<\/p>\n","protected":false},"author":4,"featured_media":85294,"comment_status":"open","ping_status":"closed","sticky":false,"template":"","format":"standard","meta":{"footnotes":""},"categories":[40],"tags":[],"class_list":["post-85302","post","type-post","status-publish","format-standard","has-post-thumbnail","hentry","category-video"],"yoast_head":"<!-- This site is optimized with the Yoast SEO Premium plugin v24.2 (Yoast SEO v26.9) - https:\/\/yoast.com\/product\/yoast-seo-premium-wordpress\/ -->\n<title>V\u00eddeo: Treinador do Athletico-PR, Felip\u00e3o rebate o Flamengo<\/title>\n<meta name=\"robots\" content=\"index, follow, max-snippet:-1, max-image-preview:large, max-video-preview:-1\" \/>\n<link rel=\"canonical\" href=\"https:\/\/www.gaveanews.com\/index.php\/2022\/07\/28\/video-treinador-do-athletico-pr-felipao-rebate-o-flamengo\/\" \/>\n<meta property=\"og:locale\" content=\"pt_BR\" \/>\n<meta property=\"og:type\" content=\"article\" \/>\n<meta property=\"og:title\" content=\"V\u00eddeo: Treinador do Athletico-PR, Felip\u00e3o rebate o Flamengo\" \/>\n<meta property=\"og:description\" content=\"A partida entre Flamengo e Athletico-PR terminou sem gols e com muitas reclama\u00e7\u00f5es. Por parte de ambos os clubes houveram cr\u00edticas \u00e0 arbitragem, que de fato teve uma atua\u00e7\u00e3o bem ruim. Dorival J\u00fanior avalia empate entre Flamengo e Athletico pela Copa do Brasil L\u00e9o Pereira analisa jogo contra o Athletico e projeta pr\u00f3ximo jogo Nas [&hellip;]\" \/>\n<meta property=\"og:url\" content=\"https:\/\/www.gaveanews.com\/index.php\/2022\/07\/28\/video-treinador-do-athletico-pr-felipao-rebate-o-flamengo\/\" \/>\n<meta property=\"og:site_name\" content=\"G\u00e1vea News\" \/>\n<meta property=\"article:publisher\" content=\"https:\/\/facebook.com\/gaveaNews\/\" \/>\n<meta property=\"article:published_time\" content=\"2022-07-28T13:40:46+00:00\" \/>\n<meta property=\"article:modified_time\" content=\"2022-07-28T13:40:49+00:00\" \/>\n<meta property=\"og:image\" content=\"https:\/\/www.gaveanews.com\/wp-content\/uploads\/Arbitro-Luiz-Flavio-de-Oliveira-expulsa-David-Luiz-em-Flamengo-x-Athletico-PR-pela-Copa-do-Brasil.webp\" \/>\n\t<meta property=\"og:image:width\" content=\"799\" \/>\n\t<meta property=\"og:image:height\" content=\"532\" \/>\n\t<meta property=\"og:image:type\" content=\"image\/jpeg\" \/>\n<meta name=\"author\" content=\"Let\u00edcia Gerheim\" \/>\n<meta name=\"twitter:card\" content=\"summary_large_image\" \/>\n<meta name=\"twitter:label1\" content=\"Escrito por\" \/>\n\t<meta name=\"twitter:data1\" content=\"Let\u00edcia Gerheim\" \/>\n\t<meta name=\"twitter:label2\" content=\"Est. tempo de leitura\" \/>\n\t<meta name=\"twitter:data2\" content=\"2 minutos\" \/>\n<script type=\"application\/ld+json\" class=\"yoast-schema-graph\">{\"@context\":\"https:\/\/schema.org\",\"@graph\":[{\"@type\":\"NewsArticle\",\"@id\":\"https:\/\/www.gaveanews.com\/index.php\/2022\/07\/28\/video-treinador-do-athletico-pr-felipao-rebate-o-flamengo\/#article\",\"isPartOf\":{\"@id\":\"https:\/\/www.gaveanews.com\/index.php\/2022\/07\/28\/video-treinador-do-athletico-pr-felipao-rebate-o-flamengo\/\"},\"author\":{\"name\":\"Let\u00edcia Gerheim\",\"@id\":\"https:\/\/www.gaveanews.com\/#\/schema\/person\/714c67050b836198af2450ba1c142a67\"},\"headline\":\"V\u00eddeo: Treinador do Athletico-PR, Felip\u00e3o rebate o Flamengo\",\"datePublished\":\"2022-07-28T13:40:46+00:00\",\"dateModified\":\"2022-07-28T13:40:49+00:00\",\"mainEntityOfPage\":{\"@id\":\"https:\/\/www.gaveanews.com\/index.php\/2022\/07\/28\/video-treinador-do-athletico-pr-felipao-rebate-o-flamengo\/\"},\"wordCount\":220,\"commentCount\":0,\"image\":{\"@id\":\"https:\/\/www.gaveanews.com\/index.php\/2022\/07\/28\/video-treinador-do-athletico-pr-felipao-rebate-o-flamengo\/#primaryimage\"},\"thumbnailUrl\":\"https:\/\/www.gaveanews.com\/wp-content\/uploads\/Arbitro-Luiz-Flavio-de-Oliveira-expulsa-David-Luiz-em-Flamengo-x-Athletico-PR-pela-Copa-do-Brasil.webp\",\"articleSection\":[\"V\u00eddeos\"],\"inLanguage\":\"pt-BR\",\"potentialAction\":[{\"@type\":\"CommentAction\",\"name\":\"Comment\",\"target\":[\"https:\/\/www.gaveanews.com\/index.php\/2022\/07\/28\/video-treinador-do-athletico-pr-felipao-rebate-o-flamengo\/#respond\"]}],\"copyrightYear\":\"2022\",\"copyrightHolder\":{\"@id\":\"https:\/\/www.gaveanews.com\/#organization\"}},{\"@type\":\"WebPage\",\"@id\":\"https:\/\/www.gaveanews.com\/index.php\/2022\/07\/28\/video-treinador-do-athletico-pr-felipao-rebate-o-flamengo\/\",\"url\":\"https:\/\/www.gaveanews.com\/index.php\/2022\/07\/28\/video-treinador-do-athletico-pr-felipao-rebate-o-flamengo\/\",\"name\":\"V\u00eddeo: Treinador do Athletico-PR, Felip\u00e3o rebate o Flamengo\",\"isPartOf\":{\"@id\":\"https:\/\/www.gaveanews.com\/#website\"},\"primaryImageOfPage\":{\"@id\":\"https:\/\/www.gaveanews.com\/index.php\/2022\/07\/28\/video-treinador-do-athletico-pr-felipao-rebate-o-flamengo\/#primaryimage\"},\"image\":{\"@id\":\"https:\/\/www.gaveanews.com\/index.php\/2022\/07\/28\/video-treinador-do-athletico-pr-felipao-rebate-o-flamengo\/#primaryimage\"},\"thumbnailUrl\":\"https:\/\/www.gaveanews.com\/wp-content\/uploads\/Arbitro-Luiz-Flavio-de-Oliveira-expulsa-David-Luiz-em-Flamengo-x-Athletico-PR-pela-Copa-do-Brasil.webp\",\"datePublished\":\"2022-07-28T13:40:46+00:00\",\"dateModified\":\"2022-07-28T13:40:49+00:00\",\"author\":{\"@id\":\"https:\/\/www.gaveanews.com\/#\/schema\/person\/714c67050b836198af2450ba1c142a67\"},\"breadcrumb\":{\"@id\":\"https:\/\/www.gaveanews.com\/index.php\/2022\/07\/28\/video-treinador-do-athletico-pr-felipao-rebate-o-flamengo\/#breadcrumb\"},\"inLanguage\":\"pt-BR\",\"potentialAction\":[{\"@type\":\"ReadAction\",\"target\":[\"https:\/\/www.gaveanews.com\/index.php\/2022\/07\/28\/video-treinador-do-athletico-pr-felipao-rebate-o-flamengo\/\"]}]},{\"@type\":\"ImageObject\",\"inLanguage\":\"pt-BR\",\"@id\":\"https:\/\/www.gaveanews.com\/index.php\/2022\/07\/28\/video-treinador-do-athletico-pr-felipao-rebate-o-flamengo\/#primaryimage\",\"url\":\"https:\/\/www.gaveanews.com\/wp-content\/uploads\/Arbitro-Luiz-Flavio-de-Oliveira-expulsa-David-Luiz-em-Flamengo-x-Athletico-PR-pela-Copa-do-Brasil.webp\",\"contentUrl\":\"https:\/\/www.gaveanews.com\/wp-content\/uploads\/Arbitro-Luiz-Flavio-de-Oliveira-expulsa-David-Luiz-em-Flamengo-x-Athletico-PR-pela-Copa-do-Brasil.webp\",\"width\":799,\"height\":532,\"caption\":\"\u00c1rbitro Luiz Fl\u00e1vio de Oliveira expulsa David Luiz em Flamengo x Athletico-PR pela Copa do Brasil (Foto: Alexandre Vidal\/Flamengo)\"},{\"@type\":\"BreadcrumbList\",\"@id\":\"https:\/\/www.gaveanews.com\/index.php\/2022\/07\/28\/video-treinador-do-athletico-pr-felipao-rebate-o-flamengo\/#breadcrumb\",\"itemListElement\":[{\"@type\":\"ListItem\",\"position\":1,\"name\":\"Home\",\"item\":\"https:\/\/www.gaveanews.com\/\"},{\"@type\":\"ListItem\",\"position\":2,\"name\":\"V\u00eddeo: Treinador do Athletico-PR, Felip\u00e3o rebate o Flamengo\"}]},{\"@type\":\"WebSite\",\"@id\":\"https:\/\/www.gaveanews.com\/#website\",\"url\":\"https:\/\/www.gaveanews.com\/\",\"name\":\"G\u00e1vea News\",\"description\":\"Veja todas as not\u00edcias sobre o Flamengo: Contrata\u00e7\u00f5es, categorias de base, resultados das partidas, tabela de classifica\u00e7\u00e3o, pr\u00f3ximos jogos!\",\"potentialAction\":[{\"@type\":\"SearchAction\",\"target\":{\"@type\":\"EntryPoint\",\"urlTemplate\":\"https:\/\/www.gaveanews.com\/?s={search_term_string}\"},\"query-input\":{\"@type\":\"PropertyValueSpecification\",\"valueRequired\":true,\"valueName\":\"search_term_string\"}}],\"inLanguage\":\"pt-BR\"},{\"@type\":\"Person\",\"@id\":\"https:\/\/www.gaveanews.com\/#\/schema\/person\/714c67050b836198af2450ba1c142a67\",\"name\":\"Let\u00edcia Gerheim\",\"image\":{\"@type\":\"ImageObject\",\"inLanguage\":\"pt-BR\",\"@id\":\"https:\/\/www.gaveanews.com\/#\/schema\/person\/image\/\",\"url\":\"https:\/\/secure.gravatar.com\/avatar\/60734739c50fcebfbac509e2a826ccd0ff405c019bc73aab9354f19ecad1dcb4?s=96&d=mm&r=g\",\"contentUrl\":\"https:\/\/secure.gravatar.com\/avatar\/60734739c50fcebfbac509e2a826ccd0ff405c019bc73aab9354f19ecad1dcb4?s=96&d=mm&r=g\",\"caption\":\"Let\u00edcia Gerheim\"}}]}<\/script>\n<!-- \/ Yoast SEO Premium plugin. -->","yoast_head_json":{"title":"V\u00eddeo: Treinador do Athletico-PR, Felip\u00e3o rebate o Flamengo","robots":{"index":"index","follow":"follow","max-snippet":"max-snippet:-1","max-image-preview":"max-image-preview:large","max-video-preview":"max-video-preview:-1"},"canonical":"https:\/\/www.gaveanews.com\/index.php\/2022\/07\/28\/video-treinador-do-athletico-pr-felipao-rebate-o-flamengo\/","og_locale":"pt_BR","og_type":"article","og_title":"V\u00eddeo: Treinador do Athletico-PR, Felip\u00e3o rebate o Flamengo","og_description":"A partida entre Flamengo e Athletico-PR terminou sem gols e com muitas reclama\u00e7\u00f5es. Por parte de ambos os clubes houveram cr\u00edticas \u00e0 arbitragem, que de fato teve uma atua\u00e7\u00e3o bem ruim. Dorival J\u00fanior avalia empate entre Flamengo e Athletico pela Copa do Brasil L\u00e9o Pereira analisa jogo contra o Athletico e projeta pr\u00f3ximo jogo Nas [&hellip;]","og_url":"https:\/\/www.gaveanews.com\/index.php\/2022\/07\/28\/video-treinador-do-athletico-pr-felipao-rebate-o-flamengo\/","og_site_name":"G\u00e1vea News","article_publisher":"https:\/\/facebook.com\/gaveaNews\/","article_published_time":"2022-07-28T13:40:46+00:00","article_modified_time":"2022-07-28T13:40:49+00:00","og_image":[{"width":799,"height":532,"url":"https:\/\/www.gaveanews.com\/wp-content\/uploads\/Arbitro-Luiz-Flavio-de-Oliveira-expulsa-David-Luiz-em-Flamengo-x-Athletico-PR-pela-Copa-do-Brasil.webp","type":"image\/jpeg"}],"author":"Let\u00edcia Gerheim","twitter_card":"summary_large_image","twitter_misc":{"Escrito por":"Let\u00edcia Gerheim","Est. tempo de leitura":"2 minutos"},"schema":{"@context":"https:\/\/schema.org","@graph":[{"@type":"NewsArticle","@id":"https:\/\/www.gaveanews.com\/index.php\/2022\/07\/28\/video-treinador-do-athletico-pr-felipao-rebate-o-flamengo\/#article","isPartOf":{"@id":"https:\/\/www.gaveanews.com\/index.php\/2022\/07\/28\/video-treinador-do-athletico-pr-felipao-rebate-o-flamengo\/"},"author":{"name":"Let\u00edcia Gerheim","@id":"https:\/\/www.gaveanews.com\/#\/schema\/person\/714c67050b836198af2450ba1c142a67"},"headline":"V\u00eddeo: Treinador do Athletico-PR, Felip\u00e3o rebate o Flamengo","datePublished":"2022-07-28T13:40:46+00:00","dateModified":"2022-07-28T13:40:49+00:00","mainEntityOfPage":{"@id":"https:\/\/www.gaveanews.com\/index.php\/2022\/07\/28\/video-treinador-do-athletico-pr-felipao-rebate-o-flamengo\/"},"wordCount":220,"commentCount":0,"image":{"@id":"https:\/\/www.gaveanews.com\/index.php\/2022\/07\/28\/video-treinador-do-athletico-pr-felipao-rebate-o-flamengo\/#primaryimage"},"thumbnailUrl":"https:\/\/www.gaveanews.com\/wp-content\/uploads\/Arbitro-Luiz-Flavio-de-Oliveira-expulsa-David-Luiz-em-Flamengo-x-Athletico-PR-pela-Copa-do-Brasil.webp","articleSection":["V\u00eddeos"],"inLanguage":"pt-BR","potentialAction":[{"@type":"CommentAction","name":"Comment","target":["https:\/\/www.gaveanews.com\/index.php\/2022\/07\/28\/video-treinador-do-athletico-pr-felipao-rebate-o-flamengo\/#respond"]}],"copyrightYear":"2022","copyrightHolder":{"@id":"https:\/\/www.gaveanews.com\/#organization"}},{"@type":"WebPage","@id":"https:\/\/www.gaveanews.com\/index.php\/2022\/07\/28\/video-treinador-do-athletico-pr-felipao-rebate-o-flamengo\/","url":"https:\/\/www.gaveanews.com\/index.php\/2022\/07\/28\/video-treinador-do-athletico-pr-felipao-rebate-o-flamengo\/","name":"V\u00eddeo: Treinador do Athletico-PR, Felip\u00e3o rebate o Flamengo","isPartOf":{"@id":"https:\/\/www.gaveanews.com\/#website"},"primaryImageOfPage":{"@id":"https:\/\/www.gaveanews.com\/index.php\/2022\/07\/28\/video-treinador-do-athletico-pr-felipao-rebate-o-flamengo\/#primaryimage"},"image":{"@id":"https:\/\/www.gaveanews.com\/index.php\/2022\/07\/28\/video-treinador-do-athletico-pr-felipao-rebate-o-flamengo\/#primaryimage"},"thumbnailUrl":"https:\/\/www.gaveanews.com\/wp-content\/uploads\/Arbitro-Luiz-Flavio-de-Oliveira-expulsa-David-Luiz-em-Flamengo-x-Athletico-PR-pela-Copa-do-Brasil.webp","datePublished":"2022-07-28T13:40:46+00:00","dateModified":"2022-07-28T13:40:49+00:00","author":{"@id":"https:\/\/www.gaveanews.com\/#\/schema\/person\/714c67050b836198af2450ba1c142a67"},"breadcrumb":{"@id":"https:\/\/www.gaveanews.com\/index.php\/2022\/07\/28\/video-treinador-do-athletico-pr-felipao-rebate-o-flamengo\/#breadcrumb"},"inLanguage":"pt-BR","potentialAction":[{"@type":"ReadAction","target":["https:\/\/www.gaveanews.com\/index.php\/2022\/07\/28\/video-treinador-do-athletico-pr-felipao-rebate-o-flamengo\/"]}]},{"@type":"ImageObject","inLanguage":"pt-BR","@id":"https:\/\/www.gaveanews.com\/index.php\/2022\/07\/28\/video-treinador-do-athletico-pr-felipao-rebate-o-flamengo\/#primaryimage","url":"https:\/\/www.gaveanews.com\/wp-content\/uploads\/Arbitro-Luiz-Flavio-de-Oliveira-expulsa-David-Luiz-em-Flamengo-x-Athletico-PR-pela-Copa-do-Brasil.webp","contentUrl":"https:\/\/www.gaveanews.com\/wp-content\/uploads\/Arbitro-Luiz-Flavio-de-Oliveira-expulsa-David-Luiz-em-Flamengo-x-Athletico-PR-pela-Copa-do-Brasil.webp","width":799,"height":532,"caption":"\u00c1rbitro Luiz Fl\u00e1vio de Oliveira expulsa David Luiz em Flamengo x Athletico-PR pela Copa do Brasil (Foto: Alexandre Vidal\/Flamengo)"},{"@type":"BreadcrumbList","@id":"https:\/\/www.gaveanews.com\/index.php\/2022\/07\/28\/video-treinador-do-athletico-pr-felipao-rebate-o-flamengo\/#breadcrumb","itemListElement":[{"@type":"ListItem","position":1,"name":"Home","item":"https:\/\/www.gaveanews.com\/"},{"@type":"ListItem","position":2,"name":"V\u00eddeo: Treinador do Athletico-PR, Felip\u00e3o rebate o Flamengo"}]},{"@type":"WebSite","@id":"https:\/\/www.gaveanews.com\/#website","url":"https:\/\/www.gaveanews.com\/","name":"G\u00e1vea News","description":"Veja todas as not\u00edcias sobre o Flamengo: Contrata\u00e7\u00f5es, categorias de base, resultados das partidas, tabela de classifica\u00e7\u00e3o, pr\u00f3ximos jogos!","potentialAction":[{"@type":"SearchAction","target":{"@type":"EntryPoint","urlTemplate":"https:\/\/www.gaveanews.com\/?s={search_term_string}"},"query-input":{"@type":"PropertyValueSpecification","valueRequired":true,"valueName":"search_term_string"}}],"inLanguage":"pt-BR"},{"@type":"Person","@id":"https:\/\/www.gaveanews.com\/#\/schema\/person\/714c67050b836198af2450ba1c142a67","name":"Let\u00edcia Gerheim","image":{"@type":"ImageObject","inLanguage":"pt-BR","@id":"https:\/\/www.gaveanews.com\/#\/schema\/person\/image\/","url":"https:\/\/secure.gravatar.com\/avatar\/60734739c50fcebfbac509e2a826ccd0ff405c019bc73aab9354f19ecad1dcb4?s=96&d=mm&r=g","contentUrl":"https:\/\/secure.gravatar.com\/avatar\/60734739c50fcebfbac509e2a826ccd0ff405c019bc73aab9354f19ecad1dcb4?s=96&d=mm&r=g","caption":"Let\u00edcia Gerheim"}}]}},"_links":{"self":[{"href":"https:\/\/www.gaveanews.com\/index.php\/wp-json\/wp\/v2\/posts\/85302","targetHints":{"allow":["GET"]}}],"collection":[{"href":"https:\/\/www.gaveanews.com\/index.php\/wp-json\/wp\/v2\/posts"}],"about":[{"href":"https:\/\/www.gaveanews.com\/index.php\/wp-json\/wp\/v2\/types\/post"}],"author":[{"embeddable":true,"href":"https:\/\/www.gaveanews.com\/index.php\/wp-json\/wp\/v2\/users\/4"}],"replies":[{"embeddable":true,"href":"https:\/\/www.gaveanews.com\/index.php\/wp-json\/wp\/v2\/comments?post=85302"}],"version-history":[{"count":0,"href":"https:\/\/www.gaveanews.com\/index.php\/wp-json\/wp\/v2\/posts\/85302\/revisions"}],"wp:featuredmedia":[{"embeddable":true,"href":"https:\/\/www.gaveanews.com\/index.php\/wp-json\/wp\/v2\/media\/85294"}],"wp:attachment":[{"href":"https:\/\/www.gaveanews.com\/index.php\/wp-json\/wp\/v2\/media?parent=85302"}],"wp:term":[{"taxonomy":"category","embeddable":true,"href":"https:\/\/www.gaveanews.com\/index.php\/wp-json\/wp\/v2\/categories?post=85302"},{"taxonomy":"post_tag","embeddable":true,"href":"https:\/\/www.gaveanews.com\/index.php\/wp-json\/wp\/v2\/tags?post=85302"}],"curies":[{"name":"wp","href":"https:\/\/api.w.org\/{rel}","templated":true}]}}