{"id":85311,"date":"2022-07-28T15:47:50","date_gmt":"2022-07-28T18:47:50","guid":{"rendered":"https:\/\/www.gaveanews.com\/?p=85311"},"modified":"2024-04-07T09:54:59","modified_gmt":"2024-04-07T12:54:59","slug":"entenda-as-polemicas-envolvendo-erick-pulgar-novo-reforco-do-flamengo","status":"publish","type":"post","link":"https:\/\/www.gaveanews.com\/index.php\/2022\/07\/28\/entenda-as-polemicas-envolvendo-erick-pulgar-novo-reforco-do-flamengo\/","title":{"rendered":"Entenda as pol\u00eamicas envolvendo Erick Pulgar, novo refor\u00e7o do Flamengo"},"content":{"rendered":"\n<p>O Flamengo acertou duas novas contrata\u00e7\u00f5es nesta semana. <a href=\"https:\/\/www.gaveanews.com\/index.php\/2022\/07\/26\/flamengo-acerta-a-contratacao-de-guilhermo-varela-entenda-condicoes\/\">Uma delas, Guilhermo Varela, j\u00e1 est\u00e1 no Rio de Janeiro para realizar exames e assinar com o Mais Querido.<\/a> Poucas horas depois foi anunciado o acerto com Erick Pulgar, o que dividiu opini\u00f5es entre os torcedores.<\/p>\n\n\n\n<p>Desde a \u00faltima quarta-feira (27), quando a contrata\u00e7\u00e3o foi divulgada pela imprensa, diversos internautas foram \u00e0s redes sociais para expressarem sua indigna\u00e7\u00e3o com a decis\u00e3o do Fla. A onda de revolta se referia ao fato de o Rubro-Negro ter acertado com um atleta envolvido em pol\u00eamicas na Justi\u00e7a.<\/p>\n\n\n\n<p>Mas afinal de contas, quais pol\u00eamicas s\u00e3o estas?<\/p>\n\n\n\n<h3 class=\"wp-block-heading\" id=\"h-caso-de-atropelamento\">Caso de atropelamento<\/h3>\n\n\n\n<p>Aos 18 anos, quando ainda iniciava sua carreira internacional pelo Antofagasta, no Chile, Pulgar atropelou um senhor de 66 anos e n\u00e3o prestou socorro. A v\u00edtima n\u00e3o resistiu e veio a \u00f3bito posteriormente. O atleta foi preso de forma preventiva.<\/p>\n\n\n\n<p>Em depoimento, o jovem contou \u00e0 pol\u00edcia que fugiu da cena do crime pois, apesar da experi\u00eancia no volante, ele n\u00e3o tinha carteira de habilita\u00e7\u00e3o e ficou com medo. <\/p>\n\n\n\n<p>Anos depois, quando j\u00e1 era habilitado, o jogador foi condenado pelo crime e teve sua carteira de motorista suspensa por um ano. A decis\u00e3o da Justi\u00e7a trouxe revolta \u00e0 fam\u00edlia da v\u00edtima fatal do acidente, que abriu uma a\u00e7\u00e3o contra o atleta na 28\u00aa Vara C\u00edvel de Santiago.<\/p>\n\n\n\n<h3 class=\"wp-block-heading\" id=\"h-envolvimento-em-estupro\">Envolvimento em estupro<\/h3>\n\n\n\n<p>Erick Pulgar foi envolvido em uma den\u00fancia de estupro em junho deste ano. A v\u00edtima \u00e9 uma mulher de 24 anos, que afirmou \u00e0s autoridades que o crime aconteceu em uma festa na casa do jogador. A v\u00edtima n\u00e3o denunciou o jogador como infrator.<\/p>\n\n\n\n<p>O atleta negou as acusa\u00e7\u00f5es em depoimento \u00e0 pol\u00edcia local. O chileno ainda se manifestou nas redes sociais, onde fez um comunicado oficial (apagado posteriormente) se colocando \u00e0 disposi\u00e7\u00e3o para a investiga\u00e7\u00e3o. Pulgar ainda disse que n\u00e3o tinha <em>&#8220;conhecimento de quaisquer problemas que tenham surgido&#8221;<\/em> em sua casa e que n\u00e3o est\u00e1 envolvido em nenhuma den\u00fancia ou crime.<\/p>\n","protected":false},"excerpt":{"rendered":"<p>O Flamengo acertou duas novas contrata\u00e7\u00f5es nesta semana. Uma delas, Guilhermo Varela, j\u00e1 est\u00e1 no Rio de Janeiro para realizar exames e assinar com o Mais Querido. Poucas horas depois foi anunciado o acerto com Erick Pulgar, o que dividiu opini\u00f5es entre os torcedores. Desde a \u00faltima quarta-feira (27), quando a contrata\u00e7\u00e3o foi divulgada pela [&hellip;]<\/p>\n","protected":false},"author":4,"featured_media":85261,"comment_status":"open","ping_status":"closed","sticky":false,"template":"","format":"standard","meta":{"footnotes":""},"categories":[1],"tags":[210],"class_list":["post-85311","post","type-post","status-publish","format-standard","has-post-thumbnail","hentry","category-flamengo","tag-erick-antonio-pulgar-farfan"],"yoast_head":"<!-- This site is optimized with the Yoast SEO Premium plugin v24.2 (Yoast SEO v26.9) - https:\/\/yoast.com\/product\/yoast-seo-premium-wordpress\/ -->\n<title>Entenda as pol\u00eamicas envolvendo Erick Pulgar, novo refor\u00e7o do Flamengo<\/title>\n<meta name=\"robots\" content=\"index, follow, max-snippet:-1, max-image-preview:large, max-video-preview:-1\" \/>\n<link rel=\"canonical\" href=\"https:\/\/www.gaveanews.com\/index.php\/2022\/07\/28\/entenda-as-polemicas-envolvendo-erick-pulgar-novo-reforco-do-flamengo\/\" \/>\n<meta property=\"og:locale\" content=\"pt_BR\" \/>\n<meta property=\"og:type\" content=\"article\" \/>\n<meta property=\"og:title\" content=\"Entenda as pol\u00eamicas envolvendo Erick Pulgar, novo refor\u00e7o do Flamengo\" \/>\n<meta property=\"og:description\" content=\"O Flamengo acertou duas novas contrata\u00e7\u00f5es nesta semana. Uma delas, Guilhermo Varela, j\u00e1 est\u00e1 no Rio de Janeiro para realizar exames e assinar com o Mais Querido. Poucas horas depois foi anunciado o acerto com Erick Pulgar, o que dividiu opini\u00f5es entre os torcedores. Desde a \u00faltima quarta-feira (27), quando a contrata\u00e7\u00e3o foi divulgada pela [&hellip;]\" \/>\n<meta property=\"og:url\" content=\"https:\/\/www.gaveanews.com\/index.php\/2022\/07\/28\/entenda-as-polemicas-envolvendo-erick-pulgar-novo-reforco-do-flamengo\/\" \/>\n<meta property=\"og:site_name\" content=\"G\u00e1vea News\" \/>\n<meta property=\"article:publisher\" content=\"https:\/\/facebook.com\/gaveaNews\/\" \/>\n<meta property=\"article:published_time\" content=\"2022-07-28T18:47:50+00:00\" \/>\n<meta property=\"article:modified_time\" content=\"2024-04-07T12:54:59+00:00\" \/>\n<meta property=\"og:image\" content=\"https:\/\/www.gaveanews.com\/wp-content\/uploads\/Erick-Pulgar-em-acao-pela-Fiorentina.webp\" \/>\n\t<meta property=\"og:image:width\" content=\"640\" \/>\n\t<meta property=\"og:image:height\" content=\"400\" \/>\n\t<meta property=\"og:image:type\" content=\"image\/jpeg\" \/>\n<meta name=\"author\" content=\"Let\u00edcia Gerheim\" \/>\n<meta name=\"twitter:card\" content=\"summary_large_image\" \/>\n<meta name=\"twitter:label1\" content=\"Escrito por\" \/>\n\t<meta name=\"twitter:data1\" content=\"Let\u00edcia Gerheim\" \/>\n\t<meta name=\"twitter:label2\" content=\"Est. tempo de leitura\" \/>\n\t<meta name=\"twitter:data2\" content=\"2 minutos\" \/>\n<script type=\"application\/ld+json\" class=\"yoast-schema-graph\">{\"@context\":\"https:\/\/schema.org\",\"@graph\":[{\"@type\":\"NewsArticle\",\"@id\":\"https:\/\/www.gaveanews.com\/index.php\/2022\/07\/28\/entenda-as-polemicas-envolvendo-erick-pulgar-novo-reforco-do-flamengo\/#article\",\"isPartOf\":{\"@id\":\"https:\/\/www.gaveanews.com\/index.php\/2022\/07\/28\/entenda-as-polemicas-envolvendo-erick-pulgar-novo-reforco-do-flamengo\/\"},\"author\":{\"name\":\"Let\u00edcia Gerheim\",\"@id\":\"https:\/\/www.gaveanews.com\/#\/schema\/person\/714c67050b836198af2450ba1c142a67\"},\"headline\":\"Entenda as pol\u00eamicas envolvendo Erick Pulgar, novo refor\u00e7o do Flamengo\",\"datePublished\":\"2022-07-28T18:47:50+00:00\",\"dateModified\":\"2024-04-07T12:54:59+00:00\",\"mainEntityOfPage\":{\"@id\":\"https:\/\/www.gaveanews.com\/index.php\/2022\/07\/28\/entenda-as-polemicas-envolvendo-erick-pulgar-novo-reforco-do-flamengo\/\"},\"wordCount\":360,\"commentCount\":0,\"image\":{\"@id\":\"https:\/\/www.gaveanews.com\/index.php\/2022\/07\/28\/entenda-as-polemicas-envolvendo-erick-pulgar-novo-reforco-do-flamengo\/#primaryimage\"},\"thumbnailUrl\":\"https:\/\/www.gaveanews.com\/wp-content\/uploads\/Erick-Pulgar-em-acao-pela-Fiorentina.webp\",\"keywords\":[\"Erick Antonio Pulgar Farf\u00e1n\"],\"articleSection\":[\"Flamengo\"],\"inLanguage\":\"pt-BR\",\"potentialAction\":[{\"@type\":\"CommentAction\",\"name\":\"Comment\",\"target\":[\"https:\/\/www.gaveanews.com\/index.php\/2022\/07\/28\/entenda-as-polemicas-envolvendo-erick-pulgar-novo-reforco-do-flamengo\/#respond\"]}],\"copyrightYear\":\"2022\",\"copyrightHolder\":{\"@id\":\"https:\/\/www.gaveanews.com\/#organization\"}},{\"@type\":\"WebPage\",\"@id\":\"https:\/\/www.gaveanews.com\/index.php\/2022\/07\/28\/entenda-as-polemicas-envolvendo-erick-pulgar-novo-reforco-do-flamengo\/\",\"url\":\"https:\/\/www.gaveanews.com\/index.php\/2022\/07\/28\/entenda-as-polemicas-envolvendo-erick-pulgar-novo-reforco-do-flamengo\/\",\"name\":\"Entenda as pol\u00eamicas envolvendo Erick Pulgar, novo refor\u00e7o do Flamengo\",\"isPartOf\":{\"@id\":\"https:\/\/www.gaveanews.com\/#website\"},\"primaryImageOfPage\":{\"@id\":\"https:\/\/www.gaveanews.com\/index.php\/2022\/07\/28\/entenda-as-polemicas-envolvendo-erick-pulgar-novo-reforco-do-flamengo\/#primaryimage\"},\"image\":{\"@id\":\"https:\/\/www.gaveanews.com\/index.php\/2022\/07\/28\/entenda-as-polemicas-envolvendo-erick-pulgar-novo-reforco-do-flamengo\/#primaryimage\"},\"thumbnailUrl\":\"https:\/\/www.gaveanews.com\/wp-content\/uploads\/Erick-Pulgar-em-acao-pela-Fiorentina.webp\",\"datePublished\":\"2022-07-28T18:47:50+00:00\",\"dateModified\":\"2024-04-07T12:54:59+00:00\",\"author\":{\"@id\":\"https:\/\/www.gaveanews.com\/#\/schema\/person\/714c67050b836198af2450ba1c142a67\"},\"breadcrumb\":{\"@id\":\"https:\/\/www.gaveanews.com\/index.php\/2022\/07\/28\/entenda-as-polemicas-envolvendo-erick-pulgar-novo-reforco-do-flamengo\/#breadcrumb\"},\"inLanguage\":\"pt-BR\",\"potentialAction\":[{\"@type\":\"ReadAction\",\"target\":[\"https:\/\/www.gaveanews.com\/index.php\/2022\/07\/28\/entenda-as-polemicas-envolvendo-erick-pulgar-novo-reforco-do-flamengo\/\"]}]},{\"@type\":\"ImageObject\",\"inLanguage\":\"pt-BR\",\"@id\":\"https:\/\/www.gaveanews.com\/index.php\/2022\/07\/28\/entenda-as-polemicas-envolvendo-erick-pulgar-novo-reforco-do-flamengo\/#primaryimage\",\"url\":\"https:\/\/www.gaveanews.com\/wp-content\/uploads\/Erick-Pulgar-em-acao-pela-Fiorentina.webp\",\"contentUrl\":\"https:\/\/www.gaveanews.com\/wp-content\/uploads\/Erick-Pulgar-em-acao-pela-Fiorentina.webp\",\"width\":640,\"height\":400,\"caption\":\"Erick Pulgar em a\u00e7\u00e3o pela Fiorentina (Foto: Divulga\u00e7\u00e3o\/Fiorentina)\"},{\"@type\":\"BreadcrumbList\",\"@id\":\"https:\/\/www.gaveanews.com\/index.php\/2022\/07\/28\/entenda-as-polemicas-envolvendo-erick-pulgar-novo-reforco-do-flamengo\/#breadcrumb\",\"itemListElement\":[{\"@type\":\"ListItem\",\"position\":1,\"name\":\"Home\",\"item\":\"https:\/\/www.gaveanews.com\/\"},{\"@type\":\"ListItem\",\"position\":2,\"name\":\"Entenda as pol\u00eamicas envolvendo Erick Pulgar, novo refor\u00e7o do Flamengo\"}]},{\"@type\":\"WebSite\",\"@id\":\"https:\/\/www.gaveanews.com\/#website\",\"url\":\"https:\/\/www.gaveanews.com\/\",\"name\":\"G\u00e1vea News\",\"description\":\"Veja todas as not\u00edcias sobre o Flamengo: Contrata\u00e7\u00f5es, categorias de base, resultados das partidas, tabela de classifica\u00e7\u00e3o, pr\u00f3ximos jogos!\",\"potentialAction\":[{\"@type\":\"SearchAction\",\"target\":{\"@type\":\"EntryPoint\",\"urlTemplate\":\"https:\/\/www.gaveanews.com\/?s={search_term_string}\"},\"query-input\":{\"@type\":\"PropertyValueSpecification\",\"valueRequired\":true,\"valueName\":\"search_term_string\"}}],\"inLanguage\":\"pt-BR\"},{\"@type\":\"Person\",\"@id\":\"https:\/\/www.gaveanews.com\/#\/schema\/person\/714c67050b836198af2450ba1c142a67\",\"name\":\"Let\u00edcia Gerheim\",\"image\":{\"@type\":\"ImageObject\",\"inLanguage\":\"pt-BR\",\"@id\":\"https:\/\/www.gaveanews.com\/#\/schema\/person\/image\/\",\"url\":\"https:\/\/secure.gravatar.com\/avatar\/60734739c50fcebfbac509e2a826ccd0ff405c019bc73aab9354f19ecad1dcb4?s=96&d=mm&r=g\",\"contentUrl\":\"https:\/\/secure.gravatar.com\/avatar\/60734739c50fcebfbac509e2a826ccd0ff405c019bc73aab9354f19ecad1dcb4?s=96&d=mm&r=g\",\"caption\":\"Let\u00edcia Gerheim\"}}]}<\/script>\n<!-- \/ Yoast SEO Premium plugin. -->","yoast_head_json":{"title":"Entenda as pol\u00eamicas envolvendo Erick Pulgar, novo refor\u00e7o do Flamengo","robots":{"index":"index","follow":"follow","max-snippet":"max-snippet:-1","max-image-preview":"max-image-preview:large","max-video-preview":"max-video-preview:-1"},"canonical":"https:\/\/www.gaveanews.com\/index.php\/2022\/07\/28\/entenda-as-polemicas-envolvendo-erick-pulgar-novo-reforco-do-flamengo\/","og_locale":"pt_BR","og_type":"article","og_title":"Entenda as pol\u00eamicas envolvendo Erick Pulgar, novo refor\u00e7o do Flamengo","og_description":"O Flamengo acertou duas novas contrata\u00e7\u00f5es nesta semana. Uma delas, Guilhermo Varela, j\u00e1 est\u00e1 no Rio de Janeiro para realizar exames e assinar com o Mais Querido. Poucas horas depois foi anunciado o acerto com Erick Pulgar, o que dividiu opini\u00f5es entre os torcedores. Desde a \u00faltima quarta-feira (27), quando a contrata\u00e7\u00e3o foi divulgada pela [&hellip;]","og_url":"https:\/\/www.gaveanews.com\/index.php\/2022\/07\/28\/entenda-as-polemicas-envolvendo-erick-pulgar-novo-reforco-do-flamengo\/","og_site_name":"G\u00e1vea News","article_publisher":"https:\/\/facebook.com\/gaveaNews\/","article_published_time":"2022-07-28T18:47:50+00:00","article_modified_time":"2024-04-07T12:54:59+00:00","og_image":[{"width":640,"height":400,"url":"https:\/\/www.gaveanews.com\/wp-content\/uploads\/Erick-Pulgar-em-acao-pela-Fiorentina.webp","type":"image\/jpeg"}],"author":"Let\u00edcia Gerheim","twitter_card":"summary_large_image","twitter_misc":{"Escrito por":"Let\u00edcia Gerheim","Est. tempo de leitura":"2 minutos"},"schema":{"@context":"https:\/\/schema.org","@graph":[{"@type":"NewsArticle","@id":"https:\/\/www.gaveanews.com\/index.php\/2022\/07\/28\/entenda-as-polemicas-envolvendo-erick-pulgar-novo-reforco-do-flamengo\/#article","isPartOf":{"@id":"https:\/\/www.gaveanews.com\/index.php\/2022\/07\/28\/entenda-as-polemicas-envolvendo-erick-pulgar-novo-reforco-do-flamengo\/"},"author":{"name":"Let\u00edcia Gerheim","@id":"https:\/\/www.gaveanews.com\/#\/schema\/person\/714c67050b836198af2450ba1c142a67"},"headline":"Entenda as pol\u00eamicas envolvendo Erick Pulgar, novo refor\u00e7o do Flamengo","datePublished":"2022-07-28T18:47:50+00:00","dateModified":"2024-04-07T12:54:59+00:00","mainEntityOfPage":{"@id":"https:\/\/www.gaveanews.com\/index.php\/2022\/07\/28\/entenda-as-polemicas-envolvendo-erick-pulgar-novo-reforco-do-flamengo\/"},"wordCount":360,"commentCount":0,"image":{"@id":"https:\/\/www.gaveanews.com\/index.php\/2022\/07\/28\/entenda-as-polemicas-envolvendo-erick-pulgar-novo-reforco-do-flamengo\/#primaryimage"},"thumbnailUrl":"https:\/\/www.gaveanews.com\/wp-content\/uploads\/Erick-Pulgar-em-acao-pela-Fiorentina.webp","keywords":["Erick Antonio Pulgar Farf\u00e1n"],"articleSection":["Flamengo"],"inLanguage":"pt-BR","potentialAction":[{"@type":"CommentAction","name":"Comment","target":["https:\/\/www.gaveanews.com\/index.php\/2022\/07\/28\/entenda-as-polemicas-envolvendo-erick-pulgar-novo-reforco-do-flamengo\/#respond"]}],"copyrightYear":"2022","copyrightHolder":{"@id":"https:\/\/www.gaveanews.com\/#organization"}},{"@type":"WebPage","@id":"https:\/\/www.gaveanews.com\/index.php\/2022\/07\/28\/entenda-as-polemicas-envolvendo-erick-pulgar-novo-reforco-do-flamengo\/","url":"https:\/\/www.gaveanews.com\/index.php\/2022\/07\/28\/entenda-as-polemicas-envolvendo-erick-pulgar-novo-reforco-do-flamengo\/","name":"Entenda as pol\u00eamicas envolvendo Erick Pulgar, novo refor\u00e7o do Flamengo","isPartOf":{"@id":"https:\/\/www.gaveanews.com\/#website"},"primaryImageOfPage":{"@id":"https:\/\/www.gaveanews.com\/index.php\/2022\/07\/28\/entenda-as-polemicas-envolvendo-erick-pulgar-novo-reforco-do-flamengo\/#primaryimage"},"image":{"@id":"https:\/\/www.gaveanews.com\/index.php\/2022\/07\/28\/entenda-as-polemicas-envolvendo-erick-pulgar-novo-reforco-do-flamengo\/#primaryimage"},"thumbnailUrl":"https:\/\/www.gaveanews.com\/wp-content\/uploads\/Erick-Pulgar-em-acao-pela-Fiorentina.webp","datePublished":"2022-07-28T18:47:50+00:00","dateModified":"2024-04-07T12:54:59+00:00","author":{"@id":"https:\/\/www.gaveanews.com\/#\/schema\/person\/714c67050b836198af2450ba1c142a67"},"breadcrumb":{"@id":"https:\/\/www.gaveanews.com\/index.php\/2022\/07\/28\/entenda-as-polemicas-envolvendo-erick-pulgar-novo-reforco-do-flamengo\/#breadcrumb"},"inLanguage":"pt-BR","potentialAction":[{"@type":"ReadAction","target":["https:\/\/www.gaveanews.com\/index.php\/2022\/07\/28\/entenda-as-polemicas-envolvendo-erick-pulgar-novo-reforco-do-flamengo\/"]}]},{"@type":"ImageObject","inLanguage":"pt-BR","@id":"https:\/\/www.gaveanews.com\/index.php\/2022\/07\/28\/entenda-as-polemicas-envolvendo-erick-pulgar-novo-reforco-do-flamengo\/#primaryimage","url":"https:\/\/www.gaveanews.com\/wp-content\/uploads\/Erick-Pulgar-em-acao-pela-Fiorentina.webp","contentUrl":"https:\/\/www.gaveanews.com\/wp-content\/uploads\/Erick-Pulgar-em-acao-pela-Fiorentina.webp","width":640,"height":400,"caption":"Erick Pulgar em a\u00e7\u00e3o pela Fiorentina (Foto: Divulga\u00e7\u00e3o\/Fiorentina)"},{"@type":"BreadcrumbList","@id":"https:\/\/www.gaveanews.com\/index.php\/2022\/07\/28\/entenda-as-polemicas-envolvendo-erick-pulgar-novo-reforco-do-flamengo\/#breadcrumb","itemListElement":[{"@type":"ListItem","position":1,"name":"Home","item":"https:\/\/www.gaveanews.com\/"},{"@type":"ListItem","position":2,"name":"Entenda as pol\u00eamicas envolvendo Erick Pulgar, novo refor\u00e7o do Flamengo"}]},{"@type":"WebSite","@id":"https:\/\/www.gaveanews.com\/#website","url":"https:\/\/www.gaveanews.com\/","name":"G\u00e1vea News","description":"Veja todas as not\u00edcias sobre o Flamengo: Contrata\u00e7\u00f5es, categorias de base, resultados das partidas, tabela de classifica\u00e7\u00e3o, pr\u00f3ximos jogos!","potentialAction":[{"@type":"SearchAction","target":{"@type":"EntryPoint","urlTemplate":"https:\/\/www.gaveanews.com\/?s={search_term_string}"},"query-input":{"@type":"PropertyValueSpecification","valueRequired":true,"valueName":"search_term_string"}}],"inLanguage":"pt-BR"},{"@type":"Person","@id":"https:\/\/www.gaveanews.com\/#\/schema\/person\/714c67050b836198af2450ba1c142a67","name":"Let\u00edcia Gerheim","image":{"@type":"ImageObject","inLanguage":"pt-BR","@id":"https:\/\/www.gaveanews.com\/#\/schema\/person\/image\/","url":"https:\/\/secure.gravatar.com\/avatar\/60734739c50fcebfbac509e2a826ccd0ff405c019bc73aab9354f19ecad1dcb4?s=96&d=mm&r=g","contentUrl":"https:\/\/secure.gravatar.com\/avatar\/60734739c50fcebfbac509e2a826ccd0ff405c019bc73aab9354f19ecad1dcb4?s=96&d=mm&r=g","caption":"Let\u00edcia Gerheim"}}]}},"_links":{"self":[{"href":"https:\/\/www.gaveanews.com\/index.php\/wp-json\/wp\/v2\/posts\/85311","targetHints":{"allow":["GET"]}}],"collection":[{"href":"https:\/\/www.gaveanews.com\/index.php\/wp-json\/wp\/v2\/posts"}],"about":[{"href":"https:\/\/www.gaveanews.com\/index.php\/wp-json\/wp\/v2\/types\/post"}],"author":[{"embeddable":true,"href":"https:\/\/www.gaveanews.com\/index.php\/wp-json\/wp\/v2\/users\/4"}],"replies":[{"embeddable":true,"href":"https:\/\/www.gaveanews.com\/index.php\/wp-json\/wp\/v2\/comments?post=85311"}],"version-history":[{"count":1,"href":"https:\/\/www.gaveanews.com\/index.php\/wp-json\/wp\/v2\/posts\/85311\/revisions"}],"predecessor-version":[{"id":137270,"href":"https:\/\/www.gaveanews.com\/index.php\/wp-json\/wp\/v2\/posts\/85311\/revisions\/137270"}],"wp:featuredmedia":[{"embeddable":true,"href":"https:\/\/www.gaveanews.com\/index.php\/wp-json\/wp\/v2\/media\/85261"}],"wp:attachment":[{"href":"https:\/\/www.gaveanews.com\/index.php\/wp-json\/wp\/v2\/media?parent=85311"}],"wp:term":[{"taxonomy":"category","embeddable":true,"href":"https:\/\/www.gaveanews.com\/index.php\/wp-json\/wp\/v2\/categories?post=85311"},{"taxonomy":"post_tag","embeddable":true,"href":"https:\/\/www.gaveanews.com\/index.php\/wp-json\/wp\/v2\/tags?post=85311"}],"curies":[{"name":"wp","href":"https:\/\/api.w.org\/{rel}","templated":true}]}}