{"id":85321,"date":"2022-07-28T20:17:41","date_gmt":"2022-07-28T23:17:41","guid":{"rendered":"https:\/\/www.gaveanews.com\/?p=85321"},"modified":"2022-07-28T20:17:44","modified_gmt":"2022-07-28T23:17:44","slug":"flamengo-nao-podera-inscrever-reforco-na-copa-libertadores-da-america","status":"publish","type":"post","link":"https:\/\/www.gaveanews.com\/index.php\/2022\/07\/28\/flamengo-nao-podera-inscrever-reforco-na-copa-libertadores-da-america\/","title":{"rendered":"Flamengo n\u00e3o poder\u00e1 inscrever refor\u00e7o na Copa Libertadores da Am\u00e9rica"},"content":{"rendered":"\n<p>Em negocia\u00e7\u00f5es avan\u00e7adas com Guillermo Varela e Erick Pulgar, o Flamengo pode ter que tomar uma decis\u00e3o importante de olho nas quartas de final da Libertadores. Caso consiga regularizar ambos os refor\u00e7os a tempo, o clube ter\u00e1 que escolher apenas um dos dois para inscrever na pr\u00f3xima fase do torneio.<\/p>\n\n\n\n<p>Isso porque a Conmebol s\u00f3 permite tr\u00eas trocas em rela\u00e7\u00e3o \u00e0 lista da fase anterior, as oitavas de final. Como Everton Cebolinha e Arturo Vidal j\u00e1 est\u00e3o garantidos como novidades, s\u00f3 sobra espa\u00e7o para mais um.<\/p>\n\n\n\n<p>Antes de tomar a decis\u00e3o, o Flamengo ter\u00e1 que correr contra o tempo para regularizar os atletas. O regulamento da Libertadores informa que a apresenta\u00e7\u00e3o do formul\u00e1rio de substitui\u00e7\u00e3o de jogadores deve ser feita at\u00e9 19h (hor\u00e1rio de Bras\u00edlia) de 30 de julho, pr\u00f3ximo s\u00e1bado.<\/p>\n\n\n\n<p>O prazo, no entanto, \u00e9 ainda mais curto. Para ser inscrito no torneio continental, o jogador precisa primeiro estar regularizado na CBF, associa\u00e7\u00e3o membro da Conmebol. Como o BID (Boletim Informativo Di\u00e1rio) da entidade brasileira n\u00e3o abre aos finais de semana, o Flamengo precisa inscrev\u00ea-los at\u00e9 esta sexta-feira, \u00e0s 19h.<\/p>\n\n\n\n<p>Dessa forma, o clube rubro-negro tem um prazo curto para resolver toda a documenta\u00e7\u00e3o da dupla. Por se tratarem de jogadores estrangeiros e de negocia\u00e7\u00f5es internacionais, a miss\u00e3o do Flamengo torna-se ainda mais dif\u00edcil.<\/p>\n\n\n\n<p>Vale lembrar que, caso elimine o Corinthians nas quartas de final, o Flamengo poder\u00e1 fazer outras tr\u00eas mudan\u00e7as na lista antes da semifinal da Libertadores. O jogo de ida, na Neo Qu\u00edmica Arena, ser\u00e1 na pr\u00f3xima ter\u00e7a-feira, dia 2, enquanto a volta ser\u00e1 no Maracan\u00e3, na semana seguinte.<br>Poss\u00edveis trocas do Fla para as quartas da Libertadores:<\/p>\n\n\n\n<ul class=\"wp-block-list\"><li><strong>Sai:<\/strong>\u00a0Andreas Pereira \/ <strong>Entra<\/strong>: Everton Cebolinha<\/li><li><strong>Sai:<\/strong>\u00a0Willian Ar\u00e3o \/ <strong>Entra<\/strong>: Arturo Vidal<\/li><li><strong>Sai:<\/strong>\u00a0Gustavo Henrique \/ <strong>Entra<\/strong>: Varela ou Pulgar<\/li><\/ul>\n\n\n\n<h2 class=\"wp-block-heading\" id=\"h-lateral-ou-volante\">Lateral ou volante?<\/h2>\n\n\n\n<p>Caso os dois refor\u00e7os sejam regularizados a tempo e a op\u00e7\u00e3o fique a cargo do Flamengo, o departamento de futebol do clube ter\u00e1 que decidir entre um lateral-direito e um volante. Neste caso, a tend\u00eancia \u00e9 que Pulgar leve vantagem em fun\u00e7\u00e3o da car\u00eancia maior na posi\u00e7\u00e3o.<\/p>\n\n\n\n<p>Da lista de inscritos nas oitavas de final, o Flamengo perdeu Ar\u00e3o e Andreas Pereira, dois nomes que atuavam no setor. Atualmente, o clube conta apenas com Jo\u00e3o Gomes, Thiago Maia, Arturo Vidal e Diego para jogar nas fun\u00e7\u00f5es de primeiro e segundo volante. Na lateral-direita, em contrapartida, o clube permanece com Rodinei e Matheuzinho \u00e0 disposi\u00e7\u00e3o.<\/p>\n\n\n\n<p>Retirado de: UOL<\/p>\n","protected":false},"excerpt":{"rendered":"<p>Em negocia\u00e7\u00f5es avan\u00e7adas com Guillermo Varela e Erick Pulgar, o Flamengo pode ter que tomar uma decis\u00e3o importante de olho nas quartas de final da Libertadores. Caso consiga regularizar ambos os refor\u00e7os a tempo, o clube ter\u00e1 que escolher apenas um dos dois para inscrever na pr\u00f3xima fase do torneio. Isso porque a Conmebol s\u00f3 [&hellip;]<\/p>\n","protected":false},"author":1,"featured_media":80042,"comment_status":"open","ping_status":"closed","sticky":false,"template":"","format":"standard","meta":{"footnotes":""},"categories":[1],"tags":[],"class_list":["post-85321","post","type-post","status-publish","format-standard","has-post-thumbnail","hentry","category-flamengo"],"yoast_head":"<!-- This site is optimized with the Yoast SEO Premium plugin v24.2 (Yoast SEO v26.9) - https:\/\/yoast.com\/product\/yoast-seo-premium-wordpress\/ -->\n<title>Flamengo n\u00e3o poder\u00e1 inscrever refor\u00e7o na Copa Libertadores da Am\u00e9rica<\/title>\n<meta name=\"robots\" content=\"index, follow, max-snippet:-1, max-image-preview:large, max-video-preview:-1\" \/>\n<link rel=\"canonical\" href=\"https:\/\/www.gaveanews.com\/index.php\/2022\/07\/28\/flamengo-nao-podera-inscrever-reforco-na-copa-libertadores-da-america\/\" \/>\n<meta property=\"og:locale\" content=\"pt_BR\" \/>\n<meta property=\"og:type\" content=\"article\" \/>\n<meta property=\"og:title\" content=\"Flamengo n\u00e3o poder\u00e1 inscrever refor\u00e7o na Copa Libertadores da Am\u00e9rica\" \/>\n<meta property=\"og:description\" content=\"Em negocia\u00e7\u00f5es avan\u00e7adas com Guillermo Varela e Erick Pulgar, o Flamengo pode ter que tomar uma decis\u00e3o importante de olho nas quartas de final da Libertadores. Caso consiga regularizar ambos os refor\u00e7os a tempo, o clube ter\u00e1 que escolher apenas um dos dois para inscrever na pr\u00f3xima fase do torneio. Isso porque a Conmebol s\u00f3 [&hellip;]\" \/>\n<meta property=\"og:url\" content=\"https:\/\/www.gaveanews.com\/index.php\/2022\/07\/28\/flamengo-nao-podera-inscrever-reforco-na-copa-libertadores-da-america\/\" \/>\n<meta property=\"og:site_name\" content=\"G\u00e1vea News\" \/>\n<meta property=\"article:publisher\" content=\"https:\/\/facebook.com\/gaveaNews\/\" \/>\n<meta property=\"article:published_time\" content=\"2022-07-28T23:17:41+00:00\" \/>\n<meta property=\"article:modified_time\" content=\"2022-07-28T23:17:44+00:00\" \/>\n<meta property=\"og:image\" content=\"https:\/\/www.gaveanews.com\/wp-content\/uploads\/Maracana-preparado-para-jogo-do-Flamengo-pela-Libertadores.webp\" \/>\n\t<meta property=\"og:image:width\" content=\"2048\" \/>\n\t<meta property=\"og:image:height\" content=\"1364\" \/>\n\t<meta property=\"og:image:type\" content=\"image\/jpeg\" \/>\n<meta name=\"author\" content=\"Equipe G\u00e1vea News\" \/>\n<meta name=\"twitter:card\" content=\"summary_large_image\" \/>\n<meta name=\"twitter:label1\" content=\"Escrito por\" \/>\n\t<meta name=\"twitter:data1\" content=\"Equipe G\u00e1vea News\" \/>\n\t<meta name=\"twitter:label2\" content=\"Est. tempo de leitura\" \/>\n\t<meta name=\"twitter:data2\" content=\"3 minutos\" \/>\n<script type=\"application\/ld+json\" class=\"yoast-schema-graph\">{\"@context\":\"https:\/\/schema.org\",\"@graph\":[{\"@type\":\"NewsArticle\",\"@id\":\"https:\/\/www.gaveanews.com\/index.php\/2022\/07\/28\/flamengo-nao-podera-inscrever-reforco-na-copa-libertadores-da-america\/#article\",\"isPartOf\":{\"@id\":\"https:\/\/www.gaveanews.com\/index.php\/2022\/07\/28\/flamengo-nao-podera-inscrever-reforco-na-copa-libertadores-da-america\/\"},\"author\":{\"name\":\"Equipe G\u00e1vea News\",\"@id\":\"https:\/\/www.gaveanews.com\/#\/schema\/person\/2ec14f73fb96be2caf28f91afb14749d\"},\"headline\":\"Flamengo n\u00e3o poder\u00e1 inscrever refor\u00e7o na Copa Libertadores da Am\u00e9rica\",\"datePublished\":\"2022-07-28T23:17:41+00:00\",\"dateModified\":\"2022-07-28T23:17:44+00:00\",\"mainEntityOfPage\":{\"@id\":\"https:\/\/www.gaveanews.com\/index.php\/2022\/07\/28\/flamengo-nao-podera-inscrever-reforco-na-copa-libertadores-da-america\/\"},\"wordCount\":450,\"commentCount\":0,\"image\":{\"@id\":\"https:\/\/www.gaveanews.com\/index.php\/2022\/07\/28\/flamengo-nao-podera-inscrever-reforco-na-copa-libertadores-da-america\/#primaryimage\"},\"thumbnailUrl\":\"https:\/\/www.gaveanews.com\/wp-content\/uploads\/Maracana-preparado-para-jogo-do-Flamengo-pela-Libertadores.webp\",\"articleSection\":[\"Flamengo\"],\"inLanguage\":\"pt-BR\",\"potentialAction\":[{\"@type\":\"CommentAction\",\"name\":\"Comment\",\"target\":[\"https:\/\/www.gaveanews.com\/index.php\/2022\/07\/28\/flamengo-nao-podera-inscrever-reforco-na-copa-libertadores-da-america\/#respond\"]}],\"copyrightYear\":\"2022\",\"copyrightHolder\":{\"@id\":\"https:\/\/www.gaveanews.com\/#organization\"}},{\"@type\":\"WebPage\",\"@id\":\"https:\/\/www.gaveanews.com\/index.php\/2022\/07\/28\/flamengo-nao-podera-inscrever-reforco-na-copa-libertadores-da-america\/\",\"url\":\"https:\/\/www.gaveanews.com\/index.php\/2022\/07\/28\/flamengo-nao-podera-inscrever-reforco-na-copa-libertadores-da-america\/\",\"name\":\"Flamengo n\u00e3o poder\u00e1 inscrever refor\u00e7o na Copa Libertadores da Am\u00e9rica\",\"isPartOf\":{\"@id\":\"https:\/\/www.gaveanews.com\/#website\"},\"primaryImageOfPage\":{\"@id\":\"https:\/\/www.gaveanews.com\/index.php\/2022\/07\/28\/flamengo-nao-podera-inscrever-reforco-na-copa-libertadores-da-america\/#primaryimage\"},\"image\":{\"@id\":\"https:\/\/www.gaveanews.com\/index.php\/2022\/07\/28\/flamengo-nao-podera-inscrever-reforco-na-copa-libertadores-da-america\/#primaryimage\"},\"thumbnailUrl\":\"https:\/\/www.gaveanews.com\/wp-content\/uploads\/Maracana-preparado-para-jogo-do-Flamengo-pela-Libertadores.webp\",\"datePublished\":\"2022-07-28T23:17:41+00:00\",\"dateModified\":\"2022-07-28T23:17:44+00:00\",\"author\":{\"@id\":\"https:\/\/www.gaveanews.com\/#\/schema\/person\/2ec14f73fb96be2caf28f91afb14749d\"},\"breadcrumb\":{\"@id\":\"https:\/\/www.gaveanews.com\/index.php\/2022\/07\/28\/flamengo-nao-podera-inscrever-reforco-na-copa-libertadores-da-america\/#breadcrumb\"},\"inLanguage\":\"pt-BR\",\"potentialAction\":[{\"@type\":\"ReadAction\",\"target\":[\"https:\/\/www.gaveanews.com\/index.php\/2022\/07\/28\/flamengo-nao-podera-inscrever-reforco-na-copa-libertadores-da-america\/\"]}]},{\"@type\":\"ImageObject\",\"inLanguage\":\"pt-BR\",\"@id\":\"https:\/\/www.gaveanews.com\/index.php\/2022\/07\/28\/flamengo-nao-podera-inscrever-reforco-na-copa-libertadores-da-america\/#primaryimage\",\"url\":\"https:\/\/www.gaveanews.com\/wp-content\/uploads\/Maracana-preparado-para-jogo-do-Flamengo-pela-Libertadores.webp\",\"contentUrl\":\"https:\/\/www.gaveanews.com\/wp-content\/uploads\/Maracana-preparado-para-jogo-do-Flamengo-pela-Libertadores.webp\",\"width\":2048,\"height\":1364,\"caption\":\"Maracan\u00e3 preparado para jogo do Flamengo pela Libertadores (Foto: Marcelo Cortes\/Flamengo)\"},{\"@type\":\"BreadcrumbList\",\"@id\":\"https:\/\/www.gaveanews.com\/index.php\/2022\/07\/28\/flamengo-nao-podera-inscrever-reforco-na-copa-libertadores-da-america\/#breadcrumb\",\"itemListElement\":[{\"@type\":\"ListItem\",\"position\":1,\"name\":\"Home\",\"item\":\"https:\/\/www.gaveanews.com\/\"},{\"@type\":\"ListItem\",\"position\":2,\"name\":\"Flamengo n\u00e3o poder\u00e1 inscrever refor\u00e7o na Copa Libertadores da Am\u00e9rica\"}]},{\"@type\":\"WebSite\",\"@id\":\"https:\/\/www.gaveanews.com\/#website\",\"url\":\"https:\/\/www.gaveanews.com\/\",\"name\":\"G\u00e1vea News\",\"description\":\"Veja todas as not\u00edcias sobre o Flamengo: Contrata\u00e7\u00f5es, categorias de base, resultados das partidas, tabela de classifica\u00e7\u00e3o, pr\u00f3ximos jogos!\",\"potentialAction\":[{\"@type\":\"SearchAction\",\"target\":{\"@type\":\"EntryPoint\",\"urlTemplate\":\"https:\/\/www.gaveanews.com\/?s={search_term_string}\"},\"query-input\":{\"@type\":\"PropertyValueSpecification\",\"valueRequired\":true,\"valueName\":\"search_term_string\"}}],\"inLanguage\":\"pt-BR\"},{\"@type\":\"Person\",\"@id\":\"https:\/\/www.gaveanews.com\/#\/schema\/person\/2ec14f73fb96be2caf28f91afb14749d\",\"name\":\"Equipe G\u00e1vea News\",\"image\":{\"@type\":\"ImageObject\",\"inLanguage\":\"pt-BR\",\"@id\":\"https:\/\/www.gaveanews.com\/#\/schema\/person\/image\/\",\"url\":\"https:\/\/secure.gravatar.com\/avatar\/1e1956f1facbffd3f8fa53a326721950116b3b9dc9bd44939c01180fd4a745a9?s=96&d=mm&r=g\",\"contentUrl\":\"https:\/\/secure.gravatar.com\/avatar\/1e1956f1facbffd3f8fa53a326721950116b3b9dc9bd44939c01180fd4a745a9?s=96&d=mm&r=g\",\"caption\":\"Equipe G\u00e1vea News\"}}]}<\/script>\n<!-- \/ Yoast SEO Premium plugin. -->","yoast_head_json":{"title":"Flamengo n\u00e3o poder\u00e1 inscrever refor\u00e7o na Copa Libertadores da Am\u00e9rica","robots":{"index":"index","follow":"follow","max-snippet":"max-snippet:-1","max-image-preview":"max-image-preview:large","max-video-preview":"max-video-preview:-1"},"canonical":"https:\/\/www.gaveanews.com\/index.php\/2022\/07\/28\/flamengo-nao-podera-inscrever-reforco-na-copa-libertadores-da-america\/","og_locale":"pt_BR","og_type":"article","og_title":"Flamengo n\u00e3o poder\u00e1 inscrever refor\u00e7o na Copa Libertadores da Am\u00e9rica","og_description":"Em negocia\u00e7\u00f5es avan\u00e7adas com Guillermo Varela e Erick Pulgar, o Flamengo pode ter que tomar uma decis\u00e3o importante de olho nas quartas de final da Libertadores. Caso consiga regularizar ambos os refor\u00e7os a tempo, o clube ter\u00e1 que escolher apenas um dos dois para inscrever na pr\u00f3xima fase do torneio. Isso porque a Conmebol s\u00f3 [&hellip;]","og_url":"https:\/\/www.gaveanews.com\/index.php\/2022\/07\/28\/flamengo-nao-podera-inscrever-reforco-na-copa-libertadores-da-america\/","og_site_name":"G\u00e1vea News","article_publisher":"https:\/\/facebook.com\/gaveaNews\/","article_published_time":"2022-07-28T23:17:41+00:00","article_modified_time":"2022-07-28T23:17:44+00:00","og_image":[{"width":2048,"height":1364,"url":"https:\/\/www.gaveanews.com\/wp-content\/uploads\/Maracana-preparado-para-jogo-do-Flamengo-pela-Libertadores.webp","type":"image\/jpeg"}],"author":"Equipe G\u00e1vea News","twitter_card":"summary_large_image","twitter_misc":{"Escrito por":"Equipe G\u00e1vea News","Est. tempo de leitura":"3 minutos"},"schema":{"@context":"https:\/\/schema.org","@graph":[{"@type":"NewsArticle","@id":"https:\/\/www.gaveanews.com\/index.php\/2022\/07\/28\/flamengo-nao-podera-inscrever-reforco-na-copa-libertadores-da-america\/#article","isPartOf":{"@id":"https:\/\/www.gaveanews.com\/index.php\/2022\/07\/28\/flamengo-nao-podera-inscrever-reforco-na-copa-libertadores-da-america\/"},"author":{"name":"Equipe G\u00e1vea News","@id":"https:\/\/www.gaveanews.com\/#\/schema\/person\/2ec14f73fb96be2caf28f91afb14749d"},"headline":"Flamengo n\u00e3o poder\u00e1 inscrever refor\u00e7o na Copa Libertadores da Am\u00e9rica","datePublished":"2022-07-28T23:17:41+00:00","dateModified":"2022-07-28T23:17:44+00:00","mainEntityOfPage":{"@id":"https:\/\/www.gaveanews.com\/index.php\/2022\/07\/28\/flamengo-nao-podera-inscrever-reforco-na-copa-libertadores-da-america\/"},"wordCount":450,"commentCount":0,"image":{"@id":"https:\/\/www.gaveanews.com\/index.php\/2022\/07\/28\/flamengo-nao-podera-inscrever-reforco-na-copa-libertadores-da-america\/#primaryimage"},"thumbnailUrl":"https:\/\/www.gaveanews.com\/wp-content\/uploads\/Maracana-preparado-para-jogo-do-Flamengo-pela-Libertadores.webp","articleSection":["Flamengo"],"inLanguage":"pt-BR","potentialAction":[{"@type":"CommentAction","name":"Comment","target":["https:\/\/www.gaveanews.com\/index.php\/2022\/07\/28\/flamengo-nao-podera-inscrever-reforco-na-copa-libertadores-da-america\/#respond"]}],"copyrightYear":"2022","copyrightHolder":{"@id":"https:\/\/www.gaveanews.com\/#organization"}},{"@type":"WebPage","@id":"https:\/\/www.gaveanews.com\/index.php\/2022\/07\/28\/flamengo-nao-podera-inscrever-reforco-na-copa-libertadores-da-america\/","url":"https:\/\/www.gaveanews.com\/index.php\/2022\/07\/28\/flamengo-nao-podera-inscrever-reforco-na-copa-libertadores-da-america\/","name":"Flamengo n\u00e3o poder\u00e1 inscrever refor\u00e7o na Copa Libertadores da Am\u00e9rica","isPartOf":{"@id":"https:\/\/www.gaveanews.com\/#website"},"primaryImageOfPage":{"@id":"https:\/\/www.gaveanews.com\/index.php\/2022\/07\/28\/flamengo-nao-podera-inscrever-reforco-na-copa-libertadores-da-america\/#primaryimage"},"image":{"@id":"https:\/\/www.gaveanews.com\/index.php\/2022\/07\/28\/flamengo-nao-podera-inscrever-reforco-na-copa-libertadores-da-america\/#primaryimage"},"thumbnailUrl":"https:\/\/www.gaveanews.com\/wp-content\/uploads\/Maracana-preparado-para-jogo-do-Flamengo-pela-Libertadores.webp","datePublished":"2022-07-28T23:17:41+00:00","dateModified":"2022-07-28T23:17:44+00:00","author":{"@id":"https:\/\/www.gaveanews.com\/#\/schema\/person\/2ec14f73fb96be2caf28f91afb14749d"},"breadcrumb":{"@id":"https:\/\/www.gaveanews.com\/index.php\/2022\/07\/28\/flamengo-nao-podera-inscrever-reforco-na-copa-libertadores-da-america\/#breadcrumb"},"inLanguage":"pt-BR","potentialAction":[{"@type":"ReadAction","target":["https:\/\/www.gaveanews.com\/index.php\/2022\/07\/28\/flamengo-nao-podera-inscrever-reforco-na-copa-libertadores-da-america\/"]}]},{"@type":"ImageObject","inLanguage":"pt-BR","@id":"https:\/\/www.gaveanews.com\/index.php\/2022\/07\/28\/flamengo-nao-podera-inscrever-reforco-na-copa-libertadores-da-america\/#primaryimage","url":"https:\/\/www.gaveanews.com\/wp-content\/uploads\/Maracana-preparado-para-jogo-do-Flamengo-pela-Libertadores.webp","contentUrl":"https:\/\/www.gaveanews.com\/wp-content\/uploads\/Maracana-preparado-para-jogo-do-Flamengo-pela-Libertadores.webp","width":2048,"height":1364,"caption":"Maracan\u00e3 preparado para jogo do Flamengo pela Libertadores (Foto: Marcelo Cortes\/Flamengo)"},{"@type":"BreadcrumbList","@id":"https:\/\/www.gaveanews.com\/index.php\/2022\/07\/28\/flamengo-nao-podera-inscrever-reforco-na-copa-libertadores-da-america\/#breadcrumb","itemListElement":[{"@type":"ListItem","position":1,"name":"Home","item":"https:\/\/www.gaveanews.com\/"},{"@type":"ListItem","position":2,"name":"Flamengo n\u00e3o poder\u00e1 inscrever refor\u00e7o na Copa Libertadores da Am\u00e9rica"}]},{"@type":"WebSite","@id":"https:\/\/www.gaveanews.com\/#website","url":"https:\/\/www.gaveanews.com\/","name":"G\u00e1vea News","description":"Veja todas as not\u00edcias sobre o Flamengo: Contrata\u00e7\u00f5es, categorias de base, resultados das partidas, tabela de classifica\u00e7\u00e3o, pr\u00f3ximos jogos!","potentialAction":[{"@type":"SearchAction","target":{"@type":"EntryPoint","urlTemplate":"https:\/\/www.gaveanews.com\/?s={search_term_string}"},"query-input":{"@type":"PropertyValueSpecification","valueRequired":true,"valueName":"search_term_string"}}],"inLanguage":"pt-BR"},{"@type":"Person","@id":"https:\/\/www.gaveanews.com\/#\/schema\/person\/2ec14f73fb96be2caf28f91afb14749d","name":"Equipe G\u00e1vea News","image":{"@type":"ImageObject","inLanguage":"pt-BR","@id":"https:\/\/www.gaveanews.com\/#\/schema\/person\/image\/","url":"https:\/\/secure.gravatar.com\/avatar\/1e1956f1facbffd3f8fa53a326721950116b3b9dc9bd44939c01180fd4a745a9?s=96&d=mm&r=g","contentUrl":"https:\/\/secure.gravatar.com\/avatar\/1e1956f1facbffd3f8fa53a326721950116b3b9dc9bd44939c01180fd4a745a9?s=96&d=mm&r=g","caption":"Equipe G\u00e1vea News"}}]}},"_links":{"self":[{"href":"https:\/\/www.gaveanews.com\/index.php\/wp-json\/wp\/v2\/posts\/85321","targetHints":{"allow":["GET"]}}],"collection":[{"href":"https:\/\/www.gaveanews.com\/index.php\/wp-json\/wp\/v2\/posts"}],"about":[{"href":"https:\/\/www.gaveanews.com\/index.php\/wp-json\/wp\/v2\/types\/post"}],"author":[{"embeddable":true,"href":"https:\/\/www.gaveanews.com\/index.php\/wp-json\/wp\/v2\/users\/1"}],"replies":[{"embeddable":true,"href":"https:\/\/www.gaveanews.com\/index.php\/wp-json\/wp\/v2\/comments?post=85321"}],"version-history":[{"count":0,"href":"https:\/\/www.gaveanews.com\/index.php\/wp-json\/wp\/v2\/posts\/85321\/revisions"}],"wp:featuredmedia":[{"embeddable":true,"href":"https:\/\/www.gaveanews.com\/index.php\/wp-json\/wp\/v2\/media\/80042"}],"wp:attachment":[{"href":"https:\/\/www.gaveanews.com\/index.php\/wp-json\/wp\/v2\/media?parent=85321"}],"wp:term":[{"taxonomy":"category","embeddable":true,"href":"https:\/\/www.gaveanews.com\/index.php\/wp-json\/wp\/v2\/categories?post=85321"},{"taxonomy":"post_tag","embeddable":true,"href":"https:\/\/www.gaveanews.com\/index.php\/wp-json\/wp\/v2\/tags?post=85321"}],"curies":[{"name":"wp","href":"https:\/\/api.w.org\/{rel}","templated":true}]}}