{"id":85323,"date":"2022-07-28T22:31:48","date_gmt":"2022-07-29T01:31:48","guid":{"rendered":"https:\/\/www.gaveanews.com\/?p=85323"},"modified":"2022-07-28T22:31:51","modified_gmt":"2022-07-29T01:31:51","slug":"inter-de-milao-torce-para-gabigol-ser-vendido-pelo-flamengo","status":"publish","type":"post","link":"https:\/\/www.gaveanews.com\/index.php\/2022\/07\/28\/inter-de-milao-torce-para-gabigol-ser-vendido-pelo-flamengo\/","title":{"rendered":"Inter de Mil\u00e3o torce para Gabigol ser vendido pelo Flamengo"},"content":{"rendered":"\n<p>Ap\u00f3s explodir pelo Santos, Gabigol desembarcou na It\u00e1lia com altas expectativas. Por\u00e9m, o atleta teve problemas de adapta\u00e7\u00e3o e n\u00e3o se relacionou bem com os t\u00e9cnicos que passaram pela Inter de Mil\u00e3o, algo que reservou uma grande frustra\u00e7\u00e3o, j\u00e1 que a passagem apagada na Europa ficou marcada em sua carreira. Posteriormente, no momento em que o Flamengo decidiu compr\u00e1-lo, o clube italiano, segundo o jornal La Gazzetta dello Sport, ainda ficou com 10% de uma venda futura do camisa 9.<\/p>\n\n\n\n<p>Neste cen\u00e1rio, a proje\u00e7\u00e3o da Inter de Mil\u00e3o \u00e9 que Gabigol pode render at\u00e9 3 milh\u00f5es de euros (R$ 15,77 milh\u00f5es) em um futuro pr\u00f3ximo. Por\u00e9m, o Flamengo, que j\u00e1 recebeu investidas do futebol ingl\u00eas, n\u00e3o promete facilitar uma poss\u00edvel venda, j\u00e1 que o atacante \u00e9 visto como pe\u00e7a-chave dentro do elenco.<\/p>\n\n\n\n<p>\u201cComprado do Santos, em 2016, e com expectativas alt\u00edssimas, o brasileiro n\u00e3o conseguiu mostrar sua qualidade em Mil\u00e3o. Tr\u00eas anos mais tarde, depois de empr\u00e9stimos a Benfica e Santos, ele foi cedido definitivamente ao Flamengo por 17.5 milh\u00f5es de euros. No time rubro-negro, ele conseguiu quatro t\u00edtulos nacionais e dois continentais. Se trocar de uniforme, a Inter faria valer os 10% que ainda tem direito sobre ele\u201d.<\/p>\n\n\n\n<p>\u201cEssa foi uma cl\u00e1usula inserida como \u2018seguran\u00e7a\u2019 por uma eventual explos\u00e3o de Gabigol no futebol brasileiro. De acordo com as estimativas atuais, ele poderia render de 2 a 3 milh\u00f5es de euros em uma venda\u201d, informou o di\u00e1rio.<\/p>\n\n\n\n<h2 class=\"wp-block-heading\" id=\"h-flamengo-recusou-proposta-por-gabigol\">Flamengo\u00a0recusou proposta por Gabigol<\/h2>\n\n\n\n<p>Recentemente, Marcos Braz revelou que Gabigol foi alvo de uma oferta de 30 milh\u00f5es de euros da Europa. Mesmo sem citar o time, informa\u00e7\u00f5es do in\u00edcio do ano deram conta que o West Ham tentou fechar por empr\u00e9stimo com o atacante. Como o acordo seria com op\u00e7\u00e3o de compra, o\u00a0Flamengo\u00a0descartou de imediato a negocia\u00e7\u00e3o.<\/p>\n\n\n\n<p>\u201cTodos os jogadores que o Flamengo comprou acima de sete ou oito milh\u00f5es de euros tiveram propostas de venda com lucro grande. S\u00f3 no Gabigol, tivemos proposta de 30 milh\u00f5es de euros. E nem sentamos para conversar.\u201d, relatou o vice-presidente de futebol.<\/p>\n\n\n\n<p>Al\u00e9m do West Ham, Newcastle, Aston Villa tamb\u00e9m foram especulados como destinos de Gabigol. Neste cen\u00e1rio, a tend\u00eancia \u00e9 que o Flamengo siga exigindo o pagamento de 33 milh\u00f5es de euros (R$ 173 milh\u00f5es), valor da multa rescis\u00f3ria do atacante.<\/p>\n\n\n\n<p>Retirado de: Torcedores<\/p>\n","protected":false},"excerpt":{"rendered":"<p>Ap\u00f3s explodir pelo Santos, Gabigol desembarcou na It\u00e1lia com altas expectativas. Por\u00e9m, o atleta teve problemas de adapta\u00e7\u00e3o e n\u00e3o se relacionou bem com os t\u00e9cnicos que passaram pela Inter de Mil\u00e3o, algo que reservou uma grande frustra\u00e7\u00e3o, j\u00e1 que a passagem apagada na Europa ficou marcada em sua carreira. Posteriormente, no momento em que [&hellip;]<\/p>\n","protected":false},"author":1,"featured_media":85307,"comment_status":"open","ping_status":"closed","sticky":false,"template":"","format":"standard","meta":{"footnotes":""},"categories":[48],"tags":[],"class_list":["post-85323","post","type-post","status-publish","format-standard","has-post-thumbnail","hentry","category-negociacoes"],"yoast_head":"<!-- This site is optimized with the Yoast SEO Premium plugin v24.2 (Yoast SEO v26.9) - https:\/\/yoast.com\/product\/yoast-seo-premium-wordpress\/ -->\n<title>Inter de Mil\u00e3o torce para Gabigol ser vendido pelo Flamengo<\/title>\n<meta name=\"robots\" content=\"index, follow, max-snippet:-1, max-image-preview:large, max-video-preview:-1\" \/>\n<link rel=\"canonical\" href=\"https:\/\/www.gaveanews.com\/index.php\/2022\/07\/28\/inter-de-milao-torce-para-gabigol-ser-vendido-pelo-flamengo\/\" \/>\n<meta property=\"og:locale\" content=\"pt_BR\" \/>\n<meta property=\"og:type\" content=\"article\" \/>\n<meta property=\"og:title\" content=\"Inter de Mil\u00e3o torce para Gabigol ser vendido pelo Flamengo\" \/>\n<meta property=\"og:description\" content=\"Ap\u00f3s explodir pelo Santos, Gabigol desembarcou na It\u00e1lia com altas expectativas. Por\u00e9m, o atleta teve problemas de adapta\u00e7\u00e3o e n\u00e3o se relacionou bem com os t\u00e9cnicos que passaram pela Inter de Mil\u00e3o, algo que reservou uma grande frustra\u00e7\u00e3o, j\u00e1 que a passagem apagada na Europa ficou marcada em sua carreira. Posteriormente, no momento em que [&hellip;]\" \/>\n<meta property=\"og:url\" content=\"https:\/\/www.gaveanews.com\/index.php\/2022\/07\/28\/inter-de-milao-torce-para-gabigol-ser-vendido-pelo-flamengo\/\" \/>\n<meta property=\"og:site_name\" content=\"G\u00e1vea News\" \/>\n<meta property=\"article:publisher\" content=\"https:\/\/facebook.com\/gaveaNews\/\" \/>\n<meta property=\"article:published_time\" content=\"2022-07-29T01:31:48+00:00\" \/>\n<meta property=\"article:modified_time\" content=\"2022-07-29T01:31:51+00:00\" \/>\n<meta property=\"og:image\" content=\"https:\/\/www.gaveanews.com\/wp-content\/uploads\/Gabigol-em-jogo-do-Flamengo-contra-o-Athletico-pela-Copa-do-Brasil.webp\" \/>\n\t<meta property=\"og:image:width\" content=\"800\" \/>\n\t<meta property=\"og:image:height\" content=\"533\" \/>\n\t<meta property=\"og:image:type\" content=\"image\/jpeg\" \/>\n<meta name=\"author\" content=\"Equipe G\u00e1vea News\" \/>\n<meta name=\"twitter:card\" content=\"summary_large_image\" \/>\n<meta name=\"twitter:label1\" content=\"Escrito por\" \/>\n\t<meta name=\"twitter:data1\" content=\"Equipe G\u00e1vea News\" \/>\n\t<meta name=\"twitter:label2\" content=\"Est. tempo de leitura\" \/>\n\t<meta name=\"twitter:data2\" content=\"3 minutos\" \/>\n<script type=\"application\/ld+json\" class=\"yoast-schema-graph\">{\"@context\":\"https:\/\/schema.org\",\"@graph\":[{\"@type\":\"NewsArticle\",\"@id\":\"https:\/\/www.gaveanews.com\/index.php\/2022\/07\/28\/inter-de-milao-torce-para-gabigol-ser-vendido-pelo-flamengo\/#article\",\"isPartOf\":{\"@id\":\"https:\/\/www.gaveanews.com\/index.php\/2022\/07\/28\/inter-de-milao-torce-para-gabigol-ser-vendido-pelo-flamengo\/\"},\"author\":{\"name\":\"Equipe G\u00e1vea News\",\"@id\":\"https:\/\/www.gaveanews.com\/#\/schema\/person\/2ec14f73fb96be2caf28f91afb14749d\"},\"headline\":\"Inter de Mil\u00e3o torce para Gabigol ser vendido pelo Flamengo\",\"datePublished\":\"2022-07-29T01:31:48+00:00\",\"dateModified\":\"2022-07-29T01:31:51+00:00\",\"mainEntityOfPage\":{\"@id\":\"https:\/\/www.gaveanews.com\/index.php\/2022\/07\/28\/inter-de-milao-torce-para-gabigol-ser-vendido-pelo-flamengo\/\"},\"wordCount\":425,\"commentCount\":0,\"image\":{\"@id\":\"https:\/\/www.gaveanews.com\/index.php\/2022\/07\/28\/inter-de-milao-torce-para-gabigol-ser-vendido-pelo-flamengo\/#primaryimage\"},\"thumbnailUrl\":\"https:\/\/www.gaveanews.com\/wp-content\/uploads\/Gabigol-em-jogo-do-Flamengo-contra-o-Athletico-pela-Copa-do-Brasil.webp\",\"articleSection\":[\"Negocia\u00e7\u00f5es\"],\"inLanguage\":\"pt-BR\",\"potentialAction\":[{\"@type\":\"CommentAction\",\"name\":\"Comment\",\"target\":[\"https:\/\/www.gaveanews.com\/index.php\/2022\/07\/28\/inter-de-milao-torce-para-gabigol-ser-vendido-pelo-flamengo\/#respond\"]}],\"copyrightYear\":\"2022\",\"copyrightHolder\":{\"@id\":\"https:\/\/www.gaveanews.com\/#organization\"}},{\"@type\":\"WebPage\",\"@id\":\"https:\/\/www.gaveanews.com\/index.php\/2022\/07\/28\/inter-de-milao-torce-para-gabigol-ser-vendido-pelo-flamengo\/\",\"url\":\"https:\/\/www.gaveanews.com\/index.php\/2022\/07\/28\/inter-de-milao-torce-para-gabigol-ser-vendido-pelo-flamengo\/\",\"name\":\"Inter de Mil\u00e3o torce para Gabigol ser vendido pelo Flamengo\",\"isPartOf\":{\"@id\":\"https:\/\/www.gaveanews.com\/#website\"},\"primaryImageOfPage\":{\"@id\":\"https:\/\/www.gaveanews.com\/index.php\/2022\/07\/28\/inter-de-milao-torce-para-gabigol-ser-vendido-pelo-flamengo\/#primaryimage\"},\"image\":{\"@id\":\"https:\/\/www.gaveanews.com\/index.php\/2022\/07\/28\/inter-de-milao-torce-para-gabigol-ser-vendido-pelo-flamengo\/#primaryimage\"},\"thumbnailUrl\":\"https:\/\/www.gaveanews.com\/wp-content\/uploads\/Gabigol-em-jogo-do-Flamengo-contra-o-Athletico-pela-Copa-do-Brasil.webp\",\"datePublished\":\"2022-07-29T01:31:48+00:00\",\"dateModified\":\"2022-07-29T01:31:51+00:00\",\"author\":{\"@id\":\"https:\/\/www.gaveanews.com\/#\/schema\/person\/2ec14f73fb96be2caf28f91afb14749d\"},\"breadcrumb\":{\"@id\":\"https:\/\/www.gaveanews.com\/index.php\/2022\/07\/28\/inter-de-milao-torce-para-gabigol-ser-vendido-pelo-flamengo\/#breadcrumb\"},\"inLanguage\":\"pt-BR\",\"potentialAction\":[{\"@type\":\"ReadAction\",\"target\":[\"https:\/\/www.gaveanews.com\/index.php\/2022\/07\/28\/inter-de-milao-torce-para-gabigol-ser-vendido-pelo-flamengo\/\"]}]},{\"@type\":\"ImageObject\",\"inLanguage\":\"pt-BR\",\"@id\":\"https:\/\/www.gaveanews.com\/index.php\/2022\/07\/28\/inter-de-milao-torce-para-gabigol-ser-vendido-pelo-flamengo\/#primaryimage\",\"url\":\"https:\/\/www.gaveanews.com\/wp-content\/uploads\/Gabigol-em-jogo-do-Flamengo-contra-o-Athletico-pela-Copa-do-Brasil.webp\",\"contentUrl\":\"https:\/\/www.gaveanews.com\/wp-content\/uploads\/Gabigol-em-jogo-do-Flamengo-contra-o-Athletico-pela-Copa-do-Brasil.webp\",\"width\":800,\"height\":533,\"caption\":\"Gabigol em jogo do Flamengo contra o Athletico pela Copa do Brasil (Foto: Marcelo Cortes\/Flamengo)\"},{\"@type\":\"BreadcrumbList\",\"@id\":\"https:\/\/www.gaveanews.com\/index.php\/2022\/07\/28\/inter-de-milao-torce-para-gabigol-ser-vendido-pelo-flamengo\/#breadcrumb\",\"itemListElement\":[{\"@type\":\"ListItem\",\"position\":1,\"name\":\"Home\",\"item\":\"https:\/\/www.gaveanews.com\/\"},{\"@type\":\"ListItem\",\"position\":2,\"name\":\"Inter de Mil\u00e3o torce para Gabigol ser vendido pelo Flamengo\"}]},{\"@type\":\"WebSite\",\"@id\":\"https:\/\/www.gaveanews.com\/#website\",\"url\":\"https:\/\/www.gaveanews.com\/\",\"name\":\"G\u00e1vea News\",\"description\":\"Veja todas as not\u00edcias sobre o Flamengo: Contrata\u00e7\u00f5es, categorias de base, resultados das partidas, tabela de classifica\u00e7\u00e3o, pr\u00f3ximos jogos!\",\"potentialAction\":[{\"@type\":\"SearchAction\",\"target\":{\"@type\":\"EntryPoint\",\"urlTemplate\":\"https:\/\/www.gaveanews.com\/?s={search_term_string}\"},\"query-input\":{\"@type\":\"PropertyValueSpecification\",\"valueRequired\":true,\"valueName\":\"search_term_string\"}}],\"inLanguage\":\"pt-BR\"},{\"@type\":\"Person\",\"@id\":\"https:\/\/www.gaveanews.com\/#\/schema\/person\/2ec14f73fb96be2caf28f91afb14749d\",\"name\":\"Equipe G\u00e1vea News\",\"image\":{\"@type\":\"ImageObject\",\"inLanguage\":\"pt-BR\",\"@id\":\"https:\/\/www.gaveanews.com\/#\/schema\/person\/image\/\",\"url\":\"https:\/\/secure.gravatar.com\/avatar\/1e1956f1facbffd3f8fa53a326721950116b3b9dc9bd44939c01180fd4a745a9?s=96&d=mm&r=g\",\"contentUrl\":\"https:\/\/secure.gravatar.com\/avatar\/1e1956f1facbffd3f8fa53a326721950116b3b9dc9bd44939c01180fd4a745a9?s=96&d=mm&r=g\",\"caption\":\"Equipe G\u00e1vea News\"}}]}<\/script>\n<!-- \/ Yoast SEO Premium plugin. -->","yoast_head_json":{"title":"Inter de Mil\u00e3o torce para Gabigol ser vendido pelo Flamengo","robots":{"index":"index","follow":"follow","max-snippet":"max-snippet:-1","max-image-preview":"max-image-preview:large","max-video-preview":"max-video-preview:-1"},"canonical":"https:\/\/www.gaveanews.com\/index.php\/2022\/07\/28\/inter-de-milao-torce-para-gabigol-ser-vendido-pelo-flamengo\/","og_locale":"pt_BR","og_type":"article","og_title":"Inter de Mil\u00e3o torce para Gabigol ser vendido pelo Flamengo","og_description":"Ap\u00f3s explodir pelo Santos, Gabigol desembarcou na It\u00e1lia com altas expectativas. Por\u00e9m, o atleta teve problemas de adapta\u00e7\u00e3o e n\u00e3o se relacionou bem com os t\u00e9cnicos que passaram pela Inter de Mil\u00e3o, algo que reservou uma grande frustra\u00e7\u00e3o, j\u00e1 que a passagem apagada na Europa ficou marcada em sua carreira. Posteriormente, no momento em que [&hellip;]","og_url":"https:\/\/www.gaveanews.com\/index.php\/2022\/07\/28\/inter-de-milao-torce-para-gabigol-ser-vendido-pelo-flamengo\/","og_site_name":"G\u00e1vea News","article_publisher":"https:\/\/facebook.com\/gaveaNews\/","article_published_time":"2022-07-29T01:31:48+00:00","article_modified_time":"2022-07-29T01:31:51+00:00","og_image":[{"width":800,"height":533,"url":"https:\/\/www.gaveanews.com\/wp-content\/uploads\/Gabigol-em-jogo-do-Flamengo-contra-o-Athletico-pela-Copa-do-Brasil.webp","type":"image\/jpeg"}],"author":"Equipe G\u00e1vea News","twitter_card":"summary_large_image","twitter_misc":{"Escrito por":"Equipe G\u00e1vea News","Est. tempo de leitura":"3 minutos"},"schema":{"@context":"https:\/\/schema.org","@graph":[{"@type":"NewsArticle","@id":"https:\/\/www.gaveanews.com\/index.php\/2022\/07\/28\/inter-de-milao-torce-para-gabigol-ser-vendido-pelo-flamengo\/#article","isPartOf":{"@id":"https:\/\/www.gaveanews.com\/index.php\/2022\/07\/28\/inter-de-milao-torce-para-gabigol-ser-vendido-pelo-flamengo\/"},"author":{"name":"Equipe G\u00e1vea News","@id":"https:\/\/www.gaveanews.com\/#\/schema\/person\/2ec14f73fb96be2caf28f91afb14749d"},"headline":"Inter de Mil\u00e3o torce para Gabigol ser vendido pelo Flamengo","datePublished":"2022-07-29T01:31:48+00:00","dateModified":"2022-07-29T01:31:51+00:00","mainEntityOfPage":{"@id":"https:\/\/www.gaveanews.com\/index.php\/2022\/07\/28\/inter-de-milao-torce-para-gabigol-ser-vendido-pelo-flamengo\/"},"wordCount":425,"commentCount":0,"image":{"@id":"https:\/\/www.gaveanews.com\/index.php\/2022\/07\/28\/inter-de-milao-torce-para-gabigol-ser-vendido-pelo-flamengo\/#primaryimage"},"thumbnailUrl":"https:\/\/www.gaveanews.com\/wp-content\/uploads\/Gabigol-em-jogo-do-Flamengo-contra-o-Athletico-pela-Copa-do-Brasil.webp","articleSection":["Negocia\u00e7\u00f5es"],"inLanguage":"pt-BR","potentialAction":[{"@type":"CommentAction","name":"Comment","target":["https:\/\/www.gaveanews.com\/index.php\/2022\/07\/28\/inter-de-milao-torce-para-gabigol-ser-vendido-pelo-flamengo\/#respond"]}],"copyrightYear":"2022","copyrightHolder":{"@id":"https:\/\/www.gaveanews.com\/#organization"}},{"@type":"WebPage","@id":"https:\/\/www.gaveanews.com\/index.php\/2022\/07\/28\/inter-de-milao-torce-para-gabigol-ser-vendido-pelo-flamengo\/","url":"https:\/\/www.gaveanews.com\/index.php\/2022\/07\/28\/inter-de-milao-torce-para-gabigol-ser-vendido-pelo-flamengo\/","name":"Inter de Mil\u00e3o torce para Gabigol ser vendido pelo Flamengo","isPartOf":{"@id":"https:\/\/www.gaveanews.com\/#website"},"primaryImageOfPage":{"@id":"https:\/\/www.gaveanews.com\/index.php\/2022\/07\/28\/inter-de-milao-torce-para-gabigol-ser-vendido-pelo-flamengo\/#primaryimage"},"image":{"@id":"https:\/\/www.gaveanews.com\/index.php\/2022\/07\/28\/inter-de-milao-torce-para-gabigol-ser-vendido-pelo-flamengo\/#primaryimage"},"thumbnailUrl":"https:\/\/www.gaveanews.com\/wp-content\/uploads\/Gabigol-em-jogo-do-Flamengo-contra-o-Athletico-pela-Copa-do-Brasil.webp","datePublished":"2022-07-29T01:31:48+00:00","dateModified":"2022-07-29T01:31:51+00:00","author":{"@id":"https:\/\/www.gaveanews.com\/#\/schema\/person\/2ec14f73fb96be2caf28f91afb14749d"},"breadcrumb":{"@id":"https:\/\/www.gaveanews.com\/index.php\/2022\/07\/28\/inter-de-milao-torce-para-gabigol-ser-vendido-pelo-flamengo\/#breadcrumb"},"inLanguage":"pt-BR","potentialAction":[{"@type":"ReadAction","target":["https:\/\/www.gaveanews.com\/index.php\/2022\/07\/28\/inter-de-milao-torce-para-gabigol-ser-vendido-pelo-flamengo\/"]}]},{"@type":"ImageObject","inLanguage":"pt-BR","@id":"https:\/\/www.gaveanews.com\/index.php\/2022\/07\/28\/inter-de-milao-torce-para-gabigol-ser-vendido-pelo-flamengo\/#primaryimage","url":"https:\/\/www.gaveanews.com\/wp-content\/uploads\/Gabigol-em-jogo-do-Flamengo-contra-o-Athletico-pela-Copa-do-Brasil.webp","contentUrl":"https:\/\/www.gaveanews.com\/wp-content\/uploads\/Gabigol-em-jogo-do-Flamengo-contra-o-Athletico-pela-Copa-do-Brasil.webp","width":800,"height":533,"caption":"Gabigol em jogo do Flamengo contra o Athletico pela Copa do Brasil (Foto: Marcelo Cortes\/Flamengo)"},{"@type":"BreadcrumbList","@id":"https:\/\/www.gaveanews.com\/index.php\/2022\/07\/28\/inter-de-milao-torce-para-gabigol-ser-vendido-pelo-flamengo\/#breadcrumb","itemListElement":[{"@type":"ListItem","position":1,"name":"Home","item":"https:\/\/www.gaveanews.com\/"},{"@type":"ListItem","position":2,"name":"Inter de Mil\u00e3o torce para Gabigol ser vendido pelo Flamengo"}]},{"@type":"WebSite","@id":"https:\/\/www.gaveanews.com\/#website","url":"https:\/\/www.gaveanews.com\/","name":"G\u00e1vea News","description":"Veja todas as not\u00edcias sobre o Flamengo: Contrata\u00e7\u00f5es, categorias de base, resultados das partidas, tabela de classifica\u00e7\u00e3o, pr\u00f3ximos jogos!","potentialAction":[{"@type":"SearchAction","target":{"@type":"EntryPoint","urlTemplate":"https:\/\/www.gaveanews.com\/?s={search_term_string}"},"query-input":{"@type":"PropertyValueSpecification","valueRequired":true,"valueName":"search_term_string"}}],"inLanguage":"pt-BR"},{"@type":"Person","@id":"https:\/\/www.gaveanews.com\/#\/schema\/person\/2ec14f73fb96be2caf28f91afb14749d","name":"Equipe G\u00e1vea News","image":{"@type":"ImageObject","inLanguage":"pt-BR","@id":"https:\/\/www.gaveanews.com\/#\/schema\/person\/image\/","url":"https:\/\/secure.gravatar.com\/avatar\/1e1956f1facbffd3f8fa53a326721950116b3b9dc9bd44939c01180fd4a745a9?s=96&d=mm&r=g","contentUrl":"https:\/\/secure.gravatar.com\/avatar\/1e1956f1facbffd3f8fa53a326721950116b3b9dc9bd44939c01180fd4a745a9?s=96&d=mm&r=g","caption":"Equipe G\u00e1vea News"}}]}},"_links":{"self":[{"href":"https:\/\/www.gaveanews.com\/index.php\/wp-json\/wp\/v2\/posts\/85323","targetHints":{"allow":["GET"]}}],"collection":[{"href":"https:\/\/www.gaveanews.com\/index.php\/wp-json\/wp\/v2\/posts"}],"about":[{"href":"https:\/\/www.gaveanews.com\/index.php\/wp-json\/wp\/v2\/types\/post"}],"author":[{"embeddable":true,"href":"https:\/\/www.gaveanews.com\/index.php\/wp-json\/wp\/v2\/users\/1"}],"replies":[{"embeddable":true,"href":"https:\/\/www.gaveanews.com\/index.php\/wp-json\/wp\/v2\/comments?post=85323"}],"version-history":[{"count":0,"href":"https:\/\/www.gaveanews.com\/index.php\/wp-json\/wp\/v2\/posts\/85323\/revisions"}],"wp:featuredmedia":[{"embeddable":true,"href":"https:\/\/www.gaveanews.com\/index.php\/wp-json\/wp\/v2\/media\/85307"}],"wp:attachment":[{"href":"https:\/\/www.gaveanews.com\/index.php\/wp-json\/wp\/v2\/media?parent=85323"}],"wp:term":[{"taxonomy":"category","embeddable":true,"href":"https:\/\/www.gaveanews.com\/index.php\/wp-json\/wp\/v2\/categories?post=85323"},{"taxonomy":"post_tag","embeddable":true,"href":"https:\/\/www.gaveanews.com\/index.php\/wp-json\/wp\/v2\/tags?post=85323"}],"curies":[{"name":"wp","href":"https:\/\/api.w.org\/{rel}","templated":true}]}}