{"id":85390,"date":"2022-07-31T14:43:01","date_gmt":"2022-07-31T17:43:01","guid":{"rendered":"https:\/\/www.gaveanews.com\/?p=85390"},"modified":"2022-07-31T14:43:04","modified_gmt":"2022-07-31T17:43:04","slug":"jornalista-crava-substituto-de-arrascaeta-no-flamengo","status":"publish","type":"post","link":"https:\/\/www.gaveanews.com\/index.php\/2022\/07\/31\/jornalista-crava-substituto-de-arrascaeta-no-flamengo\/","title":{"rendered":"Jornalista crava substituto de Arrascaeta no Flamengo"},"content":{"rendered":"\n<p>Com um time formado por reservas e alguns garotos da base, o Flamengo bateu o Atl\u00e9tico-GO por 4 a 1, no est\u00e1dio do Maracan\u00e3, Rio de Janeiro, pelo Brasileir\u00e3o. Em campo, muitos nomes se destacaram com a camisa rubro-negra. Entre eles Victor Hugo, autor de um dos gols da goleada.<\/p>\n\n\n\n<p>A atua\u00e7\u00e3o do jovem encantou o jornalista Renato Maur\u00edcio Prado. Na sua vis\u00e3o, Victor Hugo pode futuramente se transformar numa esp\u00e9cie de substituto de Arrascaeta.<\/p>\n\n\n\n<p><em>\u2014 Esse menino Victor Hugo \u00e9 uma joia. N\u00f3s flamenguistas sempre pensamos quem pode ser o substituto do Arrascaeta, n\u00e9? Esse moleque se candidatou fortemente para ser ele o reserva do Arrascaeta. Pela primeira vez ele jogou numa posi\u00e7\u00e3o pr\u00f3xima daquela que joga o Arrascaeta. Eu j\u00e1 vi ele entrar com o Paulo Sousa pelo lado direito, com o Dorival como segundo volante, e hoje (ontem) ele teve muita liberdade para chegar ao ataque. Esse menino jogou muito, muito<\/em>, disse Renato.<\/p>\n\n\n\n<p>No Brasileir\u00e3o, o Flamengo alcan\u00e7a a quarta vit\u00f3ria consecutiva. Neste momento, ocupa momentaneamente a quarta posi\u00e7\u00e3o com 33 pontos.<\/p>\n\n\n\n<figure class=\"wp-block-embed is-type-rich is-provider-twitter wp-block-embed-twitter\"><div class=\"wp-block-embed__wrapper\">\n<blockquote class=\"twitter-tweet\" data-width=\"550\" data-dnt=\"true\"><p lang=\"pt\" dir=\"ltr\">Victor Hugo atuando no profissional pelo <a href=\"https:\/\/twitter.com\/Flamengo?ref_src=twsrc%5Etfw\">@Flamengo<\/a>:<br><br>\u2694\ufe0f 13 jogos (4 titular)<br>\u26bd\ufe0f 2 gols<br>\ud83c\udd70\ufe0f 2 assists<br>\u23f0 104 mins p\/ participar de gol<br>\u2197\ufe0f 9\/11 bolas longas certas (82%!)<br>\ud83d\udd11 9 passes decisivos<br>\ud83c\udd9a 11 desarmes<br>\ud83d\udd04 12\/17 dribles certos (71%!)<br>\ud83d\udcaf Nota SofaScore 6.93<br><br>Apenas 18 anos! \ud83d\udc8e\ud83d\udc4f <a href=\"https:\/\/t.co\/BxB2YTpwM4\">pic.twitter.com\/BxB2YTpwM4<\/a><\/p>&mdash; Sofascore Brazil (@SofascoreBR) <a href=\"https:\/\/twitter.com\/SofascoreBR\/status\/1553568861911482368?ref_src=twsrc%5Etfw\">July 31, 2022<\/a><\/blockquote><script async src=\"https:\/\/platform.twitter.com\/widgets.js\" charset=\"utf-8\"><\/script>\n<\/div><\/figure>\n\n\n\n<h2 class=\"wp-block-heading\" id=\"h-dorival-junior-elogia-victor-hugo-e-defende-gabigol\">Dorival Junior elogia Victor Hugo e defende Gabigol<\/h2>\n\n\n\n<p><em>\u2014 Comprova a efici\u00eancia do trabalho da base do clube. Um jogador desse porte, desse n\u00edvel, mas temos que ter muito cuidado. Ele fez uma grande apresenta\u00e7\u00e3o, em alt\u00edssimo n\u00edvel, em todos aspectos. Porque as pessoas \u00e0s vezes olham muito o gol, o passe, de repente a assist\u00eancia. A jogada individual, a finta, mas a fun\u00e7\u00e3o que ele cumpre, que vem executando e desenvolvendo, isso tem peso muito grande<\/em> \u2013 disse Dorival, t\u00e9cnico do Flamengo.<\/p>\n\n\n\n<p><em>\u2014 Paralelo a isso falo sobre o Gabriel. As pessoas est\u00e3o cobrando gols, gols\u2026 Ele n\u00e3o \u00e9 s\u00f3 definidor, n\u00e3o \u00e9 s\u00f3 letal dentro da \u00e1rea. Gabriel tamb\u00e9m tem fun\u00e7\u00f5es. As fun\u00e7\u00f5es que ele v\u00eam cumprindo preenche consideravelmente tudo que queremos e desejamos. Com isso \u00e9 natural que deixe o Pedro em condi\u00e7\u00f5es de defini\u00e7\u00e3o. Para uma equipe se encontrar precisa de equil\u00edbrio. Ele daqui a pouco vai ser fatal, vai ser decisivo, vai ser o cara da partida. Porque ele est\u00e1 buscando, se dedicando, se entregando. E isso tem acontecido. Entra Victor Hugo, Matheus Fran\u00e7a, L\u00e1zaro, Vitinho procurando o gol a todo instante. \u00c9 disso que precisamos e queremos que continue acontecendo. Aquele que espera a oportunidade precisa fazer o que precisa ser feito, que se entregue, se dedique, que se busque a melhor condi\u00e7\u00e3o. Hoje, Victor fez uma partida brilhante em todos sentidos. N\u00e3o s\u00f3 plasticamente, mas taticamente foi muito importante. Ele preencheu fun\u00e7\u00e3o que foi fundamental nas defini\u00e7\u00f5es. Ele e o L\u00e1zaro foram primordiais para abrir espa\u00e7o e foram decisivos na partida.<\/em><\/p>\n\n\n\n<p>A noite m\u00e1gica no Maracan\u00e3 contou tamb\u00e9m com o primeiro gol de Vidal pelo Flamengo. Em cobran\u00e7a de p\u00eanalti, o chileno bateu forte, no canto para vencer o goleiro advers\u00e1rio.<\/p>\n\n\n\n<p><em>\u2014 Impressionante. Disse quando cheguei que era um sonho entrar em campo com a camisa do Flamengo, mas ainda fazer um gol, sentir um carinho, sentir que todo est\u00e1dio grita meu nome. \u00c9 um sonho o que estou vivendo. Mas \u00e9 seguir ajudando a equipe a ganhar coisas, seguir devolvendo o carinho para a torcida. Estou muito feliz por tudo<\/em> \u2013 disse Vidal.<\/p>\n\n\n\n<p>Retirado de: Torcedores<\/p>\n","protected":false},"excerpt":{"rendered":"<p>Com um time formado por reservas e alguns garotos da base, o Flamengo bateu o Atl\u00e9tico-GO por 4 a 1, no est\u00e1dio do Maracan\u00e3, Rio de Janeiro, pelo Brasileir\u00e3o. Em campo, muitos nomes se destacaram com a camisa rubro-negra. Entre eles Victor Hugo, autor de um dos gols da goleada. A atua\u00e7\u00e3o do jovem encantou [&hellip;]<\/p>\n","protected":false},"author":1,"featured_media":83817,"comment_status":"open","ping_status":"closed","sticky":false,"template":"","format":"standard","meta":{"footnotes":""},"categories":[47],"tags":[],"class_list":["post-85390","post","type-post","status-publish","format-standard","has-post-thumbnail","hentry","category-destaques"],"yoast_head":"<!-- This site is optimized with the Yoast SEO Premium plugin v24.2 (Yoast SEO v26.9) - https:\/\/yoast.com\/product\/yoast-seo-premium-wordpress\/ -->\n<title>Jornalista crava substituto de Arrascaeta no Flamengo<\/title>\n<meta name=\"robots\" content=\"index, follow, max-snippet:-1, max-image-preview:large, max-video-preview:-1\" \/>\n<link rel=\"canonical\" href=\"https:\/\/www.gaveanews.com\/index.php\/2022\/07\/31\/jornalista-crava-substituto-de-arrascaeta-no-flamengo\/\" \/>\n<meta property=\"og:locale\" content=\"pt_BR\" \/>\n<meta property=\"og:type\" content=\"article\" \/>\n<meta property=\"og:title\" content=\"Jornalista crava substituto de Arrascaeta no Flamengo\" \/>\n<meta property=\"og:description\" content=\"Com um time formado por reservas e alguns garotos da base, o Flamengo bateu o Atl\u00e9tico-GO por 4 a 1, no est\u00e1dio do Maracan\u00e3, Rio de Janeiro, pelo Brasileir\u00e3o. Em campo, muitos nomes se destacaram com a camisa rubro-negra. Entre eles Victor Hugo, autor de um dos gols da goleada. A atua\u00e7\u00e3o do jovem encantou [&hellip;]\" \/>\n<meta property=\"og:url\" content=\"https:\/\/www.gaveanews.com\/index.php\/2022\/07\/31\/jornalista-crava-substituto-de-arrascaeta-no-flamengo\/\" \/>\n<meta property=\"og:site_name\" content=\"G\u00e1vea News\" \/>\n<meta property=\"article:publisher\" content=\"https:\/\/facebook.com\/gaveaNews\/\" \/>\n<meta property=\"article:published_time\" content=\"2022-07-31T17:43:01+00:00\" \/>\n<meta property=\"article:modified_time\" content=\"2022-07-31T17:43:04+00:00\" \/>\n<meta property=\"og:image\" content=\"https:\/\/www.gaveanews.com\/wp-content\/uploads\/Arrascaeta-marca-gol-pelo-Flamengo-em-jogo-contra-o-America-MG.webp\" \/>\n\t<meta property=\"og:image:width\" content=\"800\" \/>\n\t<meta property=\"og:image:height\" content=\"533\" \/>\n\t<meta property=\"og:image:type\" content=\"image\/jpeg\" \/>\n<meta name=\"author\" content=\"Equipe G\u00e1vea News\" \/>\n<meta name=\"twitter:card\" content=\"summary_large_image\" \/>\n<meta name=\"twitter:label1\" content=\"Escrito por\" \/>\n\t<meta name=\"twitter:data1\" content=\"Equipe G\u00e1vea News\" \/>\n\t<meta name=\"twitter:label2\" content=\"Est. tempo de leitura\" \/>\n\t<meta name=\"twitter:data2\" content=\"3 minutos\" \/>\n<script type=\"application\/ld+json\" class=\"yoast-schema-graph\">{\"@context\":\"https:\/\/schema.org\",\"@graph\":[{\"@type\":\"NewsArticle\",\"@id\":\"https:\/\/www.gaveanews.com\/index.php\/2022\/07\/31\/jornalista-crava-substituto-de-arrascaeta-no-flamengo\/#article\",\"isPartOf\":{\"@id\":\"https:\/\/www.gaveanews.com\/index.php\/2022\/07\/31\/jornalista-crava-substituto-de-arrascaeta-no-flamengo\/\"},\"author\":{\"name\":\"Equipe G\u00e1vea News\",\"@id\":\"https:\/\/www.gaveanews.com\/#\/schema\/person\/2ec14f73fb96be2caf28f91afb14749d\"},\"headline\":\"Jornalista crava substituto de Arrascaeta no Flamengo\",\"datePublished\":\"2022-07-31T17:43:01+00:00\",\"dateModified\":\"2022-07-31T17:43:04+00:00\",\"mainEntityOfPage\":{\"@id\":\"https:\/\/www.gaveanews.com\/index.php\/2022\/07\/31\/jornalista-crava-substituto-de-arrascaeta-no-flamengo\/\"},\"wordCount\":571,\"commentCount\":0,\"image\":{\"@id\":\"https:\/\/www.gaveanews.com\/index.php\/2022\/07\/31\/jornalista-crava-substituto-de-arrascaeta-no-flamengo\/#primaryimage\"},\"thumbnailUrl\":\"https:\/\/www.gaveanews.com\/wp-content\/uploads\/Arrascaeta-marca-gol-pelo-Flamengo-em-jogo-contra-o-America-MG.webp\",\"articleSection\":[\"Destaques\"],\"inLanguage\":\"pt-BR\",\"potentialAction\":[{\"@type\":\"CommentAction\",\"name\":\"Comment\",\"target\":[\"https:\/\/www.gaveanews.com\/index.php\/2022\/07\/31\/jornalista-crava-substituto-de-arrascaeta-no-flamengo\/#respond\"]}],\"copyrightYear\":\"2022\",\"copyrightHolder\":{\"@id\":\"https:\/\/www.gaveanews.com\/#organization\"}},{\"@type\":\"WebPage\",\"@id\":\"https:\/\/www.gaveanews.com\/index.php\/2022\/07\/31\/jornalista-crava-substituto-de-arrascaeta-no-flamengo\/\",\"url\":\"https:\/\/www.gaveanews.com\/index.php\/2022\/07\/31\/jornalista-crava-substituto-de-arrascaeta-no-flamengo\/\",\"name\":\"Jornalista crava substituto de Arrascaeta no Flamengo\",\"isPartOf\":{\"@id\":\"https:\/\/www.gaveanews.com\/#website\"},\"primaryImageOfPage\":{\"@id\":\"https:\/\/www.gaveanews.com\/index.php\/2022\/07\/31\/jornalista-crava-substituto-de-arrascaeta-no-flamengo\/#primaryimage\"},\"image\":{\"@id\":\"https:\/\/www.gaveanews.com\/index.php\/2022\/07\/31\/jornalista-crava-substituto-de-arrascaeta-no-flamengo\/#primaryimage\"},\"thumbnailUrl\":\"https:\/\/www.gaveanews.com\/wp-content\/uploads\/Arrascaeta-marca-gol-pelo-Flamengo-em-jogo-contra-o-America-MG.webp\",\"datePublished\":\"2022-07-31T17:43:01+00:00\",\"dateModified\":\"2022-07-31T17:43:04+00:00\",\"author\":{\"@id\":\"https:\/\/www.gaveanews.com\/#\/schema\/person\/2ec14f73fb96be2caf28f91afb14749d\"},\"breadcrumb\":{\"@id\":\"https:\/\/www.gaveanews.com\/index.php\/2022\/07\/31\/jornalista-crava-substituto-de-arrascaeta-no-flamengo\/#breadcrumb\"},\"inLanguage\":\"pt-BR\",\"potentialAction\":[{\"@type\":\"ReadAction\",\"target\":[\"https:\/\/www.gaveanews.com\/index.php\/2022\/07\/31\/jornalista-crava-substituto-de-arrascaeta-no-flamengo\/\"]}]},{\"@type\":\"ImageObject\",\"inLanguage\":\"pt-BR\",\"@id\":\"https:\/\/www.gaveanews.com\/index.php\/2022\/07\/31\/jornalista-crava-substituto-de-arrascaeta-no-flamengo\/#primaryimage\",\"url\":\"https:\/\/www.gaveanews.com\/wp-content\/uploads\/Arrascaeta-marca-gol-pelo-Flamengo-em-jogo-contra-o-America-MG.webp\",\"contentUrl\":\"https:\/\/www.gaveanews.com\/wp-content\/uploads\/Arrascaeta-marca-gol-pelo-Flamengo-em-jogo-contra-o-America-MG.webp\",\"width\":800,\"height\":533,\"caption\":\"Arrascaeta marca gol pelo Flamengo em jogo contra o Am\u00e9rica-MG (Foto: Marcelo Cortes\/Flamengo)\"},{\"@type\":\"BreadcrumbList\",\"@id\":\"https:\/\/www.gaveanews.com\/index.php\/2022\/07\/31\/jornalista-crava-substituto-de-arrascaeta-no-flamengo\/#breadcrumb\",\"itemListElement\":[{\"@type\":\"ListItem\",\"position\":1,\"name\":\"Home\",\"item\":\"https:\/\/www.gaveanews.com\/\"},{\"@type\":\"ListItem\",\"position\":2,\"name\":\"Jornalista crava substituto de Arrascaeta no Flamengo\"}]},{\"@type\":\"WebSite\",\"@id\":\"https:\/\/www.gaveanews.com\/#website\",\"url\":\"https:\/\/www.gaveanews.com\/\",\"name\":\"G\u00e1vea News\",\"description\":\"Veja todas as not\u00edcias sobre o Flamengo: Contrata\u00e7\u00f5es, categorias de base, resultados das partidas, tabela de classifica\u00e7\u00e3o, pr\u00f3ximos jogos!\",\"potentialAction\":[{\"@type\":\"SearchAction\",\"target\":{\"@type\":\"EntryPoint\",\"urlTemplate\":\"https:\/\/www.gaveanews.com\/?s={search_term_string}\"},\"query-input\":{\"@type\":\"PropertyValueSpecification\",\"valueRequired\":true,\"valueName\":\"search_term_string\"}}],\"inLanguage\":\"pt-BR\"},{\"@type\":\"Person\",\"@id\":\"https:\/\/www.gaveanews.com\/#\/schema\/person\/2ec14f73fb96be2caf28f91afb14749d\",\"name\":\"Equipe G\u00e1vea News\",\"image\":{\"@type\":\"ImageObject\",\"inLanguage\":\"pt-BR\",\"@id\":\"https:\/\/www.gaveanews.com\/#\/schema\/person\/image\/\",\"url\":\"https:\/\/secure.gravatar.com\/avatar\/1e1956f1facbffd3f8fa53a326721950116b3b9dc9bd44939c01180fd4a745a9?s=96&d=mm&r=g\",\"contentUrl\":\"https:\/\/secure.gravatar.com\/avatar\/1e1956f1facbffd3f8fa53a326721950116b3b9dc9bd44939c01180fd4a745a9?s=96&d=mm&r=g\",\"caption\":\"Equipe G\u00e1vea News\"}}]}<\/script>\n<!-- \/ Yoast SEO Premium plugin. -->","yoast_head_json":{"title":"Jornalista crava substituto de Arrascaeta no Flamengo","robots":{"index":"index","follow":"follow","max-snippet":"max-snippet:-1","max-image-preview":"max-image-preview:large","max-video-preview":"max-video-preview:-1"},"canonical":"https:\/\/www.gaveanews.com\/index.php\/2022\/07\/31\/jornalista-crava-substituto-de-arrascaeta-no-flamengo\/","og_locale":"pt_BR","og_type":"article","og_title":"Jornalista crava substituto de Arrascaeta no Flamengo","og_description":"Com um time formado por reservas e alguns garotos da base, o Flamengo bateu o Atl\u00e9tico-GO por 4 a 1, no est\u00e1dio do Maracan\u00e3, Rio de Janeiro, pelo Brasileir\u00e3o. Em campo, muitos nomes se destacaram com a camisa rubro-negra. Entre eles Victor Hugo, autor de um dos gols da goleada. A atua\u00e7\u00e3o do jovem encantou [&hellip;]","og_url":"https:\/\/www.gaveanews.com\/index.php\/2022\/07\/31\/jornalista-crava-substituto-de-arrascaeta-no-flamengo\/","og_site_name":"G\u00e1vea News","article_publisher":"https:\/\/facebook.com\/gaveaNews\/","article_published_time":"2022-07-31T17:43:01+00:00","article_modified_time":"2022-07-31T17:43:04+00:00","og_image":[{"width":800,"height":533,"url":"https:\/\/www.gaveanews.com\/wp-content\/uploads\/Arrascaeta-marca-gol-pelo-Flamengo-em-jogo-contra-o-America-MG.webp","type":"image\/jpeg"}],"author":"Equipe G\u00e1vea News","twitter_card":"summary_large_image","twitter_misc":{"Escrito por":"Equipe G\u00e1vea News","Est. tempo de leitura":"3 minutos"},"schema":{"@context":"https:\/\/schema.org","@graph":[{"@type":"NewsArticle","@id":"https:\/\/www.gaveanews.com\/index.php\/2022\/07\/31\/jornalista-crava-substituto-de-arrascaeta-no-flamengo\/#article","isPartOf":{"@id":"https:\/\/www.gaveanews.com\/index.php\/2022\/07\/31\/jornalista-crava-substituto-de-arrascaeta-no-flamengo\/"},"author":{"name":"Equipe G\u00e1vea News","@id":"https:\/\/www.gaveanews.com\/#\/schema\/person\/2ec14f73fb96be2caf28f91afb14749d"},"headline":"Jornalista crava substituto de Arrascaeta no Flamengo","datePublished":"2022-07-31T17:43:01+00:00","dateModified":"2022-07-31T17:43:04+00:00","mainEntityOfPage":{"@id":"https:\/\/www.gaveanews.com\/index.php\/2022\/07\/31\/jornalista-crava-substituto-de-arrascaeta-no-flamengo\/"},"wordCount":571,"commentCount":0,"image":{"@id":"https:\/\/www.gaveanews.com\/index.php\/2022\/07\/31\/jornalista-crava-substituto-de-arrascaeta-no-flamengo\/#primaryimage"},"thumbnailUrl":"https:\/\/www.gaveanews.com\/wp-content\/uploads\/Arrascaeta-marca-gol-pelo-Flamengo-em-jogo-contra-o-America-MG.webp","articleSection":["Destaques"],"inLanguage":"pt-BR","potentialAction":[{"@type":"CommentAction","name":"Comment","target":["https:\/\/www.gaveanews.com\/index.php\/2022\/07\/31\/jornalista-crava-substituto-de-arrascaeta-no-flamengo\/#respond"]}],"copyrightYear":"2022","copyrightHolder":{"@id":"https:\/\/www.gaveanews.com\/#organization"}},{"@type":"WebPage","@id":"https:\/\/www.gaveanews.com\/index.php\/2022\/07\/31\/jornalista-crava-substituto-de-arrascaeta-no-flamengo\/","url":"https:\/\/www.gaveanews.com\/index.php\/2022\/07\/31\/jornalista-crava-substituto-de-arrascaeta-no-flamengo\/","name":"Jornalista crava substituto de Arrascaeta no Flamengo","isPartOf":{"@id":"https:\/\/www.gaveanews.com\/#website"},"primaryImageOfPage":{"@id":"https:\/\/www.gaveanews.com\/index.php\/2022\/07\/31\/jornalista-crava-substituto-de-arrascaeta-no-flamengo\/#primaryimage"},"image":{"@id":"https:\/\/www.gaveanews.com\/index.php\/2022\/07\/31\/jornalista-crava-substituto-de-arrascaeta-no-flamengo\/#primaryimage"},"thumbnailUrl":"https:\/\/www.gaveanews.com\/wp-content\/uploads\/Arrascaeta-marca-gol-pelo-Flamengo-em-jogo-contra-o-America-MG.webp","datePublished":"2022-07-31T17:43:01+00:00","dateModified":"2022-07-31T17:43:04+00:00","author":{"@id":"https:\/\/www.gaveanews.com\/#\/schema\/person\/2ec14f73fb96be2caf28f91afb14749d"},"breadcrumb":{"@id":"https:\/\/www.gaveanews.com\/index.php\/2022\/07\/31\/jornalista-crava-substituto-de-arrascaeta-no-flamengo\/#breadcrumb"},"inLanguage":"pt-BR","potentialAction":[{"@type":"ReadAction","target":["https:\/\/www.gaveanews.com\/index.php\/2022\/07\/31\/jornalista-crava-substituto-de-arrascaeta-no-flamengo\/"]}]},{"@type":"ImageObject","inLanguage":"pt-BR","@id":"https:\/\/www.gaveanews.com\/index.php\/2022\/07\/31\/jornalista-crava-substituto-de-arrascaeta-no-flamengo\/#primaryimage","url":"https:\/\/www.gaveanews.com\/wp-content\/uploads\/Arrascaeta-marca-gol-pelo-Flamengo-em-jogo-contra-o-America-MG.webp","contentUrl":"https:\/\/www.gaveanews.com\/wp-content\/uploads\/Arrascaeta-marca-gol-pelo-Flamengo-em-jogo-contra-o-America-MG.webp","width":800,"height":533,"caption":"Arrascaeta marca gol pelo Flamengo em jogo contra o Am\u00e9rica-MG (Foto: Marcelo Cortes\/Flamengo)"},{"@type":"BreadcrumbList","@id":"https:\/\/www.gaveanews.com\/index.php\/2022\/07\/31\/jornalista-crava-substituto-de-arrascaeta-no-flamengo\/#breadcrumb","itemListElement":[{"@type":"ListItem","position":1,"name":"Home","item":"https:\/\/www.gaveanews.com\/"},{"@type":"ListItem","position":2,"name":"Jornalista crava substituto de Arrascaeta no Flamengo"}]},{"@type":"WebSite","@id":"https:\/\/www.gaveanews.com\/#website","url":"https:\/\/www.gaveanews.com\/","name":"G\u00e1vea News","description":"Veja todas as not\u00edcias sobre o Flamengo: Contrata\u00e7\u00f5es, categorias de base, resultados das partidas, tabela de classifica\u00e7\u00e3o, pr\u00f3ximos jogos!","potentialAction":[{"@type":"SearchAction","target":{"@type":"EntryPoint","urlTemplate":"https:\/\/www.gaveanews.com\/?s={search_term_string}"},"query-input":{"@type":"PropertyValueSpecification","valueRequired":true,"valueName":"search_term_string"}}],"inLanguage":"pt-BR"},{"@type":"Person","@id":"https:\/\/www.gaveanews.com\/#\/schema\/person\/2ec14f73fb96be2caf28f91afb14749d","name":"Equipe G\u00e1vea News","image":{"@type":"ImageObject","inLanguage":"pt-BR","@id":"https:\/\/www.gaveanews.com\/#\/schema\/person\/image\/","url":"https:\/\/secure.gravatar.com\/avatar\/1e1956f1facbffd3f8fa53a326721950116b3b9dc9bd44939c01180fd4a745a9?s=96&d=mm&r=g","contentUrl":"https:\/\/secure.gravatar.com\/avatar\/1e1956f1facbffd3f8fa53a326721950116b3b9dc9bd44939c01180fd4a745a9?s=96&d=mm&r=g","caption":"Equipe G\u00e1vea News"}}]}},"_links":{"self":[{"href":"https:\/\/www.gaveanews.com\/index.php\/wp-json\/wp\/v2\/posts\/85390","targetHints":{"allow":["GET"]}}],"collection":[{"href":"https:\/\/www.gaveanews.com\/index.php\/wp-json\/wp\/v2\/posts"}],"about":[{"href":"https:\/\/www.gaveanews.com\/index.php\/wp-json\/wp\/v2\/types\/post"}],"author":[{"embeddable":true,"href":"https:\/\/www.gaveanews.com\/index.php\/wp-json\/wp\/v2\/users\/1"}],"replies":[{"embeddable":true,"href":"https:\/\/www.gaveanews.com\/index.php\/wp-json\/wp\/v2\/comments?post=85390"}],"version-history":[{"count":0,"href":"https:\/\/www.gaveanews.com\/index.php\/wp-json\/wp\/v2\/posts\/85390\/revisions"}],"wp:featuredmedia":[{"embeddable":true,"href":"https:\/\/www.gaveanews.com\/index.php\/wp-json\/wp\/v2\/media\/83817"}],"wp:attachment":[{"href":"https:\/\/www.gaveanews.com\/index.php\/wp-json\/wp\/v2\/media?parent=85390"}],"wp:term":[{"taxonomy":"category","embeddable":true,"href":"https:\/\/www.gaveanews.com\/index.php\/wp-json\/wp\/v2\/categories?post=85390"},{"taxonomy":"post_tag","embeddable":true,"href":"https:\/\/www.gaveanews.com\/index.php\/wp-json\/wp\/v2\/tags?post=85390"}],"curies":[{"name":"wp","href":"https:\/\/api.w.org\/{rel}","templated":true}]}}