{"id":85424,"date":"2022-08-01T14:20:09","date_gmt":"2022-08-01T17:20:09","guid":{"rendered":"https:\/\/www.gaveanews.com\/?p=85424"},"modified":"2022-08-01T14:20:11","modified_gmt":"2022-08-01T17:20:11","slug":"com-5-desfalques-flamengo-divulga-lista-de-relacionados-para-o-jogo-contra-o-corinthians","status":"publish","type":"post","link":"https:\/\/www.gaveanews.com\/index.php\/2022\/08\/01\/com-5-desfalques-flamengo-divulga-lista-de-relacionados-para-o-jogo-contra-o-corinthians\/","title":{"rendered":"Com 5 desfalques, Flamengo divulga lista de relacionados para o jogo contra o Corinthians"},"content":{"rendered":"\n<p>Depois de golear o Atl\u00e9tico-GO no Maracan\u00e3 pelo Campeonato Brasileiro, o Flamengo viaja a S\u00e3o Paulo para seu primeiro duelo pelas quartas de final da Libertadores. Nesta etapa o Rubro-Negro enfrenta o Corinthians e faz o primeiro jogo do confronto em Itaquera.<\/p>\n\n\n\n<ul class=\"wp-block-list\"><li><a href=\"https:\/\/www.gaveanews.com\/index.php\/2022\/08\/01\/saiba-onde-assistir-corinthians-x-flamengo-pela-libertadores\/\">Corinthians x Flamengo: Saiba onde assistir o jogo de ida pelas quartas da Libertadores<\/a><\/li><\/ul>\n\n\n\n<p>Para esta fase o Fla poderia fazer at\u00e9 tr\u00eas altera\u00e7\u00f5es na lista de inscritos na competi\u00e7\u00e3o. Os escolhidos pelo clube para figurarem na lista s\u00e3o Everton Cebolinha, Arturo Vidal e Erick Pulgar, os quais entraram nas vagas de Gustavo Henrique, William Ar\u00e3o e Andreas.<\/p>\n\n\n\n<p>Desta forma, os atletas que n\u00e3o viajam com a delega\u00e7\u00e3o para S\u00e3o Paulo s\u00e3o Bruno Henrique (se recuperando de cirurgia no joelho direito), Rodrigo Caio (tratando les\u00e3o no joelho esquerdo), Diego Alves (em processo de recondicionamento f\u00edsico), Erick Pulgar (devido ao pouco tempo de treino) e <a href=\"https:\/\/www.gaveanews.com\/index.php\/2022\/07\/28\/flamengo-nao-podera-inscrever-reforco-na-copa-libertadores-da-america\/\">Guilhermo Varela (n\u00e3o p\u00f4de ser inscrito nesta etapa).<\/a><\/p>\n\n\n\n<p>Com todo o time titular de Dorival J\u00fanior \u00e0 disposi\u00e7\u00e3o, a \u00fanica observa\u00e7\u00e3o no elenco ser\u00e1 David Luiz, que come\u00e7a a partida pendurado e pode desfalcar a equipe no jogo da volta, que acontecer\u00e1 na pr\u00f3xima ter\u00e7a-feira (09), no Maracan\u00e3.<\/p>\n\n\n\n<p>A bola rola para Flamengo e Corinthians \u00e0s 21h30 (hor\u00e1rio de Bras\u00edlia), na Neo Qu\u00edmica Arena.<\/p>\n\n\n\n<h2 class=\"wp-block-heading\" id=\"h-lista-de-relacionados-pelo-flamengo\">Lista de relacionados pelo Flamengo:<\/h2>\n\n\n\n<ul class=\"wp-block-list\"><li><strong>Goleiros:<\/strong> Hugo, Matheus Cunha e Santos.<\/li><li><strong>Zagueiros:<\/strong> David Luiz, Fabr\u00edcio Bruno, L\u00e9o Pereira e Pablo.<\/li><li><strong>Laterais: <\/strong>Ayrton Lucas, Filipe Lu\u00eds, Matheuzinho e Rodinei.<\/li><li><strong>Meio-campistas:<\/strong> Arrascaeta, Arturo Vidal, Diego, Everton Ribeiro, Jo\u00e3o Gomes, L\u00e1zaro, Thiago Maia e Victor Hugo. <\/li><li><strong>Atacantes: <\/strong>Everton Cebolinha, Gabigol, Marinho, Pedro, Matheus Fran\u00e7a e Vitinho.<\/li><\/ul>\n","protected":false},"excerpt":{"rendered":"<p>Depois de golear o Atl\u00e9tico-GO no Maracan\u00e3 pelo Campeonato Brasileiro, o Flamengo viaja a S\u00e3o Paulo para seu primeiro duelo pelas quartas de final da Libertadores. Nesta etapa o Rubro-Negro enfrenta o Corinthians e faz o primeiro jogo do confronto em Itaquera. Corinthians x Flamengo: Saiba onde assistir o jogo de ida pelas quartas da [&hellip;]<\/p>\n","protected":false},"author":4,"featured_media":85159,"comment_status":"open","ping_status":"closed","sticky":false,"template":"","format":"standard","meta":{"footnotes":""},"categories":[1],"tags":[],"class_list":["post-85424","post","type-post","status-publish","format-standard","has-post-thumbnail","hentry","category-flamengo"],"yoast_head":"<!-- This site is optimized with the Yoast SEO Premium plugin v24.2 (Yoast SEO v26.9) - https:\/\/yoast.com\/product\/yoast-seo-premium-wordpress\/ -->\n<title>Com 5 desfalques, Flamengo divulga lista de relacionados para o jogo contra o Corinthians<\/title>\n<meta name=\"robots\" content=\"index, follow, max-snippet:-1, max-image-preview:large, max-video-preview:-1\" \/>\n<link rel=\"canonical\" href=\"https:\/\/www.gaveanews.com\/index.php\/2022\/08\/01\/com-5-desfalques-flamengo-divulga-lista-de-relacionados-para-o-jogo-contra-o-corinthians\/\" \/>\n<meta property=\"og:locale\" content=\"pt_BR\" \/>\n<meta property=\"og:type\" content=\"article\" \/>\n<meta property=\"og:title\" content=\"Com 5 desfalques, Flamengo divulga lista de relacionados para o jogo contra o Corinthians\" \/>\n<meta property=\"og:description\" content=\"Depois de golear o Atl\u00e9tico-GO no Maracan\u00e3 pelo Campeonato Brasileiro, o Flamengo viaja a S\u00e3o Paulo para seu primeiro duelo pelas quartas de final da Libertadores. Nesta etapa o Rubro-Negro enfrenta o Corinthians e faz o primeiro jogo do confronto em Itaquera. Corinthians x Flamengo: Saiba onde assistir o jogo de ida pelas quartas da [&hellip;]\" \/>\n<meta property=\"og:url\" content=\"https:\/\/www.gaveanews.com\/index.php\/2022\/08\/01\/com-5-desfalques-flamengo-divulga-lista-de-relacionados-para-o-jogo-contra-o-corinthians\/\" \/>\n<meta property=\"og:site_name\" content=\"G\u00e1vea News\" \/>\n<meta property=\"article:publisher\" content=\"https:\/\/facebook.com\/gaveaNews\/\" \/>\n<meta property=\"article:published_time\" content=\"2022-08-01T17:20:09+00:00\" \/>\n<meta property=\"article:modified_time\" content=\"2022-08-01T17:20:11+00:00\" \/>\n<meta property=\"og:image\" content=\"https:\/\/www.gaveanews.com\/wp-content\/uploads\/Pedro-em-acao-pelo-Flamengo-no-jogo-contra-o-Avai-pelo-Brasileirao.webp\" \/>\n\t<meta property=\"og:image:width\" content=\"799\" \/>\n\t<meta property=\"og:image:height\" content=\"533\" \/>\n\t<meta property=\"og:image:type\" content=\"image\/jpeg\" \/>\n<meta name=\"author\" content=\"Let\u00edcia Gerheim\" \/>\n<meta name=\"twitter:card\" content=\"summary_large_image\" \/>\n<meta name=\"twitter:label1\" content=\"Escrito por\" \/>\n\t<meta name=\"twitter:data1\" content=\"Let\u00edcia Gerheim\" \/>\n\t<meta name=\"twitter:label2\" content=\"Est. tempo de leitura\" \/>\n\t<meta name=\"twitter:data2\" content=\"2 minutos\" \/>\n<script type=\"application\/ld+json\" class=\"yoast-schema-graph\">{\"@context\":\"https:\/\/schema.org\",\"@graph\":[{\"@type\":\"NewsArticle\",\"@id\":\"https:\/\/www.gaveanews.com\/index.php\/2022\/08\/01\/com-5-desfalques-flamengo-divulga-lista-de-relacionados-para-o-jogo-contra-o-corinthians\/#article\",\"isPartOf\":{\"@id\":\"https:\/\/www.gaveanews.com\/index.php\/2022\/08\/01\/com-5-desfalques-flamengo-divulga-lista-de-relacionados-para-o-jogo-contra-o-corinthians\/\"},\"author\":{\"name\":\"Let\u00edcia Gerheim\",\"@id\":\"https:\/\/www.gaveanews.com\/#\/schema\/person\/714c67050b836198af2450ba1c142a67\"},\"headline\":\"Com 5 desfalques, Flamengo divulga lista de relacionados para o jogo contra o Corinthians\",\"datePublished\":\"2022-08-01T17:20:09+00:00\",\"dateModified\":\"2022-08-01T17:20:11+00:00\",\"mainEntityOfPage\":{\"@id\":\"https:\/\/www.gaveanews.com\/index.php\/2022\/08\/01\/com-5-desfalques-flamengo-divulga-lista-de-relacionados-para-o-jogo-contra-o-corinthians\/\"},\"wordCount\":304,\"commentCount\":0,\"image\":{\"@id\":\"https:\/\/www.gaveanews.com\/index.php\/2022\/08\/01\/com-5-desfalques-flamengo-divulga-lista-de-relacionados-para-o-jogo-contra-o-corinthians\/#primaryimage\"},\"thumbnailUrl\":\"https:\/\/www.gaveanews.com\/wp-content\/uploads\/Pedro-em-acao-pelo-Flamengo-no-jogo-contra-o-Avai-pelo-Brasileirao.webp\",\"articleSection\":[\"Flamengo\"],\"inLanguage\":\"pt-BR\",\"potentialAction\":[{\"@type\":\"CommentAction\",\"name\":\"Comment\",\"target\":[\"https:\/\/www.gaveanews.com\/index.php\/2022\/08\/01\/com-5-desfalques-flamengo-divulga-lista-de-relacionados-para-o-jogo-contra-o-corinthians\/#respond\"]}],\"copyrightYear\":\"2022\",\"copyrightHolder\":{\"@id\":\"https:\/\/www.gaveanews.com\/#organization\"}},{\"@type\":\"WebPage\",\"@id\":\"https:\/\/www.gaveanews.com\/index.php\/2022\/08\/01\/com-5-desfalques-flamengo-divulga-lista-de-relacionados-para-o-jogo-contra-o-corinthians\/\",\"url\":\"https:\/\/www.gaveanews.com\/index.php\/2022\/08\/01\/com-5-desfalques-flamengo-divulga-lista-de-relacionados-para-o-jogo-contra-o-corinthians\/\",\"name\":\"Com 5 desfalques, Flamengo divulga lista de relacionados para o jogo contra o Corinthians\",\"isPartOf\":{\"@id\":\"https:\/\/www.gaveanews.com\/#website\"},\"primaryImageOfPage\":{\"@id\":\"https:\/\/www.gaveanews.com\/index.php\/2022\/08\/01\/com-5-desfalques-flamengo-divulga-lista-de-relacionados-para-o-jogo-contra-o-corinthians\/#primaryimage\"},\"image\":{\"@id\":\"https:\/\/www.gaveanews.com\/index.php\/2022\/08\/01\/com-5-desfalques-flamengo-divulga-lista-de-relacionados-para-o-jogo-contra-o-corinthians\/#primaryimage\"},\"thumbnailUrl\":\"https:\/\/www.gaveanews.com\/wp-content\/uploads\/Pedro-em-acao-pelo-Flamengo-no-jogo-contra-o-Avai-pelo-Brasileirao.webp\",\"datePublished\":\"2022-08-01T17:20:09+00:00\",\"dateModified\":\"2022-08-01T17:20:11+00:00\",\"author\":{\"@id\":\"https:\/\/www.gaveanews.com\/#\/schema\/person\/714c67050b836198af2450ba1c142a67\"},\"breadcrumb\":{\"@id\":\"https:\/\/www.gaveanews.com\/index.php\/2022\/08\/01\/com-5-desfalques-flamengo-divulga-lista-de-relacionados-para-o-jogo-contra-o-corinthians\/#breadcrumb\"},\"inLanguage\":\"pt-BR\",\"potentialAction\":[{\"@type\":\"ReadAction\",\"target\":[\"https:\/\/www.gaveanews.com\/index.php\/2022\/08\/01\/com-5-desfalques-flamengo-divulga-lista-de-relacionados-para-o-jogo-contra-o-corinthians\/\"]}]},{\"@type\":\"ImageObject\",\"inLanguage\":\"pt-BR\",\"@id\":\"https:\/\/www.gaveanews.com\/index.php\/2022\/08\/01\/com-5-desfalques-flamengo-divulga-lista-de-relacionados-para-o-jogo-contra-o-corinthians\/#primaryimage\",\"url\":\"https:\/\/www.gaveanews.com\/wp-content\/uploads\/Pedro-em-acao-pelo-Flamengo-no-jogo-contra-o-Avai-pelo-Brasileirao.webp\",\"contentUrl\":\"https:\/\/www.gaveanews.com\/wp-content\/uploads\/Pedro-em-acao-pelo-Flamengo-no-jogo-contra-o-Avai-pelo-Brasileirao.webp\",\"width\":799,\"height\":533,\"caption\":\"Pedro em a\u00e7\u00e3o pelo Flamengo no jogo contra o Ava\u00ed pelo Brasileir\u00e3o (Foto: Gilvan de Souza\/Flamengo)\"},{\"@type\":\"BreadcrumbList\",\"@id\":\"https:\/\/www.gaveanews.com\/index.php\/2022\/08\/01\/com-5-desfalques-flamengo-divulga-lista-de-relacionados-para-o-jogo-contra-o-corinthians\/#breadcrumb\",\"itemListElement\":[{\"@type\":\"ListItem\",\"position\":1,\"name\":\"Home\",\"item\":\"https:\/\/www.gaveanews.com\/\"},{\"@type\":\"ListItem\",\"position\":2,\"name\":\"Com 5 desfalques, Flamengo divulga lista de relacionados para o jogo contra o Corinthians\"}]},{\"@type\":\"WebSite\",\"@id\":\"https:\/\/www.gaveanews.com\/#website\",\"url\":\"https:\/\/www.gaveanews.com\/\",\"name\":\"G\u00e1vea News\",\"description\":\"Veja todas as not\u00edcias sobre o Flamengo: Contrata\u00e7\u00f5es, categorias de base, resultados das partidas, tabela de classifica\u00e7\u00e3o, pr\u00f3ximos jogos!\",\"potentialAction\":[{\"@type\":\"SearchAction\",\"target\":{\"@type\":\"EntryPoint\",\"urlTemplate\":\"https:\/\/www.gaveanews.com\/?s={search_term_string}\"},\"query-input\":{\"@type\":\"PropertyValueSpecification\",\"valueRequired\":true,\"valueName\":\"search_term_string\"}}],\"inLanguage\":\"pt-BR\"},{\"@type\":\"Person\",\"@id\":\"https:\/\/www.gaveanews.com\/#\/schema\/person\/714c67050b836198af2450ba1c142a67\",\"name\":\"Let\u00edcia Gerheim\",\"image\":{\"@type\":\"ImageObject\",\"inLanguage\":\"pt-BR\",\"@id\":\"https:\/\/www.gaveanews.com\/#\/schema\/person\/image\/\",\"url\":\"https:\/\/secure.gravatar.com\/avatar\/60734739c50fcebfbac509e2a826ccd0ff405c019bc73aab9354f19ecad1dcb4?s=96&d=mm&r=g\",\"contentUrl\":\"https:\/\/secure.gravatar.com\/avatar\/60734739c50fcebfbac509e2a826ccd0ff405c019bc73aab9354f19ecad1dcb4?s=96&d=mm&r=g\",\"caption\":\"Let\u00edcia Gerheim\"}}]}<\/script>\n<!-- \/ Yoast SEO Premium plugin. -->","yoast_head_json":{"title":"Com 5 desfalques, Flamengo divulga lista de relacionados para o jogo contra o Corinthians","robots":{"index":"index","follow":"follow","max-snippet":"max-snippet:-1","max-image-preview":"max-image-preview:large","max-video-preview":"max-video-preview:-1"},"canonical":"https:\/\/www.gaveanews.com\/index.php\/2022\/08\/01\/com-5-desfalques-flamengo-divulga-lista-de-relacionados-para-o-jogo-contra-o-corinthians\/","og_locale":"pt_BR","og_type":"article","og_title":"Com 5 desfalques, Flamengo divulga lista de relacionados para o jogo contra o Corinthians","og_description":"Depois de golear o Atl\u00e9tico-GO no Maracan\u00e3 pelo Campeonato Brasileiro, o Flamengo viaja a S\u00e3o Paulo para seu primeiro duelo pelas quartas de final da Libertadores. Nesta etapa o Rubro-Negro enfrenta o Corinthians e faz o primeiro jogo do confronto em Itaquera. Corinthians x Flamengo: Saiba onde assistir o jogo de ida pelas quartas da [&hellip;]","og_url":"https:\/\/www.gaveanews.com\/index.php\/2022\/08\/01\/com-5-desfalques-flamengo-divulga-lista-de-relacionados-para-o-jogo-contra-o-corinthians\/","og_site_name":"G\u00e1vea News","article_publisher":"https:\/\/facebook.com\/gaveaNews\/","article_published_time":"2022-08-01T17:20:09+00:00","article_modified_time":"2022-08-01T17:20:11+00:00","og_image":[{"width":799,"height":533,"url":"https:\/\/www.gaveanews.com\/wp-content\/uploads\/Pedro-em-acao-pelo-Flamengo-no-jogo-contra-o-Avai-pelo-Brasileirao.webp","type":"image\/jpeg"}],"author":"Let\u00edcia Gerheim","twitter_card":"summary_large_image","twitter_misc":{"Escrito por":"Let\u00edcia Gerheim","Est. tempo de leitura":"2 minutos"},"schema":{"@context":"https:\/\/schema.org","@graph":[{"@type":"NewsArticle","@id":"https:\/\/www.gaveanews.com\/index.php\/2022\/08\/01\/com-5-desfalques-flamengo-divulga-lista-de-relacionados-para-o-jogo-contra-o-corinthians\/#article","isPartOf":{"@id":"https:\/\/www.gaveanews.com\/index.php\/2022\/08\/01\/com-5-desfalques-flamengo-divulga-lista-de-relacionados-para-o-jogo-contra-o-corinthians\/"},"author":{"name":"Let\u00edcia Gerheim","@id":"https:\/\/www.gaveanews.com\/#\/schema\/person\/714c67050b836198af2450ba1c142a67"},"headline":"Com 5 desfalques, Flamengo divulga lista de relacionados para o jogo contra o Corinthians","datePublished":"2022-08-01T17:20:09+00:00","dateModified":"2022-08-01T17:20:11+00:00","mainEntityOfPage":{"@id":"https:\/\/www.gaveanews.com\/index.php\/2022\/08\/01\/com-5-desfalques-flamengo-divulga-lista-de-relacionados-para-o-jogo-contra-o-corinthians\/"},"wordCount":304,"commentCount":0,"image":{"@id":"https:\/\/www.gaveanews.com\/index.php\/2022\/08\/01\/com-5-desfalques-flamengo-divulga-lista-de-relacionados-para-o-jogo-contra-o-corinthians\/#primaryimage"},"thumbnailUrl":"https:\/\/www.gaveanews.com\/wp-content\/uploads\/Pedro-em-acao-pelo-Flamengo-no-jogo-contra-o-Avai-pelo-Brasileirao.webp","articleSection":["Flamengo"],"inLanguage":"pt-BR","potentialAction":[{"@type":"CommentAction","name":"Comment","target":["https:\/\/www.gaveanews.com\/index.php\/2022\/08\/01\/com-5-desfalques-flamengo-divulga-lista-de-relacionados-para-o-jogo-contra-o-corinthians\/#respond"]}],"copyrightYear":"2022","copyrightHolder":{"@id":"https:\/\/www.gaveanews.com\/#organization"}},{"@type":"WebPage","@id":"https:\/\/www.gaveanews.com\/index.php\/2022\/08\/01\/com-5-desfalques-flamengo-divulga-lista-de-relacionados-para-o-jogo-contra-o-corinthians\/","url":"https:\/\/www.gaveanews.com\/index.php\/2022\/08\/01\/com-5-desfalques-flamengo-divulga-lista-de-relacionados-para-o-jogo-contra-o-corinthians\/","name":"Com 5 desfalques, Flamengo divulga lista de relacionados para o jogo contra o Corinthians","isPartOf":{"@id":"https:\/\/www.gaveanews.com\/#website"},"primaryImageOfPage":{"@id":"https:\/\/www.gaveanews.com\/index.php\/2022\/08\/01\/com-5-desfalques-flamengo-divulga-lista-de-relacionados-para-o-jogo-contra-o-corinthians\/#primaryimage"},"image":{"@id":"https:\/\/www.gaveanews.com\/index.php\/2022\/08\/01\/com-5-desfalques-flamengo-divulga-lista-de-relacionados-para-o-jogo-contra-o-corinthians\/#primaryimage"},"thumbnailUrl":"https:\/\/www.gaveanews.com\/wp-content\/uploads\/Pedro-em-acao-pelo-Flamengo-no-jogo-contra-o-Avai-pelo-Brasileirao.webp","datePublished":"2022-08-01T17:20:09+00:00","dateModified":"2022-08-01T17:20:11+00:00","author":{"@id":"https:\/\/www.gaveanews.com\/#\/schema\/person\/714c67050b836198af2450ba1c142a67"},"breadcrumb":{"@id":"https:\/\/www.gaveanews.com\/index.php\/2022\/08\/01\/com-5-desfalques-flamengo-divulga-lista-de-relacionados-para-o-jogo-contra-o-corinthians\/#breadcrumb"},"inLanguage":"pt-BR","potentialAction":[{"@type":"ReadAction","target":["https:\/\/www.gaveanews.com\/index.php\/2022\/08\/01\/com-5-desfalques-flamengo-divulga-lista-de-relacionados-para-o-jogo-contra-o-corinthians\/"]}]},{"@type":"ImageObject","inLanguage":"pt-BR","@id":"https:\/\/www.gaveanews.com\/index.php\/2022\/08\/01\/com-5-desfalques-flamengo-divulga-lista-de-relacionados-para-o-jogo-contra-o-corinthians\/#primaryimage","url":"https:\/\/www.gaveanews.com\/wp-content\/uploads\/Pedro-em-acao-pelo-Flamengo-no-jogo-contra-o-Avai-pelo-Brasileirao.webp","contentUrl":"https:\/\/www.gaveanews.com\/wp-content\/uploads\/Pedro-em-acao-pelo-Flamengo-no-jogo-contra-o-Avai-pelo-Brasileirao.webp","width":799,"height":533,"caption":"Pedro em a\u00e7\u00e3o pelo Flamengo no jogo contra o Ava\u00ed pelo Brasileir\u00e3o (Foto: Gilvan de Souza\/Flamengo)"},{"@type":"BreadcrumbList","@id":"https:\/\/www.gaveanews.com\/index.php\/2022\/08\/01\/com-5-desfalques-flamengo-divulga-lista-de-relacionados-para-o-jogo-contra-o-corinthians\/#breadcrumb","itemListElement":[{"@type":"ListItem","position":1,"name":"Home","item":"https:\/\/www.gaveanews.com\/"},{"@type":"ListItem","position":2,"name":"Com 5 desfalques, Flamengo divulga lista de relacionados para o jogo contra o Corinthians"}]},{"@type":"WebSite","@id":"https:\/\/www.gaveanews.com\/#website","url":"https:\/\/www.gaveanews.com\/","name":"G\u00e1vea News","description":"Veja todas as not\u00edcias sobre o Flamengo: Contrata\u00e7\u00f5es, categorias de base, resultados das partidas, tabela de classifica\u00e7\u00e3o, pr\u00f3ximos jogos!","potentialAction":[{"@type":"SearchAction","target":{"@type":"EntryPoint","urlTemplate":"https:\/\/www.gaveanews.com\/?s={search_term_string}"},"query-input":{"@type":"PropertyValueSpecification","valueRequired":true,"valueName":"search_term_string"}}],"inLanguage":"pt-BR"},{"@type":"Person","@id":"https:\/\/www.gaveanews.com\/#\/schema\/person\/714c67050b836198af2450ba1c142a67","name":"Let\u00edcia Gerheim","image":{"@type":"ImageObject","inLanguage":"pt-BR","@id":"https:\/\/www.gaveanews.com\/#\/schema\/person\/image\/","url":"https:\/\/secure.gravatar.com\/avatar\/60734739c50fcebfbac509e2a826ccd0ff405c019bc73aab9354f19ecad1dcb4?s=96&d=mm&r=g","contentUrl":"https:\/\/secure.gravatar.com\/avatar\/60734739c50fcebfbac509e2a826ccd0ff405c019bc73aab9354f19ecad1dcb4?s=96&d=mm&r=g","caption":"Let\u00edcia Gerheim"}}]}},"_links":{"self":[{"href":"https:\/\/www.gaveanews.com\/index.php\/wp-json\/wp\/v2\/posts\/85424","targetHints":{"allow":["GET"]}}],"collection":[{"href":"https:\/\/www.gaveanews.com\/index.php\/wp-json\/wp\/v2\/posts"}],"about":[{"href":"https:\/\/www.gaveanews.com\/index.php\/wp-json\/wp\/v2\/types\/post"}],"author":[{"embeddable":true,"href":"https:\/\/www.gaveanews.com\/index.php\/wp-json\/wp\/v2\/users\/4"}],"replies":[{"embeddable":true,"href":"https:\/\/www.gaveanews.com\/index.php\/wp-json\/wp\/v2\/comments?post=85424"}],"version-history":[{"count":0,"href":"https:\/\/www.gaveanews.com\/index.php\/wp-json\/wp\/v2\/posts\/85424\/revisions"}],"wp:featuredmedia":[{"embeddable":true,"href":"https:\/\/www.gaveanews.com\/index.php\/wp-json\/wp\/v2\/media\/85159"}],"wp:attachment":[{"href":"https:\/\/www.gaveanews.com\/index.php\/wp-json\/wp\/v2\/media?parent=85424"}],"wp:term":[{"taxonomy":"category","embeddable":true,"href":"https:\/\/www.gaveanews.com\/index.php\/wp-json\/wp\/v2\/categories?post=85424"},{"taxonomy":"post_tag","embeddable":true,"href":"https:\/\/www.gaveanews.com\/index.php\/wp-json\/wp\/v2\/tags?post=85424"}],"curies":[{"name":"wp","href":"https:\/\/api.w.org\/{rel}","templated":true}]}}