{"id":85453,"date":"2022-08-01T23:33:55","date_gmt":"2022-08-02T02:33:55","guid":{"rendered":"https:\/\/www.gaveanews.com\/?p=85453"},"modified":"2022-08-01T23:33:57","modified_gmt":"2022-08-02T02:33:57","slug":"flamengo-precisa-de-um-estadio-para-chamar-de-seu-diz-eduardo-paes","status":"publish","type":"post","link":"https:\/\/www.gaveanews.com\/index.php\/2022\/08\/01\/flamengo-precisa-de-um-estadio-para-chamar-de-seu-diz-eduardo-paes\/","title":{"rendered":"&#8220;Flamengo precisa de um est\u00e1dio para chamar de seu&#8221;, diz Eduardo Paes"},"content":{"rendered":"\n<p>O prefeito do Rio Eduardo Paes tem sido um dos principais incentivadores do est\u00e1dio do Flamengo. Apesar de ser vasca\u00edno, Paes tem dado todo o suporte para que o sonho do Meng\u00e3o seja realizado. Em entrevista exclusiva ao \u2018O Globo\u2019, o prefeito falou sobre o tema.<\/p>\n\n\n\n<p>\u201dO que eu acho, eu acho que um clube com as dimens\u00f5es do Flamengo precisa de um est\u00e1dio para chamar de seu. E o Maracan\u00e3 tem uma dimens\u00e3o p\u00fablica, no sentido amplo da express\u00e3o, da palavra, que vai fazer com que o Maracan\u00e3 sempre seja de todos os clubes, especialmente dos quatro grandes clubes do Rio. Por exemplo, o que aconteceu com aquele jogo do Vasco, em que o juiz deu uma liminar, gra\u00e7as a Deus, permitindo o Vasco jogar l\u00e1. Aquilo \u00e9 muito fruto da dimens\u00e3o p\u00fablica do Maracan\u00e3. Ent\u00e3o o presidente Landim est\u00e1 absolutamente correto em querer trabalhar para que o clube tenha um est\u00e1dio para chamar de seu. Me parece isso, que o Maracan\u00e3 vai ter sempre o Flamengo como protagonista pelo tamanho da sua torcida, pela sua import\u00e2ncia, mas o Maracan\u00e3 vai ser sempre da sele\u00e7\u00e3o brasileira, do Vasco, do Botafogo, do Fluminense, ele vai ter sempre essa dimens\u00e3o p\u00fablica\u201d, disse Paes, antes de emendar sobre a melhor localiza\u00e7\u00e3o:<\/p>\n\n\n\n<p>\u201dEu sempre vejo Deodoro como uma solu\u00e7\u00e3o do ponto de vista burocr\u00e1tico e institucional mais simples. \u00c9 uma \u00e1rea muito grande que pertence ao Ex\u00e9rcito Brasileiro com um baixo valor econ\u00f4mico, com baixo potencial construtivo, o que facilitaria muito, por exemplo, uma doa\u00e7\u00e3o do presidente Bolsonaro. Por parte da prefeitura n\u00e3o tem o menor problema em ver o est\u00e1dio ser constru\u00eddo no Gas\u00f4metro. Em rela\u00e7\u00e3o ao Parque Ol\u00edmpico, ali me parece que o imbr\u00f3glio \u00e9 muito maior sobre o ponto de vista do interesse econ\u00f4mico, do valor, ent\u00e3o eu desaconselhei o presidente Landim a prosseguir por ali. No caso do Gas\u00f4metro, ao contr\u00e1rio do que o presidente Bolsonaro imagina, precisa sim da autoriza\u00e7\u00e3o da prefeitura. O potencial construtivo que tem aquela \u00e1rea \u00e9 da prefeitura. Provavelmente a Caixa vai precisar muito da prefeitura para resolver a situa\u00e7\u00e3o. Repito, mesmo n\u00e3o torcendo pelo Bolsonaro, mesmo n\u00e3o sendo torcedor dele, \u00e9 pro bem do Rio de Janeiro, pro bem do Flamengo, n\u00f3s vamos ajudar naquilo que for preciso. Agora \u00e9 importante que a\u00e7\u00f5es sejam tomadas, n\u00e3o adianta ficar s\u00f3 no discurso. A Caixa precisa tomar logo essa decis\u00e3o, encaminhar e quero aqui de p\u00fablico dizer, o que a presidente da Caixa entender necess\u00e1rio para ajudar o Flamengo, a prefeitura vai fazer e ela sabe que precisa muito da prefeitura para isso\u201d, complementou Paes.<\/p>\n\n\n\n<p>Retirado de: Di\u00e1rio do Fla<\/p>\n","protected":false},"excerpt":{"rendered":"<p>O prefeito do Rio Eduardo Paes tem sido um dos principais incentivadores do est\u00e1dio do Flamengo. Apesar de ser vasca\u00edno, Paes tem dado todo o suporte para que o sonho do Meng\u00e3o seja realizado. Em entrevista exclusiva ao \u2018O Globo\u2019, o prefeito falou sobre o tema. \u201dO que eu acho, eu acho que um clube [&hellip;]<\/p>\n","protected":false},"author":1,"featured_media":15077,"comment_status":"open","ping_status":"closed","sticky":false,"template":"","format":"standard","meta":{"footnotes":""},"categories":[1],"tags":[],"class_list":["post-85453","post","type-post","status-publish","format-standard","has-post-thumbnail","hentry","category-flamengo"],"yoast_head":"<!-- This site is optimized with the Yoast SEO Premium plugin v24.2 (Yoast SEO v26.9) - https:\/\/yoast.com\/product\/yoast-seo-premium-wordpress\/ -->\n<title>&quot;Flamengo precisa de um est\u00e1dio para chamar de seu&quot;, diz Eduardo Paes<\/title>\n<meta name=\"robots\" content=\"index, follow, max-snippet:-1, max-image-preview:large, max-video-preview:-1\" \/>\n<link rel=\"canonical\" href=\"https:\/\/www.gaveanews.com\/index.php\/2022\/08\/01\/flamengo-precisa-de-um-estadio-para-chamar-de-seu-diz-eduardo-paes\/\" \/>\n<meta property=\"og:locale\" content=\"pt_BR\" \/>\n<meta property=\"og:type\" content=\"article\" \/>\n<meta property=\"og:title\" content=\"&quot;Flamengo precisa de um est\u00e1dio para chamar de seu&quot;, diz Eduardo Paes\" \/>\n<meta property=\"og:description\" content=\"O prefeito do Rio Eduardo Paes tem sido um dos principais incentivadores do est\u00e1dio do Flamengo. Apesar de ser vasca\u00edno, Paes tem dado todo o suporte para que o sonho do Meng\u00e3o seja realizado. Em entrevista exclusiva ao \u2018O Globo\u2019, o prefeito falou sobre o tema. \u201dO que eu acho, eu acho que um clube [&hellip;]\" \/>\n<meta property=\"og:url\" content=\"https:\/\/www.gaveanews.com\/index.php\/2022\/08\/01\/flamengo-precisa-de-um-estadio-para-chamar-de-seu-diz-eduardo-paes\/\" \/>\n<meta property=\"og:site_name\" content=\"G\u00e1vea News\" \/>\n<meta property=\"article:publisher\" content=\"https:\/\/facebook.com\/gaveaNews\/\" \/>\n<meta property=\"article:published_time\" content=\"2022-08-02T02:33:55+00:00\" \/>\n<meta property=\"article:modified_time\" content=\"2022-08-02T02:33:57+00:00\" \/>\n<meta property=\"og:image\" content=\"https:\/\/www.gaveanews.com\/wp-content\/uploads\/2019\/03\/Rodolfo-Landim-durante-entrevista-coletiva-na-Gavea.webp\" \/>\n\t<meta property=\"og:image:width\" content=\"1\" \/>\n\t<meta property=\"og:image:height\" content=\"1\" \/>\n\t<meta property=\"og:image:type\" content=\"image\/jpeg\" \/>\n<meta name=\"author\" content=\"Equipe G\u00e1vea News\" \/>\n<meta name=\"twitter:card\" content=\"summary_large_image\" \/>\n<meta name=\"twitter:label1\" content=\"Escrito por\" \/>\n\t<meta name=\"twitter:data1\" content=\"Equipe G\u00e1vea News\" \/>\n\t<meta name=\"twitter:label2\" content=\"Est. tempo de leitura\" \/>\n\t<meta name=\"twitter:data2\" content=\"3 minutos\" \/>\n<script type=\"application\/ld+json\" class=\"yoast-schema-graph\">{\"@context\":\"https:\/\/schema.org\",\"@graph\":[{\"@type\":\"NewsArticle\",\"@id\":\"https:\/\/www.gaveanews.com\/index.php\/2022\/08\/01\/flamengo-precisa-de-um-estadio-para-chamar-de-seu-diz-eduardo-paes\/#article\",\"isPartOf\":{\"@id\":\"https:\/\/www.gaveanews.com\/index.php\/2022\/08\/01\/flamengo-precisa-de-um-estadio-para-chamar-de-seu-diz-eduardo-paes\/\"},\"author\":{\"name\":\"Equipe G\u00e1vea News\",\"@id\":\"https:\/\/www.gaveanews.com\/#\/schema\/person\/2ec14f73fb96be2caf28f91afb14749d\"},\"headline\":\"&#8220;Flamengo precisa de um est\u00e1dio para chamar de seu&#8221;, diz Eduardo Paes\",\"datePublished\":\"2022-08-02T02:33:55+00:00\",\"dateModified\":\"2022-08-02T02:33:57+00:00\",\"mainEntityOfPage\":{\"@id\":\"https:\/\/www.gaveanews.com\/index.php\/2022\/08\/01\/flamengo-precisa-de-um-estadio-para-chamar-de-seu-diz-eduardo-paes\/\"},\"wordCount\":487,\"commentCount\":0,\"image\":{\"@id\":\"https:\/\/www.gaveanews.com\/index.php\/2022\/08\/01\/flamengo-precisa-de-um-estadio-para-chamar-de-seu-diz-eduardo-paes\/#primaryimage\"},\"thumbnailUrl\":\"https:\/\/www.gaveanews.com\/wp-content\/uploads\/2019\/03\/Rodolfo-Landim-durante-entrevista-coletiva-na-Gavea.webp\",\"articleSection\":[\"Flamengo\"],\"inLanguage\":\"pt-BR\",\"potentialAction\":[{\"@type\":\"CommentAction\",\"name\":\"Comment\",\"target\":[\"https:\/\/www.gaveanews.com\/index.php\/2022\/08\/01\/flamengo-precisa-de-um-estadio-para-chamar-de-seu-diz-eduardo-paes\/#respond\"]}],\"copyrightYear\":\"2022\",\"copyrightHolder\":{\"@id\":\"https:\/\/www.gaveanews.com\/#organization\"}},{\"@type\":\"WebPage\",\"@id\":\"https:\/\/www.gaveanews.com\/index.php\/2022\/08\/01\/flamengo-precisa-de-um-estadio-para-chamar-de-seu-diz-eduardo-paes\/\",\"url\":\"https:\/\/www.gaveanews.com\/index.php\/2022\/08\/01\/flamengo-precisa-de-um-estadio-para-chamar-de-seu-diz-eduardo-paes\/\",\"name\":\"\\\"Flamengo precisa de um est\u00e1dio para chamar de seu\\\", diz Eduardo Paes\",\"isPartOf\":{\"@id\":\"https:\/\/www.gaveanews.com\/#website\"},\"primaryImageOfPage\":{\"@id\":\"https:\/\/www.gaveanews.com\/index.php\/2022\/08\/01\/flamengo-precisa-de-um-estadio-para-chamar-de-seu-diz-eduardo-paes\/#primaryimage\"},\"image\":{\"@id\":\"https:\/\/www.gaveanews.com\/index.php\/2022\/08\/01\/flamengo-precisa-de-um-estadio-para-chamar-de-seu-diz-eduardo-paes\/#primaryimage\"},\"thumbnailUrl\":\"https:\/\/www.gaveanews.com\/wp-content\/uploads\/2019\/03\/Rodolfo-Landim-durante-entrevista-coletiva-na-Gavea.webp\",\"datePublished\":\"2022-08-02T02:33:55+00:00\",\"dateModified\":\"2022-08-02T02:33:57+00:00\",\"author\":{\"@id\":\"https:\/\/www.gaveanews.com\/#\/schema\/person\/2ec14f73fb96be2caf28f91afb14749d\"},\"breadcrumb\":{\"@id\":\"https:\/\/www.gaveanews.com\/index.php\/2022\/08\/01\/flamengo-precisa-de-um-estadio-para-chamar-de-seu-diz-eduardo-paes\/#breadcrumb\"},\"inLanguage\":\"pt-BR\",\"potentialAction\":[{\"@type\":\"ReadAction\",\"target\":[\"https:\/\/www.gaveanews.com\/index.php\/2022\/08\/01\/flamengo-precisa-de-um-estadio-para-chamar-de-seu-diz-eduardo-paes\/\"]}]},{\"@type\":\"ImageObject\",\"inLanguage\":\"pt-BR\",\"@id\":\"https:\/\/www.gaveanews.com\/index.php\/2022\/08\/01\/flamengo-precisa-de-um-estadio-para-chamar-de-seu-diz-eduardo-paes\/#primaryimage\",\"url\":\"https:\/\/www.gaveanews.com\/wp-content\/uploads\/2019\/03\/Rodolfo-Landim-durante-entrevista-coletiva-na-Gavea.webp\",\"contentUrl\":\"https:\/\/www.gaveanews.com\/wp-content\/uploads\/2019\/03\/Rodolfo-Landim-durante-entrevista-coletiva-na-Gavea.webp\",\"width\":900,\"height\":599,\"caption\":\"Rodolfo Landim durante entrevista coletiva na G\u00e1vea (Foto: Ag\u00eancia Foto BR)\"},{\"@type\":\"BreadcrumbList\",\"@id\":\"https:\/\/www.gaveanews.com\/index.php\/2022\/08\/01\/flamengo-precisa-de-um-estadio-para-chamar-de-seu-diz-eduardo-paes\/#breadcrumb\",\"itemListElement\":[{\"@type\":\"ListItem\",\"position\":1,\"name\":\"Home\",\"item\":\"https:\/\/www.gaveanews.com\/\"},{\"@type\":\"ListItem\",\"position\":2,\"name\":\"&#8220;Flamengo precisa de um est\u00e1dio para chamar de seu&#8221;, diz Eduardo Paes\"}]},{\"@type\":\"WebSite\",\"@id\":\"https:\/\/www.gaveanews.com\/#website\",\"url\":\"https:\/\/www.gaveanews.com\/\",\"name\":\"G\u00e1vea News\",\"description\":\"Veja todas as not\u00edcias sobre o Flamengo: Contrata\u00e7\u00f5es, categorias de base, resultados das partidas, tabela de classifica\u00e7\u00e3o, pr\u00f3ximos jogos!\",\"potentialAction\":[{\"@type\":\"SearchAction\",\"target\":{\"@type\":\"EntryPoint\",\"urlTemplate\":\"https:\/\/www.gaveanews.com\/?s={search_term_string}\"},\"query-input\":{\"@type\":\"PropertyValueSpecification\",\"valueRequired\":true,\"valueName\":\"search_term_string\"}}],\"inLanguage\":\"pt-BR\"},{\"@type\":\"Person\",\"@id\":\"https:\/\/www.gaveanews.com\/#\/schema\/person\/2ec14f73fb96be2caf28f91afb14749d\",\"name\":\"Equipe G\u00e1vea News\",\"image\":{\"@type\":\"ImageObject\",\"inLanguage\":\"pt-BR\",\"@id\":\"https:\/\/www.gaveanews.com\/#\/schema\/person\/image\/\",\"url\":\"https:\/\/secure.gravatar.com\/avatar\/1e1956f1facbffd3f8fa53a326721950116b3b9dc9bd44939c01180fd4a745a9?s=96&d=mm&r=g\",\"contentUrl\":\"https:\/\/secure.gravatar.com\/avatar\/1e1956f1facbffd3f8fa53a326721950116b3b9dc9bd44939c01180fd4a745a9?s=96&d=mm&r=g\",\"caption\":\"Equipe G\u00e1vea News\"}}]}<\/script>\n<!-- \/ Yoast SEO Premium plugin. -->","yoast_head_json":{"title":"\"Flamengo precisa de um est\u00e1dio para chamar de seu\", diz Eduardo Paes","robots":{"index":"index","follow":"follow","max-snippet":"max-snippet:-1","max-image-preview":"max-image-preview:large","max-video-preview":"max-video-preview:-1"},"canonical":"https:\/\/www.gaveanews.com\/index.php\/2022\/08\/01\/flamengo-precisa-de-um-estadio-para-chamar-de-seu-diz-eduardo-paes\/","og_locale":"pt_BR","og_type":"article","og_title":"\"Flamengo precisa de um est\u00e1dio para chamar de seu\", diz Eduardo Paes","og_description":"O prefeito do Rio Eduardo Paes tem sido um dos principais incentivadores do est\u00e1dio do Flamengo. Apesar de ser vasca\u00edno, Paes tem dado todo o suporte para que o sonho do Meng\u00e3o seja realizado. Em entrevista exclusiva ao \u2018O Globo\u2019, o prefeito falou sobre o tema. \u201dO que eu acho, eu acho que um clube [&hellip;]","og_url":"https:\/\/www.gaveanews.com\/index.php\/2022\/08\/01\/flamengo-precisa-de-um-estadio-para-chamar-de-seu-diz-eduardo-paes\/","og_site_name":"G\u00e1vea News","article_publisher":"https:\/\/facebook.com\/gaveaNews\/","article_published_time":"2022-08-02T02:33:55+00:00","article_modified_time":"2022-08-02T02:33:57+00:00","og_image":[{"url":"https:\/\/www.gaveanews.com\/wp-content\/uploads\/2019\/03\/Rodolfo-Landim-durante-entrevista-coletiva-na-Gavea.webp","width":1,"height":1,"type":"image\/jpeg"}],"author":"Equipe G\u00e1vea News","twitter_card":"summary_large_image","twitter_misc":{"Escrito por":"Equipe G\u00e1vea News","Est. tempo de leitura":"3 minutos"},"schema":{"@context":"https:\/\/schema.org","@graph":[{"@type":"NewsArticle","@id":"https:\/\/www.gaveanews.com\/index.php\/2022\/08\/01\/flamengo-precisa-de-um-estadio-para-chamar-de-seu-diz-eduardo-paes\/#article","isPartOf":{"@id":"https:\/\/www.gaveanews.com\/index.php\/2022\/08\/01\/flamengo-precisa-de-um-estadio-para-chamar-de-seu-diz-eduardo-paes\/"},"author":{"name":"Equipe G\u00e1vea News","@id":"https:\/\/www.gaveanews.com\/#\/schema\/person\/2ec14f73fb96be2caf28f91afb14749d"},"headline":"&#8220;Flamengo precisa de um est\u00e1dio para chamar de seu&#8221;, diz Eduardo Paes","datePublished":"2022-08-02T02:33:55+00:00","dateModified":"2022-08-02T02:33:57+00:00","mainEntityOfPage":{"@id":"https:\/\/www.gaveanews.com\/index.php\/2022\/08\/01\/flamengo-precisa-de-um-estadio-para-chamar-de-seu-diz-eduardo-paes\/"},"wordCount":487,"commentCount":0,"image":{"@id":"https:\/\/www.gaveanews.com\/index.php\/2022\/08\/01\/flamengo-precisa-de-um-estadio-para-chamar-de-seu-diz-eduardo-paes\/#primaryimage"},"thumbnailUrl":"https:\/\/www.gaveanews.com\/wp-content\/uploads\/2019\/03\/Rodolfo-Landim-durante-entrevista-coletiva-na-Gavea.webp","articleSection":["Flamengo"],"inLanguage":"pt-BR","potentialAction":[{"@type":"CommentAction","name":"Comment","target":["https:\/\/www.gaveanews.com\/index.php\/2022\/08\/01\/flamengo-precisa-de-um-estadio-para-chamar-de-seu-diz-eduardo-paes\/#respond"]}],"copyrightYear":"2022","copyrightHolder":{"@id":"https:\/\/www.gaveanews.com\/#organization"}},{"@type":"WebPage","@id":"https:\/\/www.gaveanews.com\/index.php\/2022\/08\/01\/flamengo-precisa-de-um-estadio-para-chamar-de-seu-diz-eduardo-paes\/","url":"https:\/\/www.gaveanews.com\/index.php\/2022\/08\/01\/flamengo-precisa-de-um-estadio-para-chamar-de-seu-diz-eduardo-paes\/","name":"\"Flamengo precisa de um est\u00e1dio para chamar de seu\", diz Eduardo Paes","isPartOf":{"@id":"https:\/\/www.gaveanews.com\/#website"},"primaryImageOfPage":{"@id":"https:\/\/www.gaveanews.com\/index.php\/2022\/08\/01\/flamengo-precisa-de-um-estadio-para-chamar-de-seu-diz-eduardo-paes\/#primaryimage"},"image":{"@id":"https:\/\/www.gaveanews.com\/index.php\/2022\/08\/01\/flamengo-precisa-de-um-estadio-para-chamar-de-seu-diz-eduardo-paes\/#primaryimage"},"thumbnailUrl":"https:\/\/www.gaveanews.com\/wp-content\/uploads\/2019\/03\/Rodolfo-Landim-durante-entrevista-coletiva-na-Gavea.webp","datePublished":"2022-08-02T02:33:55+00:00","dateModified":"2022-08-02T02:33:57+00:00","author":{"@id":"https:\/\/www.gaveanews.com\/#\/schema\/person\/2ec14f73fb96be2caf28f91afb14749d"},"breadcrumb":{"@id":"https:\/\/www.gaveanews.com\/index.php\/2022\/08\/01\/flamengo-precisa-de-um-estadio-para-chamar-de-seu-diz-eduardo-paes\/#breadcrumb"},"inLanguage":"pt-BR","potentialAction":[{"@type":"ReadAction","target":["https:\/\/www.gaveanews.com\/index.php\/2022\/08\/01\/flamengo-precisa-de-um-estadio-para-chamar-de-seu-diz-eduardo-paes\/"]}]},{"@type":"ImageObject","inLanguage":"pt-BR","@id":"https:\/\/www.gaveanews.com\/index.php\/2022\/08\/01\/flamengo-precisa-de-um-estadio-para-chamar-de-seu-diz-eduardo-paes\/#primaryimage","url":"https:\/\/www.gaveanews.com\/wp-content\/uploads\/2019\/03\/Rodolfo-Landim-durante-entrevista-coletiva-na-Gavea.webp","contentUrl":"https:\/\/www.gaveanews.com\/wp-content\/uploads\/2019\/03\/Rodolfo-Landim-durante-entrevista-coletiva-na-Gavea.webp","width":900,"height":599,"caption":"Rodolfo Landim durante entrevista coletiva na G\u00e1vea (Foto: Ag\u00eancia Foto BR)"},{"@type":"BreadcrumbList","@id":"https:\/\/www.gaveanews.com\/index.php\/2022\/08\/01\/flamengo-precisa-de-um-estadio-para-chamar-de-seu-diz-eduardo-paes\/#breadcrumb","itemListElement":[{"@type":"ListItem","position":1,"name":"Home","item":"https:\/\/www.gaveanews.com\/"},{"@type":"ListItem","position":2,"name":"&#8220;Flamengo precisa de um est\u00e1dio para chamar de seu&#8221;, diz Eduardo Paes"}]},{"@type":"WebSite","@id":"https:\/\/www.gaveanews.com\/#website","url":"https:\/\/www.gaveanews.com\/","name":"G\u00e1vea News","description":"Veja todas as not\u00edcias sobre o Flamengo: Contrata\u00e7\u00f5es, categorias de base, resultados das partidas, tabela de classifica\u00e7\u00e3o, pr\u00f3ximos jogos!","potentialAction":[{"@type":"SearchAction","target":{"@type":"EntryPoint","urlTemplate":"https:\/\/www.gaveanews.com\/?s={search_term_string}"},"query-input":{"@type":"PropertyValueSpecification","valueRequired":true,"valueName":"search_term_string"}}],"inLanguage":"pt-BR"},{"@type":"Person","@id":"https:\/\/www.gaveanews.com\/#\/schema\/person\/2ec14f73fb96be2caf28f91afb14749d","name":"Equipe G\u00e1vea News","image":{"@type":"ImageObject","inLanguage":"pt-BR","@id":"https:\/\/www.gaveanews.com\/#\/schema\/person\/image\/","url":"https:\/\/secure.gravatar.com\/avatar\/1e1956f1facbffd3f8fa53a326721950116b3b9dc9bd44939c01180fd4a745a9?s=96&d=mm&r=g","contentUrl":"https:\/\/secure.gravatar.com\/avatar\/1e1956f1facbffd3f8fa53a326721950116b3b9dc9bd44939c01180fd4a745a9?s=96&d=mm&r=g","caption":"Equipe G\u00e1vea News"}}]}},"_links":{"self":[{"href":"https:\/\/www.gaveanews.com\/index.php\/wp-json\/wp\/v2\/posts\/85453","targetHints":{"allow":["GET"]}}],"collection":[{"href":"https:\/\/www.gaveanews.com\/index.php\/wp-json\/wp\/v2\/posts"}],"about":[{"href":"https:\/\/www.gaveanews.com\/index.php\/wp-json\/wp\/v2\/types\/post"}],"author":[{"embeddable":true,"href":"https:\/\/www.gaveanews.com\/index.php\/wp-json\/wp\/v2\/users\/1"}],"replies":[{"embeddable":true,"href":"https:\/\/www.gaveanews.com\/index.php\/wp-json\/wp\/v2\/comments?post=85453"}],"version-history":[{"count":0,"href":"https:\/\/www.gaveanews.com\/index.php\/wp-json\/wp\/v2\/posts\/85453\/revisions"}],"wp:featuredmedia":[{"embeddable":true,"href":"https:\/\/www.gaveanews.com\/index.php\/wp-json\/wp\/v2\/media\/15077"}],"wp:attachment":[{"href":"https:\/\/www.gaveanews.com\/index.php\/wp-json\/wp\/v2\/media?parent=85453"}],"wp:term":[{"taxonomy":"category","embeddable":true,"href":"https:\/\/www.gaveanews.com\/index.php\/wp-json\/wp\/v2\/categories?post=85453"},{"taxonomy":"post_tag","embeddable":true,"href":"https:\/\/www.gaveanews.com\/index.php\/wp-json\/wp\/v2\/tags?post=85453"}],"curies":[{"name":"wp","href":"https:\/\/api.w.org\/{rel}","templated":true}]}}