{"id":85513,"date":"2022-08-03T10:33:11","date_gmt":"2022-08-03T13:33:11","guid":{"rendered":"https:\/\/www.gaveanews.com\/?p=85513"},"modified":"2022-08-03T10:33:13","modified_gmt":"2022-08-03T13:33:13","slug":"oscar-se-manifesta-de-forma-oficial-sobre-o-flamengo","status":"publish","type":"post","link":"https:\/\/www.gaveanews.com\/index.php\/2022\/08\/03\/oscar-se-manifesta-de-forma-oficial-sobre-o-flamengo\/","title":{"rendered":"Oscar se manifesta de forma oficial sobre o Flamengo"},"content":{"rendered":"\n<p>Flamengo e Oscar seguem em negocia\u00e7\u00e3o com o Shanghai Port pelo empr\u00e9stimo do meia ao Rubro-Negro. Um passo importante foi dado nesta quarta-feira (03) e a transfer\u00eancia est\u00e1 pr\u00f3xima de acontecer.<\/p>\n\n\n\n<p>No <em>Weibo<\/em>, rede social popular na China, o jogador emitiu um comunicado direcionado aos torcedores do time chin\u00eas informando que treinar\u00e1 no Flamengo a partir de agora. O atleta contou que teve problemas pessoais que o fizeram retornar ao Brasil e que treinar\u00e1 em um clube nacional enquanto estiver por aqui.<\/p>\n\n\n\n<p><em>&#8220;Desde o in\u00edcio de 2022, tive alguns problemas pessoais e familiares que desafiaram meu dia a dia. Recentemente voltei ao Brasil para acompanhar minha fam\u00edlia nesse per\u00edodo.<\/em><\/p>\n\n\n\n<p><em>Durante este per\u00edodo no Brasil, farei de tudo para manter minhas condi\u00e7\u00f5es f\u00edsicas e mentais competitivas, treinando em casa e com um time de futebol do Brasil. Sem d\u00favidas, ainda fa\u00e7o e sempre farei parte do Shanghai Port FC. Meu cora\u00e7\u00e3o est\u00e1 com voc\u00eas e apoiarei a todo momento.<\/em><\/p>\n\n\n\n<p><em>Obrigado novamente a todos os nossos f\u00e3s e ao Shanghai Port FC pela compreens\u00e3o e apoio. At\u00e9 breve.<\/em><\/p>\n\n\n\n<p><em>No in\u00edcio de 2022, aos poucos fui enfrentando os desafios das quest\u00f5es pessoais e familiares, e recentemente voltei ao meu pa\u00eds natal, o Brasil, para estar com minha fam\u00edlia.<\/em><\/p>\n\n\n\n<p><em>Vou treinar em casa e com um time brasileiro, para tentar manter meu \u00e2nimo e meu jogo em forma. N\u00e3o h\u00e1 d\u00favida de que continuarei a ser membro do Shanghai Seaport Club. Meu cora\u00e7\u00e3o est\u00e1 com meus companheiros e vou torcer pelo time.<\/em><\/p>\n\n\n\n<p><em>Obrigado novamente a todos os torcedores, funcion\u00e1rios e companheiros de equipe pela ajuda, compreens\u00e3o e apoio durante esse per\u00edodo. Espero ver a todos brevemente!<\/em><\/p>\n\n\n\n<p><em>Amo todos voc\u00eas,<\/em><br><em>Amo voc\u00eas, pessoal<\/em><\/p>\n\n\n\n<p><em>OSCAR&#8221;<\/em><\/p>\n\n\n\n<p>Apesar de n\u00e3o revelar o nome do clube no qual treinar\u00e1 no Brasil, <a href=\"https:\/\/www.gaveanews.com\/index.php\/2022\/08\/02\/flamengo-espera-oscar-no-ninho-do-urubu-nesta-semana-entenda\/\">Oscar \u00e9 esperado no Ninho do Urubu ainda nesta semana.<\/a> O atleta est\u00e1 liberado para permanecer em sua terra natal at\u00e9 o final deste ano, e os chineses j\u00e1 indicaram que ele ser\u00e1 emprestado ao Flamengo neste per\u00edodo. Mas o Mais Querido n\u00e3o ir\u00e1 contar o caso como ganho enquanto os documentos n\u00e3o forem devidamente assinados.<\/p>\n\n\n\n<p>Vale lembrar ainda que o Flamengo tenta a libera\u00e7\u00e3o do jogador at\u00e9 maio de 2023. Contudo, esta seria uma etapa ainda mais complexa nas negocia\u00e7\u00f5es pelo meia, e as conversas sobre o tema acontecer\u00e3o depois de o Shanghai confirmar a libera\u00e7\u00e3o at\u00e9 dezembro deste ano.<\/p>\n","protected":false},"excerpt":{"rendered":"<p>Flamengo e Oscar seguem em negocia\u00e7\u00e3o com o Shanghai Port pelo empr\u00e9stimo do meia ao Rubro-Negro. Um passo importante foi dado nesta quarta-feira (03) e a transfer\u00eancia est\u00e1 pr\u00f3xima de acontecer. No Weibo, rede social popular na China, o jogador emitiu um comunicado direcionado aos torcedores do time chin\u00eas informando que treinar\u00e1 no Flamengo a [&hellip;]<\/p>\n","protected":false},"author":4,"featured_media":85514,"comment_status":"open","ping_status":"closed","sticky":false,"template":"","format":"standard","meta":{"footnotes":""},"categories":[1],"tags":[],"class_list":["post-85513","post","type-post","status-publish","format-standard","has-post-thumbnail","hentry","category-flamengo"],"yoast_head":"<!-- This site is optimized with the Yoast SEO Premium plugin v24.2 (Yoast SEO v26.9) - https:\/\/yoast.com\/product\/yoast-seo-premium-wordpress\/ -->\n<title>Oscar se manifesta de forma oficial sobre o Flamengo<\/title>\n<meta name=\"robots\" content=\"index, follow, max-snippet:-1, max-image-preview:large, max-video-preview:-1\" \/>\n<link rel=\"canonical\" href=\"https:\/\/www.gaveanews.com\/index.php\/2022\/08\/03\/oscar-se-manifesta-de-forma-oficial-sobre-o-flamengo\/\" \/>\n<meta property=\"og:locale\" content=\"pt_BR\" \/>\n<meta property=\"og:type\" content=\"article\" \/>\n<meta property=\"og:title\" content=\"Oscar se manifesta de forma oficial sobre o Flamengo\" \/>\n<meta property=\"og:description\" content=\"Flamengo e Oscar seguem em negocia\u00e7\u00e3o com o Shanghai Port pelo empr\u00e9stimo do meia ao Rubro-Negro. Um passo importante foi dado nesta quarta-feira (03) e a transfer\u00eancia est\u00e1 pr\u00f3xima de acontecer. No Weibo, rede social popular na China, o jogador emitiu um comunicado direcionado aos torcedores do time chin\u00eas informando que treinar\u00e1 no Flamengo a [&hellip;]\" \/>\n<meta property=\"og:url\" content=\"https:\/\/www.gaveanews.com\/index.php\/2022\/08\/03\/oscar-se-manifesta-de-forma-oficial-sobre-o-flamengo\/\" \/>\n<meta property=\"og:site_name\" content=\"G\u00e1vea News\" \/>\n<meta property=\"article:publisher\" content=\"https:\/\/facebook.com\/gaveaNews\/\" \/>\n<meta property=\"article:published_time\" content=\"2022-08-03T13:33:11+00:00\" \/>\n<meta property=\"article:modified_time\" content=\"2022-08-03T13:33:13+00:00\" \/>\n<meta property=\"og:image\" content=\"https:\/\/www.gaveanews.com\/wp-content\/uploads\/oscar.webp\" \/>\n\t<meta property=\"og:image:width\" content=\"1000\" \/>\n\t<meta property=\"og:image:height\" content=\"667\" \/>\n\t<meta property=\"og:image:type\" content=\"image\/webp\" \/>\n<meta name=\"author\" content=\"Let\u00edcia Gerheim\" \/>\n<meta name=\"twitter:card\" content=\"summary_large_image\" \/>\n<meta name=\"twitter:label1\" content=\"Escrito por\" \/>\n\t<meta name=\"twitter:data1\" content=\"Let\u00edcia Gerheim\" \/>\n\t<meta name=\"twitter:label2\" content=\"Est. tempo de leitura\" \/>\n\t<meta name=\"twitter:data2\" content=\"3 minutos\" \/>\n<script type=\"application\/ld+json\" class=\"yoast-schema-graph\">{\"@context\":\"https:\/\/schema.org\",\"@graph\":[{\"@type\":\"NewsArticle\",\"@id\":\"https:\/\/www.gaveanews.com\/index.php\/2022\/08\/03\/oscar-se-manifesta-de-forma-oficial-sobre-o-flamengo\/#article\",\"isPartOf\":{\"@id\":\"https:\/\/www.gaveanews.com\/index.php\/2022\/08\/03\/oscar-se-manifesta-de-forma-oficial-sobre-o-flamengo\/\"},\"author\":{\"name\":\"Let\u00edcia Gerheim\",\"@id\":\"https:\/\/www.gaveanews.com\/#\/schema\/person\/714c67050b836198af2450ba1c142a67\"},\"headline\":\"Oscar se manifesta de forma oficial sobre o Flamengo\",\"datePublished\":\"2022-08-03T13:33:11+00:00\",\"dateModified\":\"2022-08-03T13:33:13+00:00\",\"mainEntityOfPage\":{\"@id\":\"https:\/\/www.gaveanews.com\/index.php\/2022\/08\/03\/oscar-se-manifesta-de-forma-oficial-sobre-o-flamengo\/\"},\"wordCount\":434,\"commentCount\":0,\"image\":{\"@id\":\"https:\/\/www.gaveanews.com\/index.php\/2022\/08\/03\/oscar-se-manifesta-de-forma-oficial-sobre-o-flamengo\/#primaryimage\"},\"thumbnailUrl\":\"https:\/\/www.gaveanews.com\/wp-content\/uploads\/oscar.webp\",\"articleSection\":[\"Flamengo\"],\"inLanguage\":\"pt-BR\",\"potentialAction\":[{\"@type\":\"CommentAction\",\"name\":\"Comment\",\"target\":[\"https:\/\/www.gaveanews.com\/index.php\/2022\/08\/03\/oscar-se-manifesta-de-forma-oficial-sobre-o-flamengo\/#respond\"]}],\"copyrightYear\":\"2022\",\"copyrightHolder\":{\"@id\":\"https:\/\/www.gaveanews.com\/#organization\"}},{\"@type\":\"WebPage\",\"@id\":\"https:\/\/www.gaveanews.com\/index.php\/2022\/08\/03\/oscar-se-manifesta-de-forma-oficial-sobre-o-flamengo\/\",\"url\":\"https:\/\/www.gaveanews.com\/index.php\/2022\/08\/03\/oscar-se-manifesta-de-forma-oficial-sobre-o-flamengo\/\",\"name\":\"Oscar se manifesta de forma oficial sobre o Flamengo\",\"isPartOf\":{\"@id\":\"https:\/\/www.gaveanews.com\/#website\"},\"primaryImageOfPage\":{\"@id\":\"https:\/\/www.gaveanews.com\/index.php\/2022\/08\/03\/oscar-se-manifesta-de-forma-oficial-sobre-o-flamengo\/#primaryimage\"},\"image\":{\"@id\":\"https:\/\/www.gaveanews.com\/index.php\/2022\/08\/03\/oscar-se-manifesta-de-forma-oficial-sobre-o-flamengo\/#primaryimage\"},\"thumbnailUrl\":\"https:\/\/www.gaveanews.com\/wp-content\/uploads\/oscar.webp\",\"datePublished\":\"2022-08-03T13:33:11+00:00\",\"dateModified\":\"2022-08-03T13:33:13+00:00\",\"author\":{\"@id\":\"https:\/\/www.gaveanews.com\/#\/schema\/person\/714c67050b836198af2450ba1c142a67\"},\"breadcrumb\":{\"@id\":\"https:\/\/www.gaveanews.com\/index.php\/2022\/08\/03\/oscar-se-manifesta-de-forma-oficial-sobre-o-flamengo\/#breadcrumb\"},\"inLanguage\":\"pt-BR\",\"potentialAction\":[{\"@type\":\"ReadAction\",\"target\":[\"https:\/\/www.gaveanews.com\/index.php\/2022\/08\/03\/oscar-se-manifesta-de-forma-oficial-sobre-o-flamengo\/\"]}]},{\"@type\":\"ImageObject\",\"inLanguage\":\"pt-BR\",\"@id\":\"https:\/\/www.gaveanews.com\/index.php\/2022\/08\/03\/oscar-se-manifesta-de-forma-oficial-sobre-o-flamengo\/#primaryimage\",\"url\":\"https:\/\/www.gaveanews.com\/wp-content\/uploads\/oscar.webp\",\"contentUrl\":\"https:\/\/www.gaveanews.com\/wp-content\/uploads\/oscar.webp\",\"width\":1000,\"height\":667,\"caption\":\"Oscar, meia do Shanghai Port (Foto: Getty Images)\"},{\"@type\":\"BreadcrumbList\",\"@id\":\"https:\/\/www.gaveanews.com\/index.php\/2022\/08\/03\/oscar-se-manifesta-de-forma-oficial-sobre-o-flamengo\/#breadcrumb\",\"itemListElement\":[{\"@type\":\"ListItem\",\"position\":1,\"name\":\"Home\",\"item\":\"https:\/\/www.gaveanews.com\/\"},{\"@type\":\"ListItem\",\"position\":2,\"name\":\"Oscar se manifesta de forma oficial sobre o Flamengo\"}]},{\"@type\":\"WebSite\",\"@id\":\"https:\/\/www.gaveanews.com\/#website\",\"url\":\"https:\/\/www.gaveanews.com\/\",\"name\":\"G\u00e1vea News\",\"description\":\"Veja todas as not\u00edcias sobre o Flamengo: Contrata\u00e7\u00f5es, categorias de base, resultados das partidas, tabela de classifica\u00e7\u00e3o, pr\u00f3ximos jogos!\",\"potentialAction\":[{\"@type\":\"SearchAction\",\"target\":{\"@type\":\"EntryPoint\",\"urlTemplate\":\"https:\/\/www.gaveanews.com\/?s={search_term_string}\"},\"query-input\":{\"@type\":\"PropertyValueSpecification\",\"valueRequired\":true,\"valueName\":\"search_term_string\"}}],\"inLanguage\":\"pt-BR\"},{\"@type\":\"Person\",\"@id\":\"https:\/\/www.gaveanews.com\/#\/schema\/person\/714c67050b836198af2450ba1c142a67\",\"name\":\"Let\u00edcia Gerheim\",\"image\":{\"@type\":\"ImageObject\",\"inLanguage\":\"pt-BR\",\"@id\":\"https:\/\/www.gaveanews.com\/#\/schema\/person\/image\/\",\"url\":\"https:\/\/secure.gravatar.com\/avatar\/60734739c50fcebfbac509e2a826ccd0ff405c019bc73aab9354f19ecad1dcb4?s=96&d=mm&r=g\",\"contentUrl\":\"https:\/\/secure.gravatar.com\/avatar\/60734739c50fcebfbac509e2a826ccd0ff405c019bc73aab9354f19ecad1dcb4?s=96&d=mm&r=g\",\"caption\":\"Let\u00edcia Gerheim\"}}]}<\/script>\n<!-- \/ Yoast SEO Premium plugin. -->","yoast_head_json":{"title":"Oscar se manifesta de forma oficial sobre o Flamengo","robots":{"index":"index","follow":"follow","max-snippet":"max-snippet:-1","max-image-preview":"max-image-preview:large","max-video-preview":"max-video-preview:-1"},"canonical":"https:\/\/www.gaveanews.com\/index.php\/2022\/08\/03\/oscar-se-manifesta-de-forma-oficial-sobre-o-flamengo\/","og_locale":"pt_BR","og_type":"article","og_title":"Oscar se manifesta de forma oficial sobre o Flamengo","og_description":"Flamengo e Oscar seguem em negocia\u00e7\u00e3o com o Shanghai Port pelo empr\u00e9stimo do meia ao Rubro-Negro. Um passo importante foi dado nesta quarta-feira (03) e a transfer\u00eancia est\u00e1 pr\u00f3xima de acontecer. No Weibo, rede social popular na China, o jogador emitiu um comunicado direcionado aos torcedores do time chin\u00eas informando que treinar\u00e1 no Flamengo a [&hellip;]","og_url":"https:\/\/www.gaveanews.com\/index.php\/2022\/08\/03\/oscar-se-manifesta-de-forma-oficial-sobre-o-flamengo\/","og_site_name":"G\u00e1vea News","article_publisher":"https:\/\/facebook.com\/gaveaNews\/","article_published_time":"2022-08-03T13:33:11+00:00","article_modified_time":"2022-08-03T13:33:13+00:00","og_image":[{"width":1000,"height":667,"url":"https:\/\/www.gaveanews.com\/wp-content\/uploads\/oscar.webp","type":"image\/webp"}],"author":"Let\u00edcia Gerheim","twitter_card":"summary_large_image","twitter_misc":{"Escrito por":"Let\u00edcia Gerheim","Est. tempo de leitura":"3 minutos"},"schema":{"@context":"https:\/\/schema.org","@graph":[{"@type":"NewsArticle","@id":"https:\/\/www.gaveanews.com\/index.php\/2022\/08\/03\/oscar-se-manifesta-de-forma-oficial-sobre-o-flamengo\/#article","isPartOf":{"@id":"https:\/\/www.gaveanews.com\/index.php\/2022\/08\/03\/oscar-se-manifesta-de-forma-oficial-sobre-o-flamengo\/"},"author":{"name":"Let\u00edcia Gerheim","@id":"https:\/\/www.gaveanews.com\/#\/schema\/person\/714c67050b836198af2450ba1c142a67"},"headline":"Oscar se manifesta de forma oficial sobre o Flamengo","datePublished":"2022-08-03T13:33:11+00:00","dateModified":"2022-08-03T13:33:13+00:00","mainEntityOfPage":{"@id":"https:\/\/www.gaveanews.com\/index.php\/2022\/08\/03\/oscar-se-manifesta-de-forma-oficial-sobre-o-flamengo\/"},"wordCount":434,"commentCount":0,"image":{"@id":"https:\/\/www.gaveanews.com\/index.php\/2022\/08\/03\/oscar-se-manifesta-de-forma-oficial-sobre-o-flamengo\/#primaryimage"},"thumbnailUrl":"https:\/\/www.gaveanews.com\/wp-content\/uploads\/oscar.webp","articleSection":["Flamengo"],"inLanguage":"pt-BR","potentialAction":[{"@type":"CommentAction","name":"Comment","target":["https:\/\/www.gaveanews.com\/index.php\/2022\/08\/03\/oscar-se-manifesta-de-forma-oficial-sobre-o-flamengo\/#respond"]}],"copyrightYear":"2022","copyrightHolder":{"@id":"https:\/\/www.gaveanews.com\/#organization"}},{"@type":"WebPage","@id":"https:\/\/www.gaveanews.com\/index.php\/2022\/08\/03\/oscar-se-manifesta-de-forma-oficial-sobre-o-flamengo\/","url":"https:\/\/www.gaveanews.com\/index.php\/2022\/08\/03\/oscar-se-manifesta-de-forma-oficial-sobre-o-flamengo\/","name":"Oscar se manifesta de forma oficial sobre o Flamengo","isPartOf":{"@id":"https:\/\/www.gaveanews.com\/#website"},"primaryImageOfPage":{"@id":"https:\/\/www.gaveanews.com\/index.php\/2022\/08\/03\/oscar-se-manifesta-de-forma-oficial-sobre-o-flamengo\/#primaryimage"},"image":{"@id":"https:\/\/www.gaveanews.com\/index.php\/2022\/08\/03\/oscar-se-manifesta-de-forma-oficial-sobre-o-flamengo\/#primaryimage"},"thumbnailUrl":"https:\/\/www.gaveanews.com\/wp-content\/uploads\/oscar.webp","datePublished":"2022-08-03T13:33:11+00:00","dateModified":"2022-08-03T13:33:13+00:00","author":{"@id":"https:\/\/www.gaveanews.com\/#\/schema\/person\/714c67050b836198af2450ba1c142a67"},"breadcrumb":{"@id":"https:\/\/www.gaveanews.com\/index.php\/2022\/08\/03\/oscar-se-manifesta-de-forma-oficial-sobre-o-flamengo\/#breadcrumb"},"inLanguage":"pt-BR","potentialAction":[{"@type":"ReadAction","target":["https:\/\/www.gaveanews.com\/index.php\/2022\/08\/03\/oscar-se-manifesta-de-forma-oficial-sobre-o-flamengo\/"]}]},{"@type":"ImageObject","inLanguage":"pt-BR","@id":"https:\/\/www.gaveanews.com\/index.php\/2022\/08\/03\/oscar-se-manifesta-de-forma-oficial-sobre-o-flamengo\/#primaryimage","url":"https:\/\/www.gaveanews.com\/wp-content\/uploads\/oscar.webp","contentUrl":"https:\/\/www.gaveanews.com\/wp-content\/uploads\/oscar.webp","width":1000,"height":667,"caption":"Oscar, meia do Shanghai Port (Foto: Getty Images)"},{"@type":"BreadcrumbList","@id":"https:\/\/www.gaveanews.com\/index.php\/2022\/08\/03\/oscar-se-manifesta-de-forma-oficial-sobre-o-flamengo\/#breadcrumb","itemListElement":[{"@type":"ListItem","position":1,"name":"Home","item":"https:\/\/www.gaveanews.com\/"},{"@type":"ListItem","position":2,"name":"Oscar se manifesta de forma oficial sobre o Flamengo"}]},{"@type":"WebSite","@id":"https:\/\/www.gaveanews.com\/#website","url":"https:\/\/www.gaveanews.com\/","name":"G\u00e1vea News","description":"Veja todas as not\u00edcias sobre o Flamengo: Contrata\u00e7\u00f5es, categorias de base, resultados das partidas, tabela de classifica\u00e7\u00e3o, pr\u00f3ximos jogos!","potentialAction":[{"@type":"SearchAction","target":{"@type":"EntryPoint","urlTemplate":"https:\/\/www.gaveanews.com\/?s={search_term_string}"},"query-input":{"@type":"PropertyValueSpecification","valueRequired":true,"valueName":"search_term_string"}}],"inLanguage":"pt-BR"},{"@type":"Person","@id":"https:\/\/www.gaveanews.com\/#\/schema\/person\/714c67050b836198af2450ba1c142a67","name":"Let\u00edcia Gerheim","image":{"@type":"ImageObject","inLanguage":"pt-BR","@id":"https:\/\/www.gaveanews.com\/#\/schema\/person\/image\/","url":"https:\/\/secure.gravatar.com\/avatar\/60734739c50fcebfbac509e2a826ccd0ff405c019bc73aab9354f19ecad1dcb4?s=96&d=mm&r=g","contentUrl":"https:\/\/secure.gravatar.com\/avatar\/60734739c50fcebfbac509e2a826ccd0ff405c019bc73aab9354f19ecad1dcb4?s=96&d=mm&r=g","caption":"Let\u00edcia Gerheim"}}]}},"_links":{"self":[{"href":"https:\/\/www.gaveanews.com\/index.php\/wp-json\/wp\/v2\/posts\/85513","targetHints":{"allow":["GET"]}}],"collection":[{"href":"https:\/\/www.gaveanews.com\/index.php\/wp-json\/wp\/v2\/posts"}],"about":[{"href":"https:\/\/www.gaveanews.com\/index.php\/wp-json\/wp\/v2\/types\/post"}],"author":[{"embeddable":true,"href":"https:\/\/www.gaveanews.com\/index.php\/wp-json\/wp\/v2\/users\/4"}],"replies":[{"embeddable":true,"href":"https:\/\/www.gaveanews.com\/index.php\/wp-json\/wp\/v2\/comments?post=85513"}],"version-history":[{"count":0,"href":"https:\/\/www.gaveanews.com\/index.php\/wp-json\/wp\/v2\/posts\/85513\/revisions"}],"wp:featuredmedia":[{"embeddable":true,"href":"https:\/\/www.gaveanews.com\/index.php\/wp-json\/wp\/v2\/media\/85514"}],"wp:attachment":[{"href":"https:\/\/www.gaveanews.com\/index.php\/wp-json\/wp\/v2\/media?parent=85513"}],"wp:term":[{"taxonomy":"category","embeddable":true,"href":"https:\/\/www.gaveanews.com\/index.php\/wp-json\/wp\/v2\/categories?post=85513"},{"taxonomy":"post_tag","embeddable":true,"href":"https:\/\/www.gaveanews.com\/index.php\/wp-json\/wp\/v2\/tags?post=85513"}],"curies":[{"name":"wp","href":"https:\/\/api.w.org\/{rel}","templated":true}]}}