{"id":85524,"date":"2022-08-03T14:13:48","date_gmt":"2022-08-03T17:13:48","guid":{"rendered":"https:\/\/www.gaveanews.com\/?p=85524"},"modified":"2022-08-03T14:13:50","modified_gmt":"2022-08-03T17:13:50","slug":"rodinei-fala-sobre-relacao-com-vidal-no-flamengo-e-apelido-de-aviao","status":"publish","type":"post","link":"https:\/\/www.gaveanews.com\/index.php\/2022\/08\/03\/rodinei-fala-sobre-relacao-com-vidal-no-flamengo-e-apelido-de-aviao\/","title":{"rendered":"Rodinei fala sobre rela\u00e7\u00e3o com Vidal no Flamengo e apelido de &#8220;Avi\u00e3o&#8221;"},"content":{"rendered":"\n<p>Rodinei tem feito bons jogos pelo Flamengo sob o comando de Dorival J\u00fanior e vem arrancando elogios da torcida rubro-negra. Uma das pessoas que elogiou o lateral-direito foi Arturo Vidal. <\/p>\n\n\n\n<p>Logo no primeiro jogo que assistiu no Maracan\u00e3, o chileno exaltou o defensor e o apelidou de &#8220;Avi\u00e3o&#8221;. Depois de mais uma grande atua\u00e7\u00e3o, n\u00e3o s\u00f3 de Rodinei mas do elenco do Fla em geral, o lateral falou sobre o apelido e sua rela\u00e7\u00e3o com Vidal no dia a dia.<\/p>\n\n\n\n<p><em>&#8211; A rela\u00e7\u00e3o com o Vidal tem sido muito boa, desde que ele chegou. Ele brincou com isso de \u2018d\u00e1 no avi\u00e3o\u2019 e eu brinquei com ele, disse \u2018agora voc\u00ea me deu uma responsabilidade muito grande, que todo jogo agora tem que ser avi\u00e3o, avi\u00e3o\u2019 e a gente sabe que tem jogo que n\u00e3o vai ser avi\u00e3o, que vai ser mais ajudar a equipe.<\/em><\/p>\n\n\n\n<p>Al\u00e9m de comentar sobre o apelido recebido e o clima nos bastidores, Rodinei exaltou Vidal e falou sobre a import\u00e2ncia que os elogios do chileno t\u00eam para ele, revelando ainda que o volante \u00e9 um \u00eddolo.<\/p>\n\n\n\n<p><em>&#8211; O Vidal j\u00e1 era um grande \u00eddolo para mim, por tudo que conquistou, tudo que fez no futebol. A\u00ed ele vem e me elogia. \u00c9 gratificante para mim. \u00c9 fruto do meu trabalho e agora \u00e9 continuar trabalhando e pensar nos pr\u00f3ximos jogos.<\/em><\/p>\n\n\n\n<p>Vidal e Rodinei poder\u00e3o atuar juntos novamente neste final de semana. O Mais Querido volta \u00e0 capital paulista para enfrentar o S\u00e3o Paulo pelo Brasileir\u00e3o. O duelo ocorrer\u00e1 no s\u00e1bado (06), \u00e0s 20h30 (Bras\u00edlia), no Morumbi.<\/p>\n","protected":false},"excerpt":{"rendered":"<p>Rodinei tem feito bons jogos pelo Flamengo sob o comando de Dorival J\u00fanior e vem arrancando elogios da torcida rubro-negra. Uma das pessoas que elogiou o lateral-direito foi Arturo Vidal. Logo no primeiro jogo que assistiu no Maracan\u00e3, o chileno exaltou o defensor e o apelidou de &#8220;Avi\u00e3o&#8221;. Depois de mais uma grande atua\u00e7\u00e3o, n\u00e3o [&hellip;]<\/p>\n","protected":false},"author":4,"featured_media":85153,"comment_status":"open","ping_status":"closed","sticky":false,"template":"","format":"standard","meta":{"footnotes":""},"categories":[1],"tags":[],"class_list":["post-85524","post","type-post","status-publish","format-standard","has-post-thumbnail","hentry","category-flamengo"],"yoast_head":"<!-- This site is optimized with the Yoast SEO Premium plugin v24.2 (Yoast SEO v26.9) - https:\/\/yoast.com\/product\/yoast-seo-premium-wordpress\/ -->\n<title>Rodinei fala sobre rela\u00e7\u00e3o com Vidal no Flamengo e apelido de &quot;Avi\u00e3o&quot;<\/title>\n<meta name=\"robots\" content=\"index, follow, max-snippet:-1, max-image-preview:large, max-video-preview:-1\" \/>\n<link rel=\"canonical\" href=\"https:\/\/www.gaveanews.com\/index.php\/2022\/08\/03\/rodinei-fala-sobre-relacao-com-vidal-no-flamengo-e-apelido-de-aviao\/\" \/>\n<meta property=\"og:locale\" content=\"pt_BR\" \/>\n<meta property=\"og:type\" content=\"article\" \/>\n<meta property=\"og:title\" content=\"Rodinei fala sobre rela\u00e7\u00e3o com Vidal no Flamengo e apelido de &quot;Avi\u00e3o&quot;\" \/>\n<meta property=\"og:description\" content=\"Rodinei tem feito bons jogos pelo Flamengo sob o comando de Dorival J\u00fanior e vem arrancando elogios da torcida rubro-negra. Uma das pessoas que elogiou o lateral-direito foi Arturo Vidal. Logo no primeiro jogo que assistiu no Maracan\u00e3, o chileno exaltou o defensor e o apelidou de &#8220;Avi\u00e3o&#8221;. Depois de mais uma grande atua\u00e7\u00e3o, n\u00e3o [&hellip;]\" \/>\n<meta property=\"og:url\" content=\"https:\/\/www.gaveanews.com\/index.php\/2022\/08\/03\/rodinei-fala-sobre-relacao-com-vidal-no-flamengo-e-apelido-de-aviao\/\" \/>\n<meta property=\"og:site_name\" content=\"G\u00e1vea News\" \/>\n<meta property=\"article:publisher\" content=\"https:\/\/facebook.com\/gaveaNews\/\" \/>\n<meta property=\"article:published_time\" content=\"2022-08-03T17:13:48+00:00\" \/>\n<meta property=\"article:modified_time\" content=\"2022-08-03T17:13:50+00:00\" \/>\n<meta property=\"og:image\" content=\"https:\/\/www.gaveanews.com\/wp-content\/uploads\/Arrascaeta-Rodinei-e-Arturo-Vidal-comemoram-gol-do-Flamengo-contra-o-Avai.webp\" \/>\n\t<meta property=\"og:image:width\" content=\"799\" \/>\n\t<meta property=\"og:image:height\" content=\"533\" \/>\n\t<meta property=\"og:image:type\" content=\"image\/jpeg\" \/>\n<meta name=\"author\" content=\"Let\u00edcia Gerheim\" \/>\n<meta name=\"twitter:card\" content=\"summary_large_image\" \/>\n<meta name=\"twitter:label1\" content=\"Escrito por\" \/>\n\t<meta name=\"twitter:data1\" content=\"Let\u00edcia Gerheim\" \/>\n\t<meta name=\"twitter:label2\" content=\"Est. tempo de leitura\" \/>\n\t<meta name=\"twitter:data2\" content=\"2 minutos\" \/>\n<script type=\"application\/ld+json\" class=\"yoast-schema-graph\">{\"@context\":\"https:\/\/schema.org\",\"@graph\":[{\"@type\":\"NewsArticle\",\"@id\":\"https:\/\/www.gaveanews.com\/index.php\/2022\/08\/03\/rodinei-fala-sobre-relacao-com-vidal-no-flamengo-e-apelido-de-aviao\/#article\",\"isPartOf\":{\"@id\":\"https:\/\/www.gaveanews.com\/index.php\/2022\/08\/03\/rodinei-fala-sobre-relacao-com-vidal-no-flamengo-e-apelido-de-aviao\/\"},\"author\":{\"name\":\"Let\u00edcia Gerheim\",\"@id\":\"https:\/\/www.gaveanews.com\/#\/schema\/person\/714c67050b836198af2450ba1c142a67\"},\"headline\":\"Rodinei fala sobre rela\u00e7\u00e3o com Vidal no Flamengo e apelido de &#8220;Avi\u00e3o&#8221;\",\"datePublished\":\"2022-08-03T17:13:48+00:00\",\"dateModified\":\"2022-08-03T17:13:50+00:00\",\"mainEntityOfPage\":{\"@id\":\"https:\/\/www.gaveanews.com\/index.php\/2022\/08\/03\/rodinei-fala-sobre-relacao-com-vidal-no-flamengo-e-apelido-de-aviao\/\"},\"wordCount\":288,\"commentCount\":0,\"image\":{\"@id\":\"https:\/\/www.gaveanews.com\/index.php\/2022\/08\/03\/rodinei-fala-sobre-relacao-com-vidal-no-flamengo-e-apelido-de-aviao\/#primaryimage\"},\"thumbnailUrl\":\"https:\/\/www.gaveanews.com\/wp-content\/uploads\/Arrascaeta-Rodinei-e-Arturo-Vidal-comemoram-gol-do-Flamengo-contra-o-Avai.webp\",\"articleSection\":[\"Flamengo\"],\"inLanguage\":\"pt-BR\",\"potentialAction\":[{\"@type\":\"CommentAction\",\"name\":\"Comment\",\"target\":[\"https:\/\/www.gaveanews.com\/index.php\/2022\/08\/03\/rodinei-fala-sobre-relacao-com-vidal-no-flamengo-e-apelido-de-aviao\/#respond\"]}],\"copyrightYear\":\"2022\",\"copyrightHolder\":{\"@id\":\"https:\/\/www.gaveanews.com\/#organization\"}},{\"@type\":\"WebPage\",\"@id\":\"https:\/\/www.gaveanews.com\/index.php\/2022\/08\/03\/rodinei-fala-sobre-relacao-com-vidal-no-flamengo-e-apelido-de-aviao\/\",\"url\":\"https:\/\/www.gaveanews.com\/index.php\/2022\/08\/03\/rodinei-fala-sobre-relacao-com-vidal-no-flamengo-e-apelido-de-aviao\/\",\"name\":\"Rodinei fala sobre rela\u00e7\u00e3o com Vidal no Flamengo e apelido de \\\"Avi\u00e3o\\\"\",\"isPartOf\":{\"@id\":\"https:\/\/www.gaveanews.com\/#website\"},\"primaryImageOfPage\":{\"@id\":\"https:\/\/www.gaveanews.com\/index.php\/2022\/08\/03\/rodinei-fala-sobre-relacao-com-vidal-no-flamengo-e-apelido-de-aviao\/#primaryimage\"},\"image\":{\"@id\":\"https:\/\/www.gaveanews.com\/index.php\/2022\/08\/03\/rodinei-fala-sobre-relacao-com-vidal-no-flamengo-e-apelido-de-aviao\/#primaryimage\"},\"thumbnailUrl\":\"https:\/\/www.gaveanews.com\/wp-content\/uploads\/Arrascaeta-Rodinei-e-Arturo-Vidal-comemoram-gol-do-Flamengo-contra-o-Avai.webp\",\"datePublished\":\"2022-08-03T17:13:48+00:00\",\"dateModified\":\"2022-08-03T17:13:50+00:00\",\"author\":{\"@id\":\"https:\/\/www.gaveanews.com\/#\/schema\/person\/714c67050b836198af2450ba1c142a67\"},\"breadcrumb\":{\"@id\":\"https:\/\/www.gaveanews.com\/index.php\/2022\/08\/03\/rodinei-fala-sobre-relacao-com-vidal-no-flamengo-e-apelido-de-aviao\/#breadcrumb\"},\"inLanguage\":\"pt-BR\",\"potentialAction\":[{\"@type\":\"ReadAction\",\"target\":[\"https:\/\/www.gaveanews.com\/index.php\/2022\/08\/03\/rodinei-fala-sobre-relacao-com-vidal-no-flamengo-e-apelido-de-aviao\/\"]}]},{\"@type\":\"ImageObject\",\"inLanguage\":\"pt-BR\",\"@id\":\"https:\/\/www.gaveanews.com\/index.php\/2022\/08\/03\/rodinei-fala-sobre-relacao-com-vidal-no-flamengo-e-apelido-de-aviao\/#primaryimage\",\"url\":\"https:\/\/www.gaveanews.com\/wp-content\/uploads\/Arrascaeta-Rodinei-e-Arturo-Vidal-comemoram-gol-do-Flamengo-contra-o-Avai.webp\",\"contentUrl\":\"https:\/\/www.gaveanews.com\/wp-content\/uploads\/Arrascaeta-Rodinei-e-Arturo-Vidal-comemoram-gol-do-Flamengo-contra-o-Avai.webp\",\"width\":799,\"height\":533,\"caption\":\"Arrascaeta, Rodinei e Arturo Vidal comemoram gol do Flamengo contra o Ava\u00ed (Foto: Gilvan de Suoza\/Flamengo)\"},{\"@type\":\"BreadcrumbList\",\"@id\":\"https:\/\/www.gaveanews.com\/index.php\/2022\/08\/03\/rodinei-fala-sobre-relacao-com-vidal-no-flamengo-e-apelido-de-aviao\/#breadcrumb\",\"itemListElement\":[{\"@type\":\"ListItem\",\"position\":1,\"name\":\"Home\",\"item\":\"https:\/\/www.gaveanews.com\/\"},{\"@type\":\"ListItem\",\"position\":2,\"name\":\"Rodinei fala sobre rela\u00e7\u00e3o com Vidal no Flamengo e apelido de &#8220;Avi\u00e3o&#8221;\"}]},{\"@type\":\"WebSite\",\"@id\":\"https:\/\/www.gaveanews.com\/#website\",\"url\":\"https:\/\/www.gaveanews.com\/\",\"name\":\"G\u00e1vea News\",\"description\":\"Veja todas as not\u00edcias sobre o Flamengo: Contrata\u00e7\u00f5es, categorias de base, resultados das partidas, tabela de classifica\u00e7\u00e3o, pr\u00f3ximos jogos!\",\"potentialAction\":[{\"@type\":\"SearchAction\",\"target\":{\"@type\":\"EntryPoint\",\"urlTemplate\":\"https:\/\/www.gaveanews.com\/?s={search_term_string}\"},\"query-input\":{\"@type\":\"PropertyValueSpecification\",\"valueRequired\":true,\"valueName\":\"search_term_string\"}}],\"inLanguage\":\"pt-BR\"},{\"@type\":\"Person\",\"@id\":\"https:\/\/www.gaveanews.com\/#\/schema\/person\/714c67050b836198af2450ba1c142a67\",\"name\":\"Let\u00edcia Gerheim\",\"image\":{\"@type\":\"ImageObject\",\"inLanguage\":\"pt-BR\",\"@id\":\"https:\/\/www.gaveanews.com\/#\/schema\/person\/image\/\",\"url\":\"https:\/\/secure.gravatar.com\/avatar\/60734739c50fcebfbac509e2a826ccd0ff405c019bc73aab9354f19ecad1dcb4?s=96&d=mm&r=g\",\"contentUrl\":\"https:\/\/secure.gravatar.com\/avatar\/60734739c50fcebfbac509e2a826ccd0ff405c019bc73aab9354f19ecad1dcb4?s=96&d=mm&r=g\",\"caption\":\"Let\u00edcia Gerheim\"}}]}<\/script>\n<!-- \/ Yoast SEO Premium plugin. -->","yoast_head_json":{"title":"Rodinei fala sobre rela\u00e7\u00e3o com Vidal no Flamengo e apelido de \"Avi\u00e3o\"","robots":{"index":"index","follow":"follow","max-snippet":"max-snippet:-1","max-image-preview":"max-image-preview:large","max-video-preview":"max-video-preview:-1"},"canonical":"https:\/\/www.gaveanews.com\/index.php\/2022\/08\/03\/rodinei-fala-sobre-relacao-com-vidal-no-flamengo-e-apelido-de-aviao\/","og_locale":"pt_BR","og_type":"article","og_title":"Rodinei fala sobre rela\u00e7\u00e3o com Vidal no Flamengo e apelido de \"Avi\u00e3o\"","og_description":"Rodinei tem feito bons jogos pelo Flamengo sob o comando de Dorival J\u00fanior e vem arrancando elogios da torcida rubro-negra. Uma das pessoas que elogiou o lateral-direito foi Arturo Vidal. Logo no primeiro jogo que assistiu no Maracan\u00e3, o chileno exaltou o defensor e o apelidou de &#8220;Avi\u00e3o&#8221;. Depois de mais uma grande atua\u00e7\u00e3o, n\u00e3o [&hellip;]","og_url":"https:\/\/www.gaveanews.com\/index.php\/2022\/08\/03\/rodinei-fala-sobre-relacao-com-vidal-no-flamengo-e-apelido-de-aviao\/","og_site_name":"G\u00e1vea News","article_publisher":"https:\/\/facebook.com\/gaveaNews\/","article_published_time":"2022-08-03T17:13:48+00:00","article_modified_time":"2022-08-03T17:13:50+00:00","og_image":[{"width":799,"height":533,"url":"https:\/\/www.gaveanews.com\/wp-content\/uploads\/Arrascaeta-Rodinei-e-Arturo-Vidal-comemoram-gol-do-Flamengo-contra-o-Avai.webp","type":"image\/jpeg"}],"author":"Let\u00edcia Gerheim","twitter_card":"summary_large_image","twitter_misc":{"Escrito por":"Let\u00edcia Gerheim","Est. tempo de leitura":"2 minutos"},"schema":{"@context":"https:\/\/schema.org","@graph":[{"@type":"NewsArticle","@id":"https:\/\/www.gaveanews.com\/index.php\/2022\/08\/03\/rodinei-fala-sobre-relacao-com-vidal-no-flamengo-e-apelido-de-aviao\/#article","isPartOf":{"@id":"https:\/\/www.gaveanews.com\/index.php\/2022\/08\/03\/rodinei-fala-sobre-relacao-com-vidal-no-flamengo-e-apelido-de-aviao\/"},"author":{"name":"Let\u00edcia Gerheim","@id":"https:\/\/www.gaveanews.com\/#\/schema\/person\/714c67050b836198af2450ba1c142a67"},"headline":"Rodinei fala sobre rela\u00e7\u00e3o com Vidal no Flamengo e apelido de &#8220;Avi\u00e3o&#8221;","datePublished":"2022-08-03T17:13:48+00:00","dateModified":"2022-08-03T17:13:50+00:00","mainEntityOfPage":{"@id":"https:\/\/www.gaveanews.com\/index.php\/2022\/08\/03\/rodinei-fala-sobre-relacao-com-vidal-no-flamengo-e-apelido-de-aviao\/"},"wordCount":288,"commentCount":0,"image":{"@id":"https:\/\/www.gaveanews.com\/index.php\/2022\/08\/03\/rodinei-fala-sobre-relacao-com-vidal-no-flamengo-e-apelido-de-aviao\/#primaryimage"},"thumbnailUrl":"https:\/\/www.gaveanews.com\/wp-content\/uploads\/Arrascaeta-Rodinei-e-Arturo-Vidal-comemoram-gol-do-Flamengo-contra-o-Avai.webp","articleSection":["Flamengo"],"inLanguage":"pt-BR","potentialAction":[{"@type":"CommentAction","name":"Comment","target":["https:\/\/www.gaveanews.com\/index.php\/2022\/08\/03\/rodinei-fala-sobre-relacao-com-vidal-no-flamengo-e-apelido-de-aviao\/#respond"]}],"copyrightYear":"2022","copyrightHolder":{"@id":"https:\/\/www.gaveanews.com\/#organization"}},{"@type":"WebPage","@id":"https:\/\/www.gaveanews.com\/index.php\/2022\/08\/03\/rodinei-fala-sobre-relacao-com-vidal-no-flamengo-e-apelido-de-aviao\/","url":"https:\/\/www.gaveanews.com\/index.php\/2022\/08\/03\/rodinei-fala-sobre-relacao-com-vidal-no-flamengo-e-apelido-de-aviao\/","name":"Rodinei fala sobre rela\u00e7\u00e3o com Vidal no Flamengo e apelido de \"Avi\u00e3o\"","isPartOf":{"@id":"https:\/\/www.gaveanews.com\/#website"},"primaryImageOfPage":{"@id":"https:\/\/www.gaveanews.com\/index.php\/2022\/08\/03\/rodinei-fala-sobre-relacao-com-vidal-no-flamengo-e-apelido-de-aviao\/#primaryimage"},"image":{"@id":"https:\/\/www.gaveanews.com\/index.php\/2022\/08\/03\/rodinei-fala-sobre-relacao-com-vidal-no-flamengo-e-apelido-de-aviao\/#primaryimage"},"thumbnailUrl":"https:\/\/www.gaveanews.com\/wp-content\/uploads\/Arrascaeta-Rodinei-e-Arturo-Vidal-comemoram-gol-do-Flamengo-contra-o-Avai.webp","datePublished":"2022-08-03T17:13:48+00:00","dateModified":"2022-08-03T17:13:50+00:00","author":{"@id":"https:\/\/www.gaveanews.com\/#\/schema\/person\/714c67050b836198af2450ba1c142a67"},"breadcrumb":{"@id":"https:\/\/www.gaveanews.com\/index.php\/2022\/08\/03\/rodinei-fala-sobre-relacao-com-vidal-no-flamengo-e-apelido-de-aviao\/#breadcrumb"},"inLanguage":"pt-BR","potentialAction":[{"@type":"ReadAction","target":["https:\/\/www.gaveanews.com\/index.php\/2022\/08\/03\/rodinei-fala-sobre-relacao-com-vidal-no-flamengo-e-apelido-de-aviao\/"]}]},{"@type":"ImageObject","inLanguage":"pt-BR","@id":"https:\/\/www.gaveanews.com\/index.php\/2022\/08\/03\/rodinei-fala-sobre-relacao-com-vidal-no-flamengo-e-apelido-de-aviao\/#primaryimage","url":"https:\/\/www.gaveanews.com\/wp-content\/uploads\/Arrascaeta-Rodinei-e-Arturo-Vidal-comemoram-gol-do-Flamengo-contra-o-Avai.webp","contentUrl":"https:\/\/www.gaveanews.com\/wp-content\/uploads\/Arrascaeta-Rodinei-e-Arturo-Vidal-comemoram-gol-do-Flamengo-contra-o-Avai.webp","width":799,"height":533,"caption":"Arrascaeta, Rodinei e Arturo Vidal comemoram gol do Flamengo contra o Ava\u00ed (Foto: Gilvan de Suoza\/Flamengo)"},{"@type":"BreadcrumbList","@id":"https:\/\/www.gaveanews.com\/index.php\/2022\/08\/03\/rodinei-fala-sobre-relacao-com-vidal-no-flamengo-e-apelido-de-aviao\/#breadcrumb","itemListElement":[{"@type":"ListItem","position":1,"name":"Home","item":"https:\/\/www.gaveanews.com\/"},{"@type":"ListItem","position":2,"name":"Rodinei fala sobre rela\u00e7\u00e3o com Vidal no Flamengo e apelido de &#8220;Avi\u00e3o&#8221;"}]},{"@type":"WebSite","@id":"https:\/\/www.gaveanews.com\/#website","url":"https:\/\/www.gaveanews.com\/","name":"G\u00e1vea News","description":"Veja todas as not\u00edcias sobre o Flamengo: Contrata\u00e7\u00f5es, categorias de base, resultados das partidas, tabela de classifica\u00e7\u00e3o, pr\u00f3ximos jogos!","potentialAction":[{"@type":"SearchAction","target":{"@type":"EntryPoint","urlTemplate":"https:\/\/www.gaveanews.com\/?s={search_term_string}"},"query-input":{"@type":"PropertyValueSpecification","valueRequired":true,"valueName":"search_term_string"}}],"inLanguage":"pt-BR"},{"@type":"Person","@id":"https:\/\/www.gaveanews.com\/#\/schema\/person\/714c67050b836198af2450ba1c142a67","name":"Let\u00edcia Gerheim","image":{"@type":"ImageObject","inLanguage":"pt-BR","@id":"https:\/\/www.gaveanews.com\/#\/schema\/person\/image\/","url":"https:\/\/secure.gravatar.com\/avatar\/60734739c50fcebfbac509e2a826ccd0ff405c019bc73aab9354f19ecad1dcb4?s=96&d=mm&r=g","contentUrl":"https:\/\/secure.gravatar.com\/avatar\/60734739c50fcebfbac509e2a826ccd0ff405c019bc73aab9354f19ecad1dcb4?s=96&d=mm&r=g","caption":"Let\u00edcia Gerheim"}}]}},"_links":{"self":[{"href":"https:\/\/www.gaveanews.com\/index.php\/wp-json\/wp\/v2\/posts\/85524","targetHints":{"allow":["GET"]}}],"collection":[{"href":"https:\/\/www.gaveanews.com\/index.php\/wp-json\/wp\/v2\/posts"}],"about":[{"href":"https:\/\/www.gaveanews.com\/index.php\/wp-json\/wp\/v2\/types\/post"}],"author":[{"embeddable":true,"href":"https:\/\/www.gaveanews.com\/index.php\/wp-json\/wp\/v2\/users\/4"}],"replies":[{"embeddable":true,"href":"https:\/\/www.gaveanews.com\/index.php\/wp-json\/wp\/v2\/comments?post=85524"}],"version-history":[{"count":0,"href":"https:\/\/www.gaveanews.com\/index.php\/wp-json\/wp\/v2\/posts\/85524\/revisions"}],"wp:featuredmedia":[{"embeddable":true,"href":"https:\/\/www.gaveanews.com\/index.php\/wp-json\/wp\/v2\/media\/85153"}],"wp:attachment":[{"href":"https:\/\/www.gaveanews.com\/index.php\/wp-json\/wp\/v2\/media?parent=85524"}],"wp:term":[{"taxonomy":"category","embeddable":true,"href":"https:\/\/www.gaveanews.com\/index.php\/wp-json\/wp\/v2\/categories?post=85524"},{"taxonomy":"post_tag","embeddable":true,"href":"https:\/\/www.gaveanews.com\/index.php\/wp-json\/wp\/v2\/tags?post=85524"}],"curies":[{"name":"wp","href":"https:\/\/api.w.org\/{rel}","templated":true}]}}