{"id":85553,"date":"2022-08-04T13:26:32","date_gmt":"2022-08-04T16:26:32","guid":{"rendered":"https:\/\/www.gaveanews.com\/?p=85553"},"modified":"2022-08-04T13:29:26","modified_gmt":"2022-08-04T16:29:26","slug":"marcos-braz-do-flamengo-fala-sobre-a-situacao-de-oscar","status":"publish","type":"post","link":"https:\/\/www.gaveanews.com\/index.php\/2022\/08\/04\/marcos-braz-do-flamengo-fala-sobre-a-situacao-de-oscar\/","title":{"rendered":"Marcos Braz, do Flamengo, fala sobre a situa\u00e7\u00e3o de Oscar"},"content":{"rendered":"\n<p>Ap\u00f3s a apresenta\u00e7\u00e3o de Pulgar, Marcos Braz e Bruno Spindel entraram em a\u00e7\u00e3o para falar dos pr\u00f3ximos passos do Flamengo no mercado. O meia Oscar, em vias de deixar o Shanghai, foi tema principal da coletiva.<\/p>\n\n\n\n<p><em>\u2014 Temos uma situa\u00e7\u00e3o em rela\u00e7\u00e3o ao Oscar. Deixar claro que ainda n\u00e3o tem nada. O Flamengo jamais teve qualquer negocia\u00e7\u00e3o com o clube chin\u00eas. O Flamengo respeita o Shanghai e muito. A gente respeita a hist\u00f3ria do Oscar no Shanghai. Chegou l\u00e1 em 2017. Ele tem uma hist\u00f3ria com o clube e \u00e9 \u00eddolo das crian\u00e7as chinesas que moram em Shangai. O Flamengo respeita isso. E por respeitar e por estar sempre atento a isso, o Flamengo vai aguardar at\u00e9 onde se achar confort\u00e1vel e poss\u00edvel para que se tenha a libera\u00e7\u00e3o, para que possamos definir a contrata\u00e7\u00e3o. Ainda n\u00e3o tem nada, o jogador nem sequer tem a libera\u00e7\u00e3o para treinar. Isso at\u00e9 o momento que sentei nessa cadeira.<\/em><\/p>\n\n\n\n<p><em>\u2014 A gente espera que dentro do mais pr\u00f3ximo poss\u00edvel a gente resolva isso para que a gente possa tentar a contrata\u00e7\u00e3o de um jogador que tamb\u00e9m dispensa coment\u00e1rios. Jogador de Premier League e bem acima da m\u00e9dia no futebol brasileiro.<\/em><\/p>\n\n\n\n<p>Retirado de: Globo Esporte<\/p>\n","protected":false},"excerpt":{"rendered":"<p>Ap\u00f3s a apresenta\u00e7\u00e3o de Pulgar, Marcos Braz e Bruno Spindel entraram em a\u00e7\u00e3o para falar dos pr\u00f3ximos passos do Flamengo no mercado. O meia Oscar, em vias de deixar o Shanghai, foi tema principal da coletiva. \u2014 Temos uma situa\u00e7\u00e3o em rela\u00e7\u00e3o ao Oscar. Deixar claro que ainda n\u00e3o tem nada. O Flamengo jamais teve [&hellip;]<\/p>\n","protected":false},"author":1,"featured_media":85514,"comment_status":"open","ping_status":"closed","sticky":false,"template":"","format":"standard","meta":{"footnotes":""},"categories":[1],"tags":[],"class_list":["post-85553","post","type-post","status-publish","format-standard","has-post-thumbnail","hentry","category-flamengo"],"yoast_head":"<!-- This site is optimized with the Yoast SEO Premium plugin v24.2 (Yoast SEO v26.9) - https:\/\/yoast.com\/product\/yoast-seo-premium-wordpress\/ -->\n<title>Marcos Braz, do Flamengo, fala sobre a situa\u00e7\u00e3o de Oscar<\/title>\n<meta name=\"robots\" content=\"index, follow, max-snippet:-1, max-image-preview:large, max-video-preview:-1\" \/>\n<link rel=\"canonical\" href=\"https:\/\/www.gaveanews.com\/index.php\/2022\/08\/04\/marcos-braz-do-flamengo-fala-sobre-a-situacao-de-oscar\/\" \/>\n<meta property=\"og:locale\" content=\"pt_BR\" \/>\n<meta property=\"og:type\" content=\"article\" \/>\n<meta property=\"og:title\" content=\"Marcos Braz, do Flamengo, fala sobre a situa\u00e7\u00e3o de Oscar\" \/>\n<meta property=\"og:description\" content=\"Ap\u00f3s a apresenta\u00e7\u00e3o de Pulgar, Marcos Braz e Bruno Spindel entraram em a\u00e7\u00e3o para falar dos pr\u00f3ximos passos do Flamengo no mercado. O meia Oscar, em vias de deixar o Shanghai, foi tema principal da coletiva. \u2014 Temos uma situa\u00e7\u00e3o em rela\u00e7\u00e3o ao Oscar. Deixar claro que ainda n\u00e3o tem nada. O Flamengo jamais teve [&hellip;]\" \/>\n<meta property=\"og:url\" content=\"https:\/\/www.gaveanews.com\/index.php\/2022\/08\/04\/marcos-braz-do-flamengo-fala-sobre-a-situacao-de-oscar\/\" \/>\n<meta property=\"og:site_name\" content=\"G\u00e1vea News\" \/>\n<meta property=\"article:publisher\" content=\"https:\/\/facebook.com\/gaveaNews\/\" \/>\n<meta property=\"article:published_time\" content=\"2022-08-04T16:26:32+00:00\" \/>\n<meta property=\"article:modified_time\" content=\"2022-08-04T16:29:26+00:00\" \/>\n<meta property=\"og:image\" content=\"https:\/\/www.gaveanews.com\/wp-content\/uploads\/oscar.webp\" \/>\n\t<meta property=\"og:image:width\" content=\"1000\" \/>\n\t<meta property=\"og:image:height\" content=\"667\" \/>\n\t<meta property=\"og:image:type\" content=\"image\/webp\" \/>\n<meta name=\"author\" content=\"Equipe G\u00e1vea News\" \/>\n<meta name=\"twitter:card\" content=\"summary_large_image\" \/>\n<meta name=\"twitter:label1\" content=\"Escrito por\" \/>\n\t<meta name=\"twitter:data1\" content=\"Equipe G\u00e1vea News\" \/>\n\t<meta name=\"twitter:label2\" content=\"Est. tempo de leitura\" \/>\n\t<meta name=\"twitter:data2\" content=\"2 minutos\" \/>\n<script type=\"application\/ld+json\" class=\"yoast-schema-graph\">{\"@context\":\"https:\/\/schema.org\",\"@graph\":[{\"@type\":\"NewsArticle\",\"@id\":\"https:\/\/www.gaveanews.com\/index.php\/2022\/08\/04\/marcos-braz-do-flamengo-fala-sobre-a-situacao-de-oscar\/#article\",\"isPartOf\":{\"@id\":\"https:\/\/www.gaveanews.com\/index.php\/2022\/08\/04\/marcos-braz-do-flamengo-fala-sobre-a-situacao-de-oscar\/\"},\"author\":{\"name\":\"Equipe G\u00e1vea News\",\"@id\":\"https:\/\/www.gaveanews.com\/#\/schema\/person\/2ec14f73fb96be2caf28f91afb14749d\"},\"headline\":\"Marcos Braz, do Flamengo, fala sobre a situa\u00e7\u00e3o de Oscar\",\"datePublished\":\"2022-08-04T16:26:32+00:00\",\"dateModified\":\"2022-08-04T16:29:26+00:00\",\"mainEntityOfPage\":{\"@id\":\"https:\/\/www.gaveanews.com\/index.php\/2022\/08\/04\/marcos-braz-do-flamengo-fala-sobre-a-situacao-de-oscar\/\"},\"wordCount\":232,\"commentCount\":0,\"image\":{\"@id\":\"https:\/\/www.gaveanews.com\/index.php\/2022\/08\/04\/marcos-braz-do-flamengo-fala-sobre-a-situacao-de-oscar\/#primaryimage\"},\"thumbnailUrl\":\"https:\/\/www.gaveanews.com\/wp-content\/uploads\/oscar.webp\",\"articleSection\":[\"Flamengo\"],\"inLanguage\":\"pt-BR\",\"potentialAction\":[{\"@type\":\"CommentAction\",\"name\":\"Comment\",\"target\":[\"https:\/\/www.gaveanews.com\/index.php\/2022\/08\/04\/marcos-braz-do-flamengo-fala-sobre-a-situacao-de-oscar\/#respond\"]}],\"copyrightYear\":\"2022\",\"copyrightHolder\":{\"@id\":\"https:\/\/www.gaveanews.com\/#organization\"}},{\"@type\":\"WebPage\",\"@id\":\"https:\/\/www.gaveanews.com\/index.php\/2022\/08\/04\/marcos-braz-do-flamengo-fala-sobre-a-situacao-de-oscar\/\",\"url\":\"https:\/\/www.gaveanews.com\/index.php\/2022\/08\/04\/marcos-braz-do-flamengo-fala-sobre-a-situacao-de-oscar\/\",\"name\":\"Marcos Braz, do Flamengo, fala sobre a situa\u00e7\u00e3o de Oscar\",\"isPartOf\":{\"@id\":\"https:\/\/www.gaveanews.com\/#website\"},\"primaryImageOfPage\":{\"@id\":\"https:\/\/www.gaveanews.com\/index.php\/2022\/08\/04\/marcos-braz-do-flamengo-fala-sobre-a-situacao-de-oscar\/#primaryimage\"},\"image\":{\"@id\":\"https:\/\/www.gaveanews.com\/index.php\/2022\/08\/04\/marcos-braz-do-flamengo-fala-sobre-a-situacao-de-oscar\/#primaryimage\"},\"thumbnailUrl\":\"https:\/\/www.gaveanews.com\/wp-content\/uploads\/oscar.webp\",\"datePublished\":\"2022-08-04T16:26:32+00:00\",\"dateModified\":\"2022-08-04T16:29:26+00:00\",\"author\":{\"@id\":\"https:\/\/www.gaveanews.com\/#\/schema\/person\/2ec14f73fb96be2caf28f91afb14749d\"},\"breadcrumb\":{\"@id\":\"https:\/\/www.gaveanews.com\/index.php\/2022\/08\/04\/marcos-braz-do-flamengo-fala-sobre-a-situacao-de-oscar\/#breadcrumb\"},\"inLanguage\":\"pt-BR\",\"potentialAction\":[{\"@type\":\"ReadAction\",\"target\":[\"https:\/\/www.gaveanews.com\/index.php\/2022\/08\/04\/marcos-braz-do-flamengo-fala-sobre-a-situacao-de-oscar\/\"]}]},{\"@type\":\"ImageObject\",\"inLanguage\":\"pt-BR\",\"@id\":\"https:\/\/www.gaveanews.com\/index.php\/2022\/08\/04\/marcos-braz-do-flamengo-fala-sobre-a-situacao-de-oscar\/#primaryimage\",\"url\":\"https:\/\/www.gaveanews.com\/wp-content\/uploads\/oscar.webp\",\"contentUrl\":\"https:\/\/www.gaveanews.com\/wp-content\/uploads\/oscar.webp\",\"width\":1000,\"height\":667,\"caption\":\"Oscar, meia do Shanghai Port (Foto: Getty Images)\"},{\"@type\":\"BreadcrumbList\",\"@id\":\"https:\/\/www.gaveanews.com\/index.php\/2022\/08\/04\/marcos-braz-do-flamengo-fala-sobre-a-situacao-de-oscar\/#breadcrumb\",\"itemListElement\":[{\"@type\":\"ListItem\",\"position\":1,\"name\":\"Home\",\"item\":\"https:\/\/www.gaveanews.com\/\"},{\"@type\":\"ListItem\",\"position\":2,\"name\":\"Marcos Braz, do Flamengo, fala sobre a situa\u00e7\u00e3o de Oscar\"}]},{\"@type\":\"WebSite\",\"@id\":\"https:\/\/www.gaveanews.com\/#website\",\"url\":\"https:\/\/www.gaveanews.com\/\",\"name\":\"G\u00e1vea News\",\"description\":\"Veja todas as not\u00edcias sobre o Flamengo: Contrata\u00e7\u00f5es, categorias de base, resultados das partidas, tabela de classifica\u00e7\u00e3o, pr\u00f3ximos jogos!\",\"potentialAction\":[{\"@type\":\"SearchAction\",\"target\":{\"@type\":\"EntryPoint\",\"urlTemplate\":\"https:\/\/www.gaveanews.com\/?s={search_term_string}\"},\"query-input\":{\"@type\":\"PropertyValueSpecification\",\"valueRequired\":true,\"valueName\":\"search_term_string\"}}],\"inLanguage\":\"pt-BR\"},{\"@type\":\"Person\",\"@id\":\"https:\/\/www.gaveanews.com\/#\/schema\/person\/2ec14f73fb96be2caf28f91afb14749d\",\"name\":\"Equipe G\u00e1vea News\",\"image\":{\"@type\":\"ImageObject\",\"inLanguage\":\"pt-BR\",\"@id\":\"https:\/\/www.gaveanews.com\/#\/schema\/person\/image\/\",\"url\":\"https:\/\/secure.gravatar.com\/avatar\/1e1956f1facbffd3f8fa53a326721950116b3b9dc9bd44939c01180fd4a745a9?s=96&d=mm&r=g\",\"contentUrl\":\"https:\/\/secure.gravatar.com\/avatar\/1e1956f1facbffd3f8fa53a326721950116b3b9dc9bd44939c01180fd4a745a9?s=96&d=mm&r=g\",\"caption\":\"Equipe G\u00e1vea News\"}}]}<\/script>\n<!-- \/ Yoast SEO Premium plugin. -->","yoast_head_json":{"title":"Marcos Braz, do Flamengo, fala sobre a situa\u00e7\u00e3o de Oscar","robots":{"index":"index","follow":"follow","max-snippet":"max-snippet:-1","max-image-preview":"max-image-preview:large","max-video-preview":"max-video-preview:-1"},"canonical":"https:\/\/www.gaveanews.com\/index.php\/2022\/08\/04\/marcos-braz-do-flamengo-fala-sobre-a-situacao-de-oscar\/","og_locale":"pt_BR","og_type":"article","og_title":"Marcos Braz, do Flamengo, fala sobre a situa\u00e7\u00e3o de Oscar","og_description":"Ap\u00f3s a apresenta\u00e7\u00e3o de Pulgar, Marcos Braz e Bruno Spindel entraram em a\u00e7\u00e3o para falar dos pr\u00f3ximos passos do Flamengo no mercado. O meia Oscar, em vias de deixar o Shanghai, foi tema principal da coletiva. \u2014 Temos uma situa\u00e7\u00e3o em rela\u00e7\u00e3o ao Oscar. Deixar claro que ainda n\u00e3o tem nada. O Flamengo jamais teve [&hellip;]","og_url":"https:\/\/www.gaveanews.com\/index.php\/2022\/08\/04\/marcos-braz-do-flamengo-fala-sobre-a-situacao-de-oscar\/","og_site_name":"G\u00e1vea News","article_publisher":"https:\/\/facebook.com\/gaveaNews\/","article_published_time":"2022-08-04T16:26:32+00:00","article_modified_time":"2022-08-04T16:29:26+00:00","og_image":[{"width":1000,"height":667,"url":"https:\/\/www.gaveanews.com\/wp-content\/uploads\/oscar.webp","type":"image\/webp"}],"author":"Equipe G\u00e1vea News","twitter_card":"summary_large_image","twitter_misc":{"Escrito por":"Equipe G\u00e1vea News","Est. tempo de leitura":"2 minutos"},"schema":{"@context":"https:\/\/schema.org","@graph":[{"@type":"NewsArticle","@id":"https:\/\/www.gaveanews.com\/index.php\/2022\/08\/04\/marcos-braz-do-flamengo-fala-sobre-a-situacao-de-oscar\/#article","isPartOf":{"@id":"https:\/\/www.gaveanews.com\/index.php\/2022\/08\/04\/marcos-braz-do-flamengo-fala-sobre-a-situacao-de-oscar\/"},"author":{"name":"Equipe G\u00e1vea News","@id":"https:\/\/www.gaveanews.com\/#\/schema\/person\/2ec14f73fb96be2caf28f91afb14749d"},"headline":"Marcos Braz, do Flamengo, fala sobre a situa\u00e7\u00e3o de Oscar","datePublished":"2022-08-04T16:26:32+00:00","dateModified":"2022-08-04T16:29:26+00:00","mainEntityOfPage":{"@id":"https:\/\/www.gaveanews.com\/index.php\/2022\/08\/04\/marcos-braz-do-flamengo-fala-sobre-a-situacao-de-oscar\/"},"wordCount":232,"commentCount":0,"image":{"@id":"https:\/\/www.gaveanews.com\/index.php\/2022\/08\/04\/marcos-braz-do-flamengo-fala-sobre-a-situacao-de-oscar\/#primaryimage"},"thumbnailUrl":"https:\/\/www.gaveanews.com\/wp-content\/uploads\/oscar.webp","articleSection":["Flamengo"],"inLanguage":"pt-BR","potentialAction":[{"@type":"CommentAction","name":"Comment","target":["https:\/\/www.gaveanews.com\/index.php\/2022\/08\/04\/marcos-braz-do-flamengo-fala-sobre-a-situacao-de-oscar\/#respond"]}],"copyrightYear":"2022","copyrightHolder":{"@id":"https:\/\/www.gaveanews.com\/#organization"}},{"@type":"WebPage","@id":"https:\/\/www.gaveanews.com\/index.php\/2022\/08\/04\/marcos-braz-do-flamengo-fala-sobre-a-situacao-de-oscar\/","url":"https:\/\/www.gaveanews.com\/index.php\/2022\/08\/04\/marcos-braz-do-flamengo-fala-sobre-a-situacao-de-oscar\/","name":"Marcos Braz, do Flamengo, fala sobre a situa\u00e7\u00e3o de Oscar","isPartOf":{"@id":"https:\/\/www.gaveanews.com\/#website"},"primaryImageOfPage":{"@id":"https:\/\/www.gaveanews.com\/index.php\/2022\/08\/04\/marcos-braz-do-flamengo-fala-sobre-a-situacao-de-oscar\/#primaryimage"},"image":{"@id":"https:\/\/www.gaveanews.com\/index.php\/2022\/08\/04\/marcos-braz-do-flamengo-fala-sobre-a-situacao-de-oscar\/#primaryimage"},"thumbnailUrl":"https:\/\/www.gaveanews.com\/wp-content\/uploads\/oscar.webp","datePublished":"2022-08-04T16:26:32+00:00","dateModified":"2022-08-04T16:29:26+00:00","author":{"@id":"https:\/\/www.gaveanews.com\/#\/schema\/person\/2ec14f73fb96be2caf28f91afb14749d"},"breadcrumb":{"@id":"https:\/\/www.gaveanews.com\/index.php\/2022\/08\/04\/marcos-braz-do-flamengo-fala-sobre-a-situacao-de-oscar\/#breadcrumb"},"inLanguage":"pt-BR","potentialAction":[{"@type":"ReadAction","target":["https:\/\/www.gaveanews.com\/index.php\/2022\/08\/04\/marcos-braz-do-flamengo-fala-sobre-a-situacao-de-oscar\/"]}]},{"@type":"ImageObject","inLanguage":"pt-BR","@id":"https:\/\/www.gaveanews.com\/index.php\/2022\/08\/04\/marcos-braz-do-flamengo-fala-sobre-a-situacao-de-oscar\/#primaryimage","url":"https:\/\/www.gaveanews.com\/wp-content\/uploads\/oscar.webp","contentUrl":"https:\/\/www.gaveanews.com\/wp-content\/uploads\/oscar.webp","width":1000,"height":667,"caption":"Oscar, meia do Shanghai Port (Foto: Getty Images)"},{"@type":"BreadcrumbList","@id":"https:\/\/www.gaveanews.com\/index.php\/2022\/08\/04\/marcos-braz-do-flamengo-fala-sobre-a-situacao-de-oscar\/#breadcrumb","itemListElement":[{"@type":"ListItem","position":1,"name":"Home","item":"https:\/\/www.gaveanews.com\/"},{"@type":"ListItem","position":2,"name":"Marcos Braz, do Flamengo, fala sobre a situa\u00e7\u00e3o de Oscar"}]},{"@type":"WebSite","@id":"https:\/\/www.gaveanews.com\/#website","url":"https:\/\/www.gaveanews.com\/","name":"G\u00e1vea News","description":"Veja todas as not\u00edcias sobre o Flamengo: Contrata\u00e7\u00f5es, categorias de base, resultados das partidas, tabela de classifica\u00e7\u00e3o, pr\u00f3ximos jogos!","potentialAction":[{"@type":"SearchAction","target":{"@type":"EntryPoint","urlTemplate":"https:\/\/www.gaveanews.com\/?s={search_term_string}"},"query-input":{"@type":"PropertyValueSpecification","valueRequired":true,"valueName":"search_term_string"}}],"inLanguage":"pt-BR"},{"@type":"Person","@id":"https:\/\/www.gaveanews.com\/#\/schema\/person\/2ec14f73fb96be2caf28f91afb14749d","name":"Equipe G\u00e1vea News","image":{"@type":"ImageObject","inLanguage":"pt-BR","@id":"https:\/\/www.gaveanews.com\/#\/schema\/person\/image\/","url":"https:\/\/secure.gravatar.com\/avatar\/1e1956f1facbffd3f8fa53a326721950116b3b9dc9bd44939c01180fd4a745a9?s=96&d=mm&r=g","contentUrl":"https:\/\/secure.gravatar.com\/avatar\/1e1956f1facbffd3f8fa53a326721950116b3b9dc9bd44939c01180fd4a745a9?s=96&d=mm&r=g","caption":"Equipe G\u00e1vea News"}}]}},"_links":{"self":[{"href":"https:\/\/www.gaveanews.com\/index.php\/wp-json\/wp\/v2\/posts\/85553","targetHints":{"allow":["GET"]}}],"collection":[{"href":"https:\/\/www.gaveanews.com\/index.php\/wp-json\/wp\/v2\/posts"}],"about":[{"href":"https:\/\/www.gaveanews.com\/index.php\/wp-json\/wp\/v2\/types\/post"}],"author":[{"embeddable":true,"href":"https:\/\/www.gaveanews.com\/index.php\/wp-json\/wp\/v2\/users\/1"}],"replies":[{"embeddable":true,"href":"https:\/\/www.gaveanews.com\/index.php\/wp-json\/wp\/v2\/comments?post=85553"}],"version-history":[{"count":0,"href":"https:\/\/www.gaveanews.com\/index.php\/wp-json\/wp\/v2\/posts\/85553\/revisions"}],"wp:featuredmedia":[{"embeddable":true,"href":"https:\/\/www.gaveanews.com\/index.php\/wp-json\/wp\/v2\/media\/85514"}],"wp:attachment":[{"href":"https:\/\/www.gaveanews.com\/index.php\/wp-json\/wp\/v2\/media?parent=85553"}],"wp:term":[{"taxonomy":"category","embeddable":true,"href":"https:\/\/www.gaveanews.com\/index.php\/wp-json\/wp\/v2\/categories?post=85553"},{"taxonomy":"post_tag","embeddable":true,"href":"https:\/\/www.gaveanews.com\/index.php\/wp-json\/wp\/v2\/tags?post=85553"}],"curies":[{"name":"wp","href":"https:\/\/api.w.org\/{rel}","templated":true}]}}