{"id":85561,"date":"2022-08-04T15:35:50","date_gmt":"2022-08-04T18:35:50","guid":{"rendered":"https:\/\/www.gaveanews.com\/?p=85561"},"modified":"2022-08-04T15:35:52","modified_gmt":"2022-08-04T18:35:52","slug":"marcos-braz-fala-sobre-a-regularizacao-de-guilhermo-varela-e-minimiza-atrito-com-o-dinamo","status":"publish","type":"post","link":"https:\/\/www.gaveanews.com\/index.php\/2022\/08\/04\/marcos-braz-fala-sobre-a-regularizacao-de-guilhermo-varela-e-minimiza-atrito-com-o-dinamo\/","title":{"rendered":"Marcos Braz fala sobre a regulariza\u00e7\u00e3o de Guilhermo Varela e minimiza atrito com o D\u00ednamo"},"content":{"rendered":"\n<p>O Flamengo entrou forte na atual janela de transfer\u00eancias e garantiu contrata\u00e7\u00f5es de peso. Uma das negocia\u00e7\u00f5es conclu\u00eddas \u00e9 Guilhermo Varela. O uruguaio acionou o dispositivo da Fifa que suspende contratos entre jogadores estrangeiros e clubes de R\u00fassia e Ucr\u00e2nia e teve o caminho livre para vir ao Mais Querido.<\/p>\n\n\n\n<p>Varela chega por meio de empr\u00e9stimo at\u00e9 a metade do ano que vem, quando, inclusive, termina seu contrato com o D\u00ednamo de Moscou, clube russo ao qual pertence. <a href=\"https:\/\/www.gaveanews.com\/index.php\/2022\/07\/28\/dinamo-de-moscou-ameaca-acionar-a-fifa-contra-o-flamengo\/\">A equipe europeia, no entanto, n\u00e3o gostou da movimenta\u00e7\u00e3o do lateral e fez reclama\u00e7\u00f5es, amea\u00e7ando tentar &#8220;brecar&#8221; a contrata\u00e7\u00e3o.<\/a><\/p>\n\n\n\n<p>As tentativas do D\u00ednamo, no entanto, seriam em v\u00e3o, uma vez que a transfer\u00eancia caminhou conforme prev\u00ea o regulamento da Fifa. Sobre o assunto e a relativa demora para que Varela seja regularizado no Flamengo, Marcos Braz afirmou que n\u00e3o h\u00e1 motivos para preocupa\u00e7\u00f5es e a situa\u00e7\u00e3o deve ser resolvida ainda nesta semana.<\/p>\n\n\n\n<p><em>&#8211; Dentro dessa semana acho que tudo vai ser resolvido. N\u00e3o sei nem por que est\u00e1 demorando. O\u00a0Flamengo\u00a0n\u00e3o tem nenhuma rela\u00e7\u00e3o com o D\u00ednamo. O\u00a0Flamengo\u00a0fez uma tratativa com o jogador e com os empres\u00e1rios e as pessoas envolvidas na negocia\u00e7\u00e3o.<\/em><\/p>\n\n\n\n<p>Braz ainda comentou sobre as publica\u00e7\u00f5es do clube russo sobre o caso e debochou das reclama\u00e7\u00f5es feitas sobre a transfer\u00eancia do jogador ao Rubro-Negro. O dirigente declarou tamb\u00e9m que o dispositivo da Fifa pode trazer grandes consequ\u00eancias ao D\u00ednamo.<\/p>\n\n\n\n<p><em>&#8211; O jogador, por livre arb\u00edtrio, acionou um dispositivo da Fifa, dispositivo que chamam dispositivo de guerra. Em fun\u00e7\u00e3o disso, o\u00a0Flamengo\u00a0se sentiu tranquilo em rela\u00e7\u00e3o a fazer essa contrata\u00e7\u00e3o. Parece que, em rede social, tem muito choro l\u00e1 no D\u00ednamo, mas ele n\u00e3o foi nem o primeiro nem o \u00faltimo jogador a acionar esse dispositivo.<\/em><\/p>\n\n\n\n<p><em>&#8211; Acho que analisar esse dispositivo n\u00e3o cabe a mim. \u00c9 um dispositivo at\u00e9 um pouco forte em rela\u00e7\u00e3o \u00e0s consequ\u00eancias para um clube, mas sou dirigente do\u00a0Flamengo, e a gente vai usar sempre os melhores caminhos poss\u00edveis para trazer os melhores jogadores.<\/em><\/p>\n\n\n\n<p><a href=\"https:\/\/www.gaveanews.com\/index.php\/2022\/07\/30\/e-oficial-flamengo-anuncia-contratacao-de-guilhermo-varela\/\">A contrata\u00e7\u00e3o de Guilhermo Varela foi anunciada pelo Flamengo no \u00faltimo s\u00e1bado (30).<\/a> Ap\u00f3s o final do empr\u00e9stimo, o Mais Querido ir\u00e1 oficializar a compra do atleta de 29 anos. O novo v\u00ednculo ter\u00e1 mais dois anos de dura\u00e7\u00e3o. A aquisi\u00e7\u00e3o acontecer\u00e1 nestes moldes devido \u00e0 data do fim de contrato do jogador com o D\u00ednamo de Moscou.<\/p>\n","protected":false},"excerpt":{"rendered":"<p>O Flamengo entrou forte na atual janela de transfer\u00eancias e garantiu contrata\u00e7\u00f5es de peso. Uma das negocia\u00e7\u00f5es conclu\u00eddas \u00e9 Guilhermo Varela. O uruguaio acionou o dispositivo da Fifa que suspende contratos entre jogadores estrangeiros e clubes de R\u00fassia e Ucr\u00e2nia e teve o caminho livre para vir ao Mais Querido. Varela chega por meio de [&hellip;]<\/p>\n","protected":false},"author":4,"featured_media":85562,"comment_status":"open","ping_status":"closed","sticky":false,"template":"","format":"standard","meta":{"footnotes":""},"categories":[1],"tags":[],"class_list":["post-85561","post","type-post","status-publish","format-standard","has-post-thumbnail","hentry","category-flamengo"],"yoast_head":"<!-- This site is optimized with the Yoast SEO Premium plugin v24.2 (Yoast SEO v26.9) - https:\/\/yoast.com\/product\/yoast-seo-premium-wordpress\/ -->\n<title>Marcos Braz fala sobre a regulariza\u00e7\u00e3o de Guilhermo Varela e minimiza atrito com o D\u00ednamo<\/title>\n<meta name=\"robots\" content=\"index, follow, max-snippet:-1, max-image-preview:large, max-video-preview:-1\" \/>\n<link rel=\"canonical\" href=\"https:\/\/www.gaveanews.com\/index.php\/2022\/08\/04\/marcos-braz-fala-sobre-a-regularizacao-de-guilhermo-varela-e-minimiza-atrito-com-o-dinamo\/\" \/>\n<meta property=\"og:locale\" content=\"pt_BR\" \/>\n<meta property=\"og:type\" content=\"article\" \/>\n<meta property=\"og:title\" content=\"Marcos Braz fala sobre a regulariza\u00e7\u00e3o de Guilhermo Varela e minimiza atrito com o D\u00ednamo\" \/>\n<meta property=\"og:description\" content=\"O Flamengo entrou forte na atual janela de transfer\u00eancias e garantiu contrata\u00e7\u00f5es de peso. Uma das negocia\u00e7\u00f5es conclu\u00eddas \u00e9 Guilhermo Varela. O uruguaio acionou o dispositivo da Fifa que suspende contratos entre jogadores estrangeiros e clubes de R\u00fassia e Ucr\u00e2nia e teve o caminho livre para vir ao Mais Querido. Varela chega por meio de [&hellip;]\" \/>\n<meta property=\"og:url\" content=\"https:\/\/www.gaveanews.com\/index.php\/2022\/08\/04\/marcos-braz-fala-sobre-a-regularizacao-de-guilhermo-varela-e-minimiza-atrito-com-o-dinamo\/\" \/>\n<meta property=\"og:site_name\" content=\"G\u00e1vea News\" \/>\n<meta property=\"article:publisher\" content=\"https:\/\/facebook.com\/gaveaNews\/\" \/>\n<meta property=\"article:published_time\" content=\"2022-08-04T18:35:50+00:00\" \/>\n<meta property=\"article:modified_time\" content=\"2022-08-04T18:35:52+00:00\" \/>\n<meta property=\"og:image\" content=\"https:\/\/www.gaveanews.com\/wp-content\/uploads\/Marcos-Braz-em-entrevista-no-CT-do-Flamengo-1.webp\" \/>\n\t<meta property=\"og:image:width\" content=\"799\" \/>\n\t<meta property=\"og:image:height\" content=\"533\" \/>\n\t<meta property=\"og:image:type\" content=\"image\/jpeg\" \/>\n<meta name=\"author\" content=\"Let\u00edcia Gerheim\" \/>\n<meta name=\"twitter:card\" content=\"summary_large_image\" \/>\n<meta name=\"twitter:label1\" content=\"Escrito por\" \/>\n\t<meta name=\"twitter:data1\" content=\"Let\u00edcia Gerheim\" \/>\n\t<meta name=\"twitter:label2\" content=\"Est. tempo de leitura\" \/>\n\t<meta name=\"twitter:data2\" content=\"3 minutos\" \/>\n<script type=\"application\/ld+json\" class=\"yoast-schema-graph\">{\"@context\":\"https:\/\/schema.org\",\"@graph\":[{\"@type\":\"NewsArticle\",\"@id\":\"https:\/\/www.gaveanews.com\/index.php\/2022\/08\/04\/marcos-braz-fala-sobre-a-regularizacao-de-guilhermo-varela-e-minimiza-atrito-com-o-dinamo\/#article\",\"isPartOf\":{\"@id\":\"https:\/\/www.gaveanews.com\/index.php\/2022\/08\/04\/marcos-braz-fala-sobre-a-regularizacao-de-guilhermo-varela-e-minimiza-atrito-com-o-dinamo\/\"},\"author\":{\"name\":\"Let\u00edcia Gerheim\",\"@id\":\"https:\/\/www.gaveanews.com\/#\/schema\/person\/714c67050b836198af2450ba1c142a67\"},\"headline\":\"Marcos Braz fala sobre a regulariza\u00e7\u00e3o de Guilhermo Varela e minimiza atrito com o D\u00ednamo\",\"datePublished\":\"2022-08-04T18:35:50+00:00\",\"dateModified\":\"2022-08-04T18:35:52+00:00\",\"mainEntityOfPage\":{\"@id\":\"https:\/\/www.gaveanews.com\/index.php\/2022\/08\/04\/marcos-braz-fala-sobre-a-regularizacao-de-guilhermo-varela-e-minimiza-atrito-com-o-dinamo\/\"},\"wordCount\":453,\"commentCount\":0,\"image\":{\"@id\":\"https:\/\/www.gaveanews.com\/index.php\/2022\/08\/04\/marcos-braz-fala-sobre-a-regularizacao-de-guilhermo-varela-e-minimiza-atrito-com-o-dinamo\/#primaryimage\"},\"thumbnailUrl\":\"https:\/\/www.gaveanews.com\/wp-content\/uploads\/Marcos-Braz-em-entrevista-no-CT-do-Flamengo-1.webp\",\"articleSection\":[\"Flamengo\"],\"inLanguage\":\"pt-BR\",\"potentialAction\":[{\"@type\":\"CommentAction\",\"name\":\"Comment\",\"target\":[\"https:\/\/www.gaveanews.com\/index.php\/2022\/08\/04\/marcos-braz-fala-sobre-a-regularizacao-de-guilhermo-varela-e-minimiza-atrito-com-o-dinamo\/#respond\"]}],\"copyrightYear\":\"2022\",\"copyrightHolder\":{\"@id\":\"https:\/\/www.gaveanews.com\/#organization\"}},{\"@type\":\"WebPage\",\"@id\":\"https:\/\/www.gaveanews.com\/index.php\/2022\/08\/04\/marcos-braz-fala-sobre-a-regularizacao-de-guilhermo-varela-e-minimiza-atrito-com-o-dinamo\/\",\"url\":\"https:\/\/www.gaveanews.com\/index.php\/2022\/08\/04\/marcos-braz-fala-sobre-a-regularizacao-de-guilhermo-varela-e-minimiza-atrito-com-o-dinamo\/\",\"name\":\"Marcos Braz fala sobre a regulariza\u00e7\u00e3o de Guilhermo Varela e minimiza atrito com o D\u00ednamo\",\"isPartOf\":{\"@id\":\"https:\/\/www.gaveanews.com\/#website\"},\"primaryImageOfPage\":{\"@id\":\"https:\/\/www.gaveanews.com\/index.php\/2022\/08\/04\/marcos-braz-fala-sobre-a-regularizacao-de-guilhermo-varela-e-minimiza-atrito-com-o-dinamo\/#primaryimage\"},\"image\":{\"@id\":\"https:\/\/www.gaveanews.com\/index.php\/2022\/08\/04\/marcos-braz-fala-sobre-a-regularizacao-de-guilhermo-varela-e-minimiza-atrito-com-o-dinamo\/#primaryimage\"},\"thumbnailUrl\":\"https:\/\/www.gaveanews.com\/wp-content\/uploads\/Marcos-Braz-em-entrevista-no-CT-do-Flamengo-1.webp\",\"datePublished\":\"2022-08-04T18:35:50+00:00\",\"dateModified\":\"2022-08-04T18:35:52+00:00\",\"author\":{\"@id\":\"https:\/\/www.gaveanews.com\/#\/schema\/person\/714c67050b836198af2450ba1c142a67\"},\"breadcrumb\":{\"@id\":\"https:\/\/www.gaveanews.com\/index.php\/2022\/08\/04\/marcos-braz-fala-sobre-a-regularizacao-de-guilhermo-varela-e-minimiza-atrito-com-o-dinamo\/#breadcrumb\"},\"inLanguage\":\"pt-BR\",\"potentialAction\":[{\"@type\":\"ReadAction\",\"target\":[\"https:\/\/www.gaveanews.com\/index.php\/2022\/08\/04\/marcos-braz-fala-sobre-a-regularizacao-de-guilhermo-varela-e-minimiza-atrito-com-o-dinamo\/\"]}]},{\"@type\":\"ImageObject\",\"inLanguage\":\"pt-BR\",\"@id\":\"https:\/\/www.gaveanews.com\/index.php\/2022\/08\/04\/marcos-braz-fala-sobre-a-regularizacao-de-guilhermo-varela-e-minimiza-atrito-com-o-dinamo\/#primaryimage\",\"url\":\"https:\/\/www.gaveanews.com\/wp-content\/uploads\/Marcos-Braz-em-entrevista-no-CT-do-Flamengo-1.webp\",\"contentUrl\":\"https:\/\/www.gaveanews.com\/wp-content\/uploads\/Marcos-Braz-em-entrevista-no-CT-do-Flamengo-1.webp\",\"width\":799,\"height\":533,\"caption\":\"Marcos Braz em entrevista no CT do Flamengo (Foto: Gilvan de Souza\/Flamengo)\"},{\"@type\":\"BreadcrumbList\",\"@id\":\"https:\/\/www.gaveanews.com\/index.php\/2022\/08\/04\/marcos-braz-fala-sobre-a-regularizacao-de-guilhermo-varela-e-minimiza-atrito-com-o-dinamo\/#breadcrumb\",\"itemListElement\":[{\"@type\":\"ListItem\",\"position\":1,\"name\":\"Home\",\"item\":\"https:\/\/www.gaveanews.com\/\"},{\"@type\":\"ListItem\",\"position\":2,\"name\":\"Marcos Braz fala sobre a regulariza\u00e7\u00e3o de Guilhermo Varela e minimiza atrito com o D\u00ednamo\"}]},{\"@type\":\"WebSite\",\"@id\":\"https:\/\/www.gaveanews.com\/#website\",\"url\":\"https:\/\/www.gaveanews.com\/\",\"name\":\"G\u00e1vea News\",\"description\":\"Veja todas as not\u00edcias sobre o Flamengo: Contrata\u00e7\u00f5es, categorias de base, resultados das partidas, tabela de classifica\u00e7\u00e3o, pr\u00f3ximos jogos!\",\"potentialAction\":[{\"@type\":\"SearchAction\",\"target\":{\"@type\":\"EntryPoint\",\"urlTemplate\":\"https:\/\/www.gaveanews.com\/?s={search_term_string}\"},\"query-input\":{\"@type\":\"PropertyValueSpecification\",\"valueRequired\":true,\"valueName\":\"search_term_string\"}}],\"inLanguage\":\"pt-BR\"},{\"@type\":\"Person\",\"@id\":\"https:\/\/www.gaveanews.com\/#\/schema\/person\/714c67050b836198af2450ba1c142a67\",\"name\":\"Let\u00edcia Gerheim\",\"image\":{\"@type\":\"ImageObject\",\"inLanguage\":\"pt-BR\",\"@id\":\"https:\/\/www.gaveanews.com\/#\/schema\/person\/image\/\",\"url\":\"https:\/\/secure.gravatar.com\/avatar\/60734739c50fcebfbac509e2a826ccd0ff405c019bc73aab9354f19ecad1dcb4?s=96&d=mm&r=g\",\"contentUrl\":\"https:\/\/secure.gravatar.com\/avatar\/60734739c50fcebfbac509e2a826ccd0ff405c019bc73aab9354f19ecad1dcb4?s=96&d=mm&r=g\",\"caption\":\"Let\u00edcia Gerheim\"}}]}<\/script>\n<!-- \/ Yoast SEO Premium plugin. -->","yoast_head_json":{"title":"Marcos Braz fala sobre a regulariza\u00e7\u00e3o de Guilhermo Varela e minimiza atrito com o D\u00ednamo","robots":{"index":"index","follow":"follow","max-snippet":"max-snippet:-1","max-image-preview":"max-image-preview:large","max-video-preview":"max-video-preview:-1"},"canonical":"https:\/\/www.gaveanews.com\/index.php\/2022\/08\/04\/marcos-braz-fala-sobre-a-regularizacao-de-guilhermo-varela-e-minimiza-atrito-com-o-dinamo\/","og_locale":"pt_BR","og_type":"article","og_title":"Marcos Braz fala sobre a regulariza\u00e7\u00e3o de Guilhermo Varela e minimiza atrito com o D\u00ednamo","og_description":"O Flamengo entrou forte na atual janela de transfer\u00eancias e garantiu contrata\u00e7\u00f5es de peso. Uma das negocia\u00e7\u00f5es conclu\u00eddas \u00e9 Guilhermo Varela. O uruguaio acionou o dispositivo da Fifa que suspende contratos entre jogadores estrangeiros e clubes de R\u00fassia e Ucr\u00e2nia e teve o caminho livre para vir ao Mais Querido. Varela chega por meio de [&hellip;]","og_url":"https:\/\/www.gaveanews.com\/index.php\/2022\/08\/04\/marcos-braz-fala-sobre-a-regularizacao-de-guilhermo-varela-e-minimiza-atrito-com-o-dinamo\/","og_site_name":"G\u00e1vea News","article_publisher":"https:\/\/facebook.com\/gaveaNews\/","article_published_time":"2022-08-04T18:35:50+00:00","article_modified_time":"2022-08-04T18:35:52+00:00","og_image":[{"width":799,"height":533,"url":"https:\/\/www.gaveanews.com\/wp-content\/uploads\/Marcos-Braz-em-entrevista-no-CT-do-Flamengo-1.webp","type":"image\/jpeg"}],"author":"Let\u00edcia Gerheim","twitter_card":"summary_large_image","twitter_misc":{"Escrito por":"Let\u00edcia Gerheim","Est. tempo de leitura":"3 minutos"},"schema":{"@context":"https:\/\/schema.org","@graph":[{"@type":"NewsArticle","@id":"https:\/\/www.gaveanews.com\/index.php\/2022\/08\/04\/marcos-braz-fala-sobre-a-regularizacao-de-guilhermo-varela-e-minimiza-atrito-com-o-dinamo\/#article","isPartOf":{"@id":"https:\/\/www.gaveanews.com\/index.php\/2022\/08\/04\/marcos-braz-fala-sobre-a-regularizacao-de-guilhermo-varela-e-minimiza-atrito-com-o-dinamo\/"},"author":{"name":"Let\u00edcia Gerheim","@id":"https:\/\/www.gaveanews.com\/#\/schema\/person\/714c67050b836198af2450ba1c142a67"},"headline":"Marcos Braz fala sobre a regulariza\u00e7\u00e3o de Guilhermo Varela e minimiza atrito com o D\u00ednamo","datePublished":"2022-08-04T18:35:50+00:00","dateModified":"2022-08-04T18:35:52+00:00","mainEntityOfPage":{"@id":"https:\/\/www.gaveanews.com\/index.php\/2022\/08\/04\/marcos-braz-fala-sobre-a-regularizacao-de-guilhermo-varela-e-minimiza-atrito-com-o-dinamo\/"},"wordCount":453,"commentCount":0,"image":{"@id":"https:\/\/www.gaveanews.com\/index.php\/2022\/08\/04\/marcos-braz-fala-sobre-a-regularizacao-de-guilhermo-varela-e-minimiza-atrito-com-o-dinamo\/#primaryimage"},"thumbnailUrl":"https:\/\/www.gaveanews.com\/wp-content\/uploads\/Marcos-Braz-em-entrevista-no-CT-do-Flamengo-1.webp","articleSection":["Flamengo"],"inLanguage":"pt-BR","potentialAction":[{"@type":"CommentAction","name":"Comment","target":["https:\/\/www.gaveanews.com\/index.php\/2022\/08\/04\/marcos-braz-fala-sobre-a-regularizacao-de-guilhermo-varela-e-minimiza-atrito-com-o-dinamo\/#respond"]}],"copyrightYear":"2022","copyrightHolder":{"@id":"https:\/\/www.gaveanews.com\/#organization"}},{"@type":"WebPage","@id":"https:\/\/www.gaveanews.com\/index.php\/2022\/08\/04\/marcos-braz-fala-sobre-a-regularizacao-de-guilhermo-varela-e-minimiza-atrito-com-o-dinamo\/","url":"https:\/\/www.gaveanews.com\/index.php\/2022\/08\/04\/marcos-braz-fala-sobre-a-regularizacao-de-guilhermo-varela-e-minimiza-atrito-com-o-dinamo\/","name":"Marcos Braz fala sobre a regulariza\u00e7\u00e3o de Guilhermo Varela e minimiza atrito com o D\u00ednamo","isPartOf":{"@id":"https:\/\/www.gaveanews.com\/#website"},"primaryImageOfPage":{"@id":"https:\/\/www.gaveanews.com\/index.php\/2022\/08\/04\/marcos-braz-fala-sobre-a-regularizacao-de-guilhermo-varela-e-minimiza-atrito-com-o-dinamo\/#primaryimage"},"image":{"@id":"https:\/\/www.gaveanews.com\/index.php\/2022\/08\/04\/marcos-braz-fala-sobre-a-regularizacao-de-guilhermo-varela-e-minimiza-atrito-com-o-dinamo\/#primaryimage"},"thumbnailUrl":"https:\/\/www.gaveanews.com\/wp-content\/uploads\/Marcos-Braz-em-entrevista-no-CT-do-Flamengo-1.webp","datePublished":"2022-08-04T18:35:50+00:00","dateModified":"2022-08-04T18:35:52+00:00","author":{"@id":"https:\/\/www.gaveanews.com\/#\/schema\/person\/714c67050b836198af2450ba1c142a67"},"breadcrumb":{"@id":"https:\/\/www.gaveanews.com\/index.php\/2022\/08\/04\/marcos-braz-fala-sobre-a-regularizacao-de-guilhermo-varela-e-minimiza-atrito-com-o-dinamo\/#breadcrumb"},"inLanguage":"pt-BR","potentialAction":[{"@type":"ReadAction","target":["https:\/\/www.gaveanews.com\/index.php\/2022\/08\/04\/marcos-braz-fala-sobre-a-regularizacao-de-guilhermo-varela-e-minimiza-atrito-com-o-dinamo\/"]}]},{"@type":"ImageObject","inLanguage":"pt-BR","@id":"https:\/\/www.gaveanews.com\/index.php\/2022\/08\/04\/marcos-braz-fala-sobre-a-regularizacao-de-guilhermo-varela-e-minimiza-atrito-com-o-dinamo\/#primaryimage","url":"https:\/\/www.gaveanews.com\/wp-content\/uploads\/Marcos-Braz-em-entrevista-no-CT-do-Flamengo-1.webp","contentUrl":"https:\/\/www.gaveanews.com\/wp-content\/uploads\/Marcos-Braz-em-entrevista-no-CT-do-Flamengo-1.webp","width":799,"height":533,"caption":"Marcos Braz em entrevista no CT do Flamengo (Foto: Gilvan de Souza\/Flamengo)"},{"@type":"BreadcrumbList","@id":"https:\/\/www.gaveanews.com\/index.php\/2022\/08\/04\/marcos-braz-fala-sobre-a-regularizacao-de-guilhermo-varela-e-minimiza-atrito-com-o-dinamo\/#breadcrumb","itemListElement":[{"@type":"ListItem","position":1,"name":"Home","item":"https:\/\/www.gaveanews.com\/"},{"@type":"ListItem","position":2,"name":"Marcos Braz fala sobre a regulariza\u00e7\u00e3o de Guilhermo Varela e minimiza atrito com o D\u00ednamo"}]},{"@type":"WebSite","@id":"https:\/\/www.gaveanews.com\/#website","url":"https:\/\/www.gaveanews.com\/","name":"G\u00e1vea News","description":"Veja todas as not\u00edcias sobre o Flamengo: Contrata\u00e7\u00f5es, categorias de base, resultados das partidas, tabela de classifica\u00e7\u00e3o, pr\u00f3ximos jogos!","potentialAction":[{"@type":"SearchAction","target":{"@type":"EntryPoint","urlTemplate":"https:\/\/www.gaveanews.com\/?s={search_term_string}"},"query-input":{"@type":"PropertyValueSpecification","valueRequired":true,"valueName":"search_term_string"}}],"inLanguage":"pt-BR"},{"@type":"Person","@id":"https:\/\/www.gaveanews.com\/#\/schema\/person\/714c67050b836198af2450ba1c142a67","name":"Let\u00edcia Gerheim","image":{"@type":"ImageObject","inLanguage":"pt-BR","@id":"https:\/\/www.gaveanews.com\/#\/schema\/person\/image\/","url":"https:\/\/secure.gravatar.com\/avatar\/60734739c50fcebfbac509e2a826ccd0ff405c019bc73aab9354f19ecad1dcb4?s=96&d=mm&r=g","contentUrl":"https:\/\/secure.gravatar.com\/avatar\/60734739c50fcebfbac509e2a826ccd0ff405c019bc73aab9354f19ecad1dcb4?s=96&d=mm&r=g","caption":"Let\u00edcia Gerheim"}}]}},"_links":{"self":[{"href":"https:\/\/www.gaveanews.com\/index.php\/wp-json\/wp\/v2\/posts\/85561","targetHints":{"allow":["GET"]}}],"collection":[{"href":"https:\/\/www.gaveanews.com\/index.php\/wp-json\/wp\/v2\/posts"}],"about":[{"href":"https:\/\/www.gaveanews.com\/index.php\/wp-json\/wp\/v2\/types\/post"}],"author":[{"embeddable":true,"href":"https:\/\/www.gaveanews.com\/index.php\/wp-json\/wp\/v2\/users\/4"}],"replies":[{"embeddable":true,"href":"https:\/\/www.gaveanews.com\/index.php\/wp-json\/wp\/v2\/comments?post=85561"}],"version-history":[{"count":0,"href":"https:\/\/www.gaveanews.com\/index.php\/wp-json\/wp\/v2\/posts\/85561\/revisions"}],"wp:featuredmedia":[{"embeddable":true,"href":"https:\/\/www.gaveanews.com\/index.php\/wp-json\/wp\/v2\/media\/85562"}],"wp:attachment":[{"href":"https:\/\/www.gaveanews.com\/index.php\/wp-json\/wp\/v2\/media?parent=85561"}],"wp:term":[{"taxonomy":"category","embeddable":true,"href":"https:\/\/www.gaveanews.com\/index.php\/wp-json\/wp\/v2\/categories?post=85561"},{"taxonomy":"post_tag","embeddable":true,"href":"https:\/\/www.gaveanews.com\/index.php\/wp-json\/wp\/v2\/tags?post=85561"}],"curies":[{"name":"wp","href":"https:\/\/api.w.org\/{rel}","templated":true}]}}