{"id":85574,"date":"2022-08-04T18:24:01","date_gmt":"2022-08-04T21:24:01","guid":{"rendered":"https:\/\/www.gaveanews.com\/?p=85574"},"modified":"2022-08-04T18:24:05","modified_gmt":"2022-08-04T21:24:05","slug":"gabigol-reprova-atitude-da-torcida-do-flamengo","status":"publish","type":"post","link":"https:\/\/www.gaveanews.com\/index.php\/2022\/08\/04\/gabigol-reprova-atitude-da-torcida-do-flamengo\/","title":{"rendered":"Gabigol reprova atitude da torcida do Flamengo"},"content":{"rendered":"\n<p>O Flamengo \u00e9 o quinto colocado do Campeonato Brasileiro da S\u00e9rie A com 33 pontos, a nove do l\u00edder. Desde a chegada de Dorival J\u00fanior, o Rubro-Negro vem de quatro vit\u00f3rias consecutivas no Brasileir\u00e3o. Ou seja, somando 12 pontos dos 15 disputados. A evolu\u00e7\u00e3o no desempenho \u00e9 em decorr\u00eancia do investimento que a diretoria vem realizando na busca de refor\u00e7os no mercado.<\/p>\n\n\n\n<p>Um dos destaques do elenco atual \u00e9 o atacante Gabigol, que marcou um dos gols na vit\u00f3ria por 2 a 0 diante do Corinthians disputada na \u00faltima ter\u00e7a-feira (2), em partida de ida v\u00e1lida pela Copa Libertadores, Neo Qu\u00edmica Arena. Diante do resultado conquistado fora de casa, a equipe Rubro-Negra ter\u00e1 maior tranquilidade e o apoio da torcida para buscar a vaga para a pr\u00f3xima fase da competi\u00e7\u00e3o, marcado para a pr\u00f3xima ter\u00e7a-feira (9), no Maracan\u00e3.<\/p>\n\n\n\n<p>Durante entrevista ao canal \u2018Fui Clear???\u2019, divulgada nesta quarta-feira (3), Gabigol revelou que n\u00e3o curte ser vaiado e nem ouvir vaias direcionadas a seus companheiros no est\u00e1dio. Segundo ele, isso n\u00e3o ajuda em nada e \u00e9 at\u00e9 um pouco de ingratid\u00e3o de quem faz isso, diante dos t\u00edtulos conquistados por parte do elenco atual.<\/p>\n\n\n\n<p>\u201cDaqui a pouco, como falei. Problema 0. Vai acontecer de um dia eu sair\u2026 agora os caras v\u00e3o aposentar, v\u00e3o chegar caras novos, mas o que eles fizeram ficam para sempre no clube. A\u00ed voc\u00ea vai para o est\u00e1dio vaiar o cara, p\u00f4. Eu acho que \u00e9 ingratid\u00e3o. (\u2026) \u00c9 por isso que eu acho que no Brasil as pessoas d\u00e3o valor quando param ou quando v\u00e3o embora. (\u2026) O cara t\u00e1 l\u00e1 correndo por voc\u00ea. (\u2026) Eu n\u00e3o consigo entender essas coisas. Eu n\u00e3o consigo entender uma torcida que vai para o est\u00e1dio vaiar o time. Sendo que se eles ajudarem a gente, a gente vai ganhar. (\u2026) A vaia n\u00e3o ajuda em nada (\u2026)\u201d, destacou.<\/p>\n\n\n\n<p>Retirado de: Bola Vip<\/p>\n","protected":false},"excerpt":{"rendered":"<p>O Flamengo \u00e9 o quinto colocado do Campeonato Brasileiro da S\u00e9rie A com 33 pontos, a nove do l\u00edder. Desde a chegada de Dorival J\u00fanior, o Rubro-Negro vem de quatro vit\u00f3rias consecutivas no Brasileir\u00e3o. Ou seja, somando 12 pontos dos 15 disputados. A evolu\u00e7\u00e3o no desempenho \u00e9 em decorr\u00eancia do investimento que a diretoria vem [&hellip;]<\/p>\n","protected":false},"author":1,"featured_media":85462,"comment_status":"open","ping_status":"closed","sticky":false,"template":"","format":"standard","meta":{"footnotes":""},"categories":[1],"tags":[],"class_list":["post-85574","post","type-post","status-publish","format-standard","has-post-thumbnail","hentry","category-flamengo"],"yoast_head":"<!-- This site is optimized with the Yoast SEO Premium plugin v24.2 (Yoast SEO v26.9) - https:\/\/yoast.com\/product\/yoast-seo-premium-wordpress\/ -->\n<title>Gabigol reprova atitude da torcida do Flamengo<\/title>\n<meta name=\"robots\" content=\"index, follow, max-snippet:-1, max-image-preview:large, max-video-preview:-1\" \/>\n<link rel=\"canonical\" href=\"https:\/\/www.gaveanews.com\/index.php\/2022\/08\/04\/gabigol-reprova-atitude-da-torcida-do-flamengo\/\" \/>\n<meta property=\"og:locale\" content=\"pt_BR\" \/>\n<meta property=\"og:type\" content=\"article\" \/>\n<meta property=\"og:title\" content=\"Gabigol reprova atitude da torcida do Flamengo\" \/>\n<meta property=\"og:description\" content=\"O Flamengo \u00e9 o quinto colocado do Campeonato Brasileiro da S\u00e9rie A com 33 pontos, a nove do l\u00edder. Desde a chegada de Dorival J\u00fanior, o Rubro-Negro vem de quatro vit\u00f3rias consecutivas no Brasileir\u00e3o. Ou seja, somando 12 pontos dos 15 disputados. A evolu\u00e7\u00e3o no desempenho \u00e9 em decorr\u00eancia do investimento que a diretoria vem [&hellip;]\" \/>\n<meta property=\"og:url\" content=\"https:\/\/www.gaveanews.com\/index.php\/2022\/08\/04\/gabigol-reprova-atitude-da-torcida-do-flamengo\/\" \/>\n<meta property=\"og:site_name\" content=\"G\u00e1vea News\" \/>\n<meta property=\"article:publisher\" content=\"https:\/\/facebook.com\/gaveaNews\/\" \/>\n<meta property=\"article:published_time\" content=\"2022-08-04T21:24:01+00:00\" \/>\n<meta property=\"article:modified_time\" content=\"2022-08-04T21:24:05+00:00\" \/>\n<meta property=\"og:image\" content=\"https:\/\/www.gaveanews.com\/wp-content\/uploads\/Gabigol-em-viagem-do-Flamengo-para-enfrentar-o-Corinthians-pela-Libertadores.webp\" \/>\n\t<meta property=\"og:image:width\" content=\"799\" \/>\n\t<meta property=\"og:image:height\" content=\"532\" \/>\n\t<meta property=\"og:image:type\" content=\"image\/jpeg\" \/>\n<meta name=\"author\" content=\"Equipe G\u00e1vea News\" \/>\n<meta name=\"twitter:card\" content=\"summary_large_image\" \/>\n<meta name=\"twitter:label1\" content=\"Escrito por\" \/>\n\t<meta name=\"twitter:data1\" content=\"Equipe G\u00e1vea News\" \/>\n\t<meta name=\"twitter:label2\" content=\"Est. tempo de leitura\" \/>\n\t<meta name=\"twitter:data2\" content=\"2 minutos\" \/>\n<script type=\"application\/ld+json\" class=\"yoast-schema-graph\">{\"@context\":\"https:\/\/schema.org\",\"@graph\":[{\"@type\":\"NewsArticle\",\"@id\":\"https:\/\/www.gaveanews.com\/index.php\/2022\/08\/04\/gabigol-reprova-atitude-da-torcida-do-flamengo\/#article\",\"isPartOf\":{\"@id\":\"https:\/\/www.gaveanews.com\/index.php\/2022\/08\/04\/gabigol-reprova-atitude-da-torcida-do-flamengo\/\"},\"author\":{\"name\":\"Equipe G\u00e1vea News\",\"@id\":\"https:\/\/www.gaveanews.com\/#\/schema\/person\/2ec14f73fb96be2caf28f91afb14749d\"},\"headline\":\"Gabigol reprova atitude da torcida do Flamengo\",\"datePublished\":\"2022-08-04T21:24:01+00:00\",\"dateModified\":\"2022-08-04T21:24:05+00:00\",\"mainEntityOfPage\":{\"@id\":\"https:\/\/www.gaveanews.com\/index.php\/2022\/08\/04\/gabigol-reprova-atitude-da-torcida-do-flamengo\/\"},\"wordCount\":331,\"commentCount\":0,\"image\":{\"@id\":\"https:\/\/www.gaveanews.com\/index.php\/2022\/08\/04\/gabigol-reprova-atitude-da-torcida-do-flamengo\/#primaryimage\"},\"thumbnailUrl\":\"https:\/\/www.gaveanews.com\/wp-content\/uploads\/Gabigol-em-viagem-do-Flamengo-para-enfrentar-o-Corinthians-pela-Libertadores.webp\",\"articleSection\":[\"Flamengo\"],\"inLanguage\":\"pt-BR\",\"potentialAction\":[{\"@type\":\"CommentAction\",\"name\":\"Comment\",\"target\":[\"https:\/\/www.gaveanews.com\/index.php\/2022\/08\/04\/gabigol-reprova-atitude-da-torcida-do-flamengo\/#respond\"]}],\"copyrightYear\":\"2022\",\"copyrightHolder\":{\"@id\":\"https:\/\/www.gaveanews.com\/#organization\"}},{\"@type\":\"WebPage\",\"@id\":\"https:\/\/www.gaveanews.com\/index.php\/2022\/08\/04\/gabigol-reprova-atitude-da-torcida-do-flamengo\/\",\"url\":\"https:\/\/www.gaveanews.com\/index.php\/2022\/08\/04\/gabigol-reprova-atitude-da-torcida-do-flamengo\/\",\"name\":\"Gabigol reprova atitude da torcida do Flamengo\",\"isPartOf\":{\"@id\":\"https:\/\/www.gaveanews.com\/#website\"},\"primaryImageOfPage\":{\"@id\":\"https:\/\/www.gaveanews.com\/index.php\/2022\/08\/04\/gabigol-reprova-atitude-da-torcida-do-flamengo\/#primaryimage\"},\"image\":{\"@id\":\"https:\/\/www.gaveanews.com\/index.php\/2022\/08\/04\/gabigol-reprova-atitude-da-torcida-do-flamengo\/#primaryimage\"},\"thumbnailUrl\":\"https:\/\/www.gaveanews.com\/wp-content\/uploads\/Gabigol-em-viagem-do-Flamengo-para-enfrentar-o-Corinthians-pela-Libertadores.webp\",\"datePublished\":\"2022-08-04T21:24:01+00:00\",\"dateModified\":\"2022-08-04T21:24:05+00:00\",\"author\":{\"@id\":\"https:\/\/www.gaveanews.com\/#\/schema\/person\/2ec14f73fb96be2caf28f91afb14749d\"},\"breadcrumb\":{\"@id\":\"https:\/\/www.gaveanews.com\/index.php\/2022\/08\/04\/gabigol-reprova-atitude-da-torcida-do-flamengo\/#breadcrumb\"},\"inLanguage\":\"pt-BR\",\"potentialAction\":[{\"@type\":\"ReadAction\",\"target\":[\"https:\/\/www.gaveanews.com\/index.php\/2022\/08\/04\/gabigol-reprova-atitude-da-torcida-do-flamengo\/\"]}]},{\"@type\":\"ImageObject\",\"inLanguage\":\"pt-BR\",\"@id\":\"https:\/\/www.gaveanews.com\/index.php\/2022\/08\/04\/gabigol-reprova-atitude-da-torcida-do-flamengo\/#primaryimage\",\"url\":\"https:\/\/www.gaveanews.com\/wp-content\/uploads\/Gabigol-em-viagem-do-Flamengo-para-enfrentar-o-Corinthians-pela-Libertadores.webp\",\"contentUrl\":\"https:\/\/www.gaveanews.com\/wp-content\/uploads\/Gabigol-em-viagem-do-Flamengo-para-enfrentar-o-Corinthians-pela-Libertadores.webp\",\"width\":799,\"height\":532,\"caption\":\"Gabigol em viagem do Flamengo para enfrentar o Corinthians pela Libertadores (Foto: Marcelo Cortes\/Flamengo)\"},{\"@type\":\"BreadcrumbList\",\"@id\":\"https:\/\/www.gaveanews.com\/index.php\/2022\/08\/04\/gabigol-reprova-atitude-da-torcida-do-flamengo\/#breadcrumb\",\"itemListElement\":[{\"@type\":\"ListItem\",\"position\":1,\"name\":\"Home\",\"item\":\"https:\/\/www.gaveanews.com\/\"},{\"@type\":\"ListItem\",\"position\":2,\"name\":\"Gabigol reprova atitude da torcida do Flamengo\"}]},{\"@type\":\"WebSite\",\"@id\":\"https:\/\/www.gaveanews.com\/#website\",\"url\":\"https:\/\/www.gaveanews.com\/\",\"name\":\"G\u00e1vea News\",\"description\":\"Veja todas as not\u00edcias sobre o Flamengo: Contrata\u00e7\u00f5es, categorias de base, resultados das partidas, tabela de classifica\u00e7\u00e3o, pr\u00f3ximos jogos!\",\"potentialAction\":[{\"@type\":\"SearchAction\",\"target\":{\"@type\":\"EntryPoint\",\"urlTemplate\":\"https:\/\/www.gaveanews.com\/?s={search_term_string}\"},\"query-input\":{\"@type\":\"PropertyValueSpecification\",\"valueRequired\":true,\"valueName\":\"search_term_string\"}}],\"inLanguage\":\"pt-BR\"},{\"@type\":\"Person\",\"@id\":\"https:\/\/www.gaveanews.com\/#\/schema\/person\/2ec14f73fb96be2caf28f91afb14749d\",\"name\":\"Equipe G\u00e1vea News\",\"image\":{\"@type\":\"ImageObject\",\"inLanguage\":\"pt-BR\",\"@id\":\"https:\/\/www.gaveanews.com\/#\/schema\/person\/image\/\",\"url\":\"https:\/\/secure.gravatar.com\/avatar\/1e1956f1facbffd3f8fa53a326721950116b3b9dc9bd44939c01180fd4a745a9?s=96&d=mm&r=g\",\"contentUrl\":\"https:\/\/secure.gravatar.com\/avatar\/1e1956f1facbffd3f8fa53a326721950116b3b9dc9bd44939c01180fd4a745a9?s=96&d=mm&r=g\",\"caption\":\"Equipe G\u00e1vea News\"}}]}<\/script>\n<!-- \/ Yoast SEO Premium plugin. -->","yoast_head_json":{"title":"Gabigol reprova atitude da torcida do Flamengo","robots":{"index":"index","follow":"follow","max-snippet":"max-snippet:-1","max-image-preview":"max-image-preview:large","max-video-preview":"max-video-preview:-1"},"canonical":"https:\/\/www.gaveanews.com\/index.php\/2022\/08\/04\/gabigol-reprova-atitude-da-torcida-do-flamengo\/","og_locale":"pt_BR","og_type":"article","og_title":"Gabigol reprova atitude da torcida do Flamengo","og_description":"O Flamengo \u00e9 o quinto colocado do Campeonato Brasileiro da S\u00e9rie A com 33 pontos, a nove do l\u00edder. Desde a chegada de Dorival J\u00fanior, o Rubro-Negro vem de quatro vit\u00f3rias consecutivas no Brasileir\u00e3o. Ou seja, somando 12 pontos dos 15 disputados. A evolu\u00e7\u00e3o no desempenho \u00e9 em decorr\u00eancia do investimento que a diretoria vem [&hellip;]","og_url":"https:\/\/www.gaveanews.com\/index.php\/2022\/08\/04\/gabigol-reprova-atitude-da-torcida-do-flamengo\/","og_site_name":"G\u00e1vea News","article_publisher":"https:\/\/facebook.com\/gaveaNews\/","article_published_time":"2022-08-04T21:24:01+00:00","article_modified_time":"2022-08-04T21:24:05+00:00","og_image":[{"width":799,"height":532,"url":"https:\/\/www.gaveanews.com\/wp-content\/uploads\/Gabigol-em-viagem-do-Flamengo-para-enfrentar-o-Corinthians-pela-Libertadores.webp","type":"image\/jpeg"}],"author":"Equipe G\u00e1vea News","twitter_card":"summary_large_image","twitter_misc":{"Escrito por":"Equipe G\u00e1vea News","Est. tempo de leitura":"2 minutos"},"schema":{"@context":"https:\/\/schema.org","@graph":[{"@type":"NewsArticle","@id":"https:\/\/www.gaveanews.com\/index.php\/2022\/08\/04\/gabigol-reprova-atitude-da-torcida-do-flamengo\/#article","isPartOf":{"@id":"https:\/\/www.gaveanews.com\/index.php\/2022\/08\/04\/gabigol-reprova-atitude-da-torcida-do-flamengo\/"},"author":{"name":"Equipe G\u00e1vea News","@id":"https:\/\/www.gaveanews.com\/#\/schema\/person\/2ec14f73fb96be2caf28f91afb14749d"},"headline":"Gabigol reprova atitude da torcida do Flamengo","datePublished":"2022-08-04T21:24:01+00:00","dateModified":"2022-08-04T21:24:05+00:00","mainEntityOfPage":{"@id":"https:\/\/www.gaveanews.com\/index.php\/2022\/08\/04\/gabigol-reprova-atitude-da-torcida-do-flamengo\/"},"wordCount":331,"commentCount":0,"image":{"@id":"https:\/\/www.gaveanews.com\/index.php\/2022\/08\/04\/gabigol-reprova-atitude-da-torcida-do-flamengo\/#primaryimage"},"thumbnailUrl":"https:\/\/www.gaveanews.com\/wp-content\/uploads\/Gabigol-em-viagem-do-Flamengo-para-enfrentar-o-Corinthians-pela-Libertadores.webp","articleSection":["Flamengo"],"inLanguage":"pt-BR","potentialAction":[{"@type":"CommentAction","name":"Comment","target":["https:\/\/www.gaveanews.com\/index.php\/2022\/08\/04\/gabigol-reprova-atitude-da-torcida-do-flamengo\/#respond"]}],"copyrightYear":"2022","copyrightHolder":{"@id":"https:\/\/www.gaveanews.com\/#organization"}},{"@type":"WebPage","@id":"https:\/\/www.gaveanews.com\/index.php\/2022\/08\/04\/gabigol-reprova-atitude-da-torcida-do-flamengo\/","url":"https:\/\/www.gaveanews.com\/index.php\/2022\/08\/04\/gabigol-reprova-atitude-da-torcida-do-flamengo\/","name":"Gabigol reprova atitude da torcida do Flamengo","isPartOf":{"@id":"https:\/\/www.gaveanews.com\/#website"},"primaryImageOfPage":{"@id":"https:\/\/www.gaveanews.com\/index.php\/2022\/08\/04\/gabigol-reprova-atitude-da-torcida-do-flamengo\/#primaryimage"},"image":{"@id":"https:\/\/www.gaveanews.com\/index.php\/2022\/08\/04\/gabigol-reprova-atitude-da-torcida-do-flamengo\/#primaryimage"},"thumbnailUrl":"https:\/\/www.gaveanews.com\/wp-content\/uploads\/Gabigol-em-viagem-do-Flamengo-para-enfrentar-o-Corinthians-pela-Libertadores.webp","datePublished":"2022-08-04T21:24:01+00:00","dateModified":"2022-08-04T21:24:05+00:00","author":{"@id":"https:\/\/www.gaveanews.com\/#\/schema\/person\/2ec14f73fb96be2caf28f91afb14749d"},"breadcrumb":{"@id":"https:\/\/www.gaveanews.com\/index.php\/2022\/08\/04\/gabigol-reprova-atitude-da-torcida-do-flamengo\/#breadcrumb"},"inLanguage":"pt-BR","potentialAction":[{"@type":"ReadAction","target":["https:\/\/www.gaveanews.com\/index.php\/2022\/08\/04\/gabigol-reprova-atitude-da-torcida-do-flamengo\/"]}]},{"@type":"ImageObject","inLanguage":"pt-BR","@id":"https:\/\/www.gaveanews.com\/index.php\/2022\/08\/04\/gabigol-reprova-atitude-da-torcida-do-flamengo\/#primaryimage","url":"https:\/\/www.gaveanews.com\/wp-content\/uploads\/Gabigol-em-viagem-do-Flamengo-para-enfrentar-o-Corinthians-pela-Libertadores.webp","contentUrl":"https:\/\/www.gaveanews.com\/wp-content\/uploads\/Gabigol-em-viagem-do-Flamengo-para-enfrentar-o-Corinthians-pela-Libertadores.webp","width":799,"height":532,"caption":"Gabigol em viagem do Flamengo para enfrentar o Corinthians pela Libertadores (Foto: Marcelo Cortes\/Flamengo)"},{"@type":"BreadcrumbList","@id":"https:\/\/www.gaveanews.com\/index.php\/2022\/08\/04\/gabigol-reprova-atitude-da-torcida-do-flamengo\/#breadcrumb","itemListElement":[{"@type":"ListItem","position":1,"name":"Home","item":"https:\/\/www.gaveanews.com\/"},{"@type":"ListItem","position":2,"name":"Gabigol reprova atitude da torcida do Flamengo"}]},{"@type":"WebSite","@id":"https:\/\/www.gaveanews.com\/#website","url":"https:\/\/www.gaveanews.com\/","name":"G\u00e1vea News","description":"Veja todas as not\u00edcias sobre o Flamengo: Contrata\u00e7\u00f5es, categorias de base, resultados das partidas, tabela de classifica\u00e7\u00e3o, pr\u00f3ximos jogos!","potentialAction":[{"@type":"SearchAction","target":{"@type":"EntryPoint","urlTemplate":"https:\/\/www.gaveanews.com\/?s={search_term_string}"},"query-input":{"@type":"PropertyValueSpecification","valueRequired":true,"valueName":"search_term_string"}}],"inLanguage":"pt-BR"},{"@type":"Person","@id":"https:\/\/www.gaveanews.com\/#\/schema\/person\/2ec14f73fb96be2caf28f91afb14749d","name":"Equipe G\u00e1vea News","image":{"@type":"ImageObject","inLanguage":"pt-BR","@id":"https:\/\/www.gaveanews.com\/#\/schema\/person\/image\/","url":"https:\/\/secure.gravatar.com\/avatar\/1e1956f1facbffd3f8fa53a326721950116b3b9dc9bd44939c01180fd4a745a9?s=96&d=mm&r=g","contentUrl":"https:\/\/secure.gravatar.com\/avatar\/1e1956f1facbffd3f8fa53a326721950116b3b9dc9bd44939c01180fd4a745a9?s=96&d=mm&r=g","caption":"Equipe G\u00e1vea News"}}]}},"_links":{"self":[{"href":"https:\/\/www.gaveanews.com\/index.php\/wp-json\/wp\/v2\/posts\/85574","targetHints":{"allow":["GET"]}}],"collection":[{"href":"https:\/\/www.gaveanews.com\/index.php\/wp-json\/wp\/v2\/posts"}],"about":[{"href":"https:\/\/www.gaveanews.com\/index.php\/wp-json\/wp\/v2\/types\/post"}],"author":[{"embeddable":true,"href":"https:\/\/www.gaveanews.com\/index.php\/wp-json\/wp\/v2\/users\/1"}],"replies":[{"embeddable":true,"href":"https:\/\/www.gaveanews.com\/index.php\/wp-json\/wp\/v2\/comments?post=85574"}],"version-history":[{"count":0,"href":"https:\/\/www.gaveanews.com\/index.php\/wp-json\/wp\/v2\/posts\/85574\/revisions"}],"wp:featuredmedia":[{"embeddable":true,"href":"https:\/\/www.gaveanews.com\/index.php\/wp-json\/wp\/v2\/media\/85462"}],"wp:attachment":[{"href":"https:\/\/www.gaveanews.com\/index.php\/wp-json\/wp\/v2\/media?parent=85574"}],"wp:term":[{"taxonomy":"category","embeddable":true,"href":"https:\/\/www.gaveanews.com\/index.php\/wp-json\/wp\/v2\/categories?post=85574"},{"taxonomy":"post_tag","embeddable":true,"href":"https:\/\/www.gaveanews.com\/index.php\/wp-json\/wp\/v2\/tags?post=85574"}],"curies":[{"name":"wp","href":"https:\/\/api.w.org\/{rel}","templated":true}]}}