{"id":85591,"date":"2022-08-05T07:30:07","date_gmt":"2022-08-05T10:30:07","guid":{"rendered":"https:\/\/www.gaveanews.com\/?p=85591"},"modified":"2022-08-05T07:30:09","modified_gmt":"2022-08-05T10:30:09","slug":"presidente-aprova-e-goleiro-do-flamengo-pode-rumar-para-a-europa","status":"publish","type":"post","link":"https:\/\/www.gaveanews.com\/index.php\/2022\/08\/05\/presidente-aprova-e-goleiro-do-flamengo-pode-rumar-para-a-europa\/","title":{"rendered":"Presidente aprova e goleiro do Flamengo pode rumar para a Europa"},"content":{"rendered":"\n<p>Depois da tentativa de contratar Phelipe Megiolaro, do Gr\u00eamio, em junho, o Estoril Praia j\u00e1 tem outro nome na mira para vestir camisa 1 na pr\u00f3xima temporada: trata-se de Gabriel Batista que est\u00e1 emprestado pelo Flamengo ao Sampaio Corr\u00eaa.<\/p>\n\n\n\n<p>O site &#8216;Torcedores&#8217; apurou que o presidente do Estoril Praia, Alexandre Faria, v\u00ea o goleiro, revelado nas divis\u00f5es de base do Flamengo, com o perfil ideal para assumir a meta \u2018canarinha\u2019 temporada 2022\/2023.<\/p>\n\n\n\n<p>O clube portugu\u00eas, antes de mais nada, j\u00e1 fez uma sondagem inicial ao jogador de 24 anos. Cabe, agora, ao empres\u00e1rio do jogador, Jorge Moraes, da Bloom Soccer, avaliar os par\u00e2metros econ\u00f4micos oferecidos pelo Estoril Praia.<\/p>\n\n\n\n<p>O Flamengo, por sua vez, aguarda a chegada de uma proposta oficial para acertar ou n\u00e3o a ida de Gabriel Batista para o futebol portugu\u00eas. A negocia\u00e7\u00e3o n\u00e3o ir\u00e1 render frutos financeiros aos cofres rubro-negros.<\/p>\n\n\n\n<p>Ainda segundo apurou a reportagem, o Flamengo n\u00e3o ir\u00e1 dificultar o desligamento de Gabriel Batista. Tanto que o clube projeta manter 20% dos direitos econ\u00f4micos do atleta visando em uma negocia\u00e7\u00e3o futura.<\/p>\n\n\n\n<p>De acordo com fontes pr\u00f3ximas \u00e0 negocia\u00e7\u00e3o, o estafe do jogador, inclusive, v\u00ea com bons olhos uma transfer\u00eancia para o futebol europeu. Vale ressaltar que no ano passado o arqueiro chegou a ter um acordo verbal com o Pa\u00e7os de Ferreira.<\/p>\n\n\n\n<p>No entanto, as conversas n\u00e3o foram \u00e0 diante porque Rog\u00e9rio Ceni, ent\u00e3o t\u00e9cnico rubro-negro, n\u00e3o deu sinal verde para sua libera\u00e7\u00e3o. Na \u00e9poca, Diego Alves estava entregue ao departamento m\u00e9dico e Hugo Souza n\u00e3o atravessava bom momento.<\/p>\n\n\n\n<h2 class=\"wp-block-heading\" id=\"h-a-temporada-de-gabriel-batista\">A temporada de Gabriel Batista<\/h2>\n\n\n\n<p>Contratado em janeiro, Gabriel Batista chegou com status de titular ao Sampaio Corr\u00eaa. Indicado pelo t\u00e9cnico Jo\u00e3o Brigatti, ele teve come\u00e7o arrasador no clube maranhense. Posteriormente, saiu da meta do Tricolor de A\u00e7o logo ap\u00f3s a contrata\u00e7\u00e3o de L\u00e9o Cond\u00e9.<\/p>\n\n\n\n<p>Mais tarde, Gabriel Batista retornou \u00e0 titularidade no confronto contra a Chapecoense pela 16\u00aa rodada da S\u00e9rie B do Campeonato Brasileiro. Desde ent\u00e3o, n\u00e3o voltou mais para o banco de reservas e enfrentou o Ituano, Vasco, Londrina, Sport Recife, Tombense e Brusque.<\/p>\n\n\n\n<p>Nesta temporada, por exemplo, ele disputou 11 partidas pelo clube: sete na S\u00e9rie B do Campeonato Brasileiro, tr\u00eas na Copa do Nordeste e uma no Campeonato Maranhense. Nesse \u00ednterim, sofreu 15 gols, acumulou 990 minutos em campo e venceu o Estadual.<\/p>\n\n\n\n<h2 class=\"wp-block-heading\" id=\"h-os-numeros-pelo-flamengo\">Os n\u00fameros pelo Flamengo<\/h2>\n\n\n\n<p>Promovido ao elenco profissional em 2017, Gabriel Batista disputou 27 partidas oficiais pelo Flamengo: duas na Copa Libertadores da Am\u00e9rica, nove na S\u00e9rie A do Campeonato Brasileiro, duas na Copa do Brasil e 14 no Campeonato Carioca.<\/p>\n\n\n\n<p>Apesar disso, o arqueiro nunca conseguiu conquistar a confian\u00e7a da torcida rubro-negra por causa da inseguran\u00e7a e, principalmente, da falta de regularidade quando era escalado entre os 11 iniciais.<\/p>\n\n\n\n<p>Nesse meio tempo, integrou o elenco que venceu a Recopa Sul-Americana (2020), a Copa Libertadores da Am\u00e9rica (2019), a Supercopa do Brasil (2021 e 2020), a S\u00e9rie A do Campeonato Brasileiro (2019 e 2020) e o Campeonato Carioca (2017, 2019, 2020 e 2021).<\/p>\n","protected":false},"excerpt":{"rendered":"<p>Depois da tentativa de contratar Phelipe Megiolaro, do Gr\u00eamio, em junho, o Estoril Praia j\u00e1 tem outro nome na mira para vestir camisa 1 na pr\u00f3xima temporada: trata-se de Gabriel Batista que est\u00e1 emprestado pelo Flamengo ao Sampaio Corr\u00eaa. O site &#8216;Torcedores&#8217; apurou que o presidente do Estoril Praia, Alexandre Faria, v\u00ea o goleiro, revelado [&hellip;]<\/p>\n","protected":false},"author":1,"featured_media":69601,"comment_status":"open","ping_status":"closed","sticky":false,"template":"","format":"standard","meta":{"footnotes":""},"categories":[48],"tags":[],"class_list":["post-85591","post","type-post","status-publish","format-standard","has-post-thumbnail","hentry","category-negociacoes"],"yoast_head":"<!-- This site is optimized with the Yoast SEO Premium plugin v24.2 (Yoast SEO v26.9) - https:\/\/yoast.com\/product\/yoast-seo-premium-wordpress\/ -->\n<title>Presidente aprova e goleiro do Flamengo pode rumar para a Europa<\/title>\n<meta name=\"robots\" content=\"index, follow, max-snippet:-1, max-image-preview:large, max-video-preview:-1\" \/>\n<link rel=\"canonical\" href=\"https:\/\/www.gaveanews.com\/index.php\/2022\/08\/05\/presidente-aprova-e-goleiro-do-flamengo-pode-rumar-para-a-europa\/\" \/>\n<meta property=\"og:locale\" content=\"pt_BR\" \/>\n<meta property=\"og:type\" content=\"article\" \/>\n<meta property=\"og:title\" content=\"Presidente aprova e goleiro do Flamengo pode rumar para a Europa\" \/>\n<meta property=\"og:description\" content=\"Depois da tentativa de contratar Phelipe Megiolaro, do Gr\u00eamio, em junho, o Estoril Praia j\u00e1 tem outro nome na mira para vestir camisa 1 na pr\u00f3xima temporada: trata-se de Gabriel Batista que est\u00e1 emprestado pelo Flamengo ao Sampaio Corr\u00eaa. O site &#8216;Torcedores&#8217; apurou que o presidente do Estoril Praia, Alexandre Faria, v\u00ea o goleiro, revelado [&hellip;]\" \/>\n<meta property=\"og:url\" content=\"https:\/\/www.gaveanews.com\/index.php\/2022\/08\/05\/presidente-aprova-e-goleiro-do-flamengo-pode-rumar-para-a-europa\/\" \/>\n<meta property=\"og:site_name\" content=\"G\u00e1vea News\" \/>\n<meta property=\"article:publisher\" content=\"https:\/\/facebook.com\/gaveaNews\/\" \/>\n<meta property=\"article:published_time\" content=\"2022-08-05T10:30:07+00:00\" \/>\n<meta property=\"article:modified_time\" content=\"2022-08-05T10:30:09+00:00\" \/>\n<meta property=\"og:image\" content=\"https:\/\/www.gaveanews.com\/wp-content\/uploads\/Gabriel-Batista-em-acao-pelo-Flamengo-contra-o-Bragantino-no-Campeonato-Brasileiro-2021.webp\" \/>\n\t<meta property=\"og:image:width\" content=\"800\" \/>\n\t<meta property=\"og:image:height\" content=\"1199\" \/>\n\t<meta property=\"og:image:type\" content=\"image\/jpeg\" \/>\n<meta name=\"author\" content=\"Equipe G\u00e1vea News\" \/>\n<meta name=\"twitter:card\" content=\"summary_large_image\" \/>\n<meta name=\"twitter:label1\" content=\"Escrito por\" \/>\n\t<meta name=\"twitter:data1\" content=\"Equipe G\u00e1vea News\" \/>\n\t<meta name=\"twitter:label2\" content=\"Est. tempo de leitura\" \/>\n\t<meta name=\"twitter:data2\" content=\"3 minutos\" \/>\n<script type=\"application\/ld+json\" class=\"yoast-schema-graph\">{\"@context\":\"https:\/\/schema.org\",\"@graph\":[{\"@type\":\"NewsArticle\",\"@id\":\"https:\/\/www.gaveanews.com\/index.php\/2022\/08\/05\/presidente-aprova-e-goleiro-do-flamengo-pode-rumar-para-a-europa\/#article\",\"isPartOf\":{\"@id\":\"https:\/\/www.gaveanews.com\/index.php\/2022\/08\/05\/presidente-aprova-e-goleiro-do-flamengo-pode-rumar-para-a-europa\/\"},\"author\":{\"name\":\"Equipe G\u00e1vea News\",\"@id\":\"https:\/\/www.gaveanews.com\/#\/schema\/person\/2ec14f73fb96be2caf28f91afb14749d\"},\"headline\":\"Presidente aprova e goleiro do Flamengo pode rumar para a Europa\",\"datePublished\":\"2022-08-05T10:30:07+00:00\",\"dateModified\":\"2022-08-05T10:30:09+00:00\",\"mainEntityOfPage\":{\"@id\":\"https:\/\/www.gaveanews.com\/index.php\/2022\/08\/05\/presidente-aprova-e-goleiro-do-flamengo-pode-rumar-para-a-europa\/\"},\"wordCount\":527,\"commentCount\":0,\"image\":{\"@id\":\"https:\/\/www.gaveanews.com\/index.php\/2022\/08\/05\/presidente-aprova-e-goleiro-do-flamengo-pode-rumar-para-a-europa\/#primaryimage\"},\"thumbnailUrl\":\"https:\/\/www.gaveanews.com\/wp-content\/uploads\/Gabriel-Batista-em-acao-pelo-Flamengo-contra-o-Bragantino-no-Campeonato-Brasileiro-2021.webp\",\"articleSection\":[\"Negocia\u00e7\u00f5es\"],\"inLanguage\":\"pt-BR\",\"potentialAction\":[{\"@type\":\"CommentAction\",\"name\":\"Comment\",\"target\":[\"https:\/\/www.gaveanews.com\/index.php\/2022\/08\/05\/presidente-aprova-e-goleiro-do-flamengo-pode-rumar-para-a-europa\/#respond\"]}],\"copyrightYear\":\"2022\",\"copyrightHolder\":{\"@id\":\"https:\/\/www.gaveanews.com\/#organization\"}},{\"@type\":\"WebPage\",\"@id\":\"https:\/\/www.gaveanews.com\/index.php\/2022\/08\/05\/presidente-aprova-e-goleiro-do-flamengo-pode-rumar-para-a-europa\/\",\"url\":\"https:\/\/www.gaveanews.com\/index.php\/2022\/08\/05\/presidente-aprova-e-goleiro-do-flamengo-pode-rumar-para-a-europa\/\",\"name\":\"Presidente aprova e goleiro do Flamengo pode rumar para a Europa\",\"isPartOf\":{\"@id\":\"https:\/\/www.gaveanews.com\/#website\"},\"primaryImageOfPage\":{\"@id\":\"https:\/\/www.gaveanews.com\/index.php\/2022\/08\/05\/presidente-aprova-e-goleiro-do-flamengo-pode-rumar-para-a-europa\/#primaryimage\"},\"image\":{\"@id\":\"https:\/\/www.gaveanews.com\/index.php\/2022\/08\/05\/presidente-aprova-e-goleiro-do-flamengo-pode-rumar-para-a-europa\/#primaryimage\"},\"thumbnailUrl\":\"https:\/\/www.gaveanews.com\/wp-content\/uploads\/Gabriel-Batista-em-acao-pelo-Flamengo-contra-o-Bragantino-no-Campeonato-Brasileiro-2021.webp\",\"datePublished\":\"2022-08-05T10:30:07+00:00\",\"dateModified\":\"2022-08-05T10:30:09+00:00\",\"author\":{\"@id\":\"https:\/\/www.gaveanews.com\/#\/schema\/person\/2ec14f73fb96be2caf28f91afb14749d\"},\"breadcrumb\":{\"@id\":\"https:\/\/www.gaveanews.com\/index.php\/2022\/08\/05\/presidente-aprova-e-goleiro-do-flamengo-pode-rumar-para-a-europa\/#breadcrumb\"},\"inLanguage\":\"pt-BR\",\"potentialAction\":[{\"@type\":\"ReadAction\",\"target\":[\"https:\/\/www.gaveanews.com\/index.php\/2022\/08\/05\/presidente-aprova-e-goleiro-do-flamengo-pode-rumar-para-a-europa\/\"]}]},{\"@type\":\"ImageObject\",\"inLanguage\":\"pt-BR\",\"@id\":\"https:\/\/www.gaveanews.com\/index.php\/2022\/08\/05\/presidente-aprova-e-goleiro-do-flamengo-pode-rumar-para-a-europa\/#primaryimage\",\"url\":\"https:\/\/www.gaveanews.com\/wp-content\/uploads\/Gabriel-Batista-em-acao-pelo-Flamengo-contra-o-Bragantino-no-Campeonato-Brasileiro-2021.webp\",\"contentUrl\":\"https:\/\/www.gaveanews.com\/wp-content\/uploads\/Gabriel-Batista-em-acao-pelo-Flamengo-contra-o-Bragantino-no-Campeonato-Brasileiro-2021.webp\",\"width\":800,\"height\":1199,\"caption\":\"Gabriel Batista em a\u00e7\u00e3o pelo Flamengo contra o Bragantino no Campeonato Brasileiro 2021 (Foto: Reprodu\u00e7\u00e3o\/Twitter\/@kffotografa)\"},{\"@type\":\"BreadcrumbList\",\"@id\":\"https:\/\/www.gaveanews.com\/index.php\/2022\/08\/05\/presidente-aprova-e-goleiro-do-flamengo-pode-rumar-para-a-europa\/#breadcrumb\",\"itemListElement\":[{\"@type\":\"ListItem\",\"position\":1,\"name\":\"Home\",\"item\":\"https:\/\/www.gaveanews.com\/\"},{\"@type\":\"ListItem\",\"position\":2,\"name\":\"Presidente aprova e goleiro do Flamengo pode rumar para a Europa\"}]},{\"@type\":\"WebSite\",\"@id\":\"https:\/\/www.gaveanews.com\/#website\",\"url\":\"https:\/\/www.gaveanews.com\/\",\"name\":\"G\u00e1vea News\",\"description\":\"Veja todas as not\u00edcias sobre o Flamengo: Contrata\u00e7\u00f5es, categorias de base, resultados das partidas, tabela de classifica\u00e7\u00e3o, pr\u00f3ximos jogos!\",\"potentialAction\":[{\"@type\":\"SearchAction\",\"target\":{\"@type\":\"EntryPoint\",\"urlTemplate\":\"https:\/\/www.gaveanews.com\/?s={search_term_string}\"},\"query-input\":{\"@type\":\"PropertyValueSpecification\",\"valueRequired\":true,\"valueName\":\"search_term_string\"}}],\"inLanguage\":\"pt-BR\"},{\"@type\":\"Person\",\"@id\":\"https:\/\/www.gaveanews.com\/#\/schema\/person\/2ec14f73fb96be2caf28f91afb14749d\",\"name\":\"Equipe G\u00e1vea News\",\"image\":{\"@type\":\"ImageObject\",\"inLanguage\":\"pt-BR\",\"@id\":\"https:\/\/www.gaveanews.com\/#\/schema\/person\/image\/\",\"url\":\"https:\/\/secure.gravatar.com\/avatar\/1e1956f1facbffd3f8fa53a326721950116b3b9dc9bd44939c01180fd4a745a9?s=96&d=mm&r=g\",\"contentUrl\":\"https:\/\/secure.gravatar.com\/avatar\/1e1956f1facbffd3f8fa53a326721950116b3b9dc9bd44939c01180fd4a745a9?s=96&d=mm&r=g\",\"caption\":\"Equipe G\u00e1vea News\"}}]}<\/script>\n<!-- \/ Yoast SEO Premium plugin. -->","yoast_head_json":{"title":"Presidente aprova e goleiro do Flamengo pode rumar para a Europa","robots":{"index":"index","follow":"follow","max-snippet":"max-snippet:-1","max-image-preview":"max-image-preview:large","max-video-preview":"max-video-preview:-1"},"canonical":"https:\/\/www.gaveanews.com\/index.php\/2022\/08\/05\/presidente-aprova-e-goleiro-do-flamengo-pode-rumar-para-a-europa\/","og_locale":"pt_BR","og_type":"article","og_title":"Presidente aprova e goleiro do Flamengo pode rumar para a Europa","og_description":"Depois da tentativa de contratar Phelipe Megiolaro, do Gr\u00eamio, em junho, o Estoril Praia j\u00e1 tem outro nome na mira para vestir camisa 1 na pr\u00f3xima temporada: trata-se de Gabriel Batista que est\u00e1 emprestado pelo Flamengo ao Sampaio Corr\u00eaa. O site &#8216;Torcedores&#8217; apurou que o presidente do Estoril Praia, Alexandre Faria, v\u00ea o goleiro, revelado [&hellip;]","og_url":"https:\/\/www.gaveanews.com\/index.php\/2022\/08\/05\/presidente-aprova-e-goleiro-do-flamengo-pode-rumar-para-a-europa\/","og_site_name":"G\u00e1vea News","article_publisher":"https:\/\/facebook.com\/gaveaNews\/","article_published_time":"2022-08-05T10:30:07+00:00","article_modified_time":"2022-08-05T10:30:09+00:00","og_image":[{"width":800,"height":1199,"url":"https:\/\/www.gaveanews.com\/wp-content\/uploads\/Gabriel-Batista-em-acao-pelo-Flamengo-contra-o-Bragantino-no-Campeonato-Brasileiro-2021.webp","type":"image\/jpeg"}],"author":"Equipe G\u00e1vea News","twitter_card":"summary_large_image","twitter_misc":{"Escrito por":"Equipe G\u00e1vea News","Est. tempo de leitura":"3 minutos"},"schema":{"@context":"https:\/\/schema.org","@graph":[{"@type":"NewsArticle","@id":"https:\/\/www.gaveanews.com\/index.php\/2022\/08\/05\/presidente-aprova-e-goleiro-do-flamengo-pode-rumar-para-a-europa\/#article","isPartOf":{"@id":"https:\/\/www.gaveanews.com\/index.php\/2022\/08\/05\/presidente-aprova-e-goleiro-do-flamengo-pode-rumar-para-a-europa\/"},"author":{"name":"Equipe G\u00e1vea News","@id":"https:\/\/www.gaveanews.com\/#\/schema\/person\/2ec14f73fb96be2caf28f91afb14749d"},"headline":"Presidente aprova e goleiro do Flamengo pode rumar para a Europa","datePublished":"2022-08-05T10:30:07+00:00","dateModified":"2022-08-05T10:30:09+00:00","mainEntityOfPage":{"@id":"https:\/\/www.gaveanews.com\/index.php\/2022\/08\/05\/presidente-aprova-e-goleiro-do-flamengo-pode-rumar-para-a-europa\/"},"wordCount":527,"commentCount":0,"image":{"@id":"https:\/\/www.gaveanews.com\/index.php\/2022\/08\/05\/presidente-aprova-e-goleiro-do-flamengo-pode-rumar-para-a-europa\/#primaryimage"},"thumbnailUrl":"https:\/\/www.gaveanews.com\/wp-content\/uploads\/Gabriel-Batista-em-acao-pelo-Flamengo-contra-o-Bragantino-no-Campeonato-Brasileiro-2021.webp","articleSection":["Negocia\u00e7\u00f5es"],"inLanguage":"pt-BR","potentialAction":[{"@type":"CommentAction","name":"Comment","target":["https:\/\/www.gaveanews.com\/index.php\/2022\/08\/05\/presidente-aprova-e-goleiro-do-flamengo-pode-rumar-para-a-europa\/#respond"]}],"copyrightYear":"2022","copyrightHolder":{"@id":"https:\/\/www.gaveanews.com\/#organization"}},{"@type":"WebPage","@id":"https:\/\/www.gaveanews.com\/index.php\/2022\/08\/05\/presidente-aprova-e-goleiro-do-flamengo-pode-rumar-para-a-europa\/","url":"https:\/\/www.gaveanews.com\/index.php\/2022\/08\/05\/presidente-aprova-e-goleiro-do-flamengo-pode-rumar-para-a-europa\/","name":"Presidente aprova e goleiro do Flamengo pode rumar para a Europa","isPartOf":{"@id":"https:\/\/www.gaveanews.com\/#website"},"primaryImageOfPage":{"@id":"https:\/\/www.gaveanews.com\/index.php\/2022\/08\/05\/presidente-aprova-e-goleiro-do-flamengo-pode-rumar-para-a-europa\/#primaryimage"},"image":{"@id":"https:\/\/www.gaveanews.com\/index.php\/2022\/08\/05\/presidente-aprova-e-goleiro-do-flamengo-pode-rumar-para-a-europa\/#primaryimage"},"thumbnailUrl":"https:\/\/www.gaveanews.com\/wp-content\/uploads\/Gabriel-Batista-em-acao-pelo-Flamengo-contra-o-Bragantino-no-Campeonato-Brasileiro-2021.webp","datePublished":"2022-08-05T10:30:07+00:00","dateModified":"2022-08-05T10:30:09+00:00","author":{"@id":"https:\/\/www.gaveanews.com\/#\/schema\/person\/2ec14f73fb96be2caf28f91afb14749d"},"breadcrumb":{"@id":"https:\/\/www.gaveanews.com\/index.php\/2022\/08\/05\/presidente-aprova-e-goleiro-do-flamengo-pode-rumar-para-a-europa\/#breadcrumb"},"inLanguage":"pt-BR","potentialAction":[{"@type":"ReadAction","target":["https:\/\/www.gaveanews.com\/index.php\/2022\/08\/05\/presidente-aprova-e-goleiro-do-flamengo-pode-rumar-para-a-europa\/"]}]},{"@type":"ImageObject","inLanguage":"pt-BR","@id":"https:\/\/www.gaveanews.com\/index.php\/2022\/08\/05\/presidente-aprova-e-goleiro-do-flamengo-pode-rumar-para-a-europa\/#primaryimage","url":"https:\/\/www.gaveanews.com\/wp-content\/uploads\/Gabriel-Batista-em-acao-pelo-Flamengo-contra-o-Bragantino-no-Campeonato-Brasileiro-2021.webp","contentUrl":"https:\/\/www.gaveanews.com\/wp-content\/uploads\/Gabriel-Batista-em-acao-pelo-Flamengo-contra-o-Bragantino-no-Campeonato-Brasileiro-2021.webp","width":800,"height":1199,"caption":"Gabriel Batista em a\u00e7\u00e3o pelo Flamengo contra o Bragantino no Campeonato Brasileiro 2021 (Foto: Reprodu\u00e7\u00e3o\/Twitter\/@kffotografa)"},{"@type":"BreadcrumbList","@id":"https:\/\/www.gaveanews.com\/index.php\/2022\/08\/05\/presidente-aprova-e-goleiro-do-flamengo-pode-rumar-para-a-europa\/#breadcrumb","itemListElement":[{"@type":"ListItem","position":1,"name":"Home","item":"https:\/\/www.gaveanews.com\/"},{"@type":"ListItem","position":2,"name":"Presidente aprova e goleiro do Flamengo pode rumar para a Europa"}]},{"@type":"WebSite","@id":"https:\/\/www.gaveanews.com\/#website","url":"https:\/\/www.gaveanews.com\/","name":"G\u00e1vea News","description":"Veja todas as not\u00edcias sobre o Flamengo: Contrata\u00e7\u00f5es, categorias de base, resultados das partidas, tabela de classifica\u00e7\u00e3o, pr\u00f3ximos jogos!","potentialAction":[{"@type":"SearchAction","target":{"@type":"EntryPoint","urlTemplate":"https:\/\/www.gaveanews.com\/?s={search_term_string}"},"query-input":{"@type":"PropertyValueSpecification","valueRequired":true,"valueName":"search_term_string"}}],"inLanguage":"pt-BR"},{"@type":"Person","@id":"https:\/\/www.gaveanews.com\/#\/schema\/person\/2ec14f73fb96be2caf28f91afb14749d","name":"Equipe G\u00e1vea News","image":{"@type":"ImageObject","inLanguage":"pt-BR","@id":"https:\/\/www.gaveanews.com\/#\/schema\/person\/image\/","url":"https:\/\/secure.gravatar.com\/avatar\/1e1956f1facbffd3f8fa53a326721950116b3b9dc9bd44939c01180fd4a745a9?s=96&d=mm&r=g","contentUrl":"https:\/\/secure.gravatar.com\/avatar\/1e1956f1facbffd3f8fa53a326721950116b3b9dc9bd44939c01180fd4a745a9?s=96&d=mm&r=g","caption":"Equipe G\u00e1vea News"}}]}},"_links":{"self":[{"href":"https:\/\/www.gaveanews.com\/index.php\/wp-json\/wp\/v2\/posts\/85591","targetHints":{"allow":["GET"]}}],"collection":[{"href":"https:\/\/www.gaveanews.com\/index.php\/wp-json\/wp\/v2\/posts"}],"about":[{"href":"https:\/\/www.gaveanews.com\/index.php\/wp-json\/wp\/v2\/types\/post"}],"author":[{"embeddable":true,"href":"https:\/\/www.gaveanews.com\/index.php\/wp-json\/wp\/v2\/users\/1"}],"replies":[{"embeddable":true,"href":"https:\/\/www.gaveanews.com\/index.php\/wp-json\/wp\/v2\/comments?post=85591"}],"version-history":[{"count":0,"href":"https:\/\/www.gaveanews.com\/index.php\/wp-json\/wp\/v2\/posts\/85591\/revisions"}],"wp:featuredmedia":[{"embeddable":true,"href":"https:\/\/www.gaveanews.com\/index.php\/wp-json\/wp\/v2\/media\/69601"}],"wp:attachment":[{"href":"https:\/\/www.gaveanews.com\/index.php\/wp-json\/wp\/v2\/media?parent=85591"}],"wp:term":[{"taxonomy":"category","embeddable":true,"href":"https:\/\/www.gaveanews.com\/index.php\/wp-json\/wp\/v2\/categories?post=85591"},{"taxonomy":"post_tag","embeddable":true,"href":"https:\/\/www.gaveanews.com\/index.php\/wp-json\/wp\/v2\/tags?post=85591"}],"curies":[{"name":"wp","href":"https:\/\/api.w.org\/{rel}","templated":true}]}}