{"id":85638,"date":"2022-08-06T22:54:04","date_gmt":"2022-08-07T01:54:04","guid":{"rendered":"https:\/\/www.gaveanews.com\/?p=85638"},"modified":"2022-08-06T22:54:07","modified_gmt":"2022-08-07T01:54:07","slug":"gabigol-exalta-forca-do-elenco-do-flamengo-e-fala-sobre-oscar","status":"publish","type":"post","link":"https:\/\/www.gaveanews.com\/index.php\/2022\/08\/06\/gabigol-exalta-forca-do-elenco-do-flamengo-e-fala-sobre-oscar\/","title":{"rendered":"Gabigol exalta for\u00e7a do elenco do Flamengo e fala sobre Oscar"},"content":{"rendered":"\n<p>Neste s\u00e1bado, o Flamengo venceu o S\u00e3o Paulo por 2 a 0, no Morumbi, em partida v\u00e1lida pela 21\u00aa rodada do Campeonato Brasileiro. Em mais uma boa atua\u00e7\u00e3o coletiva, o Mais Querido conquistou mais tr\u00eas pontos na classifica\u00e7\u00e3o.<\/p>\n\n\n\n<p>Mesmo com um time alternativo, o Flamengo conseguiu manter a mesma pegada das partidas anteriores. E em alguns momentos conseguiu se defender e controlar o jogo nos momentos que o S\u00e3o Paulo cresceu no jogo.<\/p>\n\n\n\n<p>Ap\u00f3s a partida, Gabigol falou com a imprensa. O camisa 9 entrou e deixou sua marca, ressaltou a uni\u00e3o dos jogadores. O atacante fez quest\u00e3o de garantir que a vit\u00f3ria foi muito importante para a continuidade da competi\u00e7\u00e3o.<\/p>\n\n\n\n<p>\u201cFoi uma vit\u00f3ria tremenda com todos os jogadores unidos desde o treino de ontem, a gente conseguiu se preparar bem. Sab\u00edamos que jogar\u00edamos com uma grande equipe e foram tr\u00eas pontos importantes para o segmento do Brasileiro\u201d, disse Gabigol.<\/p>\n\n\n\n<p>Durante a entrevista, Gabi recebeu a informa\u00e7\u00e3o que Oscar voltaria para o Rio de Janeiro com a delega\u00e7\u00e3o do Flamengo. O artilheiro elogiou bastante o jogador e garantiu que o meia merece um grupo como o rubro-negro.<\/p>\n\n\n\n<p>\u201cOscar \u00e9 um grande jogador, que merece estar conosco com um grande time, grande torcida e com uma grande estrutura. Espero que ele seja muito feliz, e que ele possa nos ajudar tanto dentro, quanto fora de campo. Nosso time vem se fortalecendo com jogador experientes e com rodagens, nossos meninos tamb\u00e9m est\u00e3o muito bem. Vimos L\u00e1zaro, Matheuzinho, Jo\u00e3o Gomes e Victor Hugo fazendo grandes partidas\u201d.<\/p>\n\n\n\n<p>Retirado de: Di\u00e1rio do Fla<\/p>\n","protected":false},"excerpt":{"rendered":"<p>Neste s\u00e1bado, o Flamengo venceu o S\u00e3o Paulo por 2 a 0, no Morumbi, em partida v\u00e1lida pela 21\u00aa rodada do Campeonato Brasileiro. Em mais uma boa atua\u00e7\u00e3o coletiva, o Mais Querido conquistou mais tr\u00eas pontos na classifica\u00e7\u00e3o. Mesmo com um time alternativo, o Flamengo conseguiu manter a mesma pegada das partidas anteriores. E em [&hellip;]<\/p>\n","protected":false},"author":1,"featured_media":85462,"comment_status":"open","ping_status":"closed","sticky":false,"template":"","format":"standard","meta":{"footnotes":""},"categories":[1],"tags":[],"class_list":["post-85638","post","type-post","status-publish","format-standard","has-post-thumbnail","hentry","category-flamengo"],"yoast_head":"<!-- This site is optimized with the Yoast SEO Premium plugin v24.2 (Yoast SEO v26.9) - https:\/\/yoast.com\/product\/yoast-seo-premium-wordpress\/ -->\n<title>Gabigol exalta for\u00e7a do elenco do Flamengo e fala sobre Oscar<\/title>\n<meta name=\"robots\" content=\"index, follow, max-snippet:-1, max-image-preview:large, max-video-preview:-1\" \/>\n<link rel=\"canonical\" href=\"https:\/\/www.gaveanews.com\/index.php\/2022\/08\/06\/gabigol-exalta-forca-do-elenco-do-flamengo-e-fala-sobre-oscar\/\" \/>\n<meta property=\"og:locale\" content=\"pt_BR\" \/>\n<meta property=\"og:type\" content=\"article\" \/>\n<meta property=\"og:title\" content=\"Gabigol exalta for\u00e7a do elenco do Flamengo e fala sobre Oscar\" \/>\n<meta property=\"og:description\" content=\"Neste s\u00e1bado, o Flamengo venceu o S\u00e3o Paulo por 2 a 0, no Morumbi, em partida v\u00e1lida pela 21\u00aa rodada do Campeonato Brasileiro. Em mais uma boa atua\u00e7\u00e3o coletiva, o Mais Querido conquistou mais tr\u00eas pontos na classifica\u00e7\u00e3o. Mesmo com um time alternativo, o Flamengo conseguiu manter a mesma pegada das partidas anteriores. E em [&hellip;]\" \/>\n<meta property=\"og:url\" content=\"https:\/\/www.gaveanews.com\/index.php\/2022\/08\/06\/gabigol-exalta-forca-do-elenco-do-flamengo-e-fala-sobre-oscar\/\" \/>\n<meta property=\"og:site_name\" content=\"G\u00e1vea News\" \/>\n<meta property=\"article:publisher\" content=\"https:\/\/facebook.com\/gaveaNews\/\" \/>\n<meta property=\"article:published_time\" content=\"2022-08-07T01:54:04+00:00\" \/>\n<meta property=\"article:modified_time\" content=\"2022-08-07T01:54:07+00:00\" \/>\n<meta property=\"og:image\" content=\"https:\/\/www.gaveanews.com\/wp-content\/uploads\/Gabigol-em-viagem-do-Flamengo-para-enfrentar-o-Corinthians-pela-Libertadores.webp\" \/>\n\t<meta property=\"og:image:width\" content=\"799\" \/>\n\t<meta property=\"og:image:height\" content=\"532\" \/>\n\t<meta property=\"og:image:type\" content=\"image\/jpeg\" \/>\n<meta name=\"author\" content=\"Equipe G\u00e1vea News\" \/>\n<meta name=\"twitter:card\" content=\"summary_large_image\" \/>\n<meta name=\"twitter:label1\" content=\"Escrito por\" \/>\n\t<meta name=\"twitter:data1\" content=\"Equipe G\u00e1vea News\" \/>\n\t<meta name=\"twitter:label2\" content=\"Est. tempo de leitura\" \/>\n\t<meta name=\"twitter:data2\" content=\"2 minutos\" \/>\n<script type=\"application\/ld+json\" class=\"yoast-schema-graph\">{\"@context\":\"https:\/\/schema.org\",\"@graph\":[{\"@type\":\"NewsArticle\",\"@id\":\"https:\/\/www.gaveanews.com\/index.php\/2022\/08\/06\/gabigol-exalta-forca-do-elenco-do-flamengo-e-fala-sobre-oscar\/#article\",\"isPartOf\":{\"@id\":\"https:\/\/www.gaveanews.com\/index.php\/2022\/08\/06\/gabigol-exalta-forca-do-elenco-do-flamengo-e-fala-sobre-oscar\/\"},\"author\":{\"name\":\"Equipe G\u00e1vea News\",\"@id\":\"https:\/\/www.gaveanews.com\/#\/schema\/person\/2ec14f73fb96be2caf28f91afb14749d\"},\"headline\":\"Gabigol exalta for\u00e7a do elenco do Flamengo e fala sobre Oscar\",\"datePublished\":\"2022-08-07T01:54:04+00:00\",\"dateModified\":\"2022-08-07T01:54:07+00:00\",\"mainEntityOfPage\":{\"@id\":\"https:\/\/www.gaveanews.com\/index.php\/2022\/08\/06\/gabigol-exalta-forca-do-elenco-do-flamengo-e-fala-sobre-oscar\/\"},\"wordCount\":288,\"commentCount\":0,\"image\":{\"@id\":\"https:\/\/www.gaveanews.com\/index.php\/2022\/08\/06\/gabigol-exalta-forca-do-elenco-do-flamengo-e-fala-sobre-oscar\/#primaryimage\"},\"thumbnailUrl\":\"https:\/\/www.gaveanews.com\/wp-content\/uploads\/Gabigol-em-viagem-do-Flamengo-para-enfrentar-o-Corinthians-pela-Libertadores.webp\",\"articleSection\":[\"Flamengo\"],\"inLanguage\":\"pt-BR\",\"potentialAction\":[{\"@type\":\"CommentAction\",\"name\":\"Comment\",\"target\":[\"https:\/\/www.gaveanews.com\/index.php\/2022\/08\/06\/gabigol-exalta-forca-do-elenco-do-flamengo-e-fala-sobre-oscar\/#respond\"]}],\"copyrightYear\":\"2022\",\"copyrightHolder\":{\"@id\":\"https:\/\/www.gaveanews.com\/#organization\"}},{\"@type\":\"WebPage\",\"@id\":\"https:\/\/www.gaveanews.com\/index.php\/2022\/08\/06\/gabigol-exalta-forca-do-elenco-do-flamengo-e-fala-sobre-oscar\/\",\"url\":\"https:\/\/www.gaveanews.com\/index.php\/2022\/08\/06\/gabigol-exalta-forca-do-elenco-do-flamengo-e-fala-sobre-oscar\/\",\"name\":\"Gabigol exalta for\u00e7a do elenco do Flamengo e fala sobre Oscar\",\"isPartOf\":{\"@id\":\"https:\/\/www.gaveanews.com\/#website\"},\"primaryImageOfPage\":{\"@id\":\"https:\/\/www.gaveanews.com\/index.php\/2022\/08\/06\/gabigol-exalta-forca-do-elenco-do-flamengo-e-fala-sobre-oscar\/#primaryimage\"},\"image\":{\"@id\":\"https:\/\/www.gaveanews.com\/index.php\/2022\/08\/06\/gabigol-exalta-forca-do-elenco-do-flamengo-e-fala-sobre-oscar\/#primaryimage\"},\"thumbnailUrl\":\"https:\/\/www.gaveanews.com\/wp-content\/uploads\/Gabigol-em-viagem-do-Flamengo-para-enfrentar-o-Corinthians-pela-Libertadores.webp\",\"datePublished\":\"2022-08-07T01:54:04+00:00\",\"dateModified\":\"2022-08-07T01:54:07+00:00\",\"author\":{\"@id\":\"https:\/\/www.gaveanews.com\/#\/schema\/person\/2ec14f73fb96be2caf28f91afb14749d\"},\"breadcrumb\":{\"@id\":\"https:\/\/www.gaveanews.com\/index.php\/2022\/08\/06\/gabigol-exalta-forca-do-elenco-do-flamengo-e-fala-sobre-oscar\/#breadcrumb\"},\"inLanguage\":\"pt-BR\",\"potentialAction\":[{\"@type\":\"ReadAction\",\"target\":[\"https:\/\/www.gaveanews.com\/index.php\/2022\/08\/06\/gabigol-exalta-forca-do-elenco-do-flamengo-e-fala-sobre-oscar\/\"]}]},{\"@type\":\"ImageObject\",\"inLanguage\":\"pt-BR\",\"@id\":\"https:\/\/www.gaveanews.com\/index.php\/2022\/08\/06\/gabigol-exalta-forca-do-elenco-do-flamengo-e-fala-sobre-oscar\/#primaryimage\",\"url\":\"https:\/\/www.gaveanews.com\/wp-content\/uploads\/Gabigol-em-viagem-do-Flamengo-para-enfrentar-o-Corinthians-pela-Libertadores.webp\",\"contentUrl\":\"https:\/\/www.gaveanews.com\/wp-content\/uploads\/Gabigol-em-viagem-do-Flamengo-para-enfrentar-o-Corinthians-pela-Libertadores.webp\",\"width\":799,\"height\":532,\"caption\":\"Gabigol em viagem do Flamengo para enfrentar o Corinthians pela Libertadores (Foto: Marcelo Cortes\/Flamengo)\"},{\"@type\":\"BreadcrumbList\",\"@id\":\"https:\/\/www.gaveanews.com\/index.php\/2022\/08\/06\/gabigol-exalta-forca-do-elenco-do-flamengo-e-fala-sobre-oscar\/#breadcrumb\",\"itemListElement\":[{\"@type\":\"ListItem\",\"position\":1,\"name\":\"Home\",\"item\":\"https:\/\/www.gaveanews.com\/\"},{\"@type\":\"ListItem\",\"position\":2,\"name\":\"Gabigol exalta for\u00e7a do elenco do Flamengo e fala sobre Oscar\"}]},{\"@type\":\"WebSite\",\"@id\":\"https:\/\/www.gaveanews.com\/#website\",\"url\":\"https:\/\/www.gaveanews.com\/\",\"name\":\"G\u00e1vea News\",\"description\":\"Veja todas as not\u00edcias sobre o Flamengo: Contrata\u00e7\u00f5es, categorias de base, resultados das partidas, tabela de classifica\u00e7\u00e3o, pr\u00f3ximos jogos!\",\"potentialAction\":[{\"@type\":\"SearchAction\",\"target\":{\"@type\":\"EntryPoint\",\"urlTemplate\":\"https:\/\/www.gaveanews.com\/?s={search_term_string}\"},\"query-input\":{\"@type\":\"PropertyValueSpecification\",\"valueRequired\":true,\"valueName\":\"search_term_string\"}}],\"inLanguage\":\"pt-BR\"},{\"@type\":\"Person\",\"@id\":\"https:\/\/www.gaveanews.com\/#\/schema\/person\/2ec14f73fb96be2caf28f91afb14749d\",\"name\":\"Equipe G\u00e1vea News\",\"image\":{\"@type\":\"ImageObject\",\"inLanguage\":\"pt-BR\",\"@id\":\"https:\/\/www.gaveanews.com\/#\/schema\/person\/image\/\",\"url\":\"https:\/\/secure.gravatar.com\/avatar\/1e1956f1facbffd3f8fa53a326721950116b3b9dc9bd44939c01180fd4a745a9?s=96&d=mm&r=g\",\"contentUrl\":\"https:\/\/secure.gravatar.com\/avatar\/1e1956f1facbffd3f8fa53a326721950116b3b9dc9bd44939c01180fd4a745a9?s=96&d=mm&r=g\",\"caption\":\"Equipe G\u00e1vea News\"}}]}<\/script>\n<!-- \/ Yoast SEO Premium plugin. -->","yoast_head_json":{"title":"Gabigol exalta for\u00e7a do elenco do Flamengo e fala sobre Oscar","robots":{"index":"index","follow":"follow","max-snippet":"max-snippet:-1","max-image-preview":"max-image-preview:large","max-video-preview":"max-video-preview:-1"},"canonical":"https:\/\/www.gaveanews.com\/index.php\/2022\/08\/06\/gabigol-exalta-forca-do-elenco-do-flamengo-e-fala-sobre-oscar\/","og_locale":"pt_BR","og_type":"article","og_title":"Gabigol exalta for\u00e7a do elenco do Flamengo e fala sobre Oscar","og_description":"Neste s\u00e1bado, o Flamengo venceu o S\u00e3o Paulo por 2 a 0, no Morumbi, em partida v\u00e1lida pela 21\u00aa rodada do Campeonato Brasileiro. Em mais uma boa atua\u00e7\u00e3o coletiva, o Mais Querido conquistou mais tr\u00eas pontos na classifica\u00e7\u00e3o. Mesmo com um time alternativo, o Flamengo conseguiu manter a mesma pegada das partidas anteriores. E em [&hellip;]","og_url":"https:\/\/www.gaveanews.com\/index.php\/2022\/08\/06\/gabigol-exalta-forca-do-elenco-do-flamengo-e-fala-sobre-oscar\/","og_site_name":"G\u00e1vea News","article_publisher":"https:\/\/facebook.com\/gaveaNews\/","article_published_time":"2022-08-07T01:54:04+00:00","article_modified_time":"2022-08-07T01:54:07+00:00","og_image":[{"width":799,"height":532,"url":"https:\/\/www.gaveanews.com\/wp-content\/uploads\/Gabigol-em-viagem-do-Flamengo-para-enfrentar-o-Corinthians-pela-Libertadores.webp","type":"image\/jpeg"}],"author":"Equipe G\u00e1vea News","twitter_card":"summary_large_image","twitter_misc":{"Escrito por":"Equipe G\u00e1vea News","Est. tempo de leitura":"2 minutos"},"schema":{"@context":"https:\/\/schema.org","@graph":[{"@type":"NewsArticle","@id":"https:\/\/www.gaveanews.com\/index.php\/2022\/08\/06\/gabigol-exalta-forca-do-elenco-do-flamengo-e-fala-sobre-oscar\/#article","isPartOf":{"@id":"https:\/\/www.gaveanews.com\/index.php\/2022\/08\/06\/gabigol-exalta-forca-do-elenco-do-flamengo-e-fala-sobre-oscar\/"},"author":{"name":"Equipe G\u00e1vea News","@id":"https:\/\/www.gaveanews.com\/#\/schema\/person\/2ec14f73fb96be2caf28f91afb14749d"},"headline":"Gabigol exalta for\u00e7a do elenco do Flamengo e fala sobre Oscar","datePublished":"2022-08-07T01:54:04+00:00","dateModified":"2022-08-07T01:54:07+00:00","mainEntityOfPage":{"@id":"https:\/\/www.gaveanews.com\/index.php\/2022\/08\/06\/gabigol-exalta-forca-do-elenco-do-flamengo-e-fala-sobre-oscar\/"},"wordCount":288,"commentCount":0,"image":{"@id":"https:\/\/www.gaveanews.com\/index.php\/2022\/08\/06\/gabigol-exalta-forca-do-elenco-do-flamengo-e-fala-sobre-oscar\/#primaryimage"},"thumbnailUrl":"https:\/\/www.gaveanews.com\/wp-content\/uploads\/Gabigol-em-viagem-do-Flamengo-para-enfrentar-o-Corinthians-pela-Libertadores.webp","articleSection":["Flamengo"],"inLanguage":"pt-BR","potentialAction":[{"@type":"CommentAction","name":"Comment","target":["https:\/\/www.gaveanews.com\/index.php\/2022\/08\/06\/gabigol-exalta-forca-do-elenco-do-flamengo-e-fala-sobre-oscar\/#respond"]}],"copyrightYear":"2022","copyrightHolder":{"@id":"https:\/\/www.gaveanews.com\/#organization"}},{"@type":"WebPage","@id":"https:\/\/www.gaveanews.com\/index.php\/2022\/08\/06\/gabigol-exalta-forca-do-elenco-do-flamengo-e-fala-sobre-oscar\/","url":"https:\/\/www.gaveanews.com\/index.php\/2022\/08\/06\/gabigol-exalta-forca-do-elenco-do-flamengo-e-fala-sobre-oscar\/","name":"Gabigol exalta for\u00e7a do elenco do Flamengo e fala sobre Oscar","isPartOf":{"@id":"https:\/\/www.gaveanews.com\/#website"},"primaryImageOfPage":{"@id":"https:\/\/www.gaveanews.com\/index.php\/2022\/08\/06\/gabigol-exalta-forca-do-elenco-do-flamengo-e-fala-sobre-oscar\/#primaryimage"},"image":{"@id":"https:\/\/www.gaveanews.com\/index.php\/2022\/08\/06\/gabigol-exalta-forca-do-elenco-do-flamengo-e-fala-sobre-oscar\/#primaryimage"},"thumbnailUrl":"https:\/\/www.gaveanews.com\/wp-content\/uploads\/Gabigol-em-viagem-do-Flamengo-para-enfrentar-o-Corinthians-pela-Libertadores.webp","datePublished":"2022-08-07T01:54:04+00:00","dateModified":"2022-08-07T01:54:07+00:00","author":{"@id":"https:\/\/www.gaveanews.com\/#\/schema\/person\/2ec14f73fb96be2caf28f91afb14749d"},"breadcrumb":{"@id":"https:\/\/www.gaveanews.com\/index.php\/2022\/08\/06\/gabigol-exalta-forca-do-elenco-do-flamengo-e-fala-sobre-oscar\/#breadcrumb"},"inLanguage":"pt-BR","potentialAction":[{"@type":"ReadAction","target":["https:\/\/www.gaveanews.com\/index.php\/2022\/08\/06\/gabigol-exalta-forca-do-elenco-do-flamengo-e-fala-sobre-oscar\/"]}]},{"@type":"ImageObject","inLanguage":"pt-BR","@id":"https:\/\/www.gaveanews.com\/index.php\/2022\/08\/06\/gabigol-exalta-forca-do-elenco-do-flamengo-e-fala-sobre-oscar\/#primaryimage","url":"https:\/\/www.gaveanews.com\/wp-content\/uploads\/Gabigol-em-viagem-do-Flamengo-para-enfrentar-o-Corinthians-pela-Libertadores.webp","contentUrl":"https:\/\/www.gaveanews.com\/wp-content\/uploads\/Gabigol-em-viagem-do-Flamengo-para-enfrentar-o-Corinthians-pela-Libertadores.webp","width":799,"height":532,"caption":"Gabigol em viagem do Flamengo para enfrentar o Corinthians pela Libertadores (Foto: Marcelo Cortes\/Flamengo)"},{"@type":"BreadcrumbList","@id":"https:\/\/www.gaveanews.com\/index.php\/2022\/08\/06\/gabigol-exalta-forca-do-elenco-do-flamengo-e-fala-sobre-oscar\/#breadcrumb","itemListElement":[{"@type":"ListItem","position":1,"name":"Home","item":"https:\/\/www.gaveanews.com\/"},{"@type":"ListItem","position":2,"name":"Gabigol exalta for\u00e7a do elenco do Flamengo e fala sobre Oscar"}]},{"@type":"WebSite","@id":"https:\/\/www.gaveanews.com\/#website","url":"https:\/\/www.gaveanews.com\/","name":"G\u00e1vea News","description":"Veja todas as not\u00edcias sobre o Flamengo: Contrata\u00e7\u00f5es, categorias de base, resultados das partidas, tabela de classifica\u00e7\u00e3o, pr\u00f3ximos jogos!","potentialAction":[{"@type":"SearchAction","target":{"@type":"EntryPoint","urlTemplate":"https:\/\/www.gaveanews.com\/?s={search_term_string}"},"query-input":{"@type":"PropertyValueSpecification","valueRequired":true,"valueName":"search_term_string"}}],"inLanguage":"pt-BR"},{"@type":"Person","@id":"https:\/\/www.gaveanews.com\/#\/schema\/person\/2ec14f73fb96be2caf28f91afb14749d","name":"Equipe G\u00e1vea News","image":{"@type":"ImageObject","inLanguage":"pt-BR","@id":"https:\/\/www.gaveanews.com\/#\/schema\/person\/image\/","url":"https:\/\/secure.gravatar.com\/avatar\/1e1956f1facbffd3f8fa53a326721950116b3b9dc9bd44939c01180fd4a745a9?s=96&d=mm&r=g","contentUrl":"https:\/\/secure.gravatar.com\/avatar\/1e1956f1facbffd3f8fa53a326721950116b3b9dc9bd44939c01180fd4a745a9?s=96&d=mm&r=g","caption":"Equipe G\u00e1vea News"}}]}},"_links":{"self":[{"href":"https:\/\/www.gaveanews.com\/index.php\/wp-json\/wp\/v2\/posts\/85638","targetHints":{"allow":["GET"]}}],"collection":[{"href":"https:\/\/www.gaveanews.com\/index.php\/wp-json\/wp\/v2\/posts"}],"about":[{"href":"https:\/\/www.gaveanews.com\/index.php\/wp-json\/wp\/v2\/types\/post"}],"author":[{"embeddable":true,"href":"https:\/\/www.gaveanews.com\/index.php\/wp-json\/wp\/v2\/users\/1"}],"replies":[{"embeddable":true,"href":"https:\/\/www.gaveanews.com\/index.php\/wp-json\/wp\/v2\/comments?post=85638"}],"version-history":[{"count":0,"href":"https:\/\/www.gaveanews.com\/index.php\/wp-json\/wp\/v2\/posts\/85638\/revisions"}],"wp:featuredmedia":[{"embeddable":true,"href":"https:\/\/www.gaveanews.com\/index.php\/wp-json\/wp\/v2\/media\/85462"}],"wp:attachment":[{"href":"https:\/\/www.gaveanews.com\/index.php\/wp-json\/wp\/v2\/media?parent=85638"}],"wp:term":[{"taxonomy":"category","embeddable":true,"href":"https:\/\/www.gaveanews.com\/index.php\/wp-json\/wp\/v2\/categories?post=85638"},{"taxonomy":"post_tag","embeddable":true,"href":"https:\/\/www.gaveanews.com\/index.php\/wp-json\/wp\/v2\/tags?post=85638"}],"curies":[{"name":"wp","href":"https:\/\/api.w.org\/{rel}","templated":true}]}}