{"id":85697,"date":"2022-08-09T00:15:40","date_gmt":"2022-08-09T03:15:40","guid":{"rendered":"https:\/\/www.gaveanews.com\/?p=85697"},"modified":"2022-08-09T00:15:47","modified_gmt":"2022-08-09T03:15:47","slug":"lazaro-quase-trocou-flamengo-por-clube-da-serie-a-no-inicio-do-ano","status":"publish","type":"post","link":"https:\/\/www.gaveanews.com\/index.php\/2022\/08\/09\/lazaro-quase-trocou-flamengo-por-clube-da-serie-a-no-inicio-do-ano\/","title":{"rendered":"L\u00e1zaro quase trocou Flamengo por clube da S\u00e9rie A no in\u00edcio do ano"},"content":{"rendered":"\n<p>Um dos destaques do Flamengo na temporada, L\u00e1zaro teve novamente participa\u00e7\u00e3o importante em partida contra o S\u00e3o Paulo. Ap\u00f3s dar assist\u00eancia para Gabigol no primeiro turno, o jovem deixou sua marca no returno, no Morumbi, sendo o primeiro gol da partida.<\/p>\n\n\n\n<p>No entanto, o ano do jogador poderia ter sido diferente. Em participa\u00e7\u00e3o no \u201cCanelada\u201c, da Jovem Pan, o jornalista Bernardo Ramos revelou que o Fortaleza fez contato demonstrando interesse na contrata\u00e7\u00e3o do jovem no in\u00edcio da temporada.<\/p>\n\n\n\n<p>No entanto, Paulo Sousa, ent\u00e3o treinador, vetou. L\u00e1zaro era pe\u00e7a importante no Flamengo do portugu\u00eas, sendo um dos que melhores atuavam como ala esquerda, j\u00e1 que Everton Ribeiro n\u00e3o conseguia ter regularidade na posi\u00e7\u00e3o.<\/p>\n\n\n\n<p>Por fim, o atacante tem sete gols e sete assist\u00eancias em 2022. Ele vem sendo pe\u00e7a importante saindo do banco de reservas, como quando marcou contra o Atl\u00e9tico-MG no jogo de ida da Copa do Brasil, no Mineir\u00e3o, que manteve o Flamengo vivo para a remontada no Maracan\u00e3.<\/p>\n\n\n\n<p>Retirado de: Mercado do Futebol<\/p>\n","protected":false},"excerpt":{"rendered":"<p>Um dos destaques do Flamengo na temporada, L\u00e1zaro teve novamente participa\u00e7\u00e3o importante em partida contra o S\u00e3o Paulo. Ap\u00f3s dar assist\u00eancia para Gabigol no primeiro turno, o jovem deixou sua marca no returno, no Morumbi, sendo o primeiro gol da partida. No entanto, o ano do jogador poderia ter sido diferente. Em participa\u00e7\u00e3o no \u201cCanelada\u201c, [&hellip;]<\/p>\n","protected":false},"author":1,"featured_media":80717,"comment_status":"open","ping_status":"closed","sticky":false,"template":"","format":"standard","meta":{"footnotes":""},"categories":[48],"tags":[],"class_list":["post-85697","post","type-post","status-publish","format-standard","has-post-thumbnail","hentry","category-negociacoes"],"yoast_head":"<!-- This site is optimized with the Yoast SEO Premium plugin v24.2 (Yoast SEO v26.9) - https:\/\/yoast.com\/product\/yoast-seo-premium-wordpress\/ -->\n<title>L\u00e1zaro quase trocou Flamengo por clube da S\u00e9rie A no in\u00edcio do ano<\/title>\n<meta name=\"robots\" content=\"index, follow, max-snippet:-1, max-image-preview:large, max-video-preview:-1\" \/>\n<link rel=\"canonical\" href=\"https:\/\/www.gaveanews.com\/index.php\/2022\/08\/09\/lazaro-quase-trocou-flamengo-por-clube-da-serie-a-no-inicio-do-ano\/\" \/>\n<meta property=\"og:locale\" content=\"pt_BR\" \/>\n<meta property=\"og:type\" content=\"article\" \/>\n<meta property=\"og:title\" content=\"L\u00e1zaro quase trocou Flamengo por clube da S\u00e9rie A no in\u00edcio do ano\" \/>\n<meta property=\"og:description\" content=\"Um dos destaques do Flamengo na temporada, L\u00e1zaro teve novamente participa\u00e7\u00e3o importante em partida contra o S\u00e3o Paulo. Ap\u00f3s dar assist\u00eancia para Gabigol no primeiro turno, o jovem deixou sua marca no returno, no Morumbi, sendo o primeiro gol da partida. No entanto, o ano do jogador poderia ter sido diferente. Em participa\u00e7\u00e3o no \u201cCanelada\u201c, [&hellip;]\" \/>\n<meta property=\"og:url\" content=\"https:\/\/www.gaveanews.com\/index.php\/2022\/08\/09\/lazaro-quase-trocou-flamengo-por-clube-da-serie-a-no-inicio-do-ano\/\" \/>\n<meta property=\"og:site_name\" content=\"G\u00e1vea News\" \/>\n<meta property=\"article:publisher\" content=\"https:\/\/facebook.com\/gaveaNews\/\" \/>\n<meta property=\"article:published_time\" content=\"2022-08-09T03:15:40+00:00\" \/>\n<meta property=\"article:modified_time\" content=\"2022-08-09T03:15:47+00:00\" \/>\n<meta property=\"og:image\" content=\"https:\/\/www.gaveanews.com\/wp-content\/uploads\/Lazaro-em-acao-pelo-Flamengo-no-Maracana.webp\" \/>\n\t<meta property=\"og:image:width\" content=\"800\" \/>\n\t<meta property=\"og:image:height\" content=\"533\" \/>\n\t<meta property=\"og:image:type\" content=\"image\/jpeg\" \/>\n<meta name=\"author\" content=\"Equipe G\u00e1vea News\" \/>\n<meta name=\"twitter:card\" content=\"summary_large_image\" \/>\n<meta name=\"twitter:label1\" content=\"Escrito por\" \/>\n\t<meta name=\"twitter:data1\" content=\"Equipe G\u00e1vea News\" \/>\n\t<meta name=\"twitter:label2\" content=\"Est. tempo de leitura\" \/>\n\t<meta name=\"twitter:data2\" content=\"1 minuto\" \/>\n<script type=\"application\/ld+json\" class=\"yoast-schema-graph\">{\"@context\":\"https:\/\/schema.org\",\"@graph\":[{\"@type\":\"NewsArticle\",\"@id\":\"https:\/\/www.gaveanews.com\/index.php\/2022\/08\/09\/lazaro-quase-trocou-flamengo-por-clube-da-serie-a-no-inicio-do-ano\/#article\",\"isPartOf\":{\"@id\":\"https:\/\/www.gaveanews.com\/index.php\/2022\/08\/09\/lazaro-quase-trocou-flamengo-por-clube-da-serie-a-no-inicio-do-ano\/\"},\"author\":{\"name\":\"Equipe G\u00e1vea News\",\"@id\":\"https:\/\/www.gaveanews.com\/#\/schema\/person\/2ec14f73fb96be2caf28f91afb14749d\"},\"headline\":\"L\u00e1zaro quase trocou Flamengo por clube da S\u00e9rie A no in\u00edcio do ano\",\"datePublished\":\"2022-08-09T03:15:40+00:00\",\"dateModified\":\"2022-08-09T03:15:47+00:00\",\"mainEntityOfPage\":{\"@id\":\"https:\/\/www.gaveanews.com\/index.php\/2022\/08\/09\/lazaro-quase-trocou-flamengo-por-clube-da-serie-a-no-inicio-do-ano\/\"},\"wordCount\":198,\"commentCount\":0,\"image\":{\"@id\":\"https:\/\/www.gaveanews.com\/index.php\/2022\/08\/09\/lazaro-quase-trocou-flamengo-por-clube-da-serie-a-no-inicio-do-ano\/#primaryimage\"},\"thumbnailUrl\":\"https:\/\/www.gaveanews.com\/wp-content\/uploads\/Lazaro-em-acao-pelo-Flamengo-no-Maracana.webp\",\"articleSection\":[\"Negocia\u00e7\u00f5es\"],\"inLanguage\":\"pt-BR\",\"potentialAction\":[{\"@type\":\"CommentAction\",\"name\":\"Comment\",\"target\":[\"https:\/\/www.gaveanews.com\/index.php\/2022\/08\/09\/lazaro-quase-trocou-flamengo-por-clube-da-serie-a-no-inicio-do-ano\/#respond\"]}],\"copyrightYear\":\"2022\",\"copyrightHolder\":{\"@id\":\"https:\/\/www.gaveanews.com\/#organization\"}},{\"@type\":\"WebPage\",\"@id\":\"https:\/\/www.gaveanews.com\/index.php\/2022\/08\/09\/lazaro-quase-trocou-flamengo-por-clube-da-serie-a-no-inicio-do-ano\/\",\"url\":\"https:\/\/www.gaveanews.com\/index.php\/2022\/08\/09\/lazaro-quase-trocou-flamengo-por-clube-da-serie-a-no-inicio-do-ano\/\",\"name\":\"L\u00e1zaro quase trocou Flamengo por clube da S\u00e9rie A no in\u00edcio do ano\",\"isPartOf\":{\"@id\":\"https:\/\/www.gaveanews.com\/#website\"},\"primaryImageOfPage\":{\"@id\":\"https:\/\/www.gaveanews.com\/index.php\/2022\/08\/09\/lazaro-quase-trocou-flamengo-por-clube-da-serie-a-no-inicio-do-ano\/#primaryimage\"},\"image\":{\"@id\":\"https:\/\/www.gaveanews.com\/index.php\/2022\/08\/09\/lazaro-quase-trocou-flamengo-por-clube-da-serie-a-no-inicio-do-ano\/#primaryimage\"},\"thumbnailUrl\":\"https:\/\/www.gaveanews.com\/wp-content\/uploads\/Lazaro-em-acao-pelo-Flamengo-no-Maracana.webp\",\"datePublished\":\"2022-08-09T03:15:40+00:00\",\"dateModified\":\"2022-08-09T03:15:47+00:00\",\"author\":{\"@id\":\"https:\/\/www.gaveanews.com\/#\/schema\/person\/2ec14f73fb96be2caf28f91afb14749d\"},\"breadcrumb\":{\"@id\":\"https:\/\/www.gaveanews.com\/index.php\/2022\/08\/09\/lazaro-quase-trocou-flamengo-por-clube-da-serie-a-no-inicio-do-ano\/#breadcrumb\"},\"inLanguage\":\"pt-BR\",\"potentialAction\":[{\"@type\":\"ReadAction\",\"target\":[\"https:\/\/www.gaveanews.com\/index.php\/2022\/08\/09\/lazaro-quase-trocou-flamengo-por-clube-da-serie-a-no-inicio-do-ano\/\"]}]},{\"@type\":\"ImageObject\",\"inLanguage\":\"pt-BR\",\"@id\":\"https:\/\/www.gaveanews.com\/index.php\/2022\/08\/09\/lazaro-quase-trocou-flamengo-por-clube-da-serie-a-no-inicio-do-ano\/#primaryimage\",\"url\":\"https:\/\/www.gaveanews.com\/wp-content\/uploads\/Lazaro-em-acao-pelo-Flamengo-no-Maracana.webp\",\"contentUrl\":\"https:\/\/www.gaveanews.com\/wp-content\/uploads\/Lazaro-em-acao-pelo-Flamengo-no-Maracana.webp\",\"width\":800,\"height\":533,\"caption\":\"L\u00e1zaro em a\u00e7\u00e3o pelo Flamengo no Maracan\u00e3 (Foto: Marcelo Cortes\/Flamengo)\"},{\"@type\":\"BreadcrumbList\",\"@id\":\"https:\/\/www.gaveanews.com\/index.php\/2022\/08\/09\/lazaro-quase-trocou-flamengo-por-clube-da-serie-a-no-inicio-do-ano\/#breadcrumb\",\"itemListElement\":[{\"@type\":\"ListItem\",\"position\":1,\"name\":\"Home\",\"item\":\"https:\/\/www.gaveanews.com\/\"},{\"@type\":\"ListItem\",\"position\":2,\"name\":\"L\u00e1zaro quase trocou Flamengo por clube da S\u00e9rie A no in\u00edcio do ano\"}]},{\"@type\":\"WebSite\",\"@id\":\"https:\/\/www.gaveanews.com\/#website\",\"url\":\"https:\/\/www.gaveanews.com\/\",\"name\":\"G\u00e1vea News\",\"description\":\"Veja todas as not\u00edcias sobre o Flamengo: Contrata\u00e7\u00f5es, categorias de base, resultados das partidas, tabela de classifica\u00e7\u00e3o, pr\u00f3ximos jogos!\",\"potentialAction\":[{\"@type\":\"SearchAction\",\"target\":{\"@type\":\"EntryPoint\",\"urlTemplate\":\"https:\/\/www.gaveanews.com\/?s={search_term_string}\"},\"query-input\":{\"@type\":\"PropertyValueSpecification\",\"valueRequired\":true,\"valueName\":\"search_term_string\"}}],\"inLanguage\":\"pt-BR\"},{\"@type\":\"Person\",\"@id\":\"https:\/\/www.gaveanews.com\/#\/schema\/person\/2ec14f73fb96be2caf28f91afb14749d\",\"name\":\"Equipe G\u00e1vea News\",\"image\":{\"@type\":\"ImageObject\",\"inLanguage\":\"pt-BR\",\"@id\":\"https:\/\/www.gaveanews.com\/#\/schema\/person\/image\/\",\"url\":\"https:\/\/secure.gravatar.com\/avatar\/1e1956f1facbffd3f8fa53a326721950116b3b9dc9bd44939c01180fd4a745a9?s=96&d=mm&r=g\",\"contentUrl\":\"https:\/\/secure.gravatar.com\/avatar\/1e1956f1facbffd3f8fa53a326721950116b3b9dc9bd44939c01180fd4a745a9?s=96&d=mm&r=g\",\"caption\":\"Equipe G\u00e1vea News\"}}]}<\/script>\n<!-- \/ Yoast SEO Premium plugin. -->","yoast_head_json":{"title":"L\u00e1zaro quase trocou Flamengo por clube da S\u00e9rie A no in\u00edcio do ano","robots":{"index":"index","follow":"follow","max-snippet":"max-snippet:-1","max-image-preview":"max-image-preview:large","max-video-preview":"max-video-preview:-1"},"canonical":"https:\/\/www.gaveanews.com\/index.php\/2022\/08\/09\/lazaro-quase-trocou-flamengo-por-clube-da-serie-a-no-inicio-do-ano\/","og_locale":"pt_BR","og_type":"article","og_title":"L\u00e1zaro quase trocou Flamengo por clube da S\u00e9rie A no in\u00edcio do ano","og_description":"Um dos destaques do Flamengo na temporada, L\u00e1zaro teve novamente participa\u00e7\u00e3o importante em partida contra o S\u00e3o Paulo. Ap\u00f3s dar assist\u00eancia para Gabigol no primeiro turno, o jovem deixou sua marca no returno, no Morumbi, sendo o primeiro gol da partida. No entanto, o ano do jogador poderia ter sido diferente. Em participa\u00e7\u00e3o no \u201cCanelada\u201c, [&hellip;]","og_url":"https:\/\/www.gaveanews.com\/index.php\/2022\/08\/09\/lazaro-quase-trocou-flamengo-por-clube-da-serie-a-no-inicio-do-ano\/","og_site_name":"G\u00e1vea News","article_publisher":"https:\/\/facebook.com\/gaveaNews\/","article_published_time":"2022-08-09T03:15:40+00:00","article_modified_time":"2022-08-09T03:15:47+00:00","og_image":[{"width":800,"height":533,"url":"https:\/\/www.gaveanews.com\/wp-content\/uploads\/Lazaro-em-acao-pelo-Flamengo-no-Maracana.webp","type":"image\/jpeg"}],"author":"Equipe G\u00e1vea News","twitter_card":"summary_large_image","twitter_misc":{"Escrito por":"Equipe G\u00e1vea News","Est. tempo de leitura":"1 minuto"},"schema":{"@context":"https:\/\/schema.org","@graph":[{"@type":"NewsArticle","@id":"https:\/\/www.gaveanews.com\/index.php\/2022\/08\/09\/lazaro-quase-trocou-flamengo-por-clube-da-serie-a-no-inicio-do-ano\/#article","isPartOf":{"@id":"https:\/\/www.gaveanews.com\/index.php\/2022\/08\/09\/lazaro-quase-trocou-flamengo-por-clube-da-serie-a-no-inicio-do-ano\/"},"author":{"name":"Equipe G\u00e1vea News","@id":"https:\/\/www.gaveanews.com\/#\/schema\/person\/2ec14f73fb96be2caf28f91afb14749d"},"headline":"L\u00e1zaro quase trocou Flamengo por clube da S\u00e9rie A no in\u00edcio do ano","datePublished":"2022-08-09T03:15:40+00:00","dateModified":"2022-08-09T03:15:47+00:00","mainEntityOfPage":{"@id":"https:\/\/www.gaveanews.com\/index.php\/2022\/08\/09\/lazaro-quase-trocou-flamengo-por-clube-da-serie-a-no-inicio-do-ano\/"},"wordCount":198,"commentCount":0,"image":{"@id":"https:\/\/www.gaveanews.com\/index.php\/2022\/08\/09\/lazaro-quase-trocou-flamengo-por-clube-da-serie-a-no-inicio-do-ano\/#primaryimage"},"thumbnailUrl":"https:\/\/www.gaveanews.com\/wp-content\/uploads\/Lazaro-em-acao-pelo-Flamengo-no-Maracana.webp","articleSection":["Negocia\u00e7\u00f5es"],"inLanguage":"pt-BR","potentialAction":[{"@type":"CommentAction","name":"Comment","target":["https:\/\/www.gaveanews.com\/index.php\/2022\/08\/09\/lazaro-quase-trocou-flamengo-por-clube-da-serie-a-no-inicio-do-ano\/#respond"]}],"copyrightYear":"2022","copyrightHolder":{"@id":"https:\/\/www.gaveanews.com\/#organization"}},{"@type":"WebPage","@id":"https:\/\/www.gaveanews.com\/index.php\/2022\/08\/09\/lazaro-quase-trocou-flamengo-por-clube-da-serie-a-no-inicio-do-ano\/","url":"https:\/\/www.gaveanews.com\/index.php\/2022\/08\/09\/lazaro-quase-trocou-flamengo-por-clube-da-serie-a-no-inicio-do-ano\/","name":"L\u00e1zaro quase trocou Flamengo por clube da S\u00e9rie A no in\u00edcio do ano","isPartOf":{"@id":"https:\/\/www.gaveanews.com\/#website"},"primaryImageOfPage":{"@id":"https:\/\/www.gaveanews.com\/index.php\/2022\/08\/09\/lazaro-quase-trocou-flamengo-por-clube-da-serie-a-no-inicio-do-ano\/#primaryimage"},"image":{"@id":"https:\/\/www.gaveanews.com\/index.php\/2022\/08\/09\/lazaro-quase-trocou-flamengo-por-clube-da-serie-a-no-inicio-do-ano\/#primaryimage"},"thumbnailUrl":"https:\/\/www.gaveanews.com\/wp-content\/uploads\/Lazaro-em-acao-pelo-Flamengo-no-Maracana.webp","datePublished":"2022-08-09T03:15:40+00:00","dateModified":"2022-08-09T03:15:47+00:00","author":{"@id":"https:\/\/www.gaveanews.com\/#\/schema\/person\/2ec14f73fb96be2caf28f91afb14749d"},"breadcrumb":{"@id":"https:\/\/www.gaveanews.com\/index.php\/2022\/08\/09\/lazaro-quase-trocou-flamengo-por-clube-da-serie-a-no-inicio-do-ano\/#breadcrumb"},"inLanguage":"pt-BR","potentialAction":[{"@type":"ReadAction","target":["https:\/\/www.gaveanews.com\/index.php\/2022\/08\/09\/lazaro-quase-trocou-flamengo-por-clube-da-serie-a-no-inicio-do-ano\/"]}]},{"@type":"ImageObject","inLanguage":"pt-BR","@id":"https:\/\/www.gaveanews.com\/index.php\/2022\/08\/09\/lazaro-quase-trocou-flamengo-por-clube-da-serie-a-no-inicio-do-ano\/#primaryimage","url":"https:\/\/www.gaveanews.com\/wp-content\/uploads\/Lazaro-em-acao-pelo-Flamengo-no-Maracana.webp","contentUrl":"https:\/\/www.gaveanews.com\/wp-content\/uploads\/Lazaro-em-acao-pelo-Flamengo-no-Maracana.webp","width":800,"height":533,"caption":"L\u00e1zaro em a\u00e7\u00e3o pelo Flamengo no Maracan\u00e3 (Foto: Marcelo Cortes\/Flamengo)"},{"@type":"BreadcrumbList","@id":"https:\/\/www.gaveanews.com\/index.php\/2022\/08\/09\/lazaro-quase-trocou-flamengo-por-clube-da-serie-a-no-inicio-do-ano\/#breadcrumb","itemListElement":[{"@type":"ListItem","position":1,"name":"Home","item":"https:\/\/www.gaveanews.com\/"},{"@type":"ListItem","position":2,"name":"L\u00e1zaro quase trocou Flamengo por clube da S\u00e9rie A no in\u00edcio do ano"}]},{"@type":"WebSite","@id":"https:\/\/www.gaveanews.com\/#website","url":"https:\/\/www.gaveanews.com\/","name":"G\u00e1vea News","description":"Veja todas as not\u00edcias sobre o Flamengo: Contrata\u00e7\u00f5es, categorias de base, resultados das partidas, tabela de classifica\u00e7\u00e3o, pr\u00f3ximos jogos!","potentialAction":[{"@type":"SearchAction","target":{"@type":"EntryPoint","urlTemplate":"https:\/\/www.gaveanews.com\/?s={search_term_string}"},"query-input":{"@type":"PropertyValueSpecification","valueRequired":true,"valueName":"search_term_string"}}],"inLanguage":"pt-BR"},{"@type":"Person","@id":"https:\/\/www.gaveanews.com\/#\/schema\/person\/2ec14f73fb96be2caf28f91afb14749d","name":"Equipe G\u00e1vea News","image":{"@type":"ImageObject","inLanguage":"pt-BR","@id":"https:\/\/www.gaveanews.com\/#\/schema\/person\/image\/","url":"https:\/\/secure.gravatar.com\/avatar\/1e1956f1facbffd3f8fa53a326721950116b3b9dc9bd44939c01180fd4a745a9?s=96&d=mm&r=g","contentUrl":"https:\/\/secure.gravatar.com\/avatar\/1e1956f1facbffd3f8fa53a326721950116b3b9dc9bd44939c01180fd4a745a9?s=96&d=mm&r=g","caption":"Equipe G\u00e1vea News"}}]}},"_links":{"self":[{"href":"https:\/\/www.gaveanews.com\/index.php\/wp-json\/wp\/v2\/posts\/85697","targetHints":{"allow":["GET"]}}],"collection":[{"href":"https:\/\/www.gaveanews.com\/index.php\/wp-json\/wp\/v2\/posts"}],"about":[{"href":"https:\/\/www.gaveanews.com\/index.php\/wp-json\/wp\/v2\/types\/post"}],"author":[{"embeddable":true,"href":"https:\/\/www.gaveanews.com\/index.php\/wp-json\/wp\/v2\/users\/1"}],"replies":[{"embeddable":true,"href":"https:\/\/www.gaveanews.com\/index.php\/wp-json\/wp\/v2\/comments?post=85697"}],"version-history":[{"count":0,"href":"https:\/\/www.gaveanews.com\/index.php\/wp-json\/wp\/v2\/posts\/85697\/revisions"}],"wp:featuredmedia":[{"embeddable":true,"href":"https:\/\/www.gaveanews.com\/index.php\/wp-json\/wp\/v2\/media\/80717"}],"wp:attachment":[{"href":"https:\/\/www.gaveanews.com\/index.php\/wp-json\/wp\/v2\/media?parent=85697"}],"wp:term":[{"taxonomy":"category","embeddable":true,"href":"https:\/\/www.gaveanews.com\/index.php\/wp-json\/wp\/v2\/categories?post=85697"},{"taxonomy":"post_tag","embeddable":true,"href":"https:\/\/www.gaveanews.com\/index.php\/wp-json\/wp\/v2\/tags?post=85697"}],"curies":[{"name":"wp","href":"https:\/\/api.w.org\/{rel}","templated":true}]}}