{"id":85711,"date":"2022-08-10T13:22:03","date_gmt":"2022-08-10T16:22:03","guid":{"rendered":"https:\/\/www.gaveanews.com\/?p=85711"},"modified":"2022-08-10T13:46:36","modified_gmt":"2022-08-10T16:46:36","slug":"flamengo-e-punido-pelo-stjd","status":"publish","type":"post","link":"https:\/\/www.gaveanews.com\/index.php\/2022\/08\/10\/flamengo-e-punido-pelo-stjd\/","title":{"rendered":"Flamengo \u00e9 punido pelo STJD"},"content":{"rendered":"\n<p>O Flamengo foi julgado nesta quarta-feira (10) pelo comportamento de sua torcida na Copa do Brasil. No jogo de volta pelas oitavas de final, muitos torcedores causaram confus\u00e3o nos arredores do Maracan\u00e3 antes da partida contra o Atl\u00e9tico-MG.<\/p>\n\n\n\n<p>Do lado de fora do est\u00e1dio houve uma grande invas\u00e3o de pessoas que acabaram entrando no Setor Norte sem ingresso. Dentro do palco, arremessos de objetos no gramado e o atraso no come\u00e7o da partida por conta dos sinalizadores foram avaliados.<\/p>\n\n\n\n<p>Por conta do caos gerado nestes momentos, o Supremo Tribunal de Justi\u00e7a Desportiva enquadrou o Flamengo no C\u00f3digo Brasileiro de Justi\u00e7a Desportiva, que prev\u00ea a perda de mando de campo e\/ou multa.<\/p>\n\n\n\n<p>O julgamento do caso foi feito e divulgado hoje, e o STJD decidiu por penalizar o Rubro-Negro com multa de R$ 17 mil. O clube ter\u00e1 que pagar pelo arremesso de objetos no gramado e o atraso no come\u00e7o da partida por conta da fuma\u00e7a feita pelos sinalizadores, mas foi absolvido pelo epis\u00f3dio ocorrido na entrada do Maracan\u00e3.<\/p>\n\n\n\n<ul class=\"wp-block-list\"><li>Arremessos de objetos ao gramado: duas multas de R$5 mil<\/li><li>Atraso pelos sinalizadores: multa de R$7 mil<\/li><li>Tumulto do lado de fora: absolvido<\/li><\/ul>\n\n\n\n<p>O Flamengo volta a campo pela Copa do Brasil na pr\u00f3xima semana. Ap\u00f3s empatar com o Athletico em um duelo sem gols no Maracan\u00e3, o Mais Querido vai \u00e0 Arena da Baixada na quarta-feira (17) para decidir uma vaga nas semifinais do torneio nacional. O confronto de rubro-negros acontece \u00e0s 21h30 (hor\u00e1rio de Bras\u00edlia).<\/p>\n","protected":false},"excerpt":{"rendered":"<p>O Flamengo foi julgado nesta quarta-feira (10) pelo comportamento de sua torcida na Copa do Brasil. No jogo de volta pelas oitavas de final, muitos torcedores causaram confus\u00e3o nos arredores do Maracan\u00e3 antes da partida contra o Atl\u00e9tico-MG. Do lado de fora do est\u00e1dio houve uma grande invas\u00e3o de pessoas que acabaram entrando no Setor [&hellip;]<\/p>\n","protected":false},"author":4,"featured_media":84749,"comment_status":"open","ping_status":"closed","sticky":false,"template":"","format":"standard","meta":{"footnotes":""},"categories":[47],"tags":[],"class_list":["post-85711","post","type-post","status-publish","format-standard","has-post-thumbnail","hentry","category-destaques"],"yoast_head":"<!-- This site is optimized with the Yoast SEO Premium plugin v24.2 (Yoast SEO v26.9) - https:\/\/yoast.com\/product\/yoast-seo-premium-wordpress\/ -->\n<title>Flamengo \u00e9 punido pelo STJD<\/title>\n<meta name=\"robots\" content=\"index, follow, max-snippet:-1, max-image-preview:large, max-video-preview:-1\" \/>\n<link rel=\"canonical\" href=\"https:\/\/www.gaveanews.com\/index.php\/2022\/08\/10\/flamengo-e-punido-pelo-stjd\/\" \/>\n<meta property=\"og:locale\" content=\"pt_BR\" \/>\n<meta property=\"og:type\" content=\"article\" \/>\n<meta property=\"og:title\" content=\"Flamengo \u00e9 punido pelo STJD\" \/>\n<meta property=\"og:description\" content=\"O Flamengo foi julgado nesta quarta-feira (10) pelo comportamento de sua torcida na Copa do Brasil. No jogo de volta pelas oitavas de final, muitos torcedores causaram confus\u00e3o nos arredores do Maracan\u00e3 antes da partida contra o Atl\u00e9tico-MG. Do lado de fora do est\u00e1dio houve uma grande invas\u00e3o de pessoas que acabaram entrando no Setor [&hellip;]\" \/>\n<meta property=\"og:url\" content=\"https:\/\/www.gaveanews.com\/index.php\/2022\/08\/10\/flamengo-e-punido-pelo-stjd\/\" \/>\n<meta property=\"og:site_name\" content=\"G\u00e1vea News\" \/>\n<meta property=\"article:publisher\" content=\"https:\/\/facebook.com\/gaveaNews\/\" \/>\n<meta property=\"article:published_time\" content=\"2022-08-10T16:22:03+00:00\" \/>\n<meta property=\"article:modified_time\" content=\"2022-08-10T16:46:36+00:00\" \/>\n<meta property=\"og:image\" content=\"https:\/\/www.gaveanews.com\/wp-content\/uploads\/Gabigol-segurando-placa-em-provocacao-ao-Atletico-MG.webp\" \/>\n\t<meta property=\"og:image:width\" content=\"799\" \/>\n\t<meta property=\"og:image:height\" content=\"533\" \/>\n\t<meta property=\"og:image:type\" content=\"image\/jpeg\" \/>\n<meta name=\"author\" content=\"Let\u00edcia Gerheim\" \/>\n<meta name=\"twitter:card\" content=\"summary_large_image\" \/>\n<meta name=\"twitter:label1\" content=\"Escrito por\" \/>\n\t<meta name=\"twitter:data1\" content=\"Let\u00edcia Gerheim\" \/>\n\t<meta name=\"twitter:label2\" content=\"Est. tempo de leitura\" \/>\n\t<meta name=\"twitter:data2\" content=\"2 minutos\" \/>\n<script type=\"application\/ld+json\" class=\"yoast-schema-graph\">{\"@context\":\"https:\/\/schema.org\",\"@graph\":[{\"@type\":\"NewsArticle\",\"@id\":\"https:\/\/www.gaveanews.com\/index.php\/2022\/08\/10\/flamengo-e-punido-pelo-stjd\/#article\",\"isPartOf\":{\"@id\":\"https:\/\/www.gaveanews.com\/index.php\/2022\/08\/10\/flamengo-e-punido-pelo-stjd\/\"},\"author\":{\"name\":\"Let\u00edcia Gerheim\",\"@id\":\"https:\/\/www.gaveanews.com\/#\/schema\/person\/714c67050b836198af2450ba1c142a67\"},\"headline\":\"Flamengo \u00e9 punido pelo STJD\",\"datePublished\":\"2022-08-10T16:22:03+00:00\",\"dateModified\":\"2022-08-10T16:46:36+00:00\",\"mainEntityOfPage\":{\"@id\":\"https:\/\/www.gaveanews.com\/index.php\/2022\/08\/10\/flamengo-e-punido-pelo-stjd\/\"},\"wordCount\":262,\"commentCount\":0,\"image\":{\"@id\":\"https:\/\/www.gaveanews.com\/index.php\/2022\/08\/10\/flamengo-e-punido-pelo-stjd\/#primaryimage\"},\"thumbnailUrl\":\"https:\/\/www.gaveanews.com\/wp-content\/uploads\/Gabigol-segurando-placa-em-provocacao-ao-Atletico-MG.webp\",\"articleSection\":[\"Destaques\"],\"inLanguage\":\"pt-BR\",\"potentialAction\":[{\"@type\":\"CommentAction\",\"name\":\"Comment\",\"target\":[\"https:\/\/www.gaveanews.com\/index.php\/2022\/08\/10\/flamengo-e-punido-pelo-stjd\/#respond\"]}],\"copyrightYear\":\"2022\",\"copyrightHolder\":{\"@id\":\"https:\/\/www.gaveanews.com\/#organization\"}},{\"@type\":\"WebPage\",\"@id\":\"https:\/\/www.gaveanews.com\/index.php\/2022\/08\/10\/flamengo-e-punido-pelo-stjd\/\",\"url\":\"https:\/\/www.gaveanews.com\/index.php\/2022\/08\/10\/flamengo-e-punido-pelo-stjd\/\",\"name\":\"Flamengo \u00e9 punido pelo STJD\",\"isPartOf\":{\"@id\":\"https:\/\/www.gaveanews.com\/#website\"},\"primaryImageOfPage\":{\"@id\":\"https:\/\/www.gaveanews.com\/index.php\/2022\/08\/10\/flamengo-e-punido-pelo-stjd\/#primaryimage\"},\"image\":{\"@id\":\"https:\/\/www.gaveanews.com\/index.php\/2022\/08\/10\/flamengo-e-punido-pelo-stjd\/#primaryimage\"},\"thumbnailUrl\":\"https:\/\/www.gaveanews.com\/wp-content\/uploads\/Gabigol-segurando-placa-em-provocacao-ao-Atletico-MG.webp\",\"datePublished\":\"2022-08-10T16:22:03+00:00\",\"dateModified\":\"2022-08-10T16:46:36+00:00\",\"author\":{\"@id\":\"https:\/\/www.gaveanews.com\/#\/schema\/person\/714c67050b836198af2450ba1c142a67\"},\"breadcrumb\":{\"@id\":\"https:\/\/www.gaveanews.com\/index.php\/2022\/08\/10\/flamengo-e-punido-pelo-stjd\/#breadcrumb\"},\"inLanguage\":\"pt-BR\",\"potentialAction\":[{\"@type\":\"ReadAction\",\"target\":[\"https:\/\/www.gaveanews.com\/index.php\/2022\/08\/10\/flamengo-e-punido-pelo-stjd\/\"]}]},{\"@type\":\"ImageObject\",\"inLanguage\":\"pt-BR\",\"@id\":\"https:\/\/www.gaveanews.com\/index.php\/2022\/08\/10\/flamengo-e-punido-pelo-stjd\/#primaryimage\",\"url\":\"https:\/\/www.gaveanews.com\/wp-content\/uploads\/Gabigol-segurando-placa-em-provocacao-ao-Atletico-MG.webp\",\"contentUrl\":\"https:\/\/www.gaveanews.com\/wp-content\/uploads\/Gabigol-segurando-placa-em-provocacao-ao-Atletico-MG.webp\",\"width\":799,\"height\":533,\"caption\":\"Gabigol segurando placa em provoca\u00e7\u00e3o ao Atl\u00e9tico-MG (Foto: Gilvan de Souza\/Flamengo)\"},{\"@type\":\"BreadcrumbList\",\"@id\":\"https:\/\/www.gaveanews.com\/index.php\/2022\/08\/10\/flamengo-e-punido-pelo-stjd\/#breadcrumb\",\"itemListElement\":[{\"@type\":\"ListItem\",\"position\":1,\"name\":\"Home\",\"item\":\"https:\/\/www.gaveanews.com\/\"},{\"@type\":\"ListItem\",\"position\":2,\"name\":\"Flamengo \u00e9 punido pelo STJD\"}]},{\"@type\":\"WebSite\",\"@id\":\"https:\/\/www.gaveanews.com\/#website\",\"url\":\"https:\/\/www.gaveanews.com\/\",\"name\":\"G\u00e1vea News\",\"description\":\"Veja todas as not\u00edcias sobre o Flamengo: Contrata\u00e7\u00f5es, categorias de base, resultados das partidas, tabela de classifica\u00e7\u00e3o, pr\u00f3ximos jogos!\",\"potentialAction\":[{\"@type\":\"SearchAction\",\"target\":{\"@type\":\"EntryPoint\",\"urlTemplate\":\"https:\/\/www.gaveanews.com\/?s={search_term_string}\"},\"query-input\":{\"@type\":\"PropertyValueSpecification\",\"valueRequired\":true,\"valueName\":\"search_term_string\"}}],\"inLanguage\":\"pt-BR\"},{\"@type\":\"Person\",\"@id\":\"https:\/\/www.gaveanews.com\/#\/schema\/person\/714c67050b836198af2450ba1c142a67\",\"name\":\"Let\u00edcia Gerheim\",\"image\":{\"@type\":\"ImageObject\",\"inLanguage\":\"pt-BR\",\"@id\":\"https:\/\/www.gaveanews.com\/#\/schema\/person\/image\/\",\"url\":\"https:\/\/secure.gravatar.com\/avatar\/60734739c50fcebfbac509e2a826ccd0ff405c019bc73aab9354f19ecad1dcb4?s=96&d=mm&r=g\",\"contentUrl\":\"https:\/\/secure.gravatar.com\/avatar\/60734739c50fcebfbac509e2a826ccd0ff405c019bc73aab9354f19ecad1dcb4?s=96&d=mm&r=g\",\"caption\":\"Let\u00edcia Gerheim\"}}]}<\/script>\n<!-- \/ Yoast SEO Premium plugin. -->","yoast_head_json":{"title":"Flamengo \u00e9 punido pelo STJD","robots":{"index":"index","follow":"follow","max-snippet":"max-snippet:-1","max-image-preview":"max-image-preview:large","max-video-preview":"max-video-preview:-1"},"canonical":"https:\/\/www.gaveanews.com\/index.php\/2022\/08\/10\/flamengo-e-punido-pelo-stjd\/","og_locale":"pt_BR","og_type":"article","og_title":"Flamengo \u00e9 punido pelo STJD","og_description":"O Flamengo foi julgado nesta quarta-feira (10) pelo comportamento de sua torcida na Copa do Brasil. No jogo de volta pelas oitavas de final, muitos torcedores causaram confus\u00e3o nos arredores do Maracan\u00e3 antes da partida contra o Atl\u00e9tico-MG. Do lado de fora do est\u00e1dio houve uma grande invas\u00e3o de pessoas que acabaram entrando no Setor [&hellip;]","og_url":"https:\/\/www.gaveanews.com\/index.php\/2022\/08\/10\/flamengo-e-punido-pelo-stjd\/","og_site_name":"G\u00e1vea News","article_publisher":"https:\/\/facebook.com\/gaveaNews\/","article_published_time":"2022-08-10T16:22:03+00:00","article_modified_time":"2022-08-10T16:46:36+00:00","og_image":[{"width":799,"height":533,"url":"https:\/\/www.gaveanews.com\/wp-content\/uploads\/Gabigol-segurando-placa-em-provocacao-ao-Atletico-MG.webp","type":"image\/jpeg"}],"author":"Let\u00edcia Gerheim","twitter_card":"summary_large_image","twitter_misc":{"Escrito por":"Let\u00edcia Gerheim","Est. tempo de leitura":"2 minutos"},"schema":{"@context":"https:\/\/schema.org","@graph":[{"@type":"NewsArticle","@id":"https:\/\/www.gaveanews.com\/index.php\/2022\/08\/10\/flamengo-e-punido-pelo-stjd\/#article","isPartOf":{"@id":"https:\/\/www.gaveanews.com\/index.php\/2022\/08\/10\/flamengo-e-punido-pelo-stjd\/"},"author":{"name":"Let\u00edcia Gerheim","@id":"https:\/\/www.gaveanews.com\/#\/schema\/person\/714c67050b836198af2450ba1c142a67"},"headline":"Flamengo \u00e9 punido pelo STJD","datePublished":"2022-08-10T16:22:03+00:00","dateModified":"2022-08-10T16:46:36+00:00","mainEntityOfPage":{"@id":"https:\/\/www.gaveanews.com\/index.php\/2022\/08\/10\/flamengo-e-punido-pelo-stjd\/"},"wordCount":262,"commentCount":0,"image":{"@id":"https:\/\/www.gaveanews.com\/index.php\/2022\/08\/10\/flamengo-e-punido-pelo-stjd\/#primaryimage"},"thumbnailUrl":"https:\/\/www.gaveanews.com\/wp-content\/uploads\/Gabigol-segurando-placa-em-provocacao-ao-Atletico-MG.webp","articleSection":["Destaques"],"inLanguage":"pt-BR","potentialAction":[{"@type":"CommentAction","name":"Comment","target":["https:\/\/www.gaveanews.com\/index.php\/2022\/08\/10\/flamengo-e-punido-pelo-stjd\/#respond"]}],"copyrightYear":"2022","copyrightHolder":{"@id":"https:\/\/www.gaveanews.com\/#organization"}},{"@type":"WebPage","@id":"https:\/\/www.gaveanews.com\/index.php\/2022\/08\/10\/flamengo-e-punido-pelo-stjd\/","url":"https:\/\/www.gaveanews.com\/index.php\/2022\/08\/10\/flamengo-e-punido-pelo-stjd\/","name":"Flamengo \u00e9 punido pelo STJD","isPartOf":{"@id":"https:\/\/www.gaveanews.com\/#website"},"primaryImageOfPage":{"@id":"https:\/\/www.gaveanews.com\/index.php\/2022\/08\/10\/flamengo-e-punido-pelo-stjd\/#primaryimage"},"image":{"@id":"https:\/\/www.gaveanews.com\/index.php\/2022\/08\/10\/flamengo-e-punido-pelo-stjd\/#primaryimage"},"thumbnailUrl":"https:\/\/www.gaveanews.com\/wp-content\/uploads\/Gabigol-segurando-placa-em-provocacao-ao-Atletico-MG.webp","datePublished":"2022-08-10T16:22:03+00:00","dateModified":"2022-08-10T16:46:36+00:00","author":{"@id":"https:\/\/www.gaveanews.com\/#\/schema\/person\/714c67050b836198af2450ba1c142a67"},"breadcrumb":{"@id":"https:\/\/www.gaveanews.com\/index.php\/2022\/08\/10\/flamengo-e-punido-pelo-stjd\/#breadcrumb"},"inLanguage":"pt-BR","potentialAction":[{"@type":"ReadAction","target":["https:\/\/www.gaveanews.com\/index.php\/2022\/08\/10\/flamengo-e-punido-pelo-stjd\/"]}]},{"@type":"ImageObject","inLanguage":"pt-BR","@id":"https:\/\/www.gaveanews.com\/index.php\/2022\/08\/10\/flamengo-e-punido-pelo-stjd\/#primaryimage","url":"https:\/\/www.gaveanews.com\/wp-content\/uploads\/Gabigol-segurando-placa-em-provocacao-ao-Atletico-MG.webp","contentUrl":"https:\/\/www.gaveanews.com\/wp-content\/uploads\/Gabigol-segurando-placa-em-provocacao-ao-Atletico-MG.webp","width":799,"height":533,"caption":"Gabigol segurando placa em provoca\u00e7\u00e3o ao Atl\u00e9tico-MG (Foto: Gilvan de Souza\/Flamengo)"},{"@type":"BreadcrumbList","@id":"https:\/\/www.gaveanews.com\/index.php\/2022\/08\/10\/flamengo-e-punido-pelo-stjd\/#breadcrumb","itemListElement":[{"@type":"ListItem","position":1,"name":"Home","item":"https:\/\/www.gaveanews.com\/"},{"@type":"ListItem","position":2,"name":"Flamengo \u00e9 punido pelo STJD"}]},{"@type":"WebSite","@id":"https:\/\/www.gaveanews.com\/#website","url":"https:\/\/www.gaveanews.com\/","name":"G\u00e1vea News","description":"Veja todas as not\u00edcias sobre o Flamengo: Contrata\u00e7\u00f5es, categorias de base, resultados das partidas, tabela de classifica\u00e7\u00e3o, pr\u00f3ximos jogos!","potentialAction":[{"@type":"SearchAction","target":{"@type":"EntryPoint","urlTemplate":"https:\/\/www.gaveanews.com\/?s={search_term_string}"},"query-input":{"@type":"PropertyValueSpecification","valueRequired":true,"valueName":"search_term_string"}}],"inLanguage":"pt-BR"},{"@type":"Person","@id":"https:\/\/www.gaveanews.com\/#\/schema\/person\/714c67050b836198af2450ba1c142a67","name":"Let\u00edcia Gerheim","image":{"@type":"ImageObject","inLanguage":"pt-BR","@id":"https:\/\/www.gaveanews.com\/#\/schema\/person\/image\/","url":"https:\/\/secure.gravatar.com\/avatar\/60734739c50fcebfbac509e2a826ccd0ff405c019bc73aab9354f19ecad1dcb4?s=96&d=mm&r=g","contentUrl":"https:\/\/secure.gravatar.com\/avatar\/60734739c50fcebfbac509e2a826ccd0ff405c019bc73aab9354f19ecad1dcb4?s=96&d=mm&r=g","caption":"Let\u00edcia Gerheim"}}]}},"_links":{"self":[{"href":"https:\/\/www.gaveanews.com\/index.php\/wp-json\/wp\/v2\/posts\/85711","targetHints":{"allow":["GET"]}}],"collection":[{"href":"https:\/\/www.gaveanews.com\/index.php\/wp-json\/wp\/v2\/posts"}],"about":[{"href":"https:\/\/www.gaveanews.com\/index.php\/wp-json\/wp\/v2\/types\/post"}],"author":[{"embeddable":true,"href":"https:\/\/www.gaveanews.com\/index.php\/wp-json\/wp\/v2\/users\/4"}],"replies":[{"embeddable":true,"href":"https:\/\/www.gaveanews.com\/index.php\/wp-json\/wp\/v2\/comments?post=85711"}],"version-history":[{"count":0,"href":"https:\/\/www.gaveanews.com\/index.php\/wp-json\/wp\/v2\/posts\/85711\/revisions"}],"wp:featuredmedia":[{"embeddable":true,"href":"https:\/\/www.gaveanews.com\/index.php\/wp-json\/wp\/v2\/media\/84749"}],"wp:attachment":[{"href":"https:\/\/www.gaveanews.com\/index.php\/wp-json\/wp\/v2\/media?parent=85711"}],"wp:term":[{"taxonomy":"category","embeddable":true,"href":"https:\/\/www.gaveanews.com\/index.php\/wp-json\/wp\/v2\/categories?post=85711"},{"taxonomy":"post_tag","embeddable":true,"href":"https:\/\/www.gaveanews.com\/index.php\/wp-json\/wp\/v2\/tags?post=85711"}],"curies":[{"name":"wp","href":"https:\/\/api.w.org\/{rel}","templated":true}]}}