{"id":85725,"date":"2022-08-09T15:19:04","date_gmt":"2022-08-09T18:19:04","guid":{"rendered":"https:\/\/www.gaveanews.com\/?p=85725"},"modified":"2022-08-09T15:19:11","modified_gmt":"2022-08-09T18:19:11","slug":"pedro-na-copa-do-mundo-2022-cafu-abre-o-jogo-e-avalia-atacante-do-flamengo","status":"publish","type":"post","link":"https:\/\/www.gaveanews.com\/index.php\/2022\/08\/09\/pedro-na-copa-do-mundo-2022-cafu-abre-o-jogo-e-avalia-atacante-do-flamengo\/","title":{"rendered":"Pedro na Copa do Mundo 2022? Cafu abre o jogo e avalia atacante do Flamengo"},"content":{"rendered":"\n<p>Capit\u00e3o no \u00faltimo t\u00edtulo de Copa do Mundo da sele\u00e7\u00e3o brasileira, Cafu elogiou o atacante Pedro, do Flamengo. Na vis\u00e3o do ex-lateral-direito, o jogador rubro-negro tem espa\u00e7o na equipe comandada pelo t\u00e9cnico Tite.<\/p>\n\n\n\n<p>\u201cTodo grande jogador tem espa\u00e7o na convoca\u00e7\u00e3o do Tite, todo grande jogador tem seus m\u00e9ritos. Vamos esperar at\u00e9 a convoca\u00e7\u00e3o final para que possamos saber quem vai ou n\u00e3o\u201d, comentou Cafu ao portal GE recentemente.<\/p>\n\n\n\n<p>A participa\u00e7\u00e3o do ex-lateral de S\u00e3o Paulo, Milan e sele\u00e7\u00e3o brasileira aconteceu na abertura da Ta\u00e7a das Favelas no Piau\u00ed. Recepcionado com muita euforia pelos jovens da regi\u00e3o, Cafu agradeceu o apoio ap\u00f3s mais de uma d\u00e9cada do fim da carreira.<\/p>\n\n\n\n<p>\u201c\u00c9 sempre gratificante receber o calor, o carinho. Fico muito feliz em saber que depois de 15, 13 anos que parei de jogar futebol, as crian\u00e7as ainda t\u00eam um carinho muito grande e um respeito. Espero s\u00f3 retribuir por esse carinho. Muito feliz pela recep\u00e7\u00e3o\u201d, disse Cafu, que ainda ressaltou a import\u00e2ncia do torneio.<\/p>\n\n\n\n<p>\u201cSensacional, espero que possamos dar um pouco mais de alegria, dire\u00e7\u00e3o e esperan\u00e7a. A Ta\u00e7a n\u00e3o \u00e9 uma competi\u00e7\u00e3o de futebol, mas social e fazer com que as crian\u00e7as se incluam no mesmo direito e igualdade, que elas possam realizar seus sonhos. \u00c9 uma oportunidade \u00edmpar, fa\u00e7o quest\u00e3o de estar aqui para dar um pontap\u00e9 para que as crian\u00e7as possam realizar seus sonhos atrav\u00e9s de uma bola, do jogo de futebol. Vejo no olhar delas: \u201cpoxa vou estar a\u00ed\u201d. E um dia, sim, elas estar\u00e3o\u201d, valorizou Cafu.<\/p>\n\n\n\n<h2 class=\"wp-block-heading\" id=\"h-selecao-tem-chance-de-vencer-a-copa-veja-opiniao-de-cafu\">Sele\u00e7\u00e3o tem chance de vencer a Copa? Veja opini\u00e3o de Cafu<\/h2>\n\n\n\n<p>Durante o encontro, o capit\u00e3o do pentacampeonato de 2002 elogiou a equipe montada por Tite. Ele ainda afirmou que Neymar \u00e9 o \u201cmaior craque\u201d do pa\u00eds e revelou boa expectativa para a busca pelo hexacampeonato no Catar.<\/p>\n\n\n\n<p>\u201cTenho certeza que o Brasil vai fazer uma excelente Copa. Nosso time est\u00e1 muito bem montado, um time mais experiente que aquele time de alguns anos atr\u00e1s. Temos v\u00e1rias pe\u00e7as de reposi\u00e7\u00e3o, que possam ajudar o nosso maior craque, que \u00e9 o Neymar. Ent\u00e3o, a expectativa \u00e9 boa, a esperan\u00e7a \u00e9 boa, e esperamos que o Brasil fa\u00e7a uma grande Copa do Mundo\u201d, afirmou Cafu ao GE.<\/p>\n\n\n\n<p>Retirado de: Torcedores<\/p>\n","protected":false},"excerpt":{"rendered":"<p>Capit\u00e3o no \u00faltimo t\u00edtulo de Copa do Mundo da sele\u00e7\u00e3o brasileira, Cafu elogiou o atacante Pedro, do Flamengo. Na vis\u00e3o do ex-lateral-direito, o jogador rubro-negro tem espa\u00e7o na equipe comandada pelo t\u00e9cnico Tite. \u201cTodo grande jogador tem espa\u00e7o na convoca\u00e7\u00e3o do Tite, todo grande jogador tem seus m\u00e9ritos. Vamos esperar at\u00e9 a convoca\u00e7\u00e3o final para [&hellip;]<\/p>\n","protected":false},"author":1,"featured_media":85139,"comment_status":"open","ping_status":"closed","sticky":false,"template":"","format":"standard","meta":{"footnotes":""},"categories":[1],"tags":[],"class_list":["post-85725","post","type-post","status-publish","format-standard","has-post-thumbnail","hentry","category-flamengo"],"yoast_head":"<!-- This site is optimized with the Yoast SEO Premium plugin v24.2 (Yoast SEO v26.9) - https:\/\/yoast.com\/product\/yoast-seo-premium-wordpress\/ -->\n<title>Pedro na Copa do Mundo 2022? Cafu abre o jogo e avalia atacante do Flamengo<\/title>\n<meta name=\"robots\" content=\"index, follow, max-snippet:-1, max-image-preview:large, max-video-preview:-1\" \/>\n<link rel=\"canonical\" href=\"https:\/\/www.gaveanews.com\/index.php\/2022\/08\/09\/pedro-na-copa-do-mundo-2022-cafu-abre-o-jogo-e-avalia-atacante-do-flamengo\/\" \/>\n<meta property=\"og:locale\" content=\"pt_BR\" \/>\n<meta property=\"og:type\" content=\"article\" \/>\n<meta property=\"og:title\" content=\"Pedro na Copa do Mundo 2022? Cafu abre o jogo e avalia atacante do Flamengo\" \/>\n<meta property=\"og:description\" content=\"Capit\u00e3o no \u00faltimo t\u00edtulo de Copa do Mundo da sele\u00e7\u00e3o brasileira, Cafu elogiou o atacante Pedro, do Flamengo. Na vis\u00e3o do ex-lateral-direito, o jogador rubro-negro tem espa\u00e7o na equipe comandada pelo t\u00e9cnico Tite. \u201cTodo grande jogador tem espa\u00e7o na convoca\u00e7\u00e3o do Tite, todo grande jogador tem seus m\u00e9ritos. Vamos esperar at\u00e9 a convoca\u00e7\u00e3o final para [&hellip;]\" \/>\n<meta property=\"og:url\" content=\"https:\/\/www.gaveanews.com\/index.php\/2022\/08\/09\/pedro-na-copa-do-mundo-2022-cafu-abre-o-jogo-e-avalia-atacante-do-flamengo\/\" \/>\n<meta property=\"og:site_name\" content=\"G\u00e1vea News\" \/>\n<meta property=\"article:publisher\" content=\"https:\/\/facebook.com\/gaveaNews\/\" \/>\n<meta property=\"article:published_time\" content=\"2022-08-09T18:19:04+00:00\" \/>\n<meta property=\"article:modified_time\" content=\"2022-08-09T18:19:11+00:00\" \/>\n<meta property=\"og:image\" content=\"https:\/\/www.gaveanews.com\/wp-content\/uploads\/Pedro-em-acao-pelo-Flamengo-durante-o-jogo-contra-o-Avai-pelo-Campeonato-Brasileiro-de-2022.webp\" \/>\n\t<meta property=\"og:image:width\" content=\"799\" \/>\n\t<meta property=\"og:image:height\" content=\"533\" \/>\n\t<meta property=\"og:image:type\" content=\"image\/jpeg\" \/>\n<meta name=\"author\" content=\"Equipe G\u00e1vea News\" \/>\n<meta name=\"twitter:card\" content=\"summary_large_image\" \/>\n<meta name=\"twitter:label1\" content=\"Escrito por\" \/>\n\t<meta name=\"twitter:data1\" content=\"Equipe G\u00e1vea News\" \/>\n\t<meta name=\"twitter:label2\" content=\"Est. tempo de leitura\" \/>\n\t<meta name=\"twitter:data2\" content=\"3 minutos\" \/>\n<script type=\"application\/ld+json\" class=\"yoast-schema-graph\">{\"@context\":\"https:\/\/schema.org\",\"@graph\":[{\"@type\":\"NewsArticle\",\"@id\":\"https:\/\/www.gaveanews.com\/index.php\/2022\/08\/09\/pedro-na-copa-do-mundo-2022-cafu-abre-o-jogo-e-avalia-atacante-do-flamengo\/#article\",\"isPartOf\":{\"@id\":\"https:\/\/www.gaveanews.com\/index.php\/2022\/08\/09\/pedro-na-copa-do-mundo-2022-cafu-abre-o-jogo-e-avalia-atacante-do-flamengo\/\"},\"author\":{\"name\":\"Equipe G\u00e1vea News\",\"@id\":\"https:\/\/www.gaveanews.com\/#\/schema\/person\/2ec14f73fb96be2caf28f91afb14749d\"},\"headline\":\"Pedro na Copa do Mundo 2022? Cafu abre o jogo e avalia atacante do Flamengo\",\"datePublished\":\"2022-08-09T18:19:04+00:00\",\"dateModified\":\"2022-08-09T18:19:11+00:00\",\"mainEntityOfPage\":{\"@id\":\"https:\/\/www.gaveanews.com\/index.php\/2022\/08\/09\/pedro-na-copa-do-mundo-2022-cafu-abre-o-jogo-e-avalia-atacante-do-flamengo\/\"},\"wordCount\":416,\"commentCount\":0,\"image\":{\"@id\":\"https:\/\/www.gaveanews.com\/index.php\/2022\/08\/09\/pedro-na-copa-do-mundo-2022-cafu-abre-o-jogo-e-avalia-atacante-do-flamengo\/#primaryimage\"},\"thumbnailUrl\":\"https:\/\/www.gaveanews.com\/wp-content\/uploads\/Pedro-em-acao-pelo-Flamengo-durante-o-jogo-contra-o-Avai-pelo-Campeonato-Brasileiro-de-2022.webp\",\"articleSection\":[\"Flamengo\"],\"inLanguage\":\"pt-BR\",\"potentialAction\":[{\"@type\":\"CommentAction\",\"name\":\"Comment\",\"target\":[\"https:\/\/www.gaveanews.com\/index.php\/2022\/08\/09\/pedro-na-copa-do-mundo-2022-cafu-abre-o-jogo-e-avalia-atacante-do-flamengo\/#respond\"]}],\"copyrightYear\":\"2022\",\"copyrightHolder\":{\"@id\":\"https:\/\/www.gaveanews.com\/#organization\"}},{\"@type\":\"WebPage\",\"@id\":\"https:\/\/www.gaveanews.com\/index.php\/2022\/08\/09\/pedro-na-copa-do-mundo-2022-cafu-abre-o-jogo-e-avalia-atacante-do-flamengo\/\",\"url\":\"https:\/\/www.gaveanews.com\/index.php\/2022\/08\/09\/pedro-na-copa-do-mundo-2022-cafu-abre-o-jogo-e-avalia-atacante-do-flamengo\/\",\"name\":\"Pedro na Copa do Mundo 2022? Cafu abre o jogo e avalia atacante do Flamengo\",\"isPartOf\":{\"@id\":\"https:\/\/www.gaveanews.com\/#website\"},\"primaryImageOfPage\":{\"@id\":\"https:\/\/www.gaveanews.com\/index.php\/2022\/08\/09\/pedro-na-copa-do-mundo-2022-cafu-abre-o-jogo-e-avalia-atacante-do-flamengo\/#primaryimage\"},\"image\":{\"@id\":\"https:\/\/www.gaveanews.com\/index.php\/2022\/08\/09\/pedro-na-copa-do-mundo-2022-cafu-abre-o-jogo-e-avalia-atacante-do-flamengo\/#primaryimage\"},\"thumbnailUrl\":\"https:\/\/www.gaveanews.com\/wp-content\/uploads\/Pedro-em-acao-pelo-Flamengo-durante-o-jogo-contra-o-Avai-pelo-Campeonato-Brasileiro-de-2022.webp\",\"datePublished\":\"2022-08-09T18:19:04+00:00\",\"dateModified\":\"2022-08-09T18:19:11+00:00\",\"author\":{\"@id\":\"https:\/\/www.gaveanews.com\/#\/schema\/person\/2ec14f73fb96be2caf28f91afb14749d\"},\"breadcrumb\":{\"@id\":\"https:\/\/www.gaveanews.com\/index.php\/2022\/08\/09\/pedro-na-copa-do-mundo-2022-cafu-abre-o-jogo-e-avalia-atacante-do-flamengo\/#breadcrumb\"},\"inLanguage\":\"pt-BR\",\"potentialAction\":[{\"@type\":\"ReadAction\",\"target\":[\"https:\/\/www.gaveanews.com\/index.php\/2022\/08\/09\/pedro-na-copa-do-mundo-2022-cafu-abre-o-jogo-e-avalia-atacante-do-flamengo\/\"]}]},{\"@type\":\"ImageObject\",\"inLanguage\":\"pt-BR\",\"@id\":\"https:\/\/www.gaveanews.com\/index.php\/2022\/08\/09\/pedro-na-copa-do-mundo-2022-cafu-abre-o-jogo-e-avalia-atacante-do-flamengo\/#primaryimage\",\"url\":\"https:\/\/www.gaveanews.com\/wp-content\/uploads\/Pedro-em-acao-pelo-Flamengo-durante-o-jogo-contra-o-Avai-pelo-Campeonato-Brasileiro-de-2022.webp\",\"contentUrl\":\"https:\/\/www.gaveanews.com\/wp-content\/uploads\/Pedro-em-acao-pelo-Flamengo-durante-o-jogo-contra-o-Avai-pelo-Campeonato-Brasileiro-de-2022.webp\",\"width\":799,\"height\":533,\"caption\":\"Pedro em a\u00e7\u00e3o pelo Flamengo durante o jogo contra o Ava\u00ed pelo Campeonato Brasileiro de 2022 (Foto: Gilvan de Souza\/Flamengo)\"},{\"@type\":\"BreadcrumbList\",\"@id\":\"https:\/\/www.gaveanews.com\/index.php\/2022\/08\/09\/pedro-na-copa-do-mundo-2022-cafu-abre-o-jogo-e-avalia-atacante-do-flamengo\/#breadcrumb\",\"itemListElement\":[{\"@type\":\"ListItem\",\"position\":1,\"name\":\"Home\",\"item\":\"https:\/\/www.gaveanews.com\/\"},{\"@type\":\"ListItem\",\"position\":2,\"name\":\"Pedro na Copa do Mundo 2022? Cafu abre o jogo e avalia atacante do Flamengo\"}]},{\"@type\":\"WebSite\",\"@id\":\"https:\/\/www.gaveanews.com\/#website\",\"url\":\"https:\/\/www.gaveanews.com\/\",\"name\":\"G\u00e1vea News\",\"description\":\"Veja todas as not\u00edcias sobre o Flamengo: Contrata\u00e7\u00f5es, categorias de base, resultados das partidas, tabela de classifica\u00e7\u00e3o, pr\u00f3ximos jogos!\",\"potentialAction\":[{\"@type\":\"SearchAction\",\"target\":{\"@type\":\"EntryPoint\",\"urlTemplate\":\"https:\/\/www.gaveanews.com\/?s={search_term_string}\"},\"query-input\":{\"@type\":\"PropertyValueSpecification\",\"valueRequired\":true,\"valueName\":\"search_term_string\"}}],\"inLanguage\":\"pt-BR\"},{\"@type\":\"Person\",\"@id\":\"https:\/\/www.gaveanews.com\/#\/schema\/person\/2ec14f73fb96be2caf28f91afb14749d\",\"name\":\"Equipe G\u00e1vea News\",\"image\":{\"@type\":\"ImageObject\",\"inLanguage\":\"pt-BR\",\"@id\":\"https:\/\/www.gaveanews.com\/#\/schema\/person\/image\/\",\"url\":\"https:\/\/secure.gravatar.com\/avatar\/1e1956f1facbffd3f8fa53a326721950116b3b9dc9bd44939c01180fd4a745a9?s=96&d=mm&r=g\",\"contentUrl\":\"https:\/\/secure.gravatar.com\/avatar\/1e1956f1facbffd3f8fa53a326721950116b3b9dc9bd44939c01180fd4a745a9?s=96&d=mm&r=g\",\"caption\":\"Equipe G\u00e1vea News\"}}]}<\/script>\n<!-- \/ Yoast SEO Premium plugin. -->","yoast_head_json":{"title":"Pedro na Copa do Mundo 2022? Cafu abre o jogo e avalia atacante do Flamengo","robots":{"index":"index","follow":"follow","max-snippet":"max-snippet:-1","max-image-preview":"max-image-preview:large","max-video-preview":"max-video-preview:-1"},"canonical":"https:\/\/www.gaveanews.com\/index.php\/2022\/08\/09\/pedro-na-copa-do-mundo-2022-cafu-abre-o-jogo-e-avalia-atacante-do-flamengo\/","og_locale":"pt_BR","og_type":"article","og_title":"Pedro na Copa do Mundo 2022? Cafu abre o jogo e avalia atacante do Flamengo","og_description":"Capit\u00e3o no \u00faltimo t\u00edtulo de Copa do Mundo da sele\u00e7\u00e3o brasileira, Cafu elogiou o atacante Pedro, do Flamengo. Na vis\u00e3o do ex-lateral-direito, o jogador rubro-negro tem espa\u00e7o na equipe comandada pelo t\u00e9cnico Tite. \u201cTodo grande jogador tem espa\u00e7o na convoca\u00e7\u00e3o do Tite, todo grande jogador tem seus m\u00e9ritos. Vamos esperar at\u00e9 a convoca\u00e7\u00e3o final para [&hellip;]","og_url":"https:\/\/www.gaveanews.com\/index.php\/2022\/08\/09\/pedro-na-copa-do-mundo-2022-cafu-abre-o-jogo-e-avalia-atacante-do-flamengo\/","og_site_name":"G\u00e1vea News","article_publisher":"https:\/\/facebook.com\/gaveaNews\/","article_published_time":"2022-08-09T18:19:04+00:00","article_modified_time":"2022-08-09T18:19:11+00:00","og_image":[{"width":799,"height":533,"url":"https:\/\/www.gaveanews.com\/wp-content\/uploads\/Pedro-em-acao-pelo-Flamengo-durante-o-jogo-contra-o-Avai-pelo-Campeonato-Brasileiro-de-2022.webp","type":"image\/jpeg"}],"author":"Equipe G\u00e1vea News","twitter_card":"summary_large_image","twitter_misc":{"Escrito por":"Equipe G\u00e1vea News","Est. tempo de leitura":"3 minutos"},"schema":{"@context":"https:\/\/schema.org","@graph":[{"@type":"NewsArticle","@id":"https:\/\/www.gaveanews.com\/index.php\/2022\/08\/09\/pedro-na-copa-do-mundo-2022-cafu-abre-o-jogo-e-avalia-atacante-do-flamengo\/#article","isPartOf":{"@id":"https:\/\/www.gaveanews.com\/index.php\/2022\/08\/09\/pedro-na-copa-do-mundo-2022-cafu-abre-o-jogo-e-avalia-atacante-do-flamengo\/"},"author":{"name":"Equipe G\u00e1vea News","@id":"https:\/\/www.gaveanews.com\/#\/schema\/person\/2ec14f73fb96be2caf28f91afb14749d"},"headline":"Pedro na Copa do Mundo 2022? Cafu abre o jogo e avalia atacante do Flamengo","datePublished":"2022-08-09T18:19:04+00:00","dateModified":"2022-08-09T18:19:11+00:00","mainEntityOfPage":{"@id":"https:\/\/www.gaveanews.com\/index.php\/2022\/08\/09\/pedro-na-copa-do-mundo-2022-cafu-abre-o-jogo-e-avalia-atacante-do-flamengo\/"},"wordCount":416,"commentCount":0,"image":{"@id":"https:\/\/www.gaveanews.com\/index.php\/2022\/08\/09\/pedro-na-copa-do-mundo-2022-cafu-abre-o-jogo-e-avalia-atacante-do-flamengo\/#primaryimage"},"thumbnailUrl":"https:\/\/www.gaveanews.com\/wp-content\/uploads\/Pedro-em-acao-pelo-Flamengo-durante-o-jogo-contra-o-Avai-pelo-Campeonato-Brasileiro-de-2022.webp","articleSection":["Flamengo"],"inLanguage":"pt-BR","potentialAction":[{"@type":"CommentAction","name":"Comment","target":["https:\/\/www.gaveanews.com\/index.php\/2022\/08\/09\/pedro-na-copa-do-mundo-2022-cafu-abre-o-jogo-e-avalia-atacante-do-flamengo\/#respond"]}],"copyrightYear":"2022","copyrightHolder":{"@id":"https:\/\/www.gaveanews.com\/#organization"}},{"@type":"WebPage","@id":"https:\/\/www.gaveanews.com\/index.php\/2022\/08\/09\/pedro-na-copa-do-mundo-2022-cafu-abre-o-jogo-e-avalia-atacante-do-flamengo\/","url":"https:\/\/www.gaveanews.com\/index.php\/2022\/08\/09\/pedro-na-copa-do-mundo-2022-cafu-abre-o-jogo-e-avalia-atacante-do-flamengo\/","name":"Pedro na Copa do Mundo 2022? Cafu abre o jogo e avalia atacante do Flamengo","isPartOf":{"@id":"https:\/\/www.gaveanews.com\/#website"},"primaryImageOfPage":{"@id":"https:\/\/www.gaveanews.com\/index.php\/2022\/08\/09\/pedro-na-copa-do-mundo-2022-cafu-abre-o-jogo-e-avalia-atacante-do-flamengo\/#primaryimage"},"image":{"@id":"https:\/\/www.gaveanews.com\/index.php\/2022\/08\/09\/pedro-na-copa-do-mundo-2022-cafu-abre-o-jogo-e-avalia-atacante-do-flamengo\/#primaryimage"},"thumbnailUrl":"https:\/\/www.gaveanews.com\/wp-content\/uploads\/Pedro-em-acao-pelo-Flamengo-durante-o-jogo-contra-o-Avai-pelo-Campeonato-Brasileiro-de-2022.webp","datePublished":"2022-08-09T18:19:04+00:00","dateModified":"2022-08-09T18:19:11+00:00","author":{"@id":"https:\/\/www.gaveanews.com\/#\/schema\/person\/2ec14f73fb96be2caf28f91afb14749d"},"breadcrumb":{"@id":"https:\/\/www.gaveanews.com\/index.php\/2022\/08\/09\/pedro-na-copa-do-mundo-2022-cafu-abre-o-jogo-e-avalia-atacante-do-flamengo\/#breadcrumb"},"inLanguage":"pt-BR","potentialAction":[{"@type":"ReadAction","target":["https:\/\/www.gaveanews.com\/index.php\/2022\/08\/09\/pedro-na-copa-do-mundo-2022-cafu-abre-o-jogo-e-avalia-atacante-do-flamengo\/"]}]},{"@type":"ImageObject","inLanguage":"pt-BR","@id":"https:\/\/www.gaveanews.com\/index.php\/2022\/08\/09\/pedro-na-copa-do-mundo-2022-cafu-abre-o-jogo-e-avalia-atacante-do-flamengo\/#primaryimage","url":"https:\/\/www.gaveanews.com\/wp-content\/uploads\/Pedro-em-acao-pelo-Flamengo-durante-o-jogo-contra-o-Avai-pelo-Campeonato-Brasileiro-de-2022.webp","contentUrl":"https:\/\/www.gaveanews.com\/wp-content\/uploads\/Pedro-em-acao-pelo-Flamengo-durante-o-jogo-contra-o-Avai-pelo-Campeonato-Brasileiro-de-2022.webp","width":799,"height":533,"caption":"Pedro em a\u00e7\u00e3o pelo Flamengo durante o jogo contra o Ava\u00ed pelo Campeonato Brasileiro de 2022 (Foto: Gilvan de Souza\/Flamengo)"},{"@type":"BreadcrumbList","@id":"https:\/\/www.gaveanews.com\/index.php\/2022\/08\/09\/pedro-na-copa-do-mundo-2022-cafu-abre-o-jogo-e-avalia-atacante-do-flamengo\/#breadcrumb","itemListElement":[{"@type":"ListItem","position":1,"name":"Home","item":"https:\/\/www.gaveanews.com\/"},{"@type":"ListItem","position":2,"name":"Pedro na Copa do Mundo 2022? Cafu abre o jogo e avalia atacante do Flamengo"}]},{"@type":"WebSite","@id":"https:\/\/www.gaveanews.com\/#website","url":"https:\/\/www.gaveanews.com\/","name":"G\u00e1vea News","description":"Veja todas as not\u00edcias sobre o Flamengo: Contrata\u00e7\u00f5es, categorias de base, resultados das partidas, tabela de classifica\u00e7\u00e3o, pr\u00f3ximos jogos!","potentialAction":[{"@type":"SearchAction","target":{"@type":"EntryPoint","urlTemplate":"https:\/\/www.gaveanews.com\/?s={search_term_string}"},"query-input":{"@type":"PropertyValueSpecification","valueRequired":true,"valueName":"search_term_string"}}],"inLanguage":"pt-BR"},{"@type":"Person","@id":"https:\/\/www.gaveanews.com\/#\/schema\/person\/2ec14f73fb96be2caf28f91afb14749d","name":"Equipe G\u00e1vea News","image":{"@type":"ImageObject","inLanguage":"pt-BR","@id":"https:\/\/www.gaveanews.com\/#\/schema\/person\/image\/","url":"https:\/\/secure.gravatar.com\/avatar\/1e1956f1facbffd3f8fa53a326721950116b3b9dc9bd44939c01180fd4a745a9?s=96&d=mm&r=g","contentUrl":"https:\/\/secure.gravatar.com\/avatar\/1e1956f1facbffd3f8fa53a326721950116b3b9dc9bd44939c01180fd4a745a9?s=96&d=mm&r=g","caption":"Equipe G\u00e1vea News"}}]}},"_links":{"self":[{"href":"https:\/\/www.gaveanews.com\/index.php\/wp-json\/wp\/v2\/posts\/85725","targetHints":{"allow":["GET"]}}],"collection":[{"href":"https:\/\/www.gaveanews.com\/index.php\/wp-json\/wp\/v2\/posts"}],"about":[{"href":"https:\/\/www.gaveanews.com\/index.php\/wp-json\/wp\/v2\/types\/post"}],"author":[{"embeddable":true,"href":"https:\/\/www.gaveanews.com\/index.php\/wp-json\/wp\/v2\/users\/1"}],"replies":[{"embeddable":true,"href":"https:\/\/www.gaveanews.com\/index.php\/wp-json\/wp\/v2\/comments?post=85725"}],"version-history":[{"count":0,"href":"https:\/\/www.gaveanews.com\/index.php\/wp-json\/wp\/v2\/posts\/85725\/revisions"}],"wp:featuredmedia":[{"embeddable":true,"href":"https:\/\/www.gaveanews.com\/index.php\/wp-json\/wp\/v2\/media\/85139"}],"wp:attachment":[{"href":"https:\/\/www.gaveanews.com\/index.php\/wp-json\/wp\/v2\/media?parent=85725"}],"wp:term":[{"taxonomy":"category","embeddable":true,"href":"https:\/\/www.gaveanews.com\/index.php\/wp-json\/wp\/v2\/categories?post=85725"},{"taxonomy":"post_tag","embeddable":true,"href":"https:\/\/www.gaveanews.com\/index.php\/wp-json\/wp\/v2\/tags?post=85725"}],"curies":[{"name":"wp","href":"https:\/\/api.w.org\/{rel}","templated":true}]}}