{"id":85741,"date":"2022-08-10T00:08:24","date_gmt":"2022-08-10T03:08:24","guid":{"rendered":"https:\/\/www.gaveanews.com\/?p=85741"},"modified":"2022-08-10T00:08:27","modified_gmt":"2022-08-10T03:08:27","slug":"flamengo-tem-dois-jogadores-em-lista-com-potencial-de-melhor-do-mundo-conheca","status":"publish","type":"post","link":"https:\/\/www.gaveanews.com\/index.php\/2022\/08\/10\/flamengo-tem-dois-jogadores-em-lista-com-potencial-de-melhor-do-mundo-conheca\/","title":{"rendered":"Flamengo tem dois jogadores em lista com potencial de melhor do mundo; conhe\u00e7a"},"content":{"rendered":"\n<p>O tetracampe\u00e3o mundial Branco, atualmente coordenador das sele\u00e7\u00f5es de base do Brasil, revelou em entrevista \u00e0 Folha de S\u00e3o Paulo que a CBF tem uma lista de 18 jogadores com potencial para ser o melhor do mundo. Entre eles, dois s\u00e3o do Flamengo.<\/p>\n\n\n\n<p>\u201cA gente tem um planejamento para a gera\u00e7\u00e3o 2030. O objetivo \u00e9 formar bem e com esp\u00edrito vitorioso. As gera\u00e7\u00f5es que v\u00eam a\u00ed do futebol brasileiro s\u00e3o espetaculares. O dia a dia me d\u00e1 confian\u00e7a (de que o pa\u00eds ter\u00e1 de novo um melhor do mundo). Os treinos que a gente faz na Granja Comary e a qualidade individual de cada atleta d\u00e3o essa certeza\u201d, disse Branco.<\/p>\n\n\n\n<p>Os jogadores do Flamengo considerados com potencial de ser melhor do mundo s\u00e3o: o atacante L\u00e1zaro, de 20 anos, que j\u00e1 atua no time profissional e vem se destacando na temporada e tamb\u00e9m o meia Matheus Gon\u00e7alves, que est\u00e1 prestes a completar 17 anos.<\/p>\n\n\n\n<p>\u201cCome\u00e7amos a abrir o campo de observa\u00e7\u00e3o. A gente precisa ter controle geral do mercado porque trabalhamos em todas as sele\u00e7\u00f5es. Precisamos ter uma linha de trabalho boa porque o Brasil \u00e9 um celeiro. A base sempre foi a sa\u00edda para o futebol brasileiro. Temos tudo monitorado, mas a pandemia prejudicou muito por n\u00e3o podermos viajar. Temos uma ferramenta online para isso, mas in loco \u00e9 sempre melhor. Voc\u00ea v\u00ea como \u00e9 o atleta, conversa com as pessoas do clube dele, com familiares\u201d explicou o dirigente.<\/p>\n\n\n\n<p>A lista completa analisada pela CBF tem 9.988 nomes. Ao todo, mais de 2 mil partidas foram acompanhadas pelos observadores da entidade, que classificaram os 18 nomes como \u201ctops\u201d. Os demais s\u00e3o colocados nas prateleiras de \u201cselecion\u00e1veis\u201d, \u201cem monitoramento\u201d e \u201cem observa\u00e7\u00e3o\u201d.<\/p>\n\n\n\n<p>Na temporada, L\u00e1zaro tem sido pe\u00e7a importante em meio aos medalh\u00f5es. Com Paulo Sousa foi onde o atacante viveu seu melhor momento apesar da equipe n\u00e3o engrenar. O jovem tem sete gols marcados e sete assist\u00eancias. Com Dorival Jr tem sido escalado de titular quando o Flamengo vai a campo com uma equipe alternativa.<\/p>\n\n\n\n<p>J\u00e1 Matheus Gon\u00e7alves \u00e9 visto como joia rara internamente. O Flamengo, inclusive, tem muito cuidado com o atleta para n\u00e3o pular etapas. O meia sequer foi inscrito na Copa S\u00e3o Paulo de Jr de 2022 por conta da pouca idade.<\/p>\n\n\n\n<p>O jovem de 16 anos foi pe\u00e7a fundamental para a conquista do Campeonato Brasileiro e da Copa do Brasil sub-17 de 2021. Agora, passou a integrar a equipe sub-20. No ano passado, assinou seu primeiro contrato profissional com dura\u00e7\u00e3o de tr\u00eas anos.<\/p>\n\n\n\n<p>O \u00faltimo brasileiro a conquistar o pr\u00eamio de melhor jogador do mundo foi Kak\u00e1, em 2007. Recentemente, Neymar entrou na briga pelo pr\u00eamio, mas n\u00e3o conseguiu superar Cristiano Ronaldo e Messi. O camisa 10 do PSG \u00e9 uma aposta da CBF assim como Vinicius Jr.<\/p>\n\n\n\n<p>Confira a lista completa com os 18 poss\u00edveis melhor jogador do mundo para a CBF:<\/p>\n\n\n\n<p>2001:<br>Rodrygo (atacante, Real Madrid-ESP)<br>Martinelli (atacante, Arsenal-ING)<br>Yuri Alberto (atacante, Corinthians)<\/p>\n\n\n\n<p>2002:<br>Kaio Jorge (atacante, Juventus-ITA)<br>Reinier (meia, Real Madrid)<br>L\u00e1zaro (atacante, Flamengo)<\/p>\n\n\n\n<p>2003:<br>Marcos Leonardo (atacante, Santos)<br>Matheus Martins (atacante, Fluminense)<br>Patryck (lateral esquerdo, S\u00e3o Paulo)<\/p>\n\n\n\n<p>2004:<br>Vinicius Tobias (lateral direito, Real Madrid)<br>Andrey (meia, Vasco)<br>Angelo (atacante, Santos)<\/p>\n\n\n\n<p>2005:<br>Vitor Roque (atacante, Athletico)<br>Nathan Ribeiro (atacante, Gr\u00eamio)<br>Matheus Gon\u00e7alves (meia, Flamengo)<\/p>\n\n\n\n<p>Retirado de: Torcedores<\/p>\n","protected":false},"excerpt":{"rendered":"<p>O tetracampe\u00e3o mundial Branco, atualmente coordenador das sele\u00e7\u00f5es de base do Brasil, revelou em entrevista \u00e0 Folha de S\u00e3o Paulo que a CBF tem uma lista de 18 jogadores com potencial para ser o melhor do mundo. Entre eles, dois s\u00e3o do Flamengo. \u201cA gente tem um planejamento para a gera\u00e7\u00e3o 2030. O objetivo \u00e9 [&hellip;]<\/p>\n","protected":false},"author":1,"featured_media":80717,"comment_status":"open","ping_status":"closed","sticky":false,"template":"","format":"standard","meta":{"footnotes":""},"categories":[1],"tags":[],"class_list":["post-85741","post","type-post","status-publish","format-standard","has-post-thumbnail","hentry","category-flamengo"],"yoast_head":"<!-- This site is optimized with the Yoast SEO Premium plugin v24.2 (Yoast SEO v26.9) - https:\/\/yoast.com\/product\/yoast-seo-premium-wordpress\/ -->\n<title>Flamengo tem dois jogadores em lista com potencial de melhor do mundo; conhe\u00e7a<\/title>\n<meta name=\"robots\" content=\"index, follow, max-snippet:-1, max-image-preview:large, max-video-preview:-1\" \/>\n<link rel=\"canonical\" href=\"https:\/\/www.gaveanews.com\/index.php\/2022\/08\/10\/flamengo-tem-dois-jogadores-em-lista-com-potencial-de-melhor-do-mundo-conheca\/\" \/>\n<meta property=\"og:locale\" content=\"pt_BR\" \/>\n<meta property=\"og:type\" content=\"article\" \/>\n<meta property=\"og:title\" content=\"Flamengo tem dois jogadores em lista com potencial de melhor do mundo; conhe\u00e7a\" \/>\n<meta property=\"og:description\" content=\"O tetracampe\u00e3o mundial Branco, atualmente coordenador das sele\u00e7\u00f5es de base do Brasil, revelou em entrevista \u00e0 Folha de S\u00e3o Paulo que a CBF tem uma lista de 18 jogadores com potencial para ser o melhor do mundo. Entre eles, dois s\u00e3o do Flamengo. \u201cA gente tem um planejamento para a gera\u00e7\u00e3o 2030. O objetivo \u00e9 [&hellip;]\" \/>\n<meta property=\"og:url\" content=\"https:\/\/www.gaveanews.com\/index.php\/2022\/08\/10\/flamengo-tem-dois-jogadores-em-lista-com-potencial-de-melhor-do-mundo-conheca\/\" \/>\n<meta property=\"og:site_name\" content=\"G\u00e1vea News\" \/>\n<meta property=\"article:publisher\" content=\"https:\/\/facebook.com\/gaveaNews\/\" \/>\n<meta property=\"article:published_time\" content=\"2022-08-10T03:08:24+00:00\" \/>\n<meta property=\"article:modified_time\" content=\"2022-08-10T03:08:27+00:00\" \/>\n<meta property=\"og:image\" content=\"https:\/\/www.gaveanews.com\/wp-content\/uploads\/Lazaro-em-acao-pelo-Flamengo-no-Maracana.webp\" \/>\n\t<meta property=\"og:image:width\" content=\"800\" \/>\n\t<meta property=\"og:image:height\" content=\"533\" \/>\n\t<meta property=\"og:image:type\" content=\"image\/jpeg\" \/>\n<meta name=\"author\" content=\"Equipe G\u00e1vea News\" \/>\n<meta name=\"twitter:card\" content=\"summary_large_image\" \/>\n<meta name=\"twitter:label1\" content=\"Escrito por\" \/>\n\t<meta name=\"twitter:data1\" content=\"Equipe G\u00e1vea News\" \/>\n\t<meta name=\"twitter:label2\" content=\"Est. tempo de leitura\" \/>\n\t<meta name=\"twitter:data2\" content=\"4 minutos\" \/>\n<script type=\"application\/ld+json\" class=\"yoast-schema-graph\">{\"@context\":\"https:\/\/schema.org\",\"@graph\":[{\"@type\":\"NewsArticle\",\"@id\":\"https:\/\/www.gaveanews.com\/index.php\/2022\/08\/10\/flamengo-tem-dois-jogadores-em-lista-com-potencial-de-melhor-do-mundo-conheca\/#article\",\"isPartOf\":{\"@id\":\"https:\/\/www.gaveanews.com\/index.php\/2022\/08\/10\/flamengo-tem-dois-jogadores-em-lista-com-potencial-de-melhor-do-mundo-conheca\/\"},\"author\":{\"name\":\"Equipe G\u00e1vea News\",\"@id\":\"https:\/\/www.gaveanews.com\/#\/schema\/person\/2ec14f73fb96be2caf28f91afb14749d\"},\"headline\":\"Flamengo tem dois jogadores em lista com potencial de melhor do mundo; conhe\u00e7a\",\"datePublished\":\"2022-08-10T03:08:24+00:00\",\"dateModified\":\"2022-08-10T03:08:27+00:00\",\"mainEntityOfPage\":{\"@id\":\"https:\/\/www.gaveanews.com\/index.php\/2022\/08\/10\/flamengo-tem-dois-jogadores-em-lista-com-potencial-de-melhor-do-mundo-conheca\/\"},\"wordCount\":577,\"commentCount\":0,\"image\":{\"@id\":\"https:\/\/www.gaveanews.com\/index.php\/2022\/08\/10\/flamengo-tem-dois-jogadores-em-lista-com-potencial-de-melhor-do-mundo-conheca\/#primaryimage\"},\"thumbnailUrl\":\"https:\/\/www.gaveanews.com\/wp-content\/uploads\/Lazaro-em-acao-pelo-Flamengo-no-Maracana.webp\",\"articleSection\":[\"Flamengo\"],\"inLanguage\":\"pt-BR\",\"potentialAction\":[{\"@type\":\"CommentAction\",\"name\":\"Comment\",\"target\":[\"https:\/\/www.gaveanews.com\/index.php\/2022\/08\/10\/flamengo-tem-dois-jogadores-em-lista-com-potencial-de-melhor-do-mundo-conheca\/#respond\"]}],\"copyrightYear\":\"2022\",\"copyrightHolder\":{\"@id\":\"https:\/\/www.gaveanews.com\/#organization\"}},{\"@type\":\"WebPage\",\"@id\":\"https:\/\/www.gaveanews.com\/index.php\/2022\/08\/10\/flamengo-tem-dois-jogadores-em-lista-com-potencial-de-melhor-do-mundo-conheca\/\",\"url\":\"https:\/\/www.gaveanews.com\/index.php\/2022\/08\/10\/flamengo-tem-dois-jogadores-em-lista-com-potencial-de-melhor-do-mundo-conheca\/\",\"name\":\"Flamengo tem dois jogadores em lista com potencial de melhor do mundo; conhe\u00e7a\",\"isPartOf\":{\"@id\":\"https:\/\/www.gaveanews.com\/#website\"},\"primaryImageOfPage\":{\"@id\":\"https:\/\/www.gaveanews.com\/index.php\/2022\/08\/10\/flamengo-tem-dois-jogadores-em-lista-com-potencial-de-melhor-do-mundo-conheca\/#primaryimage\"},\"image\":{\"@id\":\"https:\/\/www.gaveanews.com\/index.php\/2022\/08\/10\/flamengo-tem-dois-jogadores-em-lista-com-potencial-de-melhor-do-mundo-conheca\/#primaryimage\"},\"thumbnailUrl\":\"https:\/\/www.gaveanews.com\/wp-content\/uploads\/Lazaro-em-acao-pelo-Flamengo-no-Maracana.webp\",\"datePublished\":\"2022-08-10T03:08:24+00:00\",\"dateModified\":\"2022-08-10T03:08:27+00:00\",\"author\":{\"@id\":\"https:\/\/www.gaveanews.com\/#\/schema\/person\/2ec14f73fb96be2caf28f91afb14749d\"},\"breadcrumb\":{\"@id\":\"https:\/\/www.gaveanews.com\/index.php\/2022\/08\/10\/flamengo-tem-dois-jogadores-em-lista-com-potencial-de-melhor-do-mundo-conheca\/#breadcrumb\"},\"inLanguage\":\"pt-BR\",\"potentialAction\":[{\"@type\":\"ReadAction\",\"target\":[\"https:\/\/www.gaveanews.com\/index.php\/2022\/08\/10\/flamengo-tem-dois-jogadores-em-lista-com-potencial-de-melhor-do-mundo-conheca\/\"]}]},{\"@type\":\"ImageObject\",\"inLanguage\":\"pt-BR\",\"@id\":\"https:\/\/www.gaveanews.com\/index.php\/2022\/08\/10\/flamengo-tem-dois-jogadores-em-lista-com-potencial-de-melhor-do-mundo-conheca\/#primaryimage\",\"url\":\"https:\/\/www.gaveanews.com\/wp-content\/uploads\/Lazaro-em-acao-pelo-Flamengo-no-Maracana.webp\",\"contentUrl\":\"https:\/\/www.gaveanews.com\/wp-content\/uploads\/Lazaro-em-acao-pelo-Flamengo-no-Maracana.webp\",\"width\":800,\"height\":533,\"caption\":\"L\u00e1zaro em a\u00e7\u00e3o pelo Flamengo no Maracan\u00e3 (Foto: Marcelo Cortes\/Flamengo)\"},{\"@type\":\"BreadcrumbList\",\"@id\":\"https:\/\/www.gaveanews.com\/index.php\/2022\/08\/10\/flamengo-tem-dois-jogadores-em-lista-com-potencial-de-melhor-do-mundo-conheca\/#breadcrumb\",\"itemListElement\":[{\"@type\":\"ListItem\",\"position\":1,\"name\":\"Home\",\"item\":\"https:\/\/www.gaveanews.com\/\"},{\"@type\":\"ListItem\",\"position\":2,\"name\":\"Flamengo tem dois jogadores em lista com potencial de melhor do mundo; conhe\u00e7a\"}]},{\"@type\":\"WebSite\",\"@id\":\"https:\/\/www.gaveanews.com\/#website\",\"url\":\"https:\/\/www.gaveanews.com\/\",\"name\":\"G\u00e1vea News\",\"description\":\"Veja todas as not\u00edcias sobre o Flamengo: Contrata\u00e7\u00f5es, categorias de base, resultados das partidas, tabela de classifica\u00e7\u00e3o, pr\u00f3ximos jogos!\",\"potentialAction\":[{\"@type\":\"SearchAction\",\"target\":{\"@type\":\"EntryPoint\",\"urlTemplate\":\"https:\/\/www.gaveanews.com\/?s={search_term_string}\"},\"query-input\":{\"@type\":\"PropertyValueSpecification\",\"valueRequired\":true,\"valueName\":\"search_term_string\"}}],\"inLanguage\":\"pt-BR\"},{\"@type\":\"Person\",\"@id\":\"https:\/\/www.gaveanews.com\/#\/schema\/person\/2ec14f73fb96be2caf28f91afb14749d\",\"name\":\"Equipe G\u00e1vea News\",\"image\":{\"@type\":\"ImageObject\",\"inLanguage\":\"pt-BR\",\"@id\":\"https:\/\/www.gaveanews.com\/#\/schema\/person\/image\/\",\"url\":\"https:\/\/secure.gravatar.com\/avatar\/1e1956f1facbffd3f8fa53a326721950116b3b9dc9bd44939c01180fd4a745a9?s=96&d=mm&r=g\",\"contentUrl\":\"https:\/\/secure.gravatar.com\/avatar\/1e1956f1facbffd3f8fa53a326721950116b3b9dc9bd44939c01180fd4a745a9?s=96&d=mm&r=g\",\"caption\":\"Equipe G\u00e1vea News\"}}]}<\/script>\n<!-- \/ Yoast SEO Premium plugin. -->","yoast_head_json":{"title":"Flamengo tem dois jogadores em lista com potencial de melhor do mundo; conhe\u00e7a","robots":{"index":"index","follow":"follow","max-snippet":"max-snippet:-1","max-image-preview":"max-image-preview:large","max-video-preview":"max-video-preview:-1"},"canonical":"https:\/\/www.gaveanews.com\/index.php\/2022\/08\/10\/flamengo-tem-dois-jogadores-em-lista-com-potencial-de-melhor-do-mundo-conheca\/","og_locale":"pt_BR","og_type":"article","og_title":"Flamengo tem dois jogadores em lista com potencial de melhor do mundo; conhe\u00e7a","og_description":"O tetracampe\u00e3o mundial Branco, atualmente coordenador das sele\u00e7\u00f5es de base do Brasil, revelou em entrevista \u00e0 Folha de S\u00e3o Paulo que a CBF tem uma lista de 18 jogadores com potencial para ser o melhor do mundo. Entre eles, dois s\u00e3o do Flamengo. \u201cA gente tem um planejamento para a gera\u00e7\u00e3o 2030. O objetivo \u00e9 [&hellip;]","og_url":"https:\/\/www.gaveanews.com\/index.php\/2022\/08\/10\/flamengo-tem-dois-jogadores-em-lista-com-potencial-de-melhor-do-mundo-conheca\/","og_site_name":"G\u00e1vea News","article_publisher":"https:\/\/facebook.com\/gaveaNews\/","article_published_time":"2022-08-10T03:08:24+00:00","article_modified_time":"2022-08-10T03:08:27+00:00","og_image":[{"width":800,"height":533,"url":"https:\/\/www.gaveanews.com\/wp-content\/uploads\/Lazaro-em-acao-pelo-Flamengo-no-Maracana.webp","type":"image\/jpeg"}],"author":"Equipe G\u00e1vea News","twitter_card":"summary_large_image","twitter_misc":{"Escrito por":"Equipe G\u00e1vea News","Est. tempo de leitura":"4 minutos"},"schema":{"@context":"https:\/\/schema.org","@graph":[{"@type":"NewsArticle","@id":"https:\/\/www.gaveanews.com\/index.php\/2022\/08\/10\/flamengo-tem-dois-jogadores-em-lista-com-potencial-de-melhor-do-mundo-conheca\/#article","isPartOf":{"@id":"https:\/\/www.gaveanews.com\/index.php\/2022\/08\/10\/flamengo-tem-dois-jogadores-em-lista-com-potencial-de-melhor-do-mundo-conheca\/"},"author":{"name":"Equipe G\u00e1vea News","@id":"https:\/\/www.gaveanews.com\/#\/schema\/person\/2ec14f73fb96be2caf28f91afb14749d"},"headline":"Flamengo tem dois jogadores em lista com potencial de melhor do mundo; conhe\u00e7a","datePublished":"2022-08-10T03:08:24+00:00","dateModified":"2022-08-10T03:08:27+00:00","mainEntityOfPage":{"@id":"https:\/\/www.gaveanews.com\/index.php\/2022\/08\/10\/flamengo-tem-dois-jogadores-em-lista-com-potencial-de-melhor-do-mundo-conheca\/"},"wordCount":577,"commentCount":0,"image":{"@id":"https:\/\/www.gaveanews.com\/index.php\/2022\/08\/10\/flamengo-tem-dois-jogadores-em-lista-com-potencial-de-melhor-do-mundo-conheca\/#primaryimage"},"thumbnailUrl":"https:\/\/www.gaveanews.com\/wp-content\/uploads\/Lazaro-em-acao-pelo-Flamengo-no-Maracana.webp","articleSection":["Flamengo"],"inLanguage":"pt-BR","potentialAction":[{"@type":"CommentAction","name":"Comment","target":["https:\/\/www.gaveanews.com\/index.php\/2022\/08\/10\/flamengo-tem-dois-jogadores-em-lista-com-potencial-de-melhor-do-mundo-conheca\/#respond"]}],"copyrightYear":"2022","copyrightHolder":{"@id":"https:\/\/www.gaveanews.com\/#organization"}},{"@type":"WebPage","@id":"https:\/\/www.gaveanews.com\/index.php\/2022\/08\/10\/flamengo-tem-dois-jogadores-em-lista-com-potencial-de-melhor-do-mundo-conheca\/","url":"https:\/\/www.gaveanews.com\/index.php\/2022\/08\/10\/flamengo-tem-dois-jogadores-em-lista-com-potencial-de-melhor-do-mundo-conheca\/","name":"Flamengo tem dois jogadores em lista com potencial de melhor do mundo; conhe\u00e7a","isPartOf":{"@id":"https:\/\/www.gaveanews.com\/#website"},"primaryImageOfPage":{"@id":"https:\/\/www.gaveanews.com\/index.php\/2022\/08\/10\/flamengo-tem-dois-jogadores-em-lista-com-potencial-de-melhor-do-mundo-conheca\/#primaryimage"},"image":{"@id":"https:\/\/www.gaveanews.com\/index.php\/2022\/08\/10\/flamengo-tem-dois-jogadores-em-lista-com-potencial-de-melhor-do-mundo-conheca\/#primaryimage"},"thumbnailUrl":"https:\/\/www.gaveanews.com\/wp-content\/uploads\/Lazaro-em-acao-pelo-Flamengo-no-Maracana.webp","datePublished":"2022-08-10T03:08:24+00:00","dateModified":"2022-08-10T03:08:27+00:00","author":{"@id":"https:\/\/www.gaveanews.com\/#\/schema\/person\/2ec14f73fb96be2caf28f91afb14749d"},"breadcrumb":{"@id":"https:\/\/www.gaveanews.com\/index.php\/2022\/08\/10\/flamengo-tem-dois-jogadores-em-lista-com-potencial-de-melhor-do-mundo-conheca\/#breadcrumb"},"inLanguage":"pt-BR","potentialAction":[{"@type":"ReadAction","target":["https:\/\/www.gaveanews.com\/index.php\/2022\/08\/10\/flamengo-tem-dois-jogadores-em-lista-com-potencial-de-melhor-do-mundo-conheca\/"]}]},{"@type":"ImageObject","inLanguage":"pt-BR","@id":"https:\/\/www.gaveanews.com\/index.php\/2022\/08\/10\/flamengo-tem-dois-jogadores-em-lista-com-potencial-de-melhor-do-mundo-conheca\/#primaryimage","url":"https:\/\/www.gaveanews.com\/wp-content\/uploads\/Lazaro-em-acao-pelo-Flamengo-no-Maracana.webp","contentUrl":"https:\/\/www.gaveanews.com\/wp-content\/uploads\/Lazaro-em-acao-pelo-Flamengo-no-Maracana.webp","width":800,"height":533,"caption":"L\u00e1zaro em a\u00e7\u00e3o pelo Flamengo no Maracan\u00e3 (Foto: Marcelo Cortes\/Flamengo)"},{"@type":"BreadcrumbList","@id":"https:\/\/www.gaveanews.com\/index.php\/2022\/08\/10\/flamengo-tem-dois-jogadores-em-lista-com-potencial-de-melhor-do-mundo-conheca\/#breadcrumb","itemListElement":[{"@type":"ListItem","position":1,"name":"Home","item":"https:\/\/www.gaveanews.com\/"},{"@type":"ListItem","position":2,"name":"Flamengo tem dois jogadores em lista com potencial de melhor do mundo; conhe\u00e7a"}]},{"@type":"WebSite","@id":"https:\/\/www.gaveanews.com\/#website","url":"https:\/\/www.gaveanews.com\/","name":"G\u00e1vea News","description":"Veja todas as not\u00edcias sobre o Flamengo: Contrata\u00e7\u00f5es, categorias de base, resultados das partidas, tabela de classifica\u00e7\u00e3o, pr\u00f3ximos jogos!","potentialAction":[{"@type":"SearchAction","target":{"@type":"EntryPoint","urlTemplate":"https:\/\/www.gaveanews.com\/?s={search_term_string}"},"query-input":{"@type":"PropertyValueSpecification","valueRequired":true,"valueName":"search_term_string"}}],"inLanguage":"pt-BR"},{"@type":"Person","@id":"https:\/\/www.gaveanews.com\/#\/schema\/person\/2ec14f73fb96be2caf28f91afb14749d","name":"Equipe G\u00e1vea News","image":{"@type":"ImageObject","inLanguage":"pt-BR","@id":"https:\/\/www.gaveanews.com\/#\/schema\/person\/image\/","url":"https:\/\/secure.gravatar.com\/avatar\/1e1956f1facbffd3f8fa53a326721950116b3b9dc9bd44939c01180fd4a745a9?s=96&d=mm&r=g","contentUrl":"https:\/\/secure.gravatar.com\/avatar\/1e1956f1facbffd3f8fa53a326721950116b3b9dc9bd44939c01180fd4a745a9?s=96&d=mm&r=g","caption":"Equipe G\u00e1vea News"}}]}},"_links":{"self":[{"href":"https:\/\/www.gaveanews.com\/index.php\/wp-json\/wp\/v2\/posts\/85741","targetHints":{"allow":["GET"]}}],"collection":[{"href":"https:\/\/www.gaveanews.com\/index.php\/wp-json\/wp\/v2\/posts"}],"about":[{"href":"https:\/\/www.gaveanews.com\/index.php\/wp-json\/wp\/v2\/types\/post"}],"author":[{"embeddable":true,"href":"https:\/\/www.gaveanews.com\/index.php\/wp-json\/wp\/v2\/users\/1"}],"replies":[{"embeddable":true,"href":"https:\/\/www.gaveanews.com\/index.php\/wp-json\/wp\/v2\/comments?post=85741"}],"version-history":[{"count":0,"href":"https:\/\/www.gaveanews.com\/index.php\/wp-json\/wp\/v2\/posts\/85741\/revisions"}],"wp:featuredmedia":[{"embeddable":true,"href":"https:\/\/www.gaveanews.com\/index.php\/wp-json\/wp\/v2\/media\/80717"}],"wp:attachment":[{"href":"https:\/\/www.gaveanews.com\/index.php\/wp-json\/wp\/v2\/media?parent=85741"}],"wp:term":[{"taxonomy":"category","embeddable":true,"href":"https:\/\/www.gaveanews.com\/index.php\/wp-json\/wp\/v2\/categories?post=85741"},{"taxonomy":"post_tag","embeddable":true,"href":"https:\/\/www.gaveanews.com\/index.php\/wp-json\/wp\/v2\/tags?post=85741"}],"curies":[{"name":"wp","href":"https:\/\/api.w.org\/{rel}","templated":true}]}}