{"id":85761,"date":"2022-08-10T13:11:09","date_gmt":"2022-08-10T16:11:09","guid":{"rendered":"https:\/\/www.gaveanews.com\/?p=85761"},"modified":"2022-08-10T13:11:10","modified_gmt":"2022-08-10T16:11:10","slug":"flamengo-agenda-coletiva-de-apresentacao-de-guilhermo-varela","status":"publish","type":"post","link":"https:\/\/www.gaveanews.com\/index.php\/2022\/08\/10\/flamengo-agenda-coletiva-de-apresentacao-de-guilhermo-varela\/","title":{"rendered":"Flamengo agenda coletiva de apresenta\u00e7\u00e3o de Guilhermo Varela"},"content":{"rendered":"\n<p>Treinando com o grupo h\u00e1 pouco mais de uma semana, Guilhermo Varela finalmente ser\u00e1 apresentado pelo Flamengo em coletiva. A entrevista est\u00e1 marcada para acontecer nesta quinta-feira (11), no Ninho do Urubu.<\/p>\n\n\n\n<p>O hor\u00e1rio do evento ainda n\u00e3o foi divulgado pelo Rubro-Negro. Mas fique tranquilo, pois o G\u00e1vea News disponibilizar\u00e1 a transmiss\u00e3o da entrevista ao vivo.<\/p>\n\n\n\n<p>Contratado para refor\u00e7ar a lateral-direita, ent\u00e3o defendida por Rodinei e Matheuzinho, Varela chegou por empr\u00e9stimo em mais uma manobra do Fla para ter jogadores permanentemente. O defensor viabilizou a transfer\u00eancia independentemente do seu clube anterior por ter acionado o mecanismo da Fifa.<\/p>\n\n\n\n<p>A cess\u00e3o termina na metade de 2023, justamente quando termina o v\u00ednculo do atleta com o D\u00ednamo de Moscou. Com o caminho livre, o Flamengo entrar\u00e1 com o contrato definitivo com Varela.<\/p>\n\n\n\n<p>Aos 29 anos, Guilhermo Varela fez grande parte de sua carreira na Europa. O jogador foi revelado pelas categorias de base do Pe\u00f1arol e posteriormente fez passagens por Manchester United, Eintracht Frankfurt, Real Madrid, Kobenhavn antes de rumar ao D\u00ednamo de Moscou, onde ficou por duas temporadas. Isso, \u00e9 claro, al\u00e9m das diversas convoca\u00e7\u00f5es pela Sele\u00e7\u00e3o Uruguaia.<\/p>\n","protected":false},"excerpt":{"rendered":"<p>Treinando com o grupo h\u00e1 pouco mais de uma semana, Guilhermo Varela finalmente ser\u00e1 apresentado pelo Flamengo em coletiva. A entrevista est\u00e1 marcada para acontecer nesta quinta-feira (11), no Ninho do Urubu. O hor\u00e1rio do evento ainda n\u00e3o foi divulgado pelo Rubro-Negro. Mas fique tranquilo, pois o G\u00e1vea News disponibilizar\u00e1 a transmiss\u00e3o da entrevista ao [&hellip;]<\/p>\n","protected":false},"author":4,"featured_media":85428,"comment_status":"open","ping_status":"closed","sticky":false,"template":"","format":"standard","meta":{"footnotes":""},"categories":[1],"tags":[],"class_list":["post-85761","post","type-post","status-publish","format-standard","has-post-thumbnail","hentry","category-flamengo"],"yoast_head":"<!-- This site is optimized with the Yoast SEO Premium plugin v24.2 (Yoast SEO v26.9) - https:\/\/yoast.com\/product\/yoast-seo-premium-wordpress\/ -->\n<title>Flamengo agenda coletiva de apresenta\u00e7\u00e3o de Guilhermo Varela<\/title>\n<meta name=\"robots\" content=\"index, follow, max-snippet:-1, max-image-preview:large, max-video-preview:-1\" \/>\n<link rel=\"canonical\" href=\"https:\/\/www.gaveanews.com\/index.php\/2022\/08\/10\/flamengo-agenda-coletiva-de-apresentacao-de-guilhermo-varela\/\" \/>\n<meta property=\"og:locale\" content=\"pt_BR\" \/>\n<meta property=\"og:type\" content=\"article\" \/>\n<meta property=\"og:title\" content=\"Flamengo agenda coletiva de apresenta\u00e7\u00e3o de Guilhermo Varela\" \/>\n<meta property=\"og:description\" content=\"Treinando com o grupo h\u00e1 pouco mais de uma semana, Guilhermo Varela finalmente ser\u00e1 apresentado pelo Flamengo em coletiva. A entrevista est\u00e1 marcada para acontecer nesta quinta-feira (11), no Ninho do Urubu. O hor\u00e1rio do evento ainda n\u00e3o foi divulgado pelo Rubro-Negro. Mas fique tranquilo, pois o G\u00e1vea News disponibilizar\u00e1 a transmiss\u00e3o da entrevista ao [&hellip;]\" \/>\n<meta property=\"og:url\" content=\"https:\/\/www.gaveanews.com\/index.php\/2022\/08\/10\/flamengo-agenda-coletiva-de-apresentacao-de-guilhermo-varela\/\" \/>\n<meta property=\"og:site_name\" content=\"G\u00e1vea News\" \/>\n<meta property=\"article:publisher\" content=\"https:\/\/facebook.com\/gaveaNews\/\" \/>\n<meta property=\"article:published_time\" content=\"2022-08-10T16:11:09+00:00\" \/>\n<meta property=\"article:modified_time\" content=\"2022-08-10T16:11:10+00:00\" \/>\n<meta property=\"og:image\" content=\"https:\/\/www.gaveanews.com\/wp-content\/uploads\/Erick-Pulgar-Arrascaeta-e-Guilhermo-Varela-em-treino-do-Flamengo.webp\" \/>\n\t<meta property=\"og:image:width\" content=\"800\" \/>\n\t<meta property=\"og:image:height\" content=\"533\" \/>\n\t<meta property=\"og:image:type\" content=\"image\/jpeg\" \/>\n<meta name=\"author\" content=\"Let\u00edcia Gerheim\" \/>\n<meta name=\"twitter:card\" content=\"summary_large_image\" \/>\n<meta name=\"twitter:label1\" content=\"Escrito por\" \/>\n\t<meta name=\"twitter:data1\" content=\"Let\u00edcia Gerheim\" \/>\n\t<meta name=\"twitter:label2\" content=\"Est. tempo de leitura\" \/>\n\t<meta name=\"twitter:data2\" content=\"2 minutos\" \/>\n<script type=\"application\/ld+json\" class=\"yoast-schema-graph\">{\"@context\":\"https:\/\/schema.org\",\"@graph\":[{\"@type\":\"NewsArticle\",\"@id\":\"https:\/\/www.gaveanews.com\/index.php\/2022\/08\/10\/flamengo-agenda-coletiva-de-apresentacao-de-guilhermo-varela\/#article\",\"isPartOf\":{\"@id\":\"https:\/\/www.gaveanews.com\/index.php\/2022\/08\/10\/flamengo-agenda-coletiva-de-apresentacao-de-guilhermo-varela\/\"},\"author\":{\"name\":\"Let\u00edcia Gerheim\",\"@id\":\"https:\/\/www.gaveanews.com\/#\/schema\/person\/714c67050b836198af2450ba1c142a67\"},\"headline\":\"Flamengo agenda coletiva de apresenta\u00e7\u00e3o de Guilhermo Varela\",\"datePublished\":\"2022-08-10T16:11:09+00:00\",\"dateModified\":\"2022-08-10T16:11:10+00:00\",\"mainEntityOfPage\":{\"@id\":\"https:\/\/www.gaveanews.com\/index.php\/2022\/08\/10\/flamengo-agenda-coletiva-de-apresentacao-de-guilhermo-varela\/\"},\"wordCount\":208,\"commentCount\":0,\"image\":{\"@id\":\"https:\/\/www.gaveanews.com\/index.php\/2022\/08\/10\/flamengo-agenda-coletiva-de-apresentacao-de-guilhermo-varela\/#primaryimage\"},\"thumbnailUrl\":\"https:\/\/www.gaveanews.com\/wp-content\/uploads\/Erick-Pulgar-Arrascaeta-e-Guilhermo-Varela-em-treino-do-Flamengo.webp\",\"articleSection\":[\"Flamengo\"],\"inLanguage\":\"pt-BR\",\"potentialAction\":[{\"@type\":\"CommentAction\",\"name\":\"Comment\",\"target\":[\"https:\/\/www.gaveanews.com\/index.php\/2022\/08\/10\/flamengo-agenda-coletiva-de-apresentacao-de-guilhermo-varela\/#respond\"]}],\"copyrightYear\":\"2022\",\"copyrightHolder\":{\"@id\":\"https:\/\/www.gaveanews.com\/#organization\"}},{\"@type\":\"WebPage\",\"@id\":\"https:\/\/www.gaveanews.com\/index.php\/2022\/08\/10\/flamengo-agenda-coletiva-de-apresentacao-de-guilhermo-varela\/\",\"url\":\"https:\/\/www.gaveanews.com\/index.php\/2022\/08\/10\/flamengo-agenda-coletiva-de-apresentacao-de-guilhermo-varela\/\",\"name\":\"Flamengo agenda coletiva de apresenta\u00e7\u00e3o de Guilhermo Varela\",\"isPartOf\":{\"@id\":\"https:\/\/www.gaveanews.com\/#website\"},\"primaryImageOfPage\":{\"@id\":\"https:\/\/www.gaveanews.com\/index.php\/2022\/08\/10\/flamengo-agenda-coletiva-de-apresentacao-de-guilhermo-varela\/#primaryimage\"},\"image\":{\"@id\":\"https:\/\/www.gaveanews.com\/index.php\/2022\/08\/10\/flamengo-agenda-coletiva-de-apresentacao-de-guilhermo-varela\/#primaryimage\"},\"thumbnailUrl\":\"https:\/\/www.gaveanews.com\/wp-content\/uploads\/Erick-Pulgar-Arrascaeta-e-Guilhermo-Varela-em-treino-do-Flamengo.webp\",\"datePublished\":\"2022-08-10T16:11:09+00:00\",\"dateModified\":\"2022-08-10T16:11:10+00:00\",\"author\":{\"@id\":\"https:\/\/www.gaveanews.com\/#\/schema\/person\/714c67050b836198af2450ba1c142a67\"},\"breadcrumb\":{\"@id\":\"https:\/\/www.gaveanews.com\/index.php\/2022\/08\/10\/flamengo-agenda-coletiva-de-apresentacao-de-guilhermo-varela\/#breadcrumb\"},\"inLanguage\":\"pt-BR\",\"potentialAction\":[{\"@type\":\"ReadAction\",\"target\":[\"https:\/\/www.gaveanews.com\/index.php\/2022\/08\/10\/flamengo-agenda-coletiva-de-apresentacao-de-guilhermo-varela\/\"]}]},{\"@type\":\"ImageObject\",\"inLanguage\":\"pt-BR\",\"@id\":\"https:\/\/www.gaveanews.com\/index.php\/2022\/08\/10\/flamengo-agenda-coletiva-de-apresentacao-de-guilhermo-varela\/#primaryimage\",\"url\":\"https:\/\/www.gaveanews.com\/wp-content\/uploads\/Erick-Pulgar-Arrascaeta-e-Guilhermo-Varela-em-treino-do-Flamengo.webp\",\"contentUrl\":\"https:\/\/www.gaveanews.com\/wp-content\/uploads\/Erick-Pulgar-Arrascaeta-e-Guilhermo-Varela-em-treino-do-Flamengo.webp\",\"width\":800,\"height\":533,\"caption\":\"Erick Pulgar, Arrascaeta e Guilhermo Varela em treino do Flamengo (Foto: Marcelo Cortes\/Flamengo)\"},{\"@type\":\"BreadcrumbList\",\"@id\":\"https:\/\/www.gaveanews.com\/index.php\/2022\/08\/10\/flamengo-agenda-coletiva-de-apresentacao-de-guilhermo-varela\/#breadcrumb\",\"itemListElement\":[{\"@type\":\"ListItem\",\"position\":1,\"name\":\"Home\",\"item\":\"https:\/\/www.gaveanews.com\/\"},{\"@type\":\"ListItem\",\"position\":2,\"name\":\"Flamengo agenda coletiva de apresenta\u00e7\u00e3o de Guilhermo Varela\"}]},{\"@type\":\"WebSite\",\"@id\":\"https:\/\/www.gaveanews.com\/#website\",\"url\":\"https:\/\/www.gaveanews.com\/\",\"name\":\"G\u00e1vea News\",\"description\":\"Veja todas as not\u00edcias sobre o Flamengo: Contrata\u00e7\u00f5es, categorias de base, resultados das partidas, tabela de classifica\u00e7\u00e3o, pr\u00f3ximos jogos!\",\"potentialAction\":[{\"@type\":\"SearchAction\",\"target\":{\"@type\":\"EntryPoint\",\"urlTemplate\":\"https:\/\/www.gaveanews.com\/?s={search_term_string}\"},\"query-input\":{\"@type\":\"PropertyValueSpecification\",\"valueRequired\":true,\"valueName\":\"search_term_string\"}}],\"inLanguage\":\"pt-BR\"},{\"@type\":\"Person\",\"@id\":\"https:\/\/www.gaveanews.com\/#\/schema\/person\/714c67050b836198af2450ba1c142a67\",\"name\":\"Let\u00edcia Gerheim\",\"image\":{\"@type\":\"ImageObject\",\"inLanguage\":\"pt-BR\",\"@id\":\"https:\/\/www.gaveanews.com\/#\/schema\/person\/image\/\",\"url\":\"https:\/\/secure.gravatar.com\/avatar\/60734739c50fcebfbac509e2a826ccd0ff405c019bc73aab9354f19ecad1dcb4?s=96&d=mm&r=g\",\"contentUrl\":\"https:\/\/secure.gravatar.com\/avatar\/60734739c50fcebfbac509e2a826ccd0ff405c019bc73aab9354f19ecad1dcb4?s=96&d=mm&r=g\",\"caption\":\"Let\u00edcia Gerheim\"}}]}<\/script>\n<!-- \/ Yoast SEO Premium plugin. -->","yoast_head_json":{"title":"Flamengo agenda coletiva de apresenta\u00e7\u00e3o de Guilhermo Varela","robots":{"index":"index","follow":"follow","max-snippet":"max-snippet:-1","max-image-preview":"max-image-preview:large","max-video-preview":"max-video-preview:-1"},"canonical":"https:\/\/www.gaveanews.com\/index.php\/2022\/08\/10\/flamengo-agenda-coletiva-de-apresentacao-de-guilhermo-varela\/","og_locale":"pt_BR","og_type":"article","og_title":"Flamengo agenda coletiva de apresenta\u00e7\u00e3o de Guilhermo Varela","og_description":"Treinando com o grupo h\u00e1 pouco mais de uma semana, Guilhermo Varela finalmente ser\u00e1 apresentado pelo Flamengo em coletiva. A entrevista est\u00e1 marcada para acontecer nesta quinta-feira (11), no Ninho do Urubu. O hor\u00e1rio do evento ainda n\u00e3o foi divulgado pelo Rubro-Negro. Mas fique tranquilo, pois o G\u00e1vea News disponibilizar\u00e1 a transmiss\u00e3o da entrevista ao [&hellip;]","og_url":"https:\/\/www.gaveanews.com\/index.php\/2022\/08\/10\/flamengo-agenda-coletiva-de-apresentacao-de-guilhermo-varela\/","og_site_name":"G\u00e1vea News","article_publisher":"https:\/\/facebook.com\/gaveaNews\/","article_published_time":"2022-08-10T16:11:09+00:00","article_modified_time":"2022-08-10T16:11:10+00:00","og_image":[{"width":800,"height":533,"url":"https:\/\/www.gaveanews.com\/wp-content\/uploads\/Erick-Pulgar-Arrascaeta-e-Guilhermo-Varela-em-treino-do-Flamengo.webp","type":"image\/jpeg"}],"author":"Let\u00edcia Gerheim","twitter_card":"summary_large_image","twitter_misc":{"Escrito por":"Let\u00edcia Gerheim","Est. tempo de leitura":"2 minutos"},"schema":{"@context":"https:\/\/schema.org","@graph":[{"@type":"NewsArticle","@id":"https:\/\/www.gaveanews.com\/index.php\/2022\/08\/10\/flamengo-agenda-coletiva-de-apresentacao-de-guilhermo-varela\/#article","isPartOf":{"@id":"https:\/\/www.gaveanews.com\/index.php\/2022\/08\/10\/flamengo-agenda-coletiva-de-apresentacao-de-guilhermo-varela\/"},"author":{"name":"Let\u00edcia Gerheim","@id":"https:\/\/www.gaveanews.com\/#\/schema\/person\/714c67050b836198af2450ba1c142a67"},"headline":"Flamengo agenda coletiva de apresenta\u00e7\u00e3o de Guilhermo Varela","datePublished":"2022-08-10T16:11:09+00:00","dateModified":"2022-08-10T16:11:10+00:00","mainEntityOfPage":{"@id":"https:\/\/www.gaveanews.com\/index.php\/2022\/08\/10\/flamengo-agenda-coletiva-de-apresentacao-de-guilhermo-varela\/"},"wordCount":208,"commentCount":0,"image":{"@id":"https:\/\/www.gaveanews.com\/index.php\/2022\/08\/10\/flamengo-agenda-coletiva-de-apresentacao-de-guilhermo-varela\/#primaryimage"},"thumbnailUrl":"https:\/\/www.gaveanews.com\/wp-content\/uploads\/Erick-Pulgar-Arrascaeta-e-Guilhermo-Varela-em-treino-do-Flamengo.webp","articleSection":["Flamengo"],"inLanguage":"pt-BR","potentialAction":[{"@type":"CommentAction","name":"Comment","target":["https:\/\/www.gaveanews.com\/index.php\/2022\/08\/10\/flamengo-agenda-coletiva-de-apresentacao-de-guilhermo-varela\/#respond"]}],"copyrightYear":"2022","copyrightHolder":{"@id":"https:\/\/www.gaveanews.com\/#organization"}},{"@type":"WebPage","@id":"https:\/\/www.gaveanews.com\/index.php\/2022\/08\/10\/flamengo-agenda-coletiva-de-apresentacao-de-guilhermo-varela\/","url":"https:\/\/www.gaveanews.com\/index.php\/2022\/08\/10\/flamengo-agenda-coletiva-de-apresentacao-de-guilhermo-varela\/","name":"Flamengo agenda coletiva de apresenta\u00e7\u00e3o de Guilhermo Varela","isPartOf":{"@id":"https:\/\/www.gaveanews.com\/#website"},"primaryImageOfPage":{"@id":"https:\/\/www.gaveanews.com\/index.php\/2022\/08\/10\/flamengo-agenda-coletiva-de-apresentacao-de-guilhermo-varela\/#primaryimage"},"image":{"@id":"https:\/\/www.gaveanews.com\/index.php\/2022\/08\/10\/flamengo-agenda-coletiva-de-apresentacao-de-guilhermo-varela\/#primaryimage"},"thumbnailUrl":"https:\/\/www.gaveanews.com\/wp-content\/uploads\/Erick-Pulgar-Arrascaeta-e-Guilhermo-Varela-em-treino-do-Flamengo.webp","datePublished":"2022-08-10T16:11:09+00:00","dateModified":"2022-08-10T16:11:10+00:00","author":{"@id":"https:\/\/www.gaveanews.com\/#\/schema\/person\/714c67050b836198af2450ba1c142a67"},"breadcrumb":{"@id":"https:\/\/www.gaveanews.com\/index.php\/2022\/08\/10\/flamengo-agenda-coletiva-de-apresentacao-de-guilhermo-varela\/#breadcrumb"},"inLanguage":"pt-BR","potentialAction":[{"@type":"ReadAction","target":["https:\/\/www.gaveanews.com\/index.php\/2022\/08\/10\/flamengo-agenda-coletiva-de-apresentacao-de-guilhermo-varela\/"]}]},{"@type":"ImageObject","inLanguage":"pt-BR","@id":"https:\/\/www.gaveanews.com\/index.php\/2022\/08\/10\/flamengo-agenda-coletiva-de-apresentacao-de-guilhermo-varela\/#primaryimage","url":"https:\/\/www.gaveanews.com\/wp-content\/uploads\/Erick-Pulgar-Arrascaeta-e-Guilhermo-Varela-em-treino-do-Flamengo.webp","contentUrl":"https:\/\/www.gaveanews.com\/wp-content\/uploads\/Erick-Pulgar-Arrascaeta-e-Guilhermo-Varela-em-treino-do-Flamengo.webp","width":800,"height":533,"caption":"Erick Pulgar, Arrascaeta e Guilhermo Varela em treino do Flamengo (Foto: Marcelo Cortes\/Flamengo)"},{"@type":"BreadcrumbList","@id":"https:\/\/www.gaveanews.com\/index.php\/2022\/08\/10\/flamengo-agenda-coletiva-de-apresentacao-de-guilhermo-varela\/#breadcrumb","itemListElement":[{"@type":"ListItem","position":1,"name":"Home","item":"https:\/\/www.gaveanews.com\/"},{"@type":"ListItem","position":2,"name":"Flamengo agenda coletiva de apresenta\u00e7\u00e3o de Guilhermo Varela"}]},{"@type":"WebSite","@id":"https:\/\/www.gaveanews.com\/#website","url":"https:\/\/www.gaveanews.com\/","name":"G\u00e1vea News","description":"Veja todas as not\u00edcias sobre o Flamengo: Contrata\u00e7\u00f5es, categorias de base, resultados das partidas, tabela de classifica\u00e7\u00e3o, pr\u00f3ximos jogos!","potentialAction":[{"@type":"SearchAction","target":{"@type":"EntryPoint","urlTemplate":"https:\/\/www.gaveanews.com\/?s={search_term_string}"},"query-input":{"@type":"PropertyValueSpecification","valueRequired":true,"valueName":"search_term_string"}}],"inLanguage":"pt-BR"},{"@type":"Person","@id":"https:\/\/www.gaveanews.com\/#\/schema\/person\/714c67050b836198af2450ba1c142a67","name":"Let\u00edcia Gerheim","image":{"@type":"ImageObject","inLanguage":"pt-BR","@id":"https:\/\/www.gaveanews.com\/#\/schema\/person\/image\/","url":"https:\/\/secure.gravatar.com\/avatar\/60734739c50fcebfbac509e2a826ccd0ff405c019bc73aab9354f19ecad1dcb4?s=96&d=mm&r=g","contentUrl":"https:\/\/secure.gravatar.com\/avatar\/60734739c50fcebfbac509e2a826ccd0ff405c019bc73aab9354f19ecad1dcb4?s=96&d=mm&r=g","caption":"Let\u00edcia Gerheim"}}]}},"_links":{"self":[{"href":"https:\/\/www.gaveanews.com\/index.php\/wp-json\/wp\/v2\/posts\/85761","targetHints":{"allow":["GET"]}}],"collection":[{"href":"https:\/\/www.gaveanews.com\/index.php\/wp-json\/wp\/v2\/posts"}],"about":[{"href":"https:\/\/www.gaveanews.com\/index.php\/wp-json\/wp\/v2\/types\/post"}],"author":[{"embeddable":true,"href":"https:\/\/www.gaveanews.com\/index.php\/wp-json\/wp\/v2\/users\/4"}],"replies":[{"embeddable":true,"href":"https:\/\/www.gaveanews.com\/index.php\/wp-json\/wp\/v2\/comments?post=85761"}],"version-history":[{"count":0,"href":"https:\/\/www.gaveanews.com\/index.php\/wp-json\/wp\/v2\/posts\/85761\/revisions"}],"wp:featuredmedia":[{"embeddable":true,"href":"https:\/\/www.gaveanews.com\/index.php\/wp-json\/wp\/v2\/media\/85428"}],"wp:attachment":[{"href":"https:\/\/www.gaveanews.com\/index.php\/wp-json\/wp\/v2\/media?parent=85761"}],"wp:term":[{"taxonomy":"category","embeddable":true,"href":"https:\/\/www.gaveanews.com\/index.php\/wp-json\/wp\/v2\/categories?post=85761"},{"taxonomy":"post_tag","embeddable":true,"href":"https:\/\/www.gaveanews.com\/index.php\/wp-json\/wp\/v2\/tags?post=85761"}],"curies":[{"name":"wp","href":"https:\/\/api.w.org\/{rel}","templated":true}]}}