{"id":85783,"date":"2022-08-10T19:37:01","date_gmt":"2022-08-10T22:37:01","guid":{"rendered":"https:\/\/www.gaveanews.com\/?p=85783"},"modified":"2022-08-10T19:37:03","modified_gmt":"2022-08-10T22:37:03","slug":"chegadas-de-oscar-e-walace-e-saida-de-joao-gomes-entenda-as-movimentacoes-do-flamengo","status":"publish","type":"post","link":"https:\/\/www.gaveanews.com\/index.php\/2022\/08\/10\/chegadas-de-oscar-e-walace-e-saida-de-joao-gomes-entenda-as-movimentacoes-do-flamengo\/","title":{"rendered":"Chegadas de Oscar e Walace, e sa\u00edda de Jo\u00e3o Gomes: Entenda as movimenta\u00e7\u00f5es do Flamengo"},"content":{"rendered":"\n<p>A cinco dias do fim da janela de transfer\u00eancias, o Flamengo come\u00e7a a encaminhar o balan\u00e7o de suas contrata\u00e7\u00f5es, e tem duas pend\u00eancias: Oscar, do Shangai, da China, tem libera\u00e7\u00e3o para treinar no clube, mas ainda n\u00e3o para ser emprestado. E Wallace, da Udinese, que tem a compra praticamente descartada. O clube n\u00e3o encerrou totalmente as negocia\u00e7\u00f5es, mas aguarda movimentos improv\u00e1veis<\/p>\n\n\n\n<p>Tudo caminha para uma defini\u00e7\u00e3o at\u00e9 o pr\u00f3ximo dia 15, quando a janela se encerra. At\u00e9 l\u00e1, o Flamengo mant\u00e9m esperan\u00e7as em ter Oscar at\u00e9 o fim do ano, e em rela\u00e7\u00e3o a Walace as conversas levam a crer que o volante n\u00e3o vir\u00e1 agora, mas tem boas chances no come\u00e7o ou no meio de 2023.<\/p>\n\n\n\n<p>&#8220;Walace \u00e9 um jogador que interessou, que interessa. A janela de transfer\u00eancias ainda est\u00e1 em andamento. A gente n\u00e3o sabe se perde mais jogador, se vai acontecer alguma coisa at\u00e9 o fim da janela. Qualquer jogador que nos interessou no in\u00edcio da janela nos interessa agora&#8221;, disse o vice de futebol Marcos Braz.<\/p>\n\n\n\n<p>&#8220;A gente n\u00e3o tem (nenhuma proposta). Mas tudo pode acontecer at\u00e9 o \u00faltimo dia de janela. A gente n\u00e3o quer perder nenhum jogador que pode nos desfalcar, porque a gente ainda t\u00e1 de p\u00e9, estamos bem encaminhados na Libertadores da Am\u00e9rica, terceira semifinal em quatro anos. Jogo dif\u00edcil contra o Athletico-PR. E a gente vai lutar at\u00e9 o final pelo Brasileiro. Pode ter certeza disso&#8221;, completou.,<\/p>\n\n\n\n<p>A expectativa \u00e9 por novos movimentos do mercado que possam eventualmente levar a negocia\u00e7\u00e3o de Jo\u00e3o Gomes, que tem recebido sondagens e estava na pauta de renova\u00e7\u00e3o do Flamengo. At\u00e9 agora, essa valoriza\u00e7\u00e3o n\u00e3o aconteceu, e o clube j\u00e1 sinalizou ao mercado que pode vender o atleta.<\/p>\n\n\n\n<p>Assim, Walace voltaria aos planos. A negocia\u00e7\u00e3o com a Udinese encontrou os italianos irredut\u00edveis, mas o jogador e seus representantes foram bastante dedicados para conseguir a libera\u00e7\u00e3o. Como o clube europeu n\u00e3o conseguiu encontrar um substituto, vetou a sa\u00edda do jogador.<\/p>\n\n\n\n<p>No momento, Walace ainda tem dois anos de contrato para vencer e \u00e9 titular da equipe. J\u00e1 est\u00e1 de volta \u00e0 It\u00e1lia ap\u00f3s vir ao Brasil para o nascimento dos filhos g\u00eameos, e no fim de semana deve encarar o Milan pelo campeonato local.<\/p>\n\n\n\n<p>O jogador e seu estafe acreditam que o Flamengo ter\u00e1 mais sucesso se voltar \u00e0 carga a partir de janeiro, embora o clube carioca n\u00e3o tenha desistido oficialmente de ter o jogador agora. Com a chegada de Pulgar e Vidal, entretanto, a necessidade ficou menor na posi\u00e7\u00e3o ap\u00f3s as sa\u00eddas de Andreas Pereira e Willian Ar\u00e3o.<\/p>\n\n\n\n<p>Retirado de: O Globo<\/p>\n","protected":false},"excerpt":{"rendered":"<p>A cinco dias do fim da janela de transfer\u00eancias, o Flamengo come\u00e7a a encaminhar o balan\u00e7o de suas contrata\u00e7\u00f5es, e tem duas pend\u00eancias: Oscar, do Shangai, da China, tem libera\u00e7\u00e3o para treinar no clube, mas ainda n\u00e3o para ser emprestado. E Wallace, da Udinese, que tem a compra praticamente descartada. O clube n\u00e3o encerrou totalmente [&hellip;]<\/p>\n","protected":false},"author":1,"featured_media":85774,"comment_status":"open","ping_status":"closed","sticky":false,"template":"","format":"standard","meta":{"footnotes":""},"categories":[1],"tags":[],"class_list":["post-85783","post","type-post","status-publish","format-standard","has-post-thumbnail","hentry","category-flamengo"],"yoast_head":"<!-- This site is optimized with the Yoast SEO Premium plugin v24.2 (Yoast SEO v26.9) - https:\/\/yoast.com\/product\/yoast-seo-premium-wordpress\/ -->\n<title>Chegadas de Oscar e Walace, e sa\u00edda de Jo\u00e3o Gomes: Entenda as movimenta\u00e7\u00f5es do Flamengo<\/title>\n<meta name=\"robots\" content=\"index, follow, max-snippet:-1, max-image-preview:large, max-video-preview:-1\" \/>\n<link rel=\"canonical\" href=\"https:\/\/www.gaveanews.com\/index.php\/2022\/08\/10\/chegadas-de-oscar-e-walace-e-saida-de-joao-gomes-entenda-as-movimentacoes-do-flamengo\/\" \/>\n<meta property=\"og:locale\" content=\"pt_BR\" \/>\n<meta property=\"og:type\" content=\"article\" \/>\n<meta property=\"og:title\" content=\"Chegadas de Oscar e Walace, e sa\u00edda de Jo\u00e3o Gomes: Entenda as movimenta\u00e7\u00f5es do Flamengo\" \/>\n<meta property=\"og:description\" content=\"A cinco dias do fim da janela de transfer\u00eancias, o Flamengo come\u00e7a a encaminhar o balan\u00e7o de suas contrata\u00e7\u00f5es, e tem duas pend\u00eancias: Oscar, do Shangai, da China, tem libera\u00e7\u00e3o para treinar no clube, mas ainda n\u00e3o para ser emprestado. E Wallace, da Udinese, que tem a compra praticamente descartada. O clube n\u00e3o encerrou totalmente [&hellip;]\" \/>\n<meta property=\"og:url\" content=\"https:\/\/www.gaveanews.com\/index.php\/2022\/08\/10\/chegadas-de-oscar-e-walace-e-saida-de-joao-gomes-entenda-as-movimentacoes-do-flamengo\/\" \/>\n<meta property=\"og:site_name\" content=\"G\u00e1vea News\" \/>\n<meta property=\"article:publisher\" content=\"https:\/\/facebook.com\/gaveaNews\/\" \/>\n<meta property=\"article:published_time\" content=\"2022-08-10T22:37:01+00:00\" \/>\n<meta property=\"article:modified_time\" content=\"2022-08-10T22:37:03+00:00\" \/>\n<meta property=\"og:image\" content=\"https:\/\/www.gaveanews.com\/wp-content\/uploads\/Marcos-Braz-em-jogo-do-Flamengo-no-Maracana.webp\" \/>\n\t<meta property=\"og:image:width\" content=\"799\" \/>\n\t<meta property=\"og:image:height\" content=\"533\" \/>\n\t<meta property=\"og:image:type\" content=\"image\/jpeg\" \/>\n<meta name=\"author\" content=\"Equipe G\u00e1vea News\" \/>\n<meta name=\"twitter:card\" content=\"summary_large_image\" \/>\n<meta name=\"twitter:label1\" content=\"Escrito por\" \/>\n\t<meta name=\"twitter:data1\" content=\"Equipe G\u00e1vea News\" \/>\n\t<meta name=\"twitter:label2\" content=\"Est. tempo de leitura\" \/>\n\t<meta name=\"twitter:data2\" content=\"3 minutos\" \/>\n<script type=\"application\/ld+json\" class=\"yoast-schema-graph\">{\"@context\":\"https:\/\/schema.org\",\"@graph\":[{\"@type\":\"NewsArticle\",\"@id\":\"https:\/\/www.gaveanews.com\/index.php\/2022\/08\/10\/chegadas-de-oscar-e-walace-e-saida-de-joao-gomes-entenda-as-movimentacoes-do-flamengo\/#article\",\"isPartOf\":{\"@id\":\"https:\/\/www.gaveanews.com\/index.php\/2022\/08\/10\/chegadas-de-oscar-e-walace-e-saida-de-joao-gomes-entenda-as-movimentacoes-do-flamengo\/\"},\"author\":{\"name\":\"Equipe G\u00e1vea News\",\"@id\":\"https:\/\/www.gaveanews.com\/#\/schema\/person\/2ec14f73fb96be2caf28f91afb14749d\"},\"headline\":\"Chegadas de Oscar e Walace, e sa\u00edda de Jo\u00e3o Gomes: Entenda as movimenta\u00e7\u00f5es do Flamengo\",\"datePublished\":\"2022-08-10T22:37:01+00:00\",\"dateModified\":\"2022-08-10T22:37:03+00:00\",\"mainEntityOfPage\":{\"@id\":\"https:\/\/www.gaveanews.com\/index.php\/2022\/08\/10\/chegadas-de-oscar-e-walace-e-saida-de-joao-gomes-entenda-as-movimentacoes-do-flamengo\/\"},\"wordCount\":481,\"commentCount\":0,\"image\":{\"@id\":\"https:\/\/www.gaveanews.com\/index.php\/2022\/08\/10\/chegadas-de-oscar-e-walace-e-saida-de-joao-gomes-entenda-as-movimentacoes-do-flamengo\/#primaryimage\"},\"thumbnailUrl\":\"https:\/\/www.gaveanews.com\/wp-content\/uploads\/Marcos-Braz-em-jogo-do-Flamengo-no-Maracana.webp\",\"articleSection\":[\"Flamengo\"],\"inLanguage\":\"pt-BR\",\"potentialAction\":[{\"@type\":\"CommentAction\",\"name\":\"Comment\",\"target\":[\"https:\/\/www.gaveanews.com\/index.php\/2022\/08\/10\/chegadas-de-oscar-e-walace-e-saida-de-joao-gomes-entenda-as-movimentacoes-do-flamengo\/#respond\"]}],\"copyrightYear\":\"2022\",\"copyrightHolder\":{\"@id\":\"https:\/\/www.gaveanews.com\/#organization\"}},{\"@type\":\"WebPage\",\"@id\":\"https:\/\/www.gaveanews.com\/index.php\/2022\/08\/10\/chegadas-de-oscar-e-walace-e-saida-de-joao-gomes-entenda-as-movimentacoes-do-flamengo\/\",\"url\":\"https:\/\/www.gaveanews.com\/index.php\/2022\/08\/10\/chegadas-de-oscar-e-walace-e-saida-de-joao-gomes-entenda-as-movimentacoes-do-flamengo\/\",\"name\":\"Chegadas de Oscar e Walace, e sa\u00edda de Jo\u00e3o Gomes: Entenda as movimenta\u00e7\u00f5es do Flamengo\",\"isPartOf\":{\"@id\":\"https:\/\/www.gaveanews.com\/#website\"},\"primaryImageOfPage\":{\"@id\":\"https:\/\/www.gaveanews.com\/index.php\/2022\/08\/10\/chegadas-de-oscar-e-walace-e-saida-de-joao-gomes-entenda-as-movimentacoes-do-flamengo\/#primaryimage\"},\"image\":{\"@id\":\"https:\/\/www.gaveanews.com\/index.php\/2022\/08\/10\/chegadas-de-oscar-e-walace-e-saida-de-joao-gomes-entenda-as-movimentacoes-do-flamengo\/#primaryimage\"},\"thumbnailUrl\":\"https:\/\/www.gaveanews.com\/wp-content\/uploads\/Marcos-Braz-em-jogo-do-Flamengo-no-Maracana.webp\",\"datePublished\":\"2022-08-10T22:37:01+00:00\",\"dateModified\":\"2022-08-10T22:37:03+00:00\",\"author\":{\"@id\":\"https:\/\/www.gaveanews.com\/#\/schema\/person\/2ec14f73fb96be2caf28f91afb14749d\"},\"breadcrumb\":{\"@id\":\"https:\/\/www.gaveanews.com\/index.php\/2022\/08\/10\/chegadas-de-oscar-e-walace-e-saida-de-joao-gomes-entenda-as-movimentacoes-do-flamengo\/#breadcrumb\"},\"inLanguage\":\"pt-BR\",\"potentialAction\":[{\"@type\":\"ReadAction\",\"target\":[\"https:\/\/www.gaveanews.com\/index.php\/2022\/08\/10\/chegadas-de-oscar-e-walace-e-saida-de-joao-gomes-entenda-as-movimentacoes-do-flamengo\/\"]}]},{\"@type\":\"ImageObject\",\"inLanguage\":\"pt-BR\",\"@id\":\"https:\/\/www.gaveanews.com\/index.php\/2022\/08\/10\/chegadas-de-oscar-e-walace-e-saida-de-joao-gomes-entenda-as-movimentacoes-do-flamengo\/#primaryimage\",\"url\":\"https:\/\/www.gaveanews.com\/wp-content\/uploads\/Marcos-Braz-em-jogo-do-Flamengo-no-Maracana.webp\",\"contentUrl\":\"https:\/\/www.gaveanews.com\/wp-content\/uploads\/Marcos-Braz-em-jogo-do-Flamengo-no-Maracana.webp\",\"width\":799,\"height\":533,\"caption\":\"Marcos Braz e Fabinho em jogo do Flamengo no Maracan\u00e3 (Foto: Alexandre Vidal\/Flamengo)\"},{\"@type\":\"BreadcrumbList\",\"@id\":\"https:\/\/www.gaveanews.com\/index.php\/2022\/08\/10\/chegadas-de-oscar-e-walace-e-saida-de-joao-gomes-entenda-as-movimentacoes-do-flamengo\/#breadcrumb\",\"itemListElement\":[{\"@type\":\"ListItem\",\"position\":1,\"name\":\"Home\",\"item\":\"https:\/\/www.gaveanews.com\/\"},{\"@type\":\"ListItem\",\"position\":2,\"name\":\"Chegadas de Oscar e Walace, e sa\u00edda de Jo\u00e3o Gomes: Entenda as movimenta\u00e7\u00f5es do Flamengo\"}]},{\"@type\":\"WebSite\",\"@id\":\"https:\/\/www.gaveanews.com\/#website\",\"url\":\"https:\/\/www.gaveanews.com\/\",\"name\":\"G\u00e1vea News\",\"description\":\"Veja todas as not\u00edcias sobre o Flamengo: Contrata\u00e7\u00f5es, categorias de base, resultados das partidas, tabela de classifica\u00e7\u00e3o, pr\u00f3ximos jogos!\",\"potentialAction\":[{\"@type\":\"SearchAction\",\"target\":{\"@type\":\"EntryPoint\",\"urlTemplate\":\"https:\/\/www.gaveanews.com\/?s={search_term_string}\"},\"query-input\":{\"@type\":\"PropertyValueSpecification\",\"valueRequired\":true,\"valueName\":\"search_term_string\"}}],\"inLanguage\":\"pt-BR\"},{\"@type\":\"Person\",\"@id\":\"https:\/\/www.gaveanews.com\/#\/schema\/person\/2ec14f73fb96be2caf28f91afb14749d\",\"name\":\"Equipe G\u00e1vea News\",\"image\":{\"@type\":\"ImageObject\",\"inLanguage\":\"pt-BR\",\"@id\":\"https:\/\/www.gaveanews.com\/#\/schema\/person\/image\/\",\"url\":\"https:\/\/secure.gravatar.com\/avatar\/1e1956f1facbffd3f8fa53a326721950116b3b9dc9bd44939c01180fd4a745a9?s=96&d=mm&r=g\",\"contentUrl\":\"https:\/\/secure.gravatar.com\/avatar\/1e1956f1facbffd3f8fa53a326721950116b3b9dc9bd44939c01180fd4a745a9?s=96&d=mm&r=g\",\"caption\":\"Equipe G\u00e1vea News\"}}]}<\/script>\n<!-- \/ Yoast SEO Premium plugin. -->","yoast_head_json":{"title":"Chegadas de Oscar e Walace, e sa\u00edda de Jo\u00e3o Gomes: Entenda as movimenta\u00e7\u00f5es do Flamengo","robots":{"index":"index","follow":"follow","max-snippet":"max-snippet:-1","max-image-preview":"max-image-preview:large","max-video-preview":"max-video-preview:-1"},"canonical":"https:\/\/www.gaveanews.com\/index.php\/2022\/08\/10\/chegadas-de-oscar-e-walace-e-saida-de-joao-gomes-entenda-as-movimentacoes-do-flamengo\/","og_locale":"pt_BR","og_type":"article","og_title":"Chegadas de Oscar e Walace, e sa\u00edda de Jo\u00e3o Gomes: Entenda as movimenta\u00e7\u00f5es do Flamengo","og_description":"A cinco dias do fim da janela de transfer\u00eancias, o Flamengo come\u00e7a a encaminhar o balan\u00e7o de suas contrata\u00e7\u00f5es, e tem duas pend\u00eancias: Oscar, do Shangai, da China, tem libera\u00e7\u00e3o para treinar no clube, mas ainda n\u00e3o para ser emprestado. E Wallace, da Udinese, que tem a compra praticamente descartada. O clube n\u00e3o encerrou totalmente [&hellip;]","og_url":"https:\/\/www.gaveanews.com\/index.php\/2022\/08\/10\/chegadas-de-oscar-e-walace-e-saida-de-joao-gomes-entenda-as-movimentacoes-do-flamengo\/","og_site_name":"G\u00e1vea News","article_publisher":"https:\/\/facebook.com\/gaveaNews\/","article_published_time":"2022-08-10T22:37:01+00:00","article_modified_time":"2022-08-10T22:37:03+00:00","og_image":[{"width":799,"height":533,"url":"https:\/\/www.gaveanews.com\/wp-content\/uploads\/Marcos-Braz-em-jogo-do-Flamengo-no-Maracana.webp","type":"image\/jpeg"}],"author":"Equipe G\u00e1vea News","twitter_card":"summary_large_image","twitter_misc":{"Escrito por":"Equipe G\u00e1vea News","Est. tempo de leitura":"3 minutos"},"schema":{"@context":"https:\/\/schema.org","@graph":[{"@type":"NewsArticle","@id":"https:\/\/www.gaveanews.com\/index.php\/2022\/08\/10\/chegadas-de-oscar-e-walace-e-saida-de-joao-gomes-entenda-as-movimentacoes-do-flamengo\/#article","isPartOf":{"@id":"https:\/\/www.gaveanews.com\/index.php\/2022\/08\/10\/chegadas-de-oscar-e-walace-e-saida-de-joao-gomes-entenda-as-movimentacoes-do-flamengo\/"},"author":{"name":"Equipe G\u00e1vea News","@id":"https:\/\/www.gaveanews.com\/#\/schema\/person\/2ec14f73fb96be2caf28f91afb14749d"},"headline":"Chegadas de Oscar e Walace, e sa\u00edda de Jo\u00e3o Gomes: Entenda as movimenta\u00e7\u00f5es do Flamengo","datePublished":"2022-08-10T22:37:01+00:00","dateModified":"2022-08-10T22:37:03+00:00","mainEntityOfPage":{"@id":"https:\/\/www.gaveanews.com\/index.php\/2022\/08\/10\/chegadas-de-oscar-e-walace-e-saida-de-joao-gomes-entenda-as-movimentacoes-do-flamengo\/"},"wordCount":481,"commentCount":0,"image":{"@id":"https:\/\/www.gaveanews.com\/index.php\/2022\/08\/10\/chegadas-de-oscar-e-walace-e-saida-de-joao-gomes-entenda-as-movimentacoes-do-flamengo\/#primaryimage"},"thumbnailUrl":"https:\/\/www.gaveanews.com\/wp-content\/uploads\/Marcos-Braz-em-jogo-do-Flamengo-no-Maracana.webp","articleSection":["Flamengo"],"inLanguage":"pt-BR","potentialAction":[{"@type":"CommentAction","name":"Comment","target":["https:\/\/www.gaveanews.com\/index.php\/2022\/08\/10\/chegadas-de-oscar-e-walace-e-saida-de-joao-gomes-entenda-as-movimentacoes-do-flamengo\/#respond"]}],"copyrightYear":"2022","copyrightHolder":{"@id":"https:\/\/www.gaveanews.com\/#organization"}},{"@type":"WebPage","@id":"https:\/\/www.gaveanews.com\/index.php\/2022\/08\/10\/chegadas-de-oscar-e-walace-e-saida-de-joao-gomes-entenda-as-movimentacoes-do-flamengo\/","url":"https:\/\/www.gaveanews.com\/index.php\/2022\/08\/10\/chegadas-de-oscar-e-walace-e-saida-de-joao-gomes-entenda-as-movimentacoes-do-flamengo\/","name":"Chegadas de Oscar e Walace, e sa\u00edda de Jo\u00e3o Gomes: Entenda as movimenta\u00e7\u00f5es do Flamengo","isPartOf":{"@id":"https:\/\/www.gaveanews.com\/#website"},"primaryImageOfPage":{"@id":"https:\/\/www.gaveanews.com\/index.php\/2022\/08\/10\/chegadas-de-oscar-e-walace-e-saida-de-joao-gomes-entenda-as-movimentacoes-do-flamengo\/#primaryimage"},"image":{"@id":"https:\/\/www.gaveanews.com\/index.php\/2022\/08\/10\/chegadas-de-oscar-e-walace-e-saida-de-joao-gomes-entenda-as-movimentacoes-do-flamengo\/#primaryimage"},"thumbnailUrl":"https:\/\/www.gaveanews.com\/wp-content\/uploads\/Marcos-Braz-em-jogo-do-Flamengo-no-Maracana.webp","datePublished":"2022-08-10T22:37:01+00:00","dateModified":"2022-08-10T22:37:03+00:00","author":{"@id":"https:\/\/www.gaveanews.com\/#\/schema\/person\/2ec14f73fb96be2caf28f91afb14749d"},"breadcrumb":{"@id":"https:\/\/www.gaveanews.com\/index.php\/2022\/08\/10\/chegadas-de-oscar-e-walace-e-saida-de-joao-gomes-entenda-as-movimentacoes-do-flamengo\/#breadcrumb"},"inLanguage":"pt-BR","potentialAction":[{"@type":"ReadAction","target":["https:\/\/www.gaveanews.com\/index.php\/2022\/08\/10\/chegadas-de-oscar-e-walace-e-saida-de-joao-gomes-entenda-as-movimentacoes-do-flamengo\/"]}]},{"@type":"ImageObject","inLanguage":"pt-BR","@id":"https:\/\/www.gaveanews.com\/index.php\/2022\/08\/10\/chegadas-de-oscar-e-walace-e-saida-de-joao-gomes-entenda-as-movimentacoes-do-flamengo\/#primaryimage","url":"https:\/\/www.gaveanews.com\/wp-content\/uploads\/Marcos-Braz-em-jogo-do-Flamengo-no-Maracana.webp","contentUrl":"https:\/\/www.gaveanews.com\/wp-content\/uploads\/Marcos-Braz-em-jogo-do-Flamengo-no-Maracana.webp","width":799,"height":533,"caption":"Marcos Braz e Fabinho em jogo do Flamengo no Maracan\u00e3 (Foto: Alexandre Vidal\/Flamengo)"},{"@type":"BreadcrumbList","@id":"https:\/\/www.gaveanews.com\/index.php\/2022\/08\/10\/chegadas-de-oscar-e-walace-e-saida-de-joao-gomes-entenda-as-movimentacoes-do-flamengo\/#breadcrumb","itemListElement":[{"@type":"ListItem","position":1,"name":"Home","item":"https:\/\/www.gaveanews.com\/"},{"@type":"ListItem","position":2,"name":"Chegadas de Oscar e Walace, e sa\u00edda de Jo\u00e3o Gomes: Entenda as movimenta\u00e7\u00f5es do Flamengo"}]},{"@type":"WebSite","@id":"https:\/\/www.gaveanews.com\/#website","url":"https:\/\/www.gaveanews.com\/","name":"G\u00e1vea News","description":"Veja todas as not\u00edcias sobre o Flamengo: Contrata\u00e7\u00f5es, categorias de base, resultados das partidas, tabela de classifica\u00e7\u00e3o, pr\u00f3ximos jogos!","potentialAction":[{"@type":"SearchAction","target":{"@type":"EntryPoint","urlTemplate":"https:\/\/www.gaveanews.com\/?s={search_term_string}"},"query-input":{"@type":"PropertyValueSpecification","valueRequired":true,"valueName":"search_term_string"}}],"inLanguage":"pt-BR"},{"@type":"Person","@id":"https:\/\/www.gaveanews.com\/#\/schema\/person\/2ec14f73fb96be2caf28f91afb14749d","name":"Equipe G\u00e1vea News","image":{"@type":"ImageObject","inLanguage":"pt-BR","@id":"https:\/\/www.gaveanews.com\/#\/schema\/person\/image\/","url":"https:\/\/secure.gravatar.com\/avatar\/1e1956f1facbffd3f8fa53a326721950116b3b9dc9bd44939c01180fd4a745a9?s=96&d=mm&r=g","contentUrl":"https:\/\/secure.gravatar.com\/avatar\/1e1956f1facbffd3f8fa53a326721950116b3b9dc9bd44939c01180fd4a745a9?s=96&d=mm&r=g","caption":"Equipe G\u00e1vea News"}}]}},"_links":{"self":[{"href":"https:\/\/www.gaveanews.com\/index.php\/wp-json\/wp\/v2\/posts\/85783","targetHints":{"allow":["GET"]}}],"collection":[{"href":"https:\/\/www.gaveanews.com\/index.php\/wp-json\/wp\/v2\/posts"}],"about":[{"href":"https:\/\/www.gaveanews.com\/index.php\/wp-json\/wp\/v2\/types\/post"}],"author":[{"embeddable":true,"href":"https:\/\/www.gaveanews.com\/index.php\/wp-json\/wp\/v2\/users\/1"}],"replies":[{"embeddable":true,"href":"https:\/\/www.gaveanews.com\/index.php\/wp-json\/wp\/v2\/comments?post=85783"}],"version-history":[{"count":0,"href":"https:\/\/www.gaveanews.com\/index.php\/wp-json\/wp\/v2\/posts\/85783\/revisions"}],"wp:featuredmedia":[{"embeddable":true,"href":"https:\/\/www.gaveanews.com\/index.php\/wp-json\/wp\/v2\/media\/85774"}],"wp:attachment":[{"href":"https:\/\/www.gaveanews.com\/index.php\/wp-json\/wp\/v2\/media?parent=85783"}],"wp:term":[{"taxonomy":"category","embeddable":true,"href":"https:\/\/www.gaveanews.com\/index.php\/wp-json\/wp\/v2\/categories?post=85783"},{"taxonomy":"post_tag","embeddable":true,"href":"https:\/\/www.gaveanews.com\/index.php\/wp-json\/wp\/v2\/tags?post=85783"}],"curies":[{"name":"wp","href":"https:\/\/api.w.org\/{rel}","templated":true}]}}