{"id":85828,"date":"2022-08-11T15:30:18","date_gmt":"2022-08-11T18:30:18","guid":{"rendered":"https:\/\/www.gaveanews.com\/?p=85828"},"modified":"2022-08-11T15:30:20","modified_gmt":"2022-08-11T18:30:20","slug":"varela-exalta-a-torcida-do-flamengo-e-fala-sobre-a-energia-do-maracana","status":"publish","type":"post","link":"https:\/\/www.gaveanews.com\/index.php\/2022\/08\/11\/varela-exalta-a-torcida-do-flamengo-e-fala-sobre-a-energia-do-maracana\/","title":{"rendered":"Varela exalta a torcida do Flamengo e fala sobre a energia do Maracan\u00e3"},"content":{"rendered":"\n<p>Anunciado no final de julho, Guilhermo Varela ainda n\u00e3o passou pela experi\u00eancia como jogador no Maracan\u00e3. Embora esteja treinando com a equipe rubro-negra h\u00e1 alguns dias, o uruguaio n\u00e3o estreou pelo Fla.<\/p>\n\n\n\n<p>Contudo, o jogador teve a oportunidade de passar pela experi\u00eancia de torcedor. O atleta foi ao Maracan\u00e3 no dia 30 de julho e assistiu a goleada do Flamengo sobre o Atl\u00e9tico-GO por 4 a 1 pelo Brasileir\u00e3o.<\/p>\n\n\n\n<p>O defensor contou sobre a sensa\u00e7\u00e3o de ver toda aquela torcida apaixonada pelo Mais Querido. Varela lembrou tamb\u00e9m da partida contra o Corinthians da \u00faltima ter\u00e7a-feira (09), quando o Rubro-Negro confirmou sua classifica\u00e7\u00e3o para as semifinais da Libertadores.<\/p>\n\n\n\n<p><em>\u2014 Foi uma surpresa, nunca estive no Maracan\u00e3 e foi a minha primeira vez. Ver um jogo t\u00e3o importante de Copa Libertadores como contra o Corinthians, ver a torcida toda cantando, isso faz os jogadores quererem correr e fazer tudo pela torcida.<\/em><\/p>\n\n\n\n<p>Varela pode receber todo este carinho da torcida em breve. O jogador tem chances de ser relacionado para o jogo deste final de semana e pode estrear vestindo o Manto Sagrado.<\/p>\n\n\n\n<p>No domingo (14) o Flamengo enfrenta o Athletico-PR pela 22\u00aa rodada do Brasileir\u00e3o. A partida ocorrer\u00e1 \u00e0s 16h (hor\u00e1rio de Bras\u00edlia), no Maracan\u00e3.<\/p>\n","protected":false},"excerpt":{"rendered":"<p>Anunciado no final de julho, Guilhermo Varela ainda n\u00e3o passou pela experi\u00eancia como jogador no Maracan\u00e3. Embora esteja treinando com a equipe rubro-negra h\u00e1 alguns dias, o uruguaio n\u00e3o estreou pelo Fla. Contudo, o jogador teve a oportunidade de passar pela experi\u00eancia de torcedor. O atleta foi ao Maracan\u00e3 no dia 30 de julho e [&hellip;]<\/p>\n","protected":false},"author":4,"featured_media":85829,"comment_status":"open","ping_status":"closed","sticky":false,"template":"","format":"standard","meta":{"footnotes":""},"categories":[1],"tags":[],"class_list":["post-85828","post","type-post","status-publish","format-standard","has-post-thumbnail","hentry","category-flamengo"],"yoast_head":"<!-- This site is optimized with the Yoast SEO Premium plugin v24.2 (Yoast SEO v26.9) - https:\/\/yoast.com\/product\/yoast-seo-premium-wordpress\/ -->\n<title>Varela exalta a torcida do Flamengo e fala sobre a energia do Maracan\u00e3<\/title>\n<meta name=\"robots\" content=\"index, follow, max-snippet:-1, max-image-preview:large, max-video-preview:-1\" \/>\n<link rel=\"canonical\" href=\"https:\/\/www.gaveanews.com\/index.php\/2022\/08\/11\/varela-exalta-a-torcida-do-flamengo-e-fala-sobre-a-energia-do-maracana\/\" \/>\n<meta property=\"og:locale\" content=\"pt_BR\" \/>\n<meta property=\"og:type\" content=\"article\" \/>\n<meta property=\"og:title\" content=\"Varela exalta a torcida do Flamengo e fala sobre a energia do Maracan\u00e3\" \/>\n<meta property=\"og:description\" content=\"Anunciado no final de julho, Guilhermo Varela ainda n\u00e3o passou pela experi\u00eancia como jogador no Maracan\u00e3. Embora esteja treinando com a equipe rubro-negra h\u00e1 alguns dias, o uruguaio n\u00e3o estreou pelo Fla. Contudo, o jogador teve a oportunidade de passar pela experi\u00eancia de torcedor. O atleta foi ao Maracan\u00e3 no dia 30 de julho e [&hellip;]\" \/>\n<meta property=\"og:url\" content=\"https:\/\/www.gaveanews.com\/index.php\/2022\/08\/11\/varela-exalta-a-torcida-do-flamengo-e-fala-sobre-a-energia-do-maracana\/\" \/>\n<meta property=\"og:site_name\" content=\"G\u00e1vea News\" \/>\n<meta property=\"article:publisher\" content=\"https:\/\/facebook.com\/gaveaNews\/\" \/>\n<meta property=\"article:published_time\" content=\"2022-08-11T18:30:18+00:00\" \/>\n<meta property=\"article:modified_time\" content=\"2022-08-11T18:30:20+00:00\" \/>\n<meta property=\"og:image\" content=\"https:\/\/www.gaveanews.com\/wp-content\/uploads\/Guilhermo-Varela-tira-fotos-com-torcedores-do-Flamengo-no-Maracana.webp\" \/>\n\t<meta property=\"og:image:width\" content=\"799\" \/>\n\t<meta property=\"og:image:height\" content=\"532\" \/>\n\t<meta property=\"og:image:type\" content=\"image\/jpeg\" \/>\n<meta name=\"author\" content=\"Let\u00edcia Gerheim\" \/>\n<meta name=\"twitter:card\" content=\"summary_large_image\" \/>\n<meta name=\"twitter:label1\" content=\"Escrito por\" \/>\n\t<meta name=\"twitter:data1\" content=\"Let\u00edcia Gerheim\" \/>\n\t<meta name=\"twitter:label2\" content=\"Est. tempo de leitura\" \/>\n\t<meta name=\"twitter:data2\" content=\"2 minutos\" \/>\n<script type=\"application\/ld+json\" class=\"yoast-schema-graph\">{\"@context\":\"https:\/\/schema.org\",\"@graph\":[{\"@type\":\"NewsArticle\",\"@id\":\"https:\/\/www.gaveanews.com\/index.php\/2022\/08\/11\/varela-exalta-a-torcida-do-flamengo-e-fala-sobre-a-energia-do-maracana\/#article\",\"isPartOf\":{\"@id\":\"https:\/\/www.gaveanews.com\/index.php\/2022\/08\/11\/varela-exalta-a-torcida-do-flamengo-e-fala-sobre-a-energia-do-maracana\/\"},\"author\":{\"name\":\"Let\u00edcia Gerheim\",\"@id\":\"https:\/\/www.gaveanews.com\/#\/schema\/person\/714c67050b836198af2450ba1c142a67\"},\"headline\":\"Varela exalta a torcida do Flamengo e fala sobre a energia do Maracan\u00e3\",\"datePublished\":\"2022-08-11T18:30:18+00:00\",\"dateModified\":\"2022-08-11T18:30:20+00:00\",\"mainEntityOfPage\":{\"@id\":\"https:\/\/www.gaveanews.com\/index.php\/2022\/08\/11\/varela-exalta-a-torcida-do-flamengo-e-fala-sobre-a-energia-do-maracana\/\"},\"wordCount\":223,\"commentCount\":0,\"image\":{\"@id\":\"https:\/\/www.gaveanews.com\/index.php\/2022\/08\/11\/varela-exalta-a-torcida-do-flamengo-e-fala-sobre-a-energia-do-maracana\/#primaryimage\"},\"thumbnailUrl\":\"https:\/\/www.gaveanews.com\/wp-content\/uploads\/Guilhermo-Varela-tira-fotos-com-torcedores-do-Flamengo-no-Maracana.webp\",\"articleSection\":[\"Flamengo\"],\"inLanguage\":\"pt-BR\",\"potentialAction\":[{\"@type\":\"CommentAction\",\"name\":\"Comment\",\"target\":[\"https:\/\/www.gaveanews.com\/index.php\/2022\/08\/11\/varela-exalta-a-torcida-do-flamengo-e-fala-sobre-a-energia-do-maracana\/#respond\"]}],\"copyrightYear\":\"2022\",\"copyrightHolder\":{\"@id\":\"https:\/\/www.gaveanews.com\/#organization\"}},{\"@type\":\"WebPage\",\"@id\":\"https:\/\/www.gaveanews.com\/index.php\/2022\/08\/11\/varela-exalta-a-torcida-do-flamengo-e-fala-sobre-a-energia-do-maracana\/\",\"url\":\"https:\/\/www.gaveanews.com\/index.php\/2022\/08\/11\/varela-exalta-a-torcida-do-flamengo-e-fala-sobre-a-energia-do-maracana\/\",\"name\":\"Varela exalta a torcida do Flamengo e fala sobre a energia do Maracan\u00e3\",\"isPartOf\":{\"@id\":\"https:\/\/www.gaveanews.com\/#website\"},\"primaryImageOfPage\":{\"@id\":\"https:\/\/www.gaveanews.com\/index.php\/2022\/08\/11\/varela-exalta-a-torcida-do-flamengo-e-fala-sobre-a-energia-do-maracana\/#primaryimage\"},\"image\":{\"@id\":\"https:\/\/www.gaveanews.com\/index.php\/2022\/08\/11\/varela-exalta-a-torcida-do-flamengo-e-fala-sobre-a-energia-do-maracana\/#primaryimage\"},\"thumbnailUrl\":\"https:\/\/www.gaveanews.com\/wp-content\/uploads\/Guilhermo-Varela-tira-fotos-com-torcedores-do-Flamengo-no-Maracana.webp\",\"datePublished\":\"2022-08-11T18:30:18+00:00\",\"dateModified\":\"2022-08-11T18:30:20+00:00\",\"author\":{\"@id\":\"https:\/\/www.gaveanews.com\/#\/schema\/person\/714c67050b836198af2450ba1c142a67\"},\"breadcrumb\":{\"@id\":\"https:\/\/www.gaveanews.com\/index.php\/2022\/08\/11\/varela-exalta-a-torcida-do-flamengo-e-fala-sobre-a-energia-do-maracana\/#breadcrumb\"},\"inLanguage\":\"pt-BR\",\"potentialAction\":[{\"@type\":\"ReadAction\",\"target\":[\"https:\/\/www.gaveanews.com\/index.php\/2022\/08\/11\/varela-exalta-a-torcida-do-flamengo-e-fala-sobre-a-energia-do-maracana\/\"]}]},{\"@type\":\"ImageObject\",\"inLanguage\":\"pt-BR\",\"@id\":\"https:\/\/www.gaveanews.com\/index.php\/2022\/08\/11\/varela-exalta-a-torcida-do-flamengo-e-fala-sobre-a-energia-do-maracana\/#primaryimage\",\"url\":\"https:\/\/www.gaveanews.com\/wp-content\/uploads\/Guilhermo-Varela-tira-fotos-com-torcedores-do-Flamengo-no-Maracana.webp\",\"contentUrl\":\"https:\/\/www.gaveanews.com\/wp-content\/uploads\/Guilhermo-Varela-tira-fotos-com-torcedores-do-Flamengo-no-Maracana.webp\",\"width\":799,\"height\":532,\"caption\":\"Guilhermo Varela tira fotos com torcedores do Flamengo no Maracan\u00e3 (Foto: Marcelo Cortes\/Flamengo)\"},{\"@type\":\"BreadcrumbList\",\"@id\":\"https:\/\/www.gaveanews.com\/index.php\/2022\/08\/11\/varela-exalta-a-torcida-do-flamengo-e-fala-sobre-a-energia-do-maracana\/#breadcrumb\",\"itemListElement\":[{\"@type\":\"ListItem\",\"position\":1,\"name\":\"Home\",\"item\":\"https:\/\/www.gaveanews.com\/\"},{\"@type\":\"ListItem\",\"position\":2,\"name\":\"Varela exalta a torcida do Flamengo e fala sobre a energia do Maracan\u00e3\"}]},{\"@type\":\"WebSite\",\"@id\":\"https:\/\/www.gaveanews.com\/#website\",\"url\":\"https:\/\/www.gaveanews.com\/\",\"name\":\"G\u00e1vea News\",\"description\":\"Veja todas as not\u00edcias sobre o Flamengo: Contrata\u00e7\u00f5es, categorias de base, resultados das partidas, tabela de classifica\u00e7\u00e3o, pr\u00f3ximos jogos!\",\"potentialAction\":[{\"@type\":\"SearchAction\",\"target\":{\"@type\":\"EntryPoint\",\"urlTemplate\":\"https:\/\/www.gaveanews.com\/?s={search_term_string}\"},\"query-input\":{\"@type\":\"PropertyValueSpecification\",\"valueRequired\":true,\"valueName\":\"search_term_string\"}}],\"inLanguage\":\"pt-BR\"},{\"@type\":\"Person\",\"@id\":\"https:\/\/www.gaveanews.com\/#\/schema\/person\/714c67050b836198af2450ba1c142a67\",\"name\":\"Let\u00edcia Gerheim\",\"image\":{\"@type\":\"ImageObject\",\"inLanguage\":\"pt-BR\",\"@id\":\"https:\/\/www.gaveanews.com\/#\/schema\/person\/image\/\",\"url\":\"https:\/\/secure.gravatar.com\/avatar\/60734739c50fcebfbac509e2a826ccd0ff405c019bc73aab9354f19ecad1dcb4?s=96&d=mm&r=g\",\"contentUrl\":\"https:\/\/secure.gravatar.com\/avatar\/60734739c50fcebfbac509e2a826ccd0ff405c019bc73aab9354f19ecad1dcb4?s=96&d=mm&r=g\",\"caption\":\"Let\u00edcia Gerheim\"}}]}<\/script>\n<!-- \/ Yoast SEO Premium plugin. -->","yoast_head_json":{"title":"Varela exalta a torcida do Flamengo e fala sobre a energia do Maracan\u00e3","robots":{"index":"index","follow":"follow","max-snippet":"max-snippet:-1","max-image-preview":"max-image-preview:large","max-video-preview":"max-video-preview:-1"},"canonical":"https:\/\/www.gaveanews.com\/index.php\/2022\/08\/11\/varela-exalta-a-torcida-do-flamengo-e-fala-sobre-a-energia-do-maracana\/","og_locale":"pt_BR","og_type":"article","og_title":"Varela exalta a torcida do Flamengo e fala sobre a energia do Maracan\u00e3","og_description":"Anunciado no final de julho, Guilhermo Varela ainda n\u00e3o passou pela experi\u00eancia como jogador no Maracan\u00e3. Embora esteja treinando com a equipe rubro-negra h\u00e1 alguns dias, o uruguaio n\u00e3o estreou pelo Fla. Contudo, o jogador teve a oportunidade de passar pela experi\u00eancia de torcedor. O atleta foi ao Maracan\u00e3 no dia 30 de julho e [&hellip;]","og_url":"https:\/\/www.gaveanews.com\/index.php\/2022\/08\/11\/varela-exalta-a-torcida-do-flamengo-e-fala-sobre-a-energia-do-maracana\/","og_site_name":"G\u00e1vea News","article_publisher":"https:\/\/facebook.com\/gaveaNews\/","article_published_time":"2022-08-11T18:30:18+00:00","article_modified_time":"2022-08-11T18:30:20+00:00","og_image":[{"width":799,"height":532,"url":"https:\/\/www.gaveanews.com\/wp-content\/uploads\/Guilhermo-Varela-tira-fotos-com-torcedores-do-Flamengo-no-Maracana.webp","type":"image\/jpeg"}],"author":"Let\u00edcia Gerheim","twitter_card":"summary_large_image","twitter_misc":{"Escrito por":"Let\u00edcia Gerheim","Est. tempo de leitura":"2 minutos"},"schema":{"@context":"https:\/\/schema.org","@graph":[{"@type":"NewsArticle","@id":"https:\/\/www.gaveanews.com\/index.php\/2022\/08\/11\/varela-exalta-a-torcida-do-flamengo-e-fala-sobre-a-energia-do-maracana\/#article","isPartOf":{"@id":"https:\/\/www.gaveanews.com\/index.php\/2022\/08\/11\/varela-exalta-a-torcida-do-flamengo-e-fala-sobre-a-energia-do-maracana\/"},"author":{"name":"Let\u00edcia Gerheim","@id":"https:\/\/www.gaveanews.com\/#\/schema\/person\/714c67050b836198af2450ba1c142a67"},"headline":"Varela exalta a torcida do Flamengo e fala sobre a energia do Maracan\u00e3","datePublished":"2022-08-11T18:30:18+00:00","dateModified":"2022-08-11T18:30:20+00:00","mainEntityOfPage":{"@id":"https:\/\/www.gaveanews.com\/index.php\/2022\/08\/11\/varela-exalta-a-torcida-do-flamengo-e-fala-sobre-a-energia-do-maracana\/"},"wordCount":223,"commentCount":0,"image":{"@id":"https:\/\/www.gaveanews.com\/index.php\/2022\/08\/11\/varela-exalta-a-torcida-do-flamengo-e-fala-sobre-a-energia-do-maracana\/#primaryimage"},"thumbnailUrl":"https:\/\/www.gaveanews.com\/wp-content\/uploads\/Guilhermo-Varela-tira-fotos-com-torcedores-do-Flamengo-no-Maracana.webp","articleSection":["Flamengo"],"inLanguage":"pt-BR","potentialAction":[{"@type":"CommentAction","name":"Comment","target":["https:\/\/www.gaveanews.com\/index.php\/2022\/08\/11\/varela-exalta-a-torcida-do-flamengo-e-fala-sobre-a-energia-do-maracana\/#respond"]}],"copyrightYear":"2022","copyrightHolder":{"@id":"https:\/\/www.gaveanews.com\/#organization"}},{"@type":"WebPage","@id":"https:\/\/www.gaveanews.com\/index.php\/2022\/08\/11\/varela-exalta-a-torcida-do-flamengo-e-fala-sobre-a-energia-do-maracana\/","url":"https:\/\/www.gaveanews.com\/index.php\/2022\/08\/11\/varela-exalta-a-torcida-do-flamengo-e-fala-sobre-a-energia-do-maracana\/","name":"Varela exalta a torcida do Flamengo e fala sobre a energia do Maracan\u00e3","isPartOf":{"@id":"https:\/\/www.gaveanews.com\/#website"},"primaryImageOfPage":{"@id":"https:\/\/www.gaveanews.com\/index.php\/2022\/08\/11\/varela-exalta-a-torcida-do-flamengo-e-fala-sobre-a-energia-do-maracana\/#primaryimage"},"image":{"@id":"https:\/\/www.gaveanews.com\/index.php\/2022\/08\/11\/varela-exalta-a-torcida-do-flamengo-e-fala-sobre-a-energia-do-maracana\/#primaryimage"},"thumbnailUrl":"https:\/\/www.gaveanews.com\/wp-content\/uploads\/Guilhermo-Varela-tira-fotos-com-torcedores-do-Flamengo-no-Maracana.webp","datePublished":"2022-08-11T18:30:18+00:00","dateModified":"2022-08-11T18:30:20+00:00","author":{"@id":"https:\/\/www.gaveanews.com\/#\/schema\/person\/714c67050b836198af2450ba1c142a67"},"breadcrumb":{"@id":"https:\/\/www.gaveanews.com\/index.php\/2022\/08\/11\/varela-exalta-a-torcida-do-flamengo-e-fala-sobre-a-energia-do-maracana\/#breadcrumb"},"inLanguage":"pt-BR","potentialAction":[{"@type":"ReadAction","target":["https:\/\/www.gaveanews.com\/index.php\/2022\/08\/11\/varela-exalta-a-torcida-do-flamengo-e-fala-sobre-a-energia-do-maracana\/"]}]},{"@type":"ImageObject","inLanguage":"pt-BR","@id":"https:\/\/www.gaveanews.com\/index.php\/2022\/08\/11\/varela-exalta-a-torcida-do-flamengo-e-fala-sobre-a-energia-do-maracana\/#primaryimage","url":"https:\/\/www.gaveanews.com\/wp-content\/uploads\/Guilhermo-Varela-tira-fotos-com-torcedores-do-Flamengo-no-Maracana.webp","contentUrl":"https:\/\/www.gaveanews.com\/wp-content\/uploads\/Guilhermo-Varela-tira-fotos-com-torcedores-do-Flamengo-no-Maracana.webp","width":799,"height":532,"caption":"Guilhermo Varela tira fotos com torcedores do Flamengo no Maracan\u00e3 (Foto: Marcelo Cortes\/Flamengo)"},{"@type":"BreadcrumbList","@id":"https:\/\/www.gaveanews.com\/index.php\/2022\/08\/11\/varela-exalta-a-torcida-do-flamengo-e-fala-sobre-a-energia-do-maracana\/#breadcrumb","itemListElement":[{"@type":"ListItem","position":1,"name":"Home","item":"https:\/\/www.gaveanews.com\/"},{"@type":"ListItem","position":2,"name":"Varela exalta a torcida do Flamengo e fala sobre a energia do Maracan\u00e3"}]},{"@type":"WebSite","@id":"https:\/\/www.gaveanews.com\/#website","url":"https:\/\/www.gaveanews.com\/","name":"G\u00e1vea News","description":"Veja todas as not\u00edcias sobre o Flamengo: Contrata\u00e7\u00f5es, categorias de base, resultados das partidas, tabela de classifica\u00e7\u00e3o, pr\u00f3ximos jogos!","potentialAction":[{"@type":"SearchAction","target":{"@type":"EntryPoint","urlTemplate":"https:\/\/www.gaveanews.com\/?s={search_term_string}"},"query-input":{"@type":"PropertyValueSpecification","valueRequired":true,"valueName":"search_term_string"}}],"inLanguage":"pt-BR"},{"@type":"Person","@id":"https:\/\/www.gaveanews.com\/#\/schema\/person\/714c67050b836198af2450ba1c142a67","name":"Let\u00edcia Gerheim","image":{"@type":"ImageObject","inLanguage":"pt-BR","@id":"https:\/\/www.gaveanews.com\/#\/schema\/person\/image\/","url":"https:\/\/secure.gravatar.com\/avatar\/60734739c50fcebfbac509e2a826ccd0ff405c019bc73aab9354f19ecad1dcb4?s=96&d=mm&r=g","contentUrl":"https:\/\/secure.gravatar.com\/avatar\/60734739c50fcebfbac509e2a826ccd0ff405c019bc73aab9354f19ecad1dcb4?s=96&d=mm&r=g","caption":"Let\u00edcia Gerheim"}}]}},"_links":{"self":[{"href":"https:\/\/www.gaveanews.com\/index.php\/wp-json\/wp\/v2\/posts\/85828","targetHints":{"allow":["GET"]}}],"collection":[{"href":"https:\/\/www.gaveanews.com\/index.php\/wp-json\/wp\/v2\/posts"}],"about":[{"href":"https:\/\/www.gaveanews.com\/index.php\/wp-json\/wp\/v2\/types\/post"}],"author":[{"embeddable":true,"href":"https:\/\/www.gaveanews.com\/index.php\/wp-json\/wp\/v2\/users\/4"}],"replies":[{"embeddable":true,"href":"https:\/\/www.gaveanews.com\/index.php\/wp-json\/wp\/v2\/comments?post=85828"}],"version-history":[{"count":0,"href":"https:\/\/www.gaveanews.com\/index.php\/wp-json\/wp\/v2\/posts\/85828\/revisions"}],"wp:featuredmedia":[{"embeddable":true,"href":"https:\/\/www.gaveanews.com\/index.php\/wp-json\/wp\/v2\/media\/85829"}],"wp:attachment":[{"href":"https:\/\/www.gaveanews.com\/index.php\/wp-json\/wp\/v2\/media?parent=85828"}],"wp:term":[{"taxonomy":"category","embeddable":true,"href":"https:\/\/www.gaveanews.com\/index.php\/wp-json\/wp\/v2\/categories?post=85828"},{"taxonomy":"post_tag","embeddable":true,"href":"https:\/\/www.gaveanews.com\/index.php\/wp-json\/wp\/v2\/tags?post=85828"}],"curies":[{"name":"wp","href":"https:\/\/api.w.org\/{rel}","templated":true}]}}