{"id":85851,"date":"2022-08-12T09:22:27","date_gmt":"2022-08-12T12:22:27","guid":{"rendered":"https:\/\/www.gaveanews.com\/?p=85851"},"modified":"2022-08-12T09:22:29","modified_gmt":"2022-08-12T12:22:29","slug":"jogadores-do-velez-pregam-respeito-ao-flamengo-e-reconhecem-dificuldade-na-semifinal-da-libertadores","status":"publish","type":"post","link":"https:\/\/www.gaveanews.com\/index.php\/2022\/08\/12\/jogadores-do-velez-pregam-respeito-ao-flamengo-e-reconhecem-dificuldade-na-semifinal-da-libertadores\/","title":{"rendered":"Jogadores do V\u00e9lez pregam respeito ao Flamengo e reconhecem dificuldade na semifinal da Libertadores"},"content":{"rendered":"\n<p>O Flamengo foi o primeiro clube a se garantir nas semifinais da Libertadores. O Mais Querido venceu o Corinthians nos dois encontros entre as equipes e manteve sua invencibilidade na competi\u00e7\u00e3o.<\/p>\n\n\n\n<p>No dia seguinte, o V\u00e9lez confirmou sua classifica\u00e7\u00e3o sobre o Talleres e se tornou o advers\u00e1rio do Meng\u00e3o nesta pr\u00f3xima fase do torneio. O duelo foi projetado por Lucas Pratto e Leonardo Jara, dois experientes jogadores da equipe argentina.<\/p>\n\n\n\n<p>O atacante Pratto tem hist\u00f3ria antiga com o Fla e pode ter a chance de &#8220;dar o troco&#8221; de uma das infelicidades dos tempos de River Plate, mas seu foco \u00e9 no desempenho geral do time. O jogador enfrentou o Mais Querido na final da Libertadores de 2019 e foi o respons\u00e1vel pela falha que originou o gol e empate de Gabigol.<\/p>\n\n\n\n<p><em>\u2014\u00a0\u00c9 um rival dur\u00edssimo, mas primeiro temos que pensar em levantar a cabe\u00e7a no torneio. Neste fim de semana, jogamos contra o segundo do campeonato, o Gimnasia. Quando chegar a semana anterior ao Flamengo, vamos pensar nisso.<\/em><\/p>\n\n\n\n<p>O lateral-direito Jara, de 31 anos, elogiou ainda mais o Rubro-Negro, o classificando como o melhor time da Am\u00e9rica do Sul e o colocando como o favorito para conquistar o t\u00edtulo continental nesta temporada.<\/p>\n\n\n\n<p><em>\u2014 Vamos correr e dar tudo de n\u00f3s para jogar de igual para igual com quem \u00e9, eu acho, a melhor equipe da Am\u00e9rica. Por nomes, por jogo, por tudo, \u00e9 o grande candidato a ganhar a Libertadores. Mas temos nossa qualidade e trataremos de neutralizar o rival, o que vai ser dif\u00edcil, porque tem grand\u00edssimos jogadores.<\/em><\/p>\n\n\n\n<p><em>\u2014 S\u00e3o muitos jogadores. Fazem uma substitui\u00e7\u00e3o e entra algu\u00e9m que veio do Benfica (risos). \u00c9 um grande plantel, um grande estilo de jogo e um excelente treinador. Se queremos ter uma chance m\u00ednima, precisamos fazer 180 minutos perfeitos.<\/em><\/p>\n\n\n\n<p>A previs\u00e3o dos encontros entre V\u00e9lez e Flamengo pelas semifinais da Libertadores \u00e9 de jogos nos dias 31\/08 e 07\/09. Vale destacar que o Meng\u00e3o decide o confronto em casa.<\/p>\n","protected":false},"excerpt":{"rendered":"<p>O Flamengo foi o primeiro clube a se garantir nas semifinais da Libertadores. O Mais Querido venceu o Corinthians nos dois encontros entre as equipes e manteve sua invencibilidade na competi\u00e7\u00e3o. No dia seguinte, o V\u00e9lez confirmou sua classifica\u00e7\u00e3o sobre o Talleres e se tornou o advers\u00e1rio do Meng\u00e3o nesta pr\u00f3xima fase do torneio. O [&hellip;]<\/p>\n","protected":false},"author":4,"featured_media":59677,"comment_status":"open","ping_status":"closed","sticky":false,"template":"","format":"standard","meta":{"footnotes":""},"categories":[1],"tags":[],"class_list":["post-85851","post","type-post","status-publish","format-standard","has-post-thumbnail","hentry","category-flamengo"],"yoast_head":"<!-- This site is optimized with the Yoast SEO Premium plugin v24.2 (Yoast SEO v26.9) - https:\/\/yoast.com\/product\/yoast-seo-premium-wordpress\/ -->\n<title>Jogadores do V\u00e9lez pregam respeito ao Flamengo e reconhecem dificuldade na semifinal da Libertadores<\/title>\n<meta name=\"robots\" content=\"index, follow, max-snippet:-1, max-image-preview:large, max-video-preview:-1\" \/>\n<link rel=\"canonical\" href=\"https:\/\/www.gaveanews.com\/index.php\/2022\/08\/12\/jogadores-do-velez-pregam-respeito-ao-flamengo-e-reconhecem-dificuldade-na-semifinal-da-libertadores\/\" \/>\n<meta property=\"og:locale\" content=\"pt_BR\" \/>\n<meta property=\"og:type\" content=\"article\" \/>\n<meta property=\"og:title\" content=\"Jogadores do V\u00e9lez pregam respeito ao Flamengo e reconhecem dificuldade na semifinal da Libertadores\" \/>\n<meta property=\"og:description\" content=\"O Flamengo foi o primeiro clube a se garantir nas semifinais da Libertadores. O Mais Querido venceu o Corinthians nos dois encontros entre as equipes e manteve sua invencibilidade na competi\u00e7\u00e3o. No dia seguinte, o V\u00e9lez confirmou sua classifica\u00e7\u00e3o sobre o Talleres e se tornou o advers\u00e1rio do Meng\u00e3o nesta pr\u00f3xima fase do torneio. O [&hellip;]\" \/>\n<meta property=\"og:url\" content=\"https:\/\/www.gaveanews.com\/index.php\/2022\/08\/12\/jogadores-do-velez-pregam-respeito-ao-flamengo-e-reconhecem-dificuldade-na-semifinal-da-libertadores\/\" \/>\n<meta property=\"og:site_name\" content=\"G\u00e1vea News\" \/>\n<meta property=\"article:publisher\" content=\"https:\/\/facebook.com\/gaveaNews\/\" \/>\n<meta property=\"article:published_time\" content=\"2022-08-12T12:22:27+00:00\" \/>\n<meta property=\"article:modified_time\" content=\"2022-08-12T12:22:29+00:00\" \/>\n<meta property=\"og:image\" content=\"https:\/\/www.gaveanews.com\/wp-content\/uploads\/Everton-Ribeiro-em-acao-pelo-Flamengo-durante-o-jogo-contra-o-Velez-na-Copa-Libertadores-da-America-de-2021.webp\" \/>\n\t<meta property=\"og:image:width\" content=\"800\" \/>\n\t<meta property=\"og:image:height\" content=\"533\" \/>\n\t<meta property=\"og:image:type\" content=\"image\/jpeg\" \/>\n<meta name=\"author\" content=\"Let\u00edcia Gerheim\" \/>\n<meta name=\"twitter:card\" content=\"summary_large_image\" \/>\n<meta name=\"twitter:label1\" content=\"Escrito por\" \/>\n\t<meta name=\"twitter:data1\" content=\"Let\u00edcia Gerheim\" \/>\n\t<meta name=\"twitter:label2\" content=\"Est. tempo de leitura\" \/>\n\t<meta name=\"twitter:data2\" content=\"2 minutos\" \/>\n<script type=\"application\/ld+json\" class=\"yoast-schema-graph\">{\"@context\":\"https:\/\/schema.org\",\"@graph\":[{\"@type\":\"NewsArticle\",\"@id\":\"https:\/\/www.gaveanews.com\/index.php\/2022\/08\/12\/jogadores-do-velez-pregam-respeito-ao-flamengo-e-reconhecem-dificuldade-na-semifinal-da-libertadores\/#article\",\"isPartOf\":{\"@id\":\"https:\/\/www.gaveanews.com\/index.php\/2022\/08\/12\/jogadores-do-velez-pregam-respeito-ao-flamengo-e-reconhecem-dificuldade-na-semifinal-da-libertadores\/\"},\"author\":{\"name\":\"Let\u00edcia Gerheim\",\"@id\":\"https:\/\/www.gaveanews.com\/#\/schema\/person\/714c67050b836198af2450ba1c142a67\"},\"headline\":\"Jogadores do V\u00e9lez pregam respeito ao Flamengo e reconhecem dificuldade na semifinal da Libertadores\",\"datePublished\":\"2022-08-12T12:22:27+00:00\",\"dateModified\":\"2022-08-12T12:22:29+00:00\",\"mainEntityOfPage\":{\"@id\":\"https:\/\/www.gaveanews.com\/index.php\/2022\/08\/12\/jogadores-do-velez-pregam-respeito-ao-flamengo-e-reconhecem-dificuldade-na-semifinal-da-libertadores\/\"},\"wordCount\":354,\"commentCount\":0,\"image\":{\"@id\":\"https:\/\/www.gaveanews.com\/index.php\/2022\/08\/12\/jogadores-do-velez-pregam-respeito-ao-flamengo-e-reconhecem-dificuldade-na-semifinal-da-libertadores\/#primaryimage\"},\"thumbnailUrl\":\"https:\/\/www.gaveanews.com\/wp-content\/uploads\/Everton-Ribeiro-em-acao-pelo-Flamengo-durante-o-jogo-contra-o-Velez-na-Copa-Libertadores-da-America-de-2021.webp\",\"articleSection\":[\"Flamengo\"],\"inLanguage\":\"pt-BR\",\"potentialAction\":[{\"@type\":\"CommentAction\",\"name\":\"Comment\",\"target\":[\"https:\/\/www.gaveanews.com\/index.php\/2022\/08\/12\/jogadores-do-velez-pregam-respeito-ao-flamengo-e-reconhecem-dificuldade-na-semifinal-da-libertadores\/#respond\"]}],\"copyrightYear\":\"2022\",\"copyrightHolder\":{\"@id\":\"https:\/\/www.gaveanews.com\/#organization\"}},{\"@type\":\"WebPage\",\"@id\":\"https:\/\/www.gaveanews.com\/index.php\/2022\/08\/12\/jogadores-do-velez-pregam-respeito-ao-flamengo-e-reconhecem-dificuldade-na-semifinal-da-libertadores\/\",\"url\":\"https:\/\/www.gaveanews.com\/index.php\/2022\/08\/12\/jogadores-do-velez-pregam-respeito-ao-flamengo-e-reconhecem-dificuldade-na-semifinal-da-libertadores\/\",\"name\":\"Jogadores do V\u00e9lez pregam respeito ao Flamengo e reconhecem dificuldade na semifinal da Libertadores\",\"isPartOf\":{\"@id\":\"https:\/\/www.gaveanews.com\/#website\"},\"primaryImageOfPage\":{\"@id\":\"https:\/\/www.gaveanews.com\/index.php\/2022\/08\/12\/jogadores-do-velez-pregam-respeito-ao-flamengo-e-reconhecem-dificuldade-na-semifinal-da-libertadores\/#primaryimage\"},\"image\":{\"@id\":\"https:\/\/www.gaveanews.com\/index.php\/2022\/08\/12\/jogadores-do-velez-pregam-respeito-ao-flamengo-e-reconhecem-dificuldade-na-semifinal-da-libertadores\/#primaryimage\"},\"thumbnailUrl\":\"https:\/\/www.gaveanews.com\/wp-content\/uploads\/Everton-Ribeiro-em-acao-pelo-Flamengo-durante-o-jogo-contra-o-Velez-na-Copa-Libertadores-da-America-de-2021.webp\",\"datePublished\":\"2022-08-12T12:22:27+00:00\",\"dateModified\":\"2022-08-12T12:22:29+00:00\",\"author\":{\"@id\":\"https:\/\/www.gaveanews.com\/#\/schema\/person\/714c67050b836198af2450ba1c142a67\"},\"breadcrumb\":{\"@id\":\"https:\/\/www.gaveanews.com\/index.php\/2022\/08\/12\/jogadores-do-velez-pregam-respeito-ao-flamengo-e-reconhecem-dificuldade-na-semifinal-da-libertadores\/#breadcrumb\"},\"inLanguage\":\"pt-BR\",\"potentialAction\":[{\"@type\":\"ReadAction\",\"target\":[\"https:\/\/www.gaveanews.com\/index.php\/2022\/08\/12\/jogadores-do-velez-pregam-respeito-ao-flamengo-e-reconhecem-dificuldade-na-semifinal-da-libertadores\/\"]}]},{\"@type\":\"ImageObject\",\"inLanguage\":\"pt-BR\",\"@id\":\"https:\/\/www.gaveanews.com\/index.php\/2022\/08\/12\/jogadores-do-velez-pregam-respeito-ao-flamengo-e-reconhecem-dificuldade-na-semifinal-da-libertadores\/#primaryimage\",\"url\":\"https:\/\/www.gaveanews.com\/wp-content\/uploads\/Everton-Ribeiro-em-acao-pelo-Flamengo-durante-o-jogo-contra-o-Velez-na-Copa-Libertadores-da-America-de-2021.webp\",\"contentUrl\":\"https:\/\/www.gaveanews.com\/wp-content\/uploads\/Everton-Ribeiro-em-acao-pelo-Flamengo-durante-o-jogo-contra-o-Velez-na-Copa-Libertadores-da-America-de-2021.webp\",\"width\":800,\"height\":533,\"caption\":\"Everton Ribeiro em a\u00e7\u00e3o pelo Flamengo durante o jogo contra o Velez na Copa Libertadores da Am\u00e9rica de 2021 (Foto: Marcelo Cortes\/Flamengo)\"},{\"@type\":\"BreadcrumbList\",\"@id\":\"https:\/\/www.gaveanews.com\/index.php\/2022\/08\/12\/jogadores-do-velez-pregam-respeito-ao-flamengo-e-reconhecem-dificuldade-na-semifinal-da-libertadores\/#breadcrumb\",\"itemListElement\":[{\"@type\":\"ListItem\",\"position\":1,\"name\":\"Home\",\"item\":\"https:\/\/www.gaveanews.com\/\"},{\"@type\":\"ListItem\",\"position\":2,\"name\":\"Jogadores do V\u00e9lez pregam respeito ao Flamengo e reconhecem dificuldade na semifinal da Libertadores\"}]},{\"@type\":\"WebSite\",\"@id\":\"https:\/\/www.gaveanews.com\/#website\",\"url\":\"https:\/\/www.gaveanews.com\/\",\"name\":\"G\u00e1vea News\",\"description\":\"Veja todas as not\u00edcias sobre o Flamengo: Contrata\u00e7\u00f5es, categorias de base, resultados das partidas, tabela de classifica\u00e7\u00e3o, pr\u00f3ximos jogos!\",\"potentialAction\":[{\"@type\":\"SearchAction\",\"target\":{\"@type\":\"EntryPoint\",\"urlTemplate\":\"https:\/\/www.gaveanews.com\/?s={search_term_string}\"},\"query-input\":{\"@type\":\"PropertyValueSpecification\",\"valueRequired\":true,\"valueName\":\"search_term_string\"}}],\"inLanguage\":\"pt-BR\"},{\"@type\":\"Person\",\"@id\":\"https:\/\/www.gaveanews.com\/#\/schema\/person\/714c67050b836198af2450ba1c142a67\",\"name\":\"Let\u00edcia Gerheim\",\"image\":{\"@type\":\"ImageObject\",\"inLanguage\":\"pt-BR\",\"@id\":\"https:\/\/www.gaveanews.com\/#\/schema\/person\/image\/\",\"url\":\"https:\/\/secure.gravatar.com\/avatar\/60734739c50fcebfbac509e2a826ccd0ff405c019bc73aab9354f19ecad1dcb4?s=96&d=mm&r=g\",\"contentUrl\":\"https:\/\/secure.gravatar.com\/avatar\/60734739c50fcebfbac509e2a826ccd0ff405c019bc73aab9354f19ecad1dcb4?s=96&d=mm&r=g\",\"caption\":\"Let\u00edcia Gerheim\"}}]}<\/script>\n<!-- \/ Yoast SEO Premium plugin. -->","yoast_head_json":{"title":"Jogadores do V\u00e9lez pregam respeito ao Flamengo e reconhecem dificuldade na semifinal da Libertadores","robots":{"index":"index","follow":"follow","max-snippet":"max-snippet:-1","max-image-preview":"max-image-preview:large","max-video-preview":"max-video-preview:-1"},"canonical":"https:\/\/www.gaveanews.com\/index.php\/2022\/08\/12\/jogadores-do-velez-pregam-respeito-ao-flamengo-e-reconhecem-dificuldade-na-semifinal-da-libertadores\/","og_locale":"pt_BR","og_type":"article","og_title":"Jogadores do V\u00e9lez pregam respeito ao Flamengo e reconhecem dificuldade na semifinal da Libertadores","og_description":"O Flamengo foi o primeiro clube a se garantir nas semifinais da Libertadores. O Mais Querido venceu o Corinthians nos dois encontros entre as equipes e manteve sua invencibilidade na competi\u00e7\u00e3o. No dia seguinte, o V\u00e9lez confirmou sua classifica\u00e7\u00e3o sobre o Talleres e se tornou o advers\u00e1rio do Meng\u00e3o nesta pr\u00f3xima fase do torneio. O [&hellip;]","og_url":"https:\/\/www.gaveanews.com\/index.php\/2022\/08\/12\/jogadores-do-velez-pregam-respeito-ao-flamengo-e-reconhecem-dificuldade-na-semifinal-da-libertadores\/","og_site_name":"G\u00e1vea News","article_publisher":"https:\/\/facebook.com\/gaveaNews\/","article_published_time":"2022-08-12T12:22:27+00:00","article_modified_time":"2022-08-12T12:22:29+00:00","og_image":[{"width":800,"height":533,"url":"https:\/\/www.gaveanews.com\/wp-content\/uploads\/Everton-Ribeiro-em-acao-pelo-Flamengo-durante-o-jogo-contra-o-Velez-na-Copa-Libertadores-da-America-de-2021.webp","type":"image\/jpeg"}],"author":"Let\u00edcia Gerheim","twitter_card":"summary_large_image","twitter_misc":{"Escrito por":"Let\u00edcia Gerheim","Est. tempo de leitura":"2 minutos"},"schema":{"@context":"https:\/\/schema.org","@graph":[{"@type":"NewsArticle","@id":"https:\/\/www.gaveanews.com\/index.php\/2022\/08\/12\/jogadores-do-velez-pregam-respeito-ao-flamengo-e-reconhecem-dificuldade-na-semifinal-da-libertadores\/#article","isPartOf":{"@id":"https:\/\/www.gaveanews.com\/index.php\/2022\/08\/12\/jogadores-do-velez-pregam-respeito-ao-flamengo-e-reconhecem-dificuldade-na-semifinal-da-libertadores\/"},"author":{"name":"Let\u00edcia Gerheim","@id":"https:\/\/www.gaveanews.com\/#\/schema\/person\/714c67050b836198af2450ba1c142a67"},"headline":"Jogadores do V\u00e9lez pregam respeito ao Flamengo e reconhecem dificuldade na semifinal da Libertadores","datePublished":"2022-08-12T12:22:27+00:00","dateModified":"2022-08-12T12:22:29+00:00","mainEntityOfPage":{"@id":"https:\/\/www.gaveanews.com\/index.php\/2022\/08\/12\/jogadores-do-velez-pregam-respeito-ao-flamengo-e-reconhecem-dificuldade-na-semifinal-da-libertadores\/"},"wordCount":354,"commentCount":0,"image":{"@id":"https:\/\/www.gaveanews.com\/index.php\/2022\/08\/12\/jogadores-do-velez-pregam-respeito-ao-flamengo-e-reconhecem-dificuldade-na-semifinal-da-libertadores\/#primaryimage"},"thumbnailUrl":"https:\/\/www.gaveanews.com\/wp-content\/uploads\/Everton-Ribeiro-em-acao-pelo-Flamengo-durante-o-jogo-contra-o-Velez-na-Copa-Libertadores-da-America-de-2021.webp","articleSection":["Flamengo"],"inLanguage":"pt-BR","potentialAction":[{"@type":"CommentAction","name":"Comment","target":["https:\/\/www.gaveanews.com\/index.php\/2022\/08\/12\/jogadores-do-velez-pregam-respeito-ao-flamengo-e-reconhecem-dificuldade-na-semifinal-da-libertadores\/#respond"]}],"copyrightYear":"2022","copyrightHolder":{"@id":"https:\/\/www.gaveanews.com\/#organization"}},{"@type":"WebPage","@id":"https:\/\/www.gaveanews.com\/index.php\/2022\/08\/12\/jogadores-do-velez-pregam-respeito-ao-flamengo-e-reconhecem-dificuldade-na-semifinal-da-libertadores\/","url":"https:\/\/www.gaveanews.com\/index.php\/2022\/08\/12\/jogadores-do-velez-pregam-respeito-ao-flamengo-e-reconhecem-dificuldade-na-semifinal-da-libertadores\/","name":"Jogadores do V\u00e9lez pregam respeito ao Flamengo e reconhecem dificuldade na semifinal da Libertadores","isPartOf":{"@id":"https:\/\/www.gaveanews.com\/#website"},"primaryImageOfPage":{"@id":"https:\/\/www.gaveanews.com\/index.php\/2022\/08\/12\/jogadores-do-velez-pregam-respeito-ao-flamengo-e-reconhecem-dificuldade-na-semifinal-da-libertadores\/#primaryimage"},"image":{"@id":"https:\/\/www.gaveanews.com\/index.php\/2022\/08\/12\/jogadores-do-velez-pregam-respeito-ao-flamengo-e-reconhecem-dificuldade-na-semifinal-da-libertadores\/#primaryimage"},"thumbnailUrl":"https:\/\/www.gaveanews.com\/wp-content\/uploads\/Everton-Ribeiro-em-acao-pelo-Flamengo-durante-o-jogo-contra-o-Velez-na-Copa-Libertadores-da-America-de-2021.webp","datePublished":"2022-08-12T12:22:27+00:00","dateModified":"2022-08-12T12:22:29+00:00","author":{"@id":"https:\/\/www.gaveanews.com\/#\/schema\/person\/714c67050b836198af2450ba1c142a67"},"breadcrumb":{"@id":"https:\/\/www.gaveanews.com\/index.php\/2022\/08\/12\/jogadores-do-velez-pregam-respeito-ao-flamengo-e-reconhecem-dificuldade-na-semifinal-da-libertadores\/#breadcrumb"},"inLanguage":"pt-BR","potentialAction":[{"@type":"ReadAction","target":["https:\/\/www.gaveanews.com\/index.php\/2022\/08\/12\/jogadores-do-velez-pregam-respeito-ao-flamengo-e-reconhecem-dificuldade-na-semifinal-da-libertadores\/"]}]},{"@type":"ImageObject","inLanguage":"pt-BR","@id":"https:\/\/www.gaveanews.com\/index.php\/2022\/08\/12\/jogadores-do-velez-pregam-respeito-ao-flamengo-e-reconhecem-dificuldade-na-semifinal-da-libertadores\/#primaryimage","url":"https:\/\/www.gaveanews.com\/wp-content\/uploads\/Everton-Ribeiro-em-acao-pelo-Flamengo-durante-o-jogo-contra-o-Velez-na-Copa-Libertadores-da-America-de-2021.webp","contentUrl":"https:\/\/www.gaveanews.com\/wp-content\/uploads\/Everton-Ribeiro-em-acao-pelo-Flamengo-durante-o-jogo-contra-o-Velez-na-Copa-Libertadores-da-America-de-2021.webp","width":800,"height":533,"caption":"Everton Ribeiro em a\u00e7\u00e3o pelo Flamengo durante o jogo contra o Velez na Copa Libertadores da Am\u00e9rica de 2021 (Foto: Marcelo Cortes\/Flamengo)"},{"@type":"BreadcrumbList","@id":"https:\/\/www.gaveanews.com\/index.php\/2022\/08\/12\/jogadores-do-velez-pregam-respeito-ao-flamengo-e-reconhecem-dificuldade-na-semifinal-da-libertadores\/#breadcrumb","itemListElement":[{"@type":"ListItem","position":1,"name":"Home","item":"https:\/\/www.gaveanews.com\/"},{"@type":"ListItem","position":2,"name":"Jogadores do V\u00e9lez pregam respeito ao Flamengo e reconhecem dificuldade na semifinal da Libertadores"}]},{"@type":"WebSite","@id":"https:\/\/www.gaveanews.com\/#website","url":"https:\/\/www.gaveanews.com\/","name":"G\u00e1vea News","description":"Veja todas as not\u00edcias sobre o Flamengo: Contrata\u00e7\u00f5es, categorias de base, resultados das partidas, tabela de classifica\u00e7\u00e3o, pr\u00f3ximos jogos!","potentialAction":[{"@type":"SearchAction","target":{"@type":"EntryPoint","urlTemplate":"https:\/\/www.gaveanews.com\/?s={search_term_string}"},"query-input":{"@type":"PropertyValueSpecification","valueRequired":true,"valueName":"search_term_string"}}],"inLanguage":"pt-BR"},{"@type":"Person","@id":"https:\/\/www.gaveanews.com\/#\/schema\/person\/714c67050b836198af2450ba1c142a67","name":"Let\u00edcia Gerheim","image":{"@type":"ImageObject","inLanguage":"pt-BR","@id":"https:\/\/www.gaveanews.com\/#\/schema\/person\/image\/","url":"https:\/\/secure.gravatar.com\/avatar\/60734739c50fcebfbac509e2a826ccd0ff405c019bc73aab9354f19ecad1dcb4?s=96&d=mm&r=g","contentUrl":"https:\/\/secure.gravatar.com\/avatar\/60734739c50fcebfbac509e2a826ccd0ff405c019bc73aab9354f19ecad1dcb4?s=96&d=mm&r=g","caption":"Let\u00edcia Gerheim"}}]}},"_links":{"self":[{"href":"https:\/\/www.gaveanews.com\/index.php\/wp-json\/wp\/v2\/posts\/85851","targetHints":{"allow":["GET"]}}],"collection":[{"href":"https:\/\/www.gaveanews.com\/index.php\/wp-json\/wp\/v2\/posts"}],"about":[{"href":"https:\/\/www.gaveanews.com\/index.php\/wp-json\/wp\/v2\/types\/post"}],"author":[{"embeddable":true,"href":"https:\/\/www.gaveanews.com\/index.php\/wp-json\/wp\/v2\/users\/4"}],"replies":[{"embeddable":true,"href":"https:\/\/www.gaveanews.com\/index.php\/wp-json\/wp\/v2\/comments?post=85851"}],"version-history":[{"count":0,"href":"https:\/\/www.gaveanews.com\/index.php\/wp-json\/wp\/v2\/posts\/85851\/revisions"}],"wp:featuredmedia":[{"embeddable":true,"href":"https:\/\/www.gaveanews.com\/index.php\/wp-json\/wp\/v2\/media\/59677"}],"wp:attachment":[{"href":"https:\/\/www.gaveanews.com\/index.php\/wp-json\/wp\/v2\/media?parent=85851"}],"wp:term":[{"taxonomy":"category","embeddable":true,"href":"https:\/\/www.gaveanews.com\/index.php\/wp-json\/wp\/v2\/categories?post=85851"},{"taxonomy":"post_tag","embeddable":true,"href":"https:\/\/www.gaveanews.com\/index.php\/wp-json\/wp\/v2\/tags?post=85851"}],"curies":[{"name":"wp","href":"https:\/\/api.w.org\/{rel}","templated":true}]}}