{"id":85901,"date":"2022-08-14T19:35:15","date_gmt":"2022-08-14T22:35:15","guid":{"rendered":"https:\/\/www.gaveanews.com\/?p=85901"},"modified":"2024-04-06T23:22:10","modified_gmt":"2024-04-07T02:22:10","slug":"auxiliar-da-pista-e-atacante-do-flamengo-pode-ser-convocado-por-tite-para-a-copa-do-mundo","status":"publish","type":"post","link":"https:\/\/www.gaveanews.com\/index.php\/2022\/08\/14\/auxiliar-da-pista-e-atacante-do-flamengo-pode-ser-convocado-por-tite-para-a-copa-do-mundo\/","title":{"rendered":"Auxiliar d\u00e1 &#8216;pista&#8217; e atacante do Flamengo pode ser convocado por Tite para a Copa do Mundo"},"content":{"rendered":"\n<p>A sele\u00e7\u00e3o brasileira est\u00e1 com diversas posi\u00e7\u00f5es definidas para a Copa do Mundo 2022. Mas, no ataque, jogadores como Pedro, Gabigol, Antony, e Gabriel Jesus disputam posi\u00e7\u00e3o entre os 26 de Tite.<\/p>\n\n\n\n<p>Cl\u00e9ber Xavier, auxiliar t\u00e9cnico de Tite desde 2001, quando o treinador da sele\u00e7\u00e3o brasileira estava no Gr\u00eamio e onde foram campe\u00f5es da Copa do Brasil, esteve em entrevista ao podcast \u2018Mind The Grass\u2019, onde comentou o trabalho da equipe para a Copa do Mundo 2022 do Catar, onde Pedro e Gabigol seguem sendo cotados entre os convocados. E Xavier chegou a falar sobre diversos assuntos que permeiam o time pentacampe\u00e3o do mundo. Ainda, ao ser questionado sobre os rivais do Brasil no Mundial, ele fez uma revela\u00e7\u00e3o.<\/p>\n\n\n\n<p><em>\u2014 A Argentina est\u00e1 forte, a Fran\u00e7a tem grandes jogadores \u00e9 a atual campe\u00e3 do mundo, a Alemanha, pelo que tem apresentado nos \u00faltimos trabalhos, e a Inglaterra, por ter muitos jovens, uma sele\u00e7\u00e3o que tem crescido, um treinador que est\u00e1 h\u00e1 muito tempo. Acho que esse ano vai melhor ainda. Mas tem tamb\u00e9m a B\u00e9lgica, a Holanda e a Espanha<\/em>, afirmou Cl\u00e9ber Xavier, ao podcast Mind The Grass.<\/p>\n\n\n\n<p>Cl\u00e9ber Xavier chegou a citar que esta sele\u00e7\u00e3o brasileira de Tite chega ainda mais preparada para a Copa do Mundo 2022, a segunda sob comando do t\u00e9cnico ex-Corinthians. Ainda, o auxiliar falou sobre os problemas com les\u00f5es pr\u00f3ximo do \u00faltimo Mundial, onde em 2018, Neymar, Daniel Alves e Douglas Costa estavam ainda se recuperando de problemas ocasionados durante a temporada. E na \u00faltima vez, 49 jogadores foram observados e, desta vez, 77 est\u00e3o sendo listados e analisados em campo. Sendo que Pedro, Gabriel Jesus e Gabigol est\u00e3o sob os jogadores \u201cem avalia\u00e7\u00e3o\u201d.<\/p>\n\n\n\n<p>Por\u00e9m, para a Copa do Mundo de 2022, a convoca\u00e7\u00e3o dos 26 atletas para a sele\u00e7\u00e3o brasileira deve ser realizada na primeira ou segunda semana de setembro. E Cl\u00e9ber Xavier n\u00e3o deixou de falar sobre Pedro e Hulk, al\u00e9m de outros jogadores cotados na lista de Tite. O bra\u00e7o direito do comandante ex-Corinthians chegou a elogiar os atacantes.<\/p>\n\n\n\n<p><em>\u2014 Eles est\u00e3o dentro da nossa lista larga de observa\u00e7\u00e3o. Pedro \u00e9 \u00fanico, \u00e9 piv\u00f4, tem cabeceio, \u00e9 bom para jogo com advers\u00e1rio muito baixo. Apresenta alternativa muito boa. O Hulk j\u00e1 jogou muito de lado, hoje tem jogado por dentro. \u00c9 um jogador que precisa de espa\u00e7o, mas tem finaliza\u00e7\u00e3o na frente do goleiro com muita qualidade. Um chute de muita pot\u00eancia<\/em>, afirmou o auxiliar t\u00e9cnico da sele\u00e7\u00e3o brasileira de Tite.<\/p>\n\n\n\n<p>Retirado de: Torcedores<\/p>\n","protected":false},"excerpt":{"rendered":"<p>A sele\u00e7\u00e3o brasileira est\u00e1 com diversas posi\u00e7\u00f5es definidas para a Copa do Mundo 2022. Mas, no ataque, jogadores como Pedro, Gabigol, Antony, e Gabriel Jesus disputam posi\u00e7\u00e3o entre os 26 de Tite. Cl\u00e9ber Xavier, auxiliar t\u00e9cnico de Tite desde 2001, quando o treinador da sele\u00e7\u00e3o brasileira estava no Gr\u00eamio e onde foram campe\u00f5es da Copa [&hellip;]<\/p>\n","protected":false},"author":1,"featured_media":84422,"comment_status":"open","ping_status":"closed","sticky":false,"template":"","format":"standard","meta":{"footnotes":""},"categories":[47],"tags":[171],"class_list":["post-85901","post","type-post","status-publish","format-standard","has-post-thumbnail","hentry","category-destaques","tag-adenor-leonardo-bachi-tite"],"yoast_head":"<!-- This site is optimized with the Yoast SEO Premium plugin v24.2 (Yoast SEO v26.9) - https:\/\/yoast.com\/product\/yoast-seo-premium-wordpress\/ -->\n<title>Auxiliar d\u00e1 &#039;pista&#039; e atacante do Flamengo pode ser convocado por Tite para a Copa do Mundo<\/title>\n<meta name=\"robots\" content=\"index, follow, max-snippet:-1, max-image-preview:large, max-video-preview:-1\" \/>\n<link rel=\"canonical\" href=\"https:\/\/www.gaveanews.com\/index.php\/2022\/08\/14\/auxiliar-da-pista-e-atacante-do-flamengo-pode-ser-convocado-por-tite-para-a-copa-do-mundo\/\" \/>\n<meta property=\"og:locale\" content=\"pt_BR\" \/>\n<meta property=\"og:type\" content=\"article\" \/>\n<meta property=\"og:title\" content=\"Auxiliar d\u00e1 &#039;pista&#039; e atacante do Flamengo pode ser convocado por Tite para a Copa do Mundo\" \/>\n<meta property=\"og:description\" content=\"A sele\u00e7\u00e3o brasileira est\u00e1 com diversas posi\u00e7\u00f5es definidas para a Copa do Mundo 2022. Mas, no ataque, jogadores como Pedro, Gabigol, Antony, e Gabriel Jesus disputam posi\u00e7\u00e3o entre os 26 de Tite. Cl\u00e9ber Xavier, auxiliar t\u00e9cnico de Tite desde 2001, quando o treinador da sele\u00e7\u00e3o brasileira estava no Gr\u00eamio e onde foram campe\u00f5es da Copa [&hellip;]\" \/>\n<meta property=\"og:url\" content=\"https:\/\/www.gaveanews.com\/index.php\/2022\/08\/14\/auxiliar-da-pista-e-atacante-do-flamengo-pode-ser-convocado-por-tite-para-a-copa-do-mundo\/\" \/>\n<meta property=\"og:site_name\" content=\"G\u00e1vea News\" \/>\n<meta property=\"article:publisher\" content=\"https:\/\/facebook.com\/gaveaNews\/\" \/>\n<meta property=\"article:published_time\" content=\"2022-08-14T22:35:15+00:00\" \/>\n<meta property=\"article:modified_time\" content=\"2024-04-07T02:22:10+00:00\" \/>\n<meta property=\"og:image\" content=\"https:\/\/www.gaveanews.com\/wp-content\/uploads\/Pedro-e-Gabigol-em-goleada-do-Flamengo-sobre-o-Tolima-na-Libertadores-2022.webp\" \/>\n\t<meta property=\"og:image:width\" content=\"800\" \/>\n\t<meta property=\"og:image:height\" content=\"531\" \/>\n\t<meta property=\"og:image:type\" content=\"image\/jpeg\" \/>\n<meta name=\"author\" content=\"Equipe G\u00e1vea News\" \/>\n<meta name=\"twitter:card\" content=\"summary_large_image\" \/>\n<meta name=\"twitter:label1\" content=\"Escrito por\" \/>\n\t<meta name=\"twitter:data1\" content=\"Equipe G\u00e1vea News\" \/>\n\t<meta name=\"twitter:label2\" content=\"Est. tempo de leitura\" \/>\n\t<meta name=\"twitter:data2\" content=\"3 minutos\" \/>\n<script type=\"application\/ld+json\" class=\"yoast-schema-graph\">{\"@context\":\"https:\/\/schema.org\",\"@graph\":[{\"@type\":\"NewsArticle\",\"@id\":\"https:\/\/www.gaveanews.com\/index.php\/2022\/08\/14\/auxiliar-da-pista-e-atacante-do-flamengo-pode-ser-convocado-por-tite-para-a-copa-do-mundo\/#article\",\"isPartOf\":{\"@id\":\"https:\/\/www.gaveanews.com\/index.php\/2022\/08\/14\/auxiliar-da-pista-e-atacante-do-flamengo-pode-ser-convocado-por-tite-para-a-copa-do-mundo\/\"},\"author\":{\"name\":\"Equipe G\u00e1vea News\",\"@id\":\"https:\/\/www.gaveanews.com\/#\/schema\/person\/2ec14f73fb96be2caf28f91afb14749d\"},\"headline\":\"Auxiliar d\u00e1 &#8216;pista&#8217; e atacante do Flamengo pode ser convocado por Tite para a Copa do Mundo\",\"datePublished\":\"2022-08-14T22:35:15+00:00\",\"dateModified\":\"2024-04-07T02:22:10+00:00\",\"mainEntityOfPage\":{\"@id\":\"https:\/\/www.gaveanews.com\/index.php\/2022\/08\/14\/auxiliar-da-pista-e-atacante-do-flamengo-pode-ser-convocado-por-tite-para-a-copa-do-mundo\/\"},\"wordCount\":451,\"commentCount\":0,\"image\":{\"@id\":\"https:\/\/www.gaveanews.com\/index.php\/2022\/08\/14\/auxiliar-da-pista-e-atacante-do-flamengo-pode-ser-convocado-por-tite-para-a-copa-do-mundo\/#primaryimage\"},\"thumbnailUrl\":\"https:\/\/www.gaveanews.com\/wp-content\/uploads\/Pedro-e-Gabigol-em-goleada-do-Flamengo-sobre-o-Tolima-na-Libertadores-2022.webp\",\"keywords\":[\"Adenor Leonardo Bachi\"],\"articleSection\":[\"Destaques\"],\"inLanguage\":\"pt-BR\",\"potentialAction\":[{\"@type\":\"CommentAction\",\"name\":\"Comment\",\"target\":[\"https:\/\/www.gaveanews.com\/index.php\/2022\/08\/14\/auxiliar-da-pista-e-atacante-do-flamengo-pode-ser-convocado-por-tite-para-a-copa-do-mundo\/#respond\"]}],\"copyrightYear\":\"2022\",\"copyrightHolder\":{\"@id\":\"https:\/\/www.gaveanews.com\/#organization\"}},{\"@type\":\"WebPage\",\"@id\":\"https:\/\/www.gaveanews.com\/index.php\/2022\/08\/14\/auxiliar-da-pista-e-atacante-do-flamengo-pode-ser-convocado-por-tite-para-a-copa-do-mundo\/\",\"url\":\"https:\/\/www.gaveanews.com\/index.php\/2022\/08\/14\/auxiliar-da-pista-e-atacante-do-flamengo-pode-ser-convocado-por-tite-para-a-copa-do-mundo\/\",\"name\":\"Auxiliar d\u00e1 'pista' e atacante do Flamengo pode ser convocado por Tite para a Copa do Mundo\",\"isPartOf\":{\"@id\":\"https:\/\/www.gaveanews.com\/#website\"},\"primaryImageOfPage\":{\"@id\":\"https:\/\/www.gaveanews.com\/index.php\/2022\/08\/14\/auxiliar-da-pista-e-atacante-do-flamengo-pode-ser-convocado-por-tite-para-a-copa-do-mundo\/#primaryimage\"},\"image\":{\"@id\":\"https:\/\/www.gaveanews.com\/index.php\/2022\/08\/14\/auxiliar-da-pista-e-atacante-do-flamengo-pode-ser-convocado-por-tite-para-a-copa-do-mundo\/#primaryimage\"},\"thumbnailUrl\":\"https:\/\/www.gaveanews.com\/wp-content\/uploads\/Pedro-e-Gabigol-em-goleada-do-Flamengo-sobre-o-Tolima-na-Libertadores-2022.webp\",\"datePublished\":\"2022-08-14T22:35:15+00:00\",\"dateModified\":\"2024-04-07T02:22:10+00:00\",\"author\":{\"@id\":\"https:\/\/www.gaveanews.com\/#\/schema\/person\/2ec14f73fb96be2caf28f91afb14749d\"},\"breadcrumb\":{\"@id\":\"https:\/\/www.gaveanews.com\/index.php\/2022\/08\/14\/auxiliar-da-pista-e-atacante-do-flamengo-pode-ser-convocado-por-tite-para-a-copa-do-mundo\/#breadcrumb\"},\"inLanguage\":\"pt-BR\",\"potentialAction\":[{\"@type\":\"ReadAction\",\"target\":[\"https:\/\/www.gaveanews.com\/index.php\/2022\/08\/14\/auxiliar-da-pista-e-atacante-do-flamengo-pode-ser-convocado-por-tite-para-a-copa-do-mundo\/\"]}]},{\"@type\":\"ImageObject\",\"inLanguage\":\"pt-BR\",\"@id\":\"https:\/\/www.gaveanews.com\/index.php\/2022\/08\/14\/auxiliar-da-pista-e-atacante-do-flamengo-pode-ser-convocado-por-tite-para-a-copa-do-mundo\/#primaryimage\",\"url\":\"https:\/\/www.gaveanews.com\/wp-content\/uploads\/Pedro-e-Gabigol-em-goleada-do-Flamengo-sobre-o-Tolima-na-Libertadores-2022.webp\",\"contentUrl\":\"https:\/\/www.gaveanews.com\/wp-content\/uploads\/Pedro-e-Gabigol-em-goleada-do-Flamengo-sobre-o-Tolima-na-Libertadores-2022.webp\",\"width\":800,\"height\":531,\"caption\":\"Pedro e Gabigol em goleada do Flamengo sobre o Tolima na Libertadores 2022 (Foto: Marcelo Cortes\/Flamengo)\"},{\"@type\":\"BreadcrumbList\",\"@id\":\"https:\/\/www.gaveanews.com\/index.php\/2022\/08\/14\/auxiliar-da-pista-e-atacante-do-flamengo-pode-ser-convocado-por-tite-para-a-copa-do-mundo\/#breadcrumb\",\"itemListElement\":[{\"@type\":\"ListItem\",\"position\":1,\"name\":\"Home\",\"item\":\"https:\/\/www.gaveanews.com\/\"},{\"@type\":\"ListItem\",\"position\":2,\"name\":\"Auxiliar d\u00e1 &#8216;pista&#8217; e atacante do Flamengo pode ser convocado por Tite para a Copa do Mundo\"}]},{\"@type\":\"WebSite\",\"@id\":\"https:\/\/www.gaveanews.com\/#website\",\"url\":\"https:\/\/www.gaveanews.com\/\",\"name\":\"G\u00e1vea News\",\"description\":\"Veja todas as not\u00edcias sobre o Flamengo: Contrata\u00e7\u00f5es, categorias de base, resultados das partidas, tabela de classifica\u00e7\u00e3o, pr\u00f3ximos jogos!\",\"potentialAction\":[{\"@type\":\"SearchAction\",\"target\":{\"@type\":\"EntryPoint\",\"urlTemplate\":\"https:\/\/www.gaveanews.com\/?s={search_term_string}\"},\"query-input\":{\"@type\":\"PropertyValueSpecification\",\"valueRequired\":true,\"valueName\":\"search_term_string\"}}],\"inLanguage\":\"pt-BR\"},{\"@type\":\"Person\",\"@id\":\"https:\/\/www.gaveanews.com\/#\/schema\/person\/2ec14f73fb96be2caf28f91afb14749d\",\"name\":\"Equipe G\u00e1vea News\",\"image\":{\"@type\":\"ImageObject\",\"inLanguage\":\"pt-BR\",\"@id\":\"https:\/\/www.gaveanews.com\/#\/schema\/person\/image\/\",\"url\":\"https:\/\/secure.gravatar.com\/avatar\/1e1956f1facbffd3f8fa53a326721950116b3b9dc9bd44939c01180fd4a745a9?s=96&d=mm&r=g\",\"contentUrl\":\"https:\/\/secure.gravatar.com\/avatar\/1e1956f1facbffd3f8fa53a326721950116b3b9dc9bd44939c01180fd4a745a9?s=96&d=mm&r=g\",\"caption\":\"Equipe G\u00e1vea News\"}}]}<\/script>\n<!-- \/ Yoast SEO Premium plugin. -->","yoast_head_json":{"title":"Auxiliar d\u00e1 'pista' e atacante do Flamengo pode ser convocado por Tite para a Copa do Mundo","robots":{"index":"index","follow":"follow","max-snippet":"max-snippet:-1","max-image-preview":"max-image-preview:large","max-video-preview":"max-video-preview:-1"},"canonical":"https:\/\/www.gaveanews.com\/index.php\/2022\/08\/14\/auxiliar-da-pista-e-atacante-do-flamengo-pode-ser-convocado-por-tite-para-a-copa-do-mundo\/","og_locale":"pt_BR","og_type":"article","og_title":"Auxiliar d\u00e1 'pista' e atacante do Flamengo pode ser convocado por Tite para a Copa do Mundo","og_description":"A sele\u00e7\u00e3o brasileira est\u00e1 com diversas posi\u00e7\u00f5es definidas para a Copa do Mundo 2022. Mas, no ataque, jogadores como Pedro, Gabigol, Antony, e Gabriel Jesus disputam posi\u00e7\u00e3o entre os 26 de Tite. Cl\u00e9ber Xavier, auxiliar t\u00e9cnico de Tite desde 2001, quando o treinador da sele\u00e7\u00e3o brasileira estava no Gr\u00eamio e onde foram campe\u00f5es da Copa [&hellip;]","og_url":"https:\/\/www.gaveanews.com\/index.php\/2022\/08\/14\/auxiliar-da-pista-e-atacante-do-flamengo-pode-ser-convocado-por-tite-para-a-copa-do-mundo\/","og_site_name":"G\u00e1vea News","article_publisher":"https:\/\/facebook.com\/gaveaNews\/","article_published_time":"2022-08-14T22:35:15+00:00","article_modified_time":"2024-04-07T02:22:10+00:00","og_image":[{"width":800,"height":531,"url":"https:\/\/www.gaveanews.com\/wp-content\/uploads\/Pedro-e-Gabigol-em-goleada-do-Flamengo-sobre-o-Tolima-na-Libertadores-2022.webp","type":"image\/jpeg"}],"author":"Equipe G\u00e1vea News","twitter_card":"summary_large_image","twitter_misc":{"Escrito por":"Equipe G\u00e1vea News","Est. tempo de leitura":"3 minutos"},"schema":{"@context":"https:\/\/schema.org","@graph":[{"@type":"NewsArticle","@id":"https:\/\/www.gaveanews.com\/index.php\/2022\/08\/14\/auxiliar-da-pista-e-atacante-do-flamengo-pode-ser-convocado-por-tite-para-a-copa-do-mundo\/#article","isPartOf":{"@id":"https:\/\/www.gaveanews.com\/index.php\/2022\/08\/14\/auxiliar-da-pista-e-atacante-do-flamengo-pode-ser-convocado-por-tite-para-a-copa-do-mundo\/"},"author":{"name":"Equipe G\u00e1vea News","@id":"https:\/\/www.gaveanews.com\/#\/schema\/person\/2ec14f73fb96be2caf28f91afb14749d"},"headline":"Auxiliar d\u00e1 &#8216;pista&#8217; e atacante do Flamengo pode ser convocado por Tite para a Copa do Mundo","datePublished":"2022-08-14T22:35:15+00:00","dateModified":"2024-04-07T02:22:10+00:00","mainEntityOfPage":{"@id":"https:\/\/www.gaveanews.com\/index.php\/2022\/08\/14\/auxiliar-da-pista-e-atacante-do-flamengo-pode-ser-convocado-por-tite-para-a-copa-do-mundo\/"},"wordCount":451,"commentCount":0,"image":{"@id":"https:\/\/www.gaveanews.com\/index.php\/2022\/08\/14\/auxiliar-da-pista-e-atacante-do-flamengo-pode-ser-convocado-por-tite-para-a-copa-do-mundo\/#primaryimage"},"thumbnailUrl":"https:\/\/www.gaveanews.com\/wp-content\/uploads\/Pedro-e-Gabigol-em-goleada-do-Flamengo-sobre-o-Tolima-na-Libertadores-2022.webp","keywords":["Adenor Leonardo Bachi"],"articleSection":["Destaques"],"inLanguage":"pt-BR","potentialAction":[{"@type":"CommentAction","name":"Comment","target":["https:\/\/www.gaveanews.com\/index.php\/2022\/08\/14\/auxiliar-da-pista-e-atacante-do-flamengo-pode-ser-convocado-por-tite-para-a-copa-do-mundo\/#respond"]}],"copyrightYear":"2022","copyrightHolder":{"@id":"https:\/\/www.gaveanews.com\/#organization"}},{"@type":"WebPage","@id":"https:\/\/www.gaveanews.com\/index.php\/2022\/08\/14\/auxiliar-da-pista-e-atacante-do-flamengo-pode-ser-convocado-por-tite-para-a-copa-do-mundo\/","url":"https:\/\/www.gaveanews.com\/index.php\/2022\/08\/14\/auxiliar-da-pista-e-atacante-do-flamengo-pode-ser-convocado-por-tite-para-a-copa-do-mundo\/","name":"Auxiliar d\u00e1 'pista' e atacante do Flamengo pode ser convocado por Tite para a Copa do Mundo","isPartOf":{"@id":"https:\/\/www.gaveanews.com\/#website"},"primaryImageOfPage":{"@id":"https:\/\/www.gaveanews.com\/index.php\/2022\/08\/14\/auxiliar-da-pista-e-atacante-do-flamengo-pode-ser-convocado-por-tite-para-a-copa-do-mundo\/#primaryimage"},"image":{"@id":"https:\/\/www.gaveanews.com\/index.php\/2022\/08\/14\/auxiliar-da-pista-e-atacante-do-flamengo-pode-ser-convocado-por-tite-para-a-copa-do-mundo\/#primaryimage"},"thumbnailUrl":"https:\/\/www.gaveanews.com\/wp-content\/uploads\/Pedro-e-Gabigol-em-goleada-do-Flamengo-sobre-o-Tolima-na-Libertadores-2022.webp","datePublished":"2022-08-14T22:35:15+00:00","dateModified":"2024-04-07T02:22:10+00:00","author":{"@id":"https:\/\/www.gaveanews.com\/#\/schema\/person\/2ec14f73fb96be2caf28f91afb14749d"},"breadcrumb":{"@id":"https:\/\/www.gaveanews.com\/index.php\/2022\/08\/14\/auxiliar-da-pista-e-atacante-do-flamengo-pode-ser-convocado-por-tite-para-a-copa-do-mundo\/#breadcrumb"},"inLanguage":"pt-BR","potentialAction":[{"@type":"ReadAction","target":["https:\/\/www.gaveanews.com\/index.php\/2022\/08\/14\/auxiliar-da-pista-e-atacante-do-flamengo-pode-ser-convocado-por-tite-para-a-copa-do-mundo\/"]}]},{"@type":"ImageObject","inLanguage":"pt-BR","@id":"https:\/\/www.gaveanews.com\/index.php\/2022\/08\/14\/auxiliar-da-pista-e-atacante-do-flamengo-pode-ser-convocado-por-tite-para-a-copa-do-mundo\/#primaryimage","url":"https:\/\/www.gaveanews.com\/wp-content\/uploads\/Pedro-e-Gabigol-em-goleada-do-Flamengo-sobre-o-Tolima-na-Libertadores-2022.webp","contentUrl":"https:\/\/www.gaveanews.com\/wp-content\/uploads\/Pedro-e-Gabigol-em-goleada-do-Flamengo-sobre-o-Tolima-na-Libertadores-2022.webp","width":800,"height":531,"caption":"Pedro e Gabigol em goleada do Flamengo sobre o Tolima na Libertadores 2022 (Foto: Marcelo Cortes\/Flamengo)"},{"@type":"BreadcrumbList","@id":"https:\/\/www.gaveanews.com\/index.php\/2022\/08\/14\/auxiliar-da-pista-e-atacante-do-flamengo-pode-ser-convocado-por-tite-para-a-copa-do-mundo\/#breadcrumb","itemListElement":[{"@type":"ListItem","position":1,"name":"Home","item":"https:\/\/www.gaveanews.com\/"},{"@type":"ListItem","position":2,"name":"Auxiliar d\u00e1 &#8216;pista&#8217; e atacante do Flamengo pode ser convocado por Tite para a Copa do Mundo"}]},{"@type":"WebSite","@id":"https:\/\/www.gaveanews.com\/#website","url":"https:\/\/www.gaveanews.com\/","name":"G\u00e1vea News","description":"Veja todas as not\u00edcias sobre o Flamengo: Contrata\u00e7\u00f5es, categorias de base, resultados das partidas, tabela de classifica\u00e7\u00e3o, pr\u00f3ximos jogos!","potentialAction":[{"@type":"SearchAction","target":{"@type":"EntryPoint","urlTemplate":"https:\/\/www.gaveanews.com\/?s={search_term_string}"},"query-input":{"@type":"PropertyValueSpecification","valueRequired":true,"valueName":"search_term_string"}}],"inLanguage":"pt-BR"},{"@type":"Person","@id":"https:\/\/www.gaveanews.com\/#\/schema\/person\/2ec14f73fb96be2caf28f91afb14749d","name":"Equipe G\u00e1vea News","image":{"@type":"ImageObject","inLanguage":"pt-BR","@id":"https:\/\/www.gaveanews.com\/#\/schema\/person\/image\/","url":"https:\/\/secure.gravatar.com\/avatar\/1e1956f1facbffd3f8fa53a326721950116b3b9dc9bd44939c01180fd4a745a9?s=96&d=mm&r=g","contentUrl":"https:\/\/secure.gravatar.com\/avatar\/1e1956f1facbffd3f8fa53a326721950116b3b9dc9bd44939c01180fd4a745a9?s=96&d=mm&r=g","caption":"Equipe G\u00e1vea News"}}]}},"_links":{"self":[{"href":"https:\/\/www.gaveanews.com\/index.php\/wp-json\/wp\/v2\/posts\/85901","targetHints":{"allow":["GET"]}}],"collection":[{"href":"https:\/\/www.gaveanews.com\/index.php\/wp-json\/wp\/v2\/posts"}],"about":[{"href":"https:\/\/www.gaveanews.com\/index.php\/wp-json\/wp\/v2\/types\/post"}],"author":[{"embeddable":true,"href":"https:\/\/www.gaveanews.com\/index.php\/wp-json\/wp\/v2\/users\/1"}],"replies":[{"embeddable":true,"href":"https:\/\/www.gaveanews.com\/index.php\/wp-json\/wp\/v2\/comments?post=85901"}],"version-history":[{"count":1,"href":"https:\/\/www.gaveanews.com\/index.php\/wp-json\/wp\/v2\/posts\/85901\/revisions"}],"predecessor-version":[{"id":135045,"href":"https:\/\/www.gaveanews.com\/index.php\/wp-json\/wp\/v2\/posts\/85901\/revisions\/135045"}],"wp:featuredmedia":[{"embeddable":true,"href":"https:\/\/www.gaveanews.com\/index.php\/wp-json\/wp\/v2\/media\/84422"}],"wp:attachment":[{"href":"https:\/\/www.gaveanews.com\/index.php\/wp-json\/wp\/v2\/media?parent=85901"}],"wp:term":[{"taxonomy":"category","embeddable":true,"href":"https:\/\/www.gaveanews.com\/index.php\/wp-json\/wp\/v2\/categories?post=85901"},{"taxonomy":"post_tag","embeddable":true,"href":"https:\/\/www.gaveanews.com\/index.php\/wp-json\/wp\/v2\/tags?post=85901"}],"curies":[{"name":"wp","href":"https:\/\/api.w.org\/{rel}","templated":true}]}}