{"id":85990,"date":"2022-08-16T19:30:28","date_gmt":"2022-08-16T22:30:28","guid":{"rendered":"https:\/\/www.gaveanews.com\/?p=85990"},"modified":"2022-08-16T19:30:32","modified_gmt":"2022-08-16T22:30:32","slug":"vitinho-pode-deixar-o-flamengo-nas-proximas-semanas","status":"publish","type":"post","link":"https:\/\/www.gaveanews.com\/index.php\/2022\/08\/16\/vitinho-pode-deixar-o-flamengo-nas-proximas-semanas\/","title":{"rendered":"Vitinho pode deixar o Flamengo nas pr\u00f3ximas semanas"},"content":{"rendered":"\n<p>Com a decis\u00e3o de Flamengo e Vitinho de n\u00e3o renovarem o contrato do meia-atacante, que termina em dezembro deste ano, o jogador virou alvo do mercado, especialmente de intermedi\u00e1rios que enxergam no camisa 11 uma boa oportunidade de neg\u00f3cio. Segundo soube a &#8216;Goal&#8217;, s\u00e3o v\u00e1rios os empres\u00e1rios que est\u00e3o trabalhando na tentativa de levar uma proposta que atraia o jogador ainda nesta janela de transfer\u00eancias, ou seja, at\u00e9 as pr\u00f3ximas semanas.<\/p>\n\n\n\n<p>Recentemente, Vitinho recebeu uma oferta do Panathinaikos, da Gr\u00e9cia, que n\u00e3o teve avan\u00e7o. O clube grego n\u00e3o descartou completamente uma nova investida, mas deve aguardar os \u00faltimos dias de janela de transfer\u00eancias no pa\u00eds. Ainda segundo soube a GOAL, o Flamengo n\u00e3o vai fazer muitas exig\u00eancias, mas quer manter ao menos um percentual de uma futura venda.<\/p>\n\n\n\n<p>Em junho, o Flamengo chegou a receber uma proposta de uma equipe do M\u00e9xico pelo jogador, mas recusou de pronto. No entendimento da diretoria, n\u00e3o h\u00e1 pressa pela sa\u00edda do jogador mesmo com o contrato se encerrando em dezembro. Caso n\u00e3o chegue algo que o clube entenda ser vantajoso, o atacante seguir\u00e1 fazendo parte do elenco at\u00e9 o final de seu contrato.<\/p>\n\n\n\n<p>A decis\u00e3o por uma n\u00e3o renova\u00e7\u00e3o, passa pelo tempo em que Vitinho est\u00e1 no Flamengo e o desgaste na rela\u00e7\u00e3o, especialmente com o torcedor. As partes entendem que, neste momento de reformula\u00e7\u00e3o, o melhor caminho para os dois lados seja mesmo a separa\u00e7\u00e3o. Vale ressaltar que no in\u00edcio da temporada, tanto o rubro-negro quanto o estafe do jogador, ensaiaram uma renova\u00e7\u00e3o, que acabou n\u00e3o acontecendo.<\/p>\n\n\n\n<p>Vitinho foi comprado junto ao CSKA em 2018 por 10 milh\u00f5es de euros. Na ocasi\u00e3o, foi a maior compra da hist\u00f3ria do clube. De l\u00e1 para c\u00e1, o jogador anotou 29 gols e deu 33 assist\u00eancias com a camisa Rubro-Negra. O camisa 11 conquistou v\u00e1rios t\u00edtulos pelo Rubro-Negro, mas n\u00e3o alcan\u00e7ou o protagonismo esperado em sua chegada.<\/p>\n\n\n\n<p>Retirado de: Goal<\/p>\n","protected":false},"excerpt":{"rendered":"<p>Com a decis\u00e3o de Flamengo e Vitinho de n\u00e3o renovarem o contrato do meia-atacante, que termina em dezembro deste ano, o jogador virou alvo do mercado, especialmente de intermedi\u00e1rios que enxergam no camisa 11 uma boa oportunidade de neg\u00f3cio. Segundo soube a &#8216;Goal&#8217;, s\u00e3o v\u00e1rios os empres\u00e1rios que est\u00e3o trabalhando na tentativa de levar uma [&hellip;]<\/p>\n","protected":false},"author":1,"featured_media":85012,"comment_status":"open","ping_status":"closed","sticky":false,"template":"","format":"standard","meta":{"footnotes":""},"categories":[48],"tags":[],"class_list":["post-85990","post","type-post","status-publish","format-standard","has-post-thumbnail","hentry","category-negociacoes"],"yoast_head":"<!-- This site is optimized with the Yoast SEO Premium plugin v24.2 (Yoast SEO v26.9) - https:\/\/yoast.com\/product\/yoast-seo-premium-wordpress\/ -->\n<title>Vitinho pode deixar o Flamengo nas pr\u00f3ximas semanas<\/title>\n<meta name=\"robots\" content=\"index, follow, max-snippet:-1, max-image-preview:large, max-video-preview:-1\" \/>\n<link rel=\"canonical\" href=\"https:\/\/www.gaveanews.com\/index.php\/2022\/08\/16\/vitinho-pode-deixar-o-flamengo-nas-proximas-semanas\/\" \/>\n<meta property=\"og:locale\" content=\"pt_BR\" \/>\n<meta property=\"og:type\" content=\"article\" \/>\n<meta property=\"og:title\" content=\"Vitinho pode deixar o Flamengo nas pr\u00f3ximas semanas\" \/>\n<meta property=\"og:description\" content=\"Com a decis\u00e3o de Flamengo e Vitinho de n\u00e3o renovarem o contrato do meia-atacante, que termina em dezembro deste ano, o jogador virou alvo do mercado, especialmente de intermedi\u00e1rios que enxergam no camisa 11 uma boa oportunidade de neg\u00f3cio. Segundo soube a &#8216;Goal&#8217;, s\u00e3o v\u00e1rios os empres\u00e1rios que est\u00e3o trabalhando na tentativa de levar uma [&hellip;]\" \/>\n<meta property=\"og:url\" content=\"https:\/\/www.gaveanews.com\/index.php\/2022\/08\/16\/vitinho-pode-deixar-o-flamengo-nas-proximas-semanas\/\" \/>\n<meta property=\"og:site_name\" content=\"G\u00e1vea News\" \/>\n<meta property=\"article:publisher\" content=\"https:\/\/facebook.com\/gaveaNews\/\" \/>\n<meta property=\"article:published_time\" content=\"2022-08-16T22:30:28+00:00\" \/>\n<meta property=\"article:modified_time\" content=\"2022-08-16T22:30:32+00:00\" \/>\n<meta property=\"og:image\" content=\"https:\/\/www.gaveanews.com\/wp-content\/uploads\/Vitinho-em-jogo-do-Flamengo-contra-o-Juventude-no-Mane-Garrincha.webp\" \/>\n\t<meta property=\"og:image:width\" content=\"800\" \/>\n\t<meta property=\"og:image:height\" content=\"533\" \/>\n\t<meta property=\"og:image:type\" content=\"image\/jpeg\" \/>\n<meta name=\"author\" content=\"Equipe G\u00e1vea News\" \/>\n<meta name=\"twitter:card\" content=\"summary_large_image\" \/>\n<meta name=\"twitter:label1\" content=\"Escrito por\" \/>\n\t<meta name=\"twitter:data1\" content=\"Equipe G\u00e1vea News\" \/>\n\t<meta name=\"twitter:label2\" content=\"Est. tempo de leitura\" \/>\n\t<meta name=\"twitter:data2\" content=\"2 minutos\" \/>\n<script type=\"application\/ld+json\" class=\"yoast-schema-graph\">{\"@context\":\"https:\/\/schema.org\",\"@graph\":[{\"@type\":\"NewsArticle\",\"@id\":\"https:\/\/www.gaveanews.com\/index.php\/2022\/08\/16\/vitinho-pode-deixar-o-flamengo-nas-proximas-semanas\/#article\",\"isPartOf\":{\"@id\":\"https:\/\/www.gaveanews.com\/index.php\/2022\/08\/16\/vitinho-pode-deixar-o-flamengo-nas-proximas-semanas\/\"},\"author\":{\"name\":\"Equipe G\u00e1vea News\",\"@id\":\"https:\/\/www.gaveanews.com\/#\/schema\/person\/2ec14f73fb96be2caf28f91afb14749d\"},\"headline\":\"Vitinho pode deixar o Flamengo nas pr\u00f3ximas semanas\",\"datePublished\":\"2022-08-16T22:30:28+00:00\",\"dateModified\":\"2022-08-16T22:30:32+00:00\",\"mainEntityOfPage\":{\"@id\":\"https:\/\/www.gaveanews.com\/index.php\/2022\/08\/16\/vitinho-pode-deixar-o-flamengo-nas-proximas-semanas\/\"},\"wordCount\":357,\"commentCount\":0,\"image\":{\"@id\":\"https:\/\/www.gaveanews.com\/index.php\/2022\/08\/16\/vitinho-pode-deixar-o-flamengo-nas-proximas-semanas\/#primaryimage\"},\"thumbnailUrl\":\"https:\/\/www.gaveanews.com\/wp-content\/uploads\/Vitinho-em-jogo-do-Flamengo-contra-o-Juventude-no-Mane-Garrincha.webp\",\"articleSection\":[\"Negocia\u00e7\u00f5es\"],\"inLanguage\":\"pt-BR\",\"potentialAction\":[{\"@type\":\"CommentAction\",\"name\":\"Comment\",\"target\":[\"https:\/\/www.gaveanews.com\/index.php\/2022\/08\/16\/vitinho-pode-deixar-o-flamengo-nas-proximas-semanas\/#respond\"]}],\"copyrightYear\":\"2022\",\"copyrightHolder\":{\"@id\":\"https:\/\/www.gaveanews.com\/#organization\"}},{\"@type\":\"WebPage\",\"@id\":\"https:\/\/www.gaveanews.com\/index.php\/2022\/08\/16\/vitinho-pode-deixar-o-flamengo-nas-proximas-semanas\/\",\"url\":\"https:\/\/www.gaveanews.com\/index.php\/2022\/08\/16\/vitinho-pode-deixar-o-flamengo-nas-proximas-semanas\/\",\"name\":\"Vitinho pode deixar o Flamengo nas pr\u00f3ximas semanas\",\"isPartOf\":{\"@id\":\"https:\/\/www.gaveanews.com\/#website\"},\"primaryImageOfPage\":{\"@id\":\"https:\/\/www.gaveanews.com\/index.php\/2022\/08\/16\/vitinho-pode-deixar-o-flamengo-nas-proximas-semanas\/#primaryimage\"},\"image\":{\"@id\":\"https:\/\/www.gaveanews.com\/index.php\/2022\/08\/16\/vitinho-pode-deixar-o-flamengo-nas-proximas-semanas\/#primaryimage\"},\"thumbnailUrl\":\"https:\/\/www.gaveanews.com\/wp-content\/uploads\/Vitinho-em-jogo-do-Flamengo-contra-o-Juventude-no-Mane-Garrincha.webp\",\"datePublished\":\"2022-08-16T22:30:28+00:00\",\"dateModified\":\"2022-08-16T22:30:32+00:00\",\"author\":{\"@id\":\"https:\/\/www.gaveanews.com\/#\/schema\/person\/2ec14f73fb96be2caf28f91afb14749d\"},\"breadcrumb\":{\"@id\":\"https:\/\/www.gaveanews.com\/index.php\/2022\/08\/16\/vitinho-pode-deixar-o-flamengo-nas-proximas-semanas\/#breadcrumb\"},\"inLanguage\":\"pt-BR\",\"potentialAction\":[{\"@type\":\"ReadAction\",\"target\":[\"https:\/\/www.gaveanews.com\/index.php\/2022\/08\/16\/vitinho-pode-deixar-o-flamengo-nas-proximas-semanas\/\"]}]},{\"@type\":\"ImageObject\",\"inLanguage\":\"pt-BR\",\"@id\":\"https:\/\/www.gaveanews.com\/index.php\/2022\/08\/16\/vitinho-pode-deixar-o-flamengo-nas-proximas-semanas\/#primaryimage\",\"url\":\"https:\/\/www.gaveanews.com\/wp-content\/uploads\/Vitinho-em-jogo-do-Flamengo-contra-o-Juventude-no-Mane-Garrincha.webp\",\"contentUrl\":\"https:\/\/www.gaveanews.com\/wp-content\/uploads\/Vitinho-em-jogo-do-Flamengo-contra-o-Juventude-no-Mane-Garrincha.webp\",\"width\":800,\"height\":533,\"caption\":\"Vitinho em jogo do Flamengo contra o Juventude no Man\u00e9 Garrincha (Foto: Marcelo Cortes\/Flamengo)\"},{\"@type\":\"BreadcrumbList\",\"@id\":\"https:\/\/www.gaveanews.com\/index.php\/2022\/08\/16\/vitinho-pode-deixar-o-flamengo-nas-proximas-semanas\/#breadcrumb\",\"itemListElement\":[{\"@type\":\"ListItem\",\"position\":1,\"name\":\"Home\",\"item\":\"https:\/\/www.gaveanews.com\/\"},{\"@type\":\"ListItem\",\"position\":2,\"name\":\"Vitinho pode deixar o Flamengo nas pr\u00f3ximas semanas\"}]},{\"@type\":\"WebSite\",\"@id\":\"https:\/\/www.gaveanews.com\/#website\",\"url\":\"https:\/\/www.gaveanews.com\/\",\"name\":\"G\u00e1vea News\",\"description\":\"Veja todas as not\u00edcias sobre o Flamengo: Contrata\u00e7\u00f5es, categorias de base, resultados das partidas, tabela de classifica\u00e7\u00e3o, pr\u00f3ximos jogos!\",\"potentialAction\":[{\"@type\":\"SearchAction\",\"target\":{\"@type\":\"EntryPoint\",\"urlTemplate\":\"https:\/\/www.gaveanews.com\/?s={search_term_string}\"},\"query-input\":{\"@type\":\"PropertyValueSpecification\",\"valueRequired\":true,\"valueName\":\"search_term_string\"}}],\"inLanguage\":\"pt-BR\"},{\"@type\":\"Person\",\"@id\":\"https:\/\/www.gaveanews.com\/#\/schema\/person\/2ec14f73fb96be2caf28f91afb14749d\",\"name\":\"Equipe G\u00e1vea News\",\"image\":{\"@type\":\"ImageObject\",\"inLanguage\":\"pt-BR\",\"@id\":\"https:\/\/www.gaveanews.com\/#\/schema\/person\/image\/\",\"url\":\"https:\/\/secure.gravatar.com\/avatar\/1e1956f1facbffd3f8fa53a326721950116b3b9dc9bd44939c01180fd4a745a9?s=96&d=mm&r=g\",\"contentUrl\":\"https:\/\/secure.gravatar.com\/avatar\/1e1956f1facbffd3f8fa53a326721950116b3b9dc9bd44939c01180fd4a745a9?s=96&d=mm&r=g\",\"caption\":\"Equipe G\u00e1vea News\"}}]}<\/script>\n<!-- \/ Yoast SEO Premium plugin. -->","yoast_head_json":{"title":"Vitinho pode deixar o Flamengo nas pr\u00f3ximas semanas","robots":{"index":"index","follow":"follow","max-snippet":"max-snippet:-1","max-image-preview":"max-image-preview:large","max-video-preview":"max-video-preview:-1"},"canonical":"https:\/\/www.gaveanews.com\/index.php\/2022\/08\/16\/vitinho-pode-deixar-o-flamengo-nas-proximas-semanas\/","og_locale":"pt_BR","og_type":"article","og_title":"Vitinho pode deixar o Flamengo nas pr\u00f3ximas semanas","og_description":"Com a decis\u00e3o de Flamengo e Vitinho de n\u00e3o renovarem o contrato do meia-atacante, que termina em dezembro deste ano, o jogador virou alvo do mercado, especialmente de intermedi\u00e1rios que enxergam no camisa 11 uma boa oportunidade de neg\u00f3cio. Segundo soube a &#8216;Goal&#8217;, s\u00e3o v\u00e1rios os empres\u00e1rios que est\u00e3o trabalhando na tentativa de levar uma [&hellip;]","og_url":"https:\/\/www.gaveanews.com\/index.php\/2022\/08\/16\/vitinho-pode-deixar-o-flamengo-nas-proximas-semanas\/","og_site_name":"G\u00e1vea News","article_publisher":"https:\/\/facebook.com\/gaveaNews\/","article_published_time":"2022-08-16T22:30:28+00:00","article_modified_time":"2022-08-16T22:30:32+00:00","og_image":[{"width":800,"height":533,"url":"https:\/\/www.gaveanews.com\/wp-content\/uploads\/Vitinho-em-jogo-do-Flamengo-contra-o-Juventude-no-Mane-Garrincha.webp","type":"image\/jpeg"}],"author":"Equipe G\u00e1vea News","twitter_card":"summary_large_image","twitter_misc":{"Escrito por":"Equipe G\u00e1vea News","Est. tempo de leitura":"2 minutos"},"schema":{"@context":"https:\/\/schema.org","@graph":[{"@type":"NewsArticle","@id":"https:\/\/www.gaveanews.com\/index.php\/2022\/08\/16\/vitinho-pode-deixar-o-flamengo-nas-proximas-semanas\/#article","isPartOf":{"@id":"https:\/\/www.gaveanews.com\/index.php\/2022\/08\/16\/vitinho-pode-deixar-o-flamengo-nas-proximas-semanas\/"},"author":{"name":"Equipe G\u00e1vea News","@id":"https:\/\/www.gaveanews.com\/#\/schema\/person\/2ec14f73fb96be2caf28f91afb14749d"},"headline":"Vitinho pode deixar o Flamengo nas pr\u00f3ximas semanas","datePublished":"2022-08-16T22:30:28+00:00","dateModified":"2022-08-16T22:30:32+00:00","mainEntityOfPage":{"@id":"https:\/\/www.gaveanews.com\/index.php\/2022\/08\/16\/vitinho-pode-deixar-o-flamengo-nas-proximas-semanas\/"},"wordCount":357,"commentCount":0,"image":{"@id":"https:\/\/www.gaveanews.com\/index.php\/2022\/08\/16\/vitinho-pode-deixar-o-flamengo-nas-proximas-semanas\/#primaryimage"},"thumbnailUrl":"https:\/\/www.gaveanews.com\/wp-content\/uploads\/Vitinho-em-jogo-do-Flamengo-contra-o-Juventude-no-Mane-Garrincha.webp","articleSection":["Negocia\u00e7\u00f5es"],"inLanguage":"pt-BR","potentialAction":[{"@type":"CommentAction","name":"Comment","target":["https:\/\/www.gaveanews.com\/index.php\/2022\/08\/16\/vitinho-pode-deixar-o-flamengo-nas-proximas-semanas\/#respond"]}],"copyrightYear":"2022","copyrightHolder":{"@id":"https:\/\/www.gaveanews.com\/#organization"}},{"@type":"WebPage","@id":"https:\/\/www.gaveanews.com\/index.php\/2022\/08\/16\/vitinho-pode-deixar-o-flamengo-nas-proximas-semanas\/","url":"https:\/\/www.gaveanews.com\/index.php\/2022\/08\/16\/vitinho-pode-deixar-o-flamengo-nas-proximas-semanas\/","name":"Vitinho pode deixar o Flamengo nas pr\u00f3ximas semanas","isPartOf":{"@id":"https:\/\/www.gaveanews.com\/#website"},"primaryImageOfPage":{"@id":"https:\/\/www.gaveanews.com\/index.php\/2022\/08\/16\/vitinho-pode-deixar-o-flamengo-nas-proximas-semanas\/#primaryimage"},"image":{"@id":"https:\/\/www.gaveanews.com\/index.php\/2022\/08\/16\/vitinho-pode-deixar-o-flamengo-nas-proximas-semanas\/#primaryimage"},"thumbnailUrl":"https:\/\/www.gaveanews.com\/wp-content\/uploads\/Vitinho-em-jogo-do-Flamengo-contra-o-Juventude-no-Mane-Garrincha.webp","datePublished":"2022-08-16T22:30:28+00:00","dateModified":"2022-08-16T22:30:32+00:00","author":{"@id":"https:\/\/www.gaveanews.com\/#\/schema\/person\/2ec14f73fb96be2caf28f91afb14749d"},"breadcrumb":{"@id":"https:\/\/www.gaveanews.com\/index.php\/2022\/08\/16\/vitinho-pode-deixar-o-flamengo-nas-proximas-semanas\/#breadcrumb"},"inLanguage":"pt-BR","potentialAction":[{"@type":"ReadAction","target":["https:\/\/www.gaveanews.com\/index.php\/2022\/08\/16\/vitinho-pode-deixar-o-flamengo-nas-proximas-semanas\/"]}]},{"@type":"ImageObject","inLanguage":"pt-BR","@id":"https:\/\/www.gaveanews.com\/index.php\/2022\/08\/16\/vitinho-pode-deixar-o-flamengo-nas-proximas-semanas\/#primaryimage","url":"https:\/\/www.gaveanews.com\/wp-content\/uploads\/Vitinho-em-jogo-do-Flamengo-contra-o-Juventude-no-Mane-Garrincha.webp","contentUrl":"https:\/\/www.gaveanews.com\/wp-content\/uploads\/Vitinho-em-jogo-do-Flamengo-contra-o-Juventude-no-Mane-Garrincha.webp","width":800,"height":533,"caption":"Vitinho em jogo do Flamengo contra o Juventude no Man\u00e9 Garrincha (Foto: Marcelo Cortes\/Flamengo)"},{"@type":"BreadcrumbList","@id":"https:\/\/www.gaveanews.com\/index.php\/2022\/08\/16\/vitinho-pode-deixar-o-flamengo-nas-proximas-semanas\/#breadcrumb","itemListElement":[{"@type":"ListItem","position":1,"name":"Home","item":"https:\/\/www.gaveanews.com\/"},{"@type":"ListItem","position":2,"name":"Vitinho pode deixar o Flamengo nas pr\u00f3ximas semanas"}]},{"@type":"WebSite","@id":"https:\/\/www.gaveanews.com\/#website","url":"https:\/\/www.gaveanews.com\/","name":"G\u00e1vea News","description":"Veja todas as not\u00edcias sobre o Flamengo: Contrata\u00e7\u00f5es, categorias de base, resultados das partidas, tabela de classifica\u00e7\u00e3o, pr\u00f3ximos jogos!","potentialAction":[{"@type":"SearchAction","target":{"@type":"EntryPoint","urlTemplate":"https:\/\/www.gaveanews.com\/?s={search_term_string}"},"query-input":{"@type":"PropertyValueSpecification","valueRequired":true,"valueName":"search_term_string"}}],"inLanguage":"pt-BR"},{"@type":"Person","@id":"https:\/\/www.gaveanews.com\/#\/schema\/person\/2ec14f73fb96be2caf28f91afb14749d","name":"Equipe G\u00e1vea News","image":{"@type":"ImageObject","inLanguage":"pt-BR","@id":"https:\/\/www.gaveanews.com\/#\/schema\/person\/image\/","url":"https:\/\/secure.gravatar.com\/avatar\/1e1956f1facbffd3f8fa53a326721950116b3b9dc9bd44939c01180fd4a745a9?s=96&d=mm&r=g","contentUrl":"https:\/\/secure.gravatar.com\/avatar\/1e1956f1facbffd3f8fa53a326721950116b3b9dc9bd44939c01180fd4a745a9?s=96&d=mm&r=g","caption":"Equipe G\u00e1vea News"}}]}},"_links":{"self":[{"href":"https:\/\/www.gaveanews.com\/index.php\/wp-json\/wp\/v2\/posts\/85990","targetHints":{"allow":["GET"]}}],"collection":[{"href":"https:\/\/www.gaveanews.com\/index.php\/wp-json\/wp\/v2\/posts"}],"about":[{"href":"https:\/\/www.gaveanews.com\/index.php\/wp-json\/wp\/v2\/types\/post"}],"author":[{"embeddable":true,"href":"https:\/\/www.gaveanews.com\/index.php\/wp-json\/wp\/v2\/users\/1"}],"replies":[{"embeddable":true,"href":"https:\/\/www.gaveanews.com\/index.php\/wp-json\/wp\/v2\/comments?post=85990"}],"version-history":[{"count":0,"href":"https:\/\/www.gaveanews.com\/index.php\/wp-json\/wp\/v2\/posts\/85990\/revisions"}],"wp:featuredmedia":[{"embeddable":true,"href":"https:\/\/www.gaveanews.com\/index.php\/wp-json\/wp\/v2\/media\/85012"}],"wp:attachment":[{"href":"https:\/\/www.gaveanews.com\/index.php\/wp-json\/wp\/v2\/media?parent=85990"}],"wp:term":[{"taxonomy":"category","embeddable":true,"href":"https:\/\/www.gaveanews.com\/index.php\/wp-json\/wp\/v2\/categories?post=85990"},{"taxonomy":"post_tag","embeddable":true,"href":"https:\/\/www.gaveanews.com\/index.php\/wp-json\/wp\/v2\/tags?post=85990"}],"curies":[{"name":"wp","href":"https:\/\/api.w.org\/{rel}","templated":true}]}}