{"id":85996,"date":"2022-08-16T21:38:35","date_gmt":"2022-08-17T00:38:35","guid":{"rendered":"https:\/\/www.gaveanews.com\/?p=85996"},"modified":"2022-08-16T21:38:40","modified_gmt":"2022-08-17T00:38:40","slug":"meia-do-flamengo-everton-ribeiro-elogia-dorival-jr-e-manda-indireta-para-paulo-sousa","status":"publish","type":"post","link":"https:\/\/www.gaveanews.com\/index.php\/2022\/08\/16\/meia-do-flamengo-everton-ribeiro-elogia-dorival-jr-e-manda-indireta-para-paulo-sousa\/","title":{"rendered":"Meia do Flamengo, Everton Ribeiro elogia Dorival Jr e manda indireta para Paulo Sousa"},"content":{"rendered":"\n<p>Vivendo excelente fase desde a chegada de Dorival Jr, Everton Ribeiro tem sido um dos pilares do Flamengo nessa arrancada de fim de segunda metade de temporada. Em entrevista ao ge, o meia comentou a subida de crescimento pessoal e do time desde a mudan\u00e7a de treinador e afirmou que agora joga onde mais gosta, diferente do que fazia sob o comando de Paulo Sousa.<\/p>\n\n\n\n<p><em>\u2014 Quando a equipe est\u00e1 mais encaixada, o individual sobressai. Quando o Dorival chegou, procurou me orientar, motivar, cobrar\u2026 isso me ajudou. Eu tenho liberdade para fazer o que mais gosto, que \u00e9 armar a equipe. Me pede tamb\u00e9m para chegar dentro da \u00e1rea. Isso \u00e9 o que eu mais gosto, estar no meio de campo, e isso ajudou muito na minha subida de produ\u00e7\u00e3o<\/em>, disse Everton Ribeiro ao &#8216;Globo Esporte&#8217;.<\/p>\n\n\n\n<p>Com Paulo Sousa, Everton Ribeiro foi deslocado para fazer a ala esquerda e, apesar de algumas boas atua\u00e7\u00f5es, esteve bem abaixo do n\u00edvel atual. Agora, o meia volta a sonhar com uma vaga na lista de 26 convocados para a Copa do Mundo e, para isso, espera manter o desempenho e conquistar t\u00edtulos com o Flamengo.<\/p>\n\n\n\n<p><em>\u2014 Com certeza, nos \u00faltimos anos acho que fiz minha parte e ajudei nas Eliminat\u00f3rias. Esse ano fui convocado em janeiro e pretendo sim estar na Copa, mas sei que tudo passa pelo que eu conseguir fazer pelo Flamengo. Ent\u00e3o, minha concentra\u00e7\u00e3o total \u00e9 para conquistar esses t\u00edtulos e se Deus quiser no fim do ano ser convocado<\/em>, afirmou o camisa 7 do Flamengo.<\/p>\n\n\n\n<p>O Rubro-Negro volta a campo nesta quarta-feira em busca de classifica\u00e7\u00e3o para a semifinal da Copa do Brasil. O time comandado por Dorival Jr enfrenta o Athletico, na Arena da Baixada. Na partida de ida, as equipes empataram em 0x0.<\/p>\n\n\n\n<p>Retirado de: Torcedores<\/p>\n","protected":false},"excerpt":{"rendered":"<p>Vivendo excelente fase desde a chegada de Dorival Jr, Everton Ribeiro tem sido um dos pilares do Flamengo nessa arrancada de fim de segunda metade de temporada. Em entrevista ao ge, o meia comentou a subida de crescimento pessoal e do time desde a mudan\u00e7a de treinador e afirmou que agora joga onde mais gosta, [&hellip;]<\/p>\n","protected":false},"author":1,"featured_media":46703,"comment_status":"open","ping_status":"closed","sticky":false,"template":"","format":"standard","meta":{"footnotes":""},"categories":[47],"tags":[],"class_list":["post-85996","post","type-post","status-publish","format-standard","has-post-thumbnail","hentry","category-destaques"],"yoast_head":"<!-- This site is optimized with the Yoast SEO Premium plugin v24.2 (Yoast SEO v26.9) - https:\/\/yoast.com\/product\/yoast-seo-premium-wordpress\/ -->\n<title>Meia do Flamengo, Everton Ribeiro elogia Dorival Jr e manda indireta para Paulo Sousa<\/title>\n<meta name=\"robots\" content=\"index, follow, max-snippet:-1, max-image-preview:large, max-video-preview:-1\" \/>\n<link rel=\"canonical\" href=\"https:\/\/www.gaveanews.com\/index.php\/2022\/08\/16\/meia-do-flamengo-everton-ribeiro-elogia-dorival-jr-e-manda-indireta-para-paulo-sousa\/\" \/>\n<meta property=\"og:locale\" content=\"pt_BR\" \/>\n<meta property=\"og:type\" content=\"article\" \/>\n<meta property=\"og:title\" content=\"Meia do Flamengo, Everton Ribeiro elogia Dorival Jr e manda indireta para Paulo Sousa\" \/>\n<meta property=\"og:description\" content=\"Vivendo excelente fase desde a chegada de Dorival Jr, Everton Ribeiro tem sido um dos pilares do Flamengo nessa arrancada de fim de segunda metade de temporada. Em entrevista ao ge, o meia comentou a subida de crescimento pessoal e do time desde a mudan\u00e7a de treinador e afirmou que agora joga onde mais gosta, [&hellip;]\" \/>\n<meta property=\"og:url\" content=\"https:\/\/www.gaveanews.com\/index.php\/2022\/08\/16\/meia-do-flamengo-everton-ribeiro-elogia-dorival-jr-e-manda-indireta-para-paulo-sousa\/\" \/>\n<meta property=\"og:site_name\" content=\"G\u00e1vea News\" \/>\n<meta property=\"article:publisher\" content=\"https:\/\/facebook.com\/gaveaNews\/\" \/>\n<meta property=\"article:published_time\" content=\"2022-08-17T00:38:35+00:00\" \/>\n<meta property=\"article:modified_time\" content=\"2022-08-17T00:38:40+00:00\" \/>\n<meta property=\"og:image\" content=\"https:\/\/www.gaveanews.com\/wp-content\/uploads\/Everton-Ribeiro-durante-treinamento-do-Flamengo-no-Ninho-do-Urubu.webp\" \/>\n\t<meta property=\"og:image:width\" content=\"800\" \/>\n\t<meta property=\"og:image:height\" content=\"533\" \/>\n\t<meta property=\"og:image:type\" content=\"image\/jpeg\" \/>\n<meta name=\"author\" content=\"Equipe G\u00e1vea News\" \/>\n<meta name=\"twitter:card\" content=\"summary_large_image\" \/>\n<meta name=\"twitter:label1\" content=\"Escrito por\" \/>\n\t<meta name=\"twitter:data1\" content=\"Equipe G\u00e1vea News\" \/>\n\t<meta name=\"twitter:label2\" content=\"Est. tempo de leitura\" \/>\n\t<meta name=\"twitter:data2\" content=\"2 minutos\" \/>\n<script type=\"application\/ld+json\" class=\"yoast-schema-graph\">{\"@context\":\"https:\/\/schema.org\",\"@graph\":[{\"@type\":\"NewsArticle\",\"@id\":\"https:\/\/www.gaveanews.com\/index.php\/2022\/08\/16\/meia-do-flamengo-everton-ribeiro-elogia-dorival-jr-e-manda-indireta-para-paulo-sousa\/#article\",\"isPartOf\":{\"@id\":\"https:\/\/www.gaveanews.com\/index.php\/2022\/08\/16\/meia-do-flamengo-everton-ribeiro-elogia-dorival-jr-e-manda-indireta-para-paulo-sousa\/\"},\"author\":{\"name\":\"Equipe G\u00e1vea News\",\"@id\":\"https:\/\/www.gaveanews.com\/#\/schema\/person\/2ec14f73fb96be2caf28f91afb14749d\"},\"headline\":\"Meia do Flamengo, Everton Ribeiro elogia Dorival Jr e manda indireta para Paulo Sousa\",\"datePublished\":\"2022-08-17T00:38:35+00:00\",\"dateModified\":\"2022-08-17T00:38:40+00:00\",\"mainEntityOfPage\":{\"@id\":\"https:\/\/www.gaveanews.com\/index.php\/2022\/08\/16\/meia-do-flamengo-everton-ribeiro-elogia-dorival-jr-e-manda-indireta-para-paulo-sousa\/\"},\"wordCount\":317,\"commentCount\":0,\"image\":{\"@id\":\"https:\/\/www.gaveanews.com\/index.php\/2022\/08\/16\/meia-do-flamengo-everton-ribeiro-elogia-dorival-jr-e-manda-indireta-para-paulo-sousa\/#primaryimage\"},\"thumbnailUrl\":\"https:\/\/www.gaveanews.com\/wp-content\/uploads\/Everton-Ribeiro-durante-treinamento-do-Flamengo-no-Ninho-do-Urubu.webp\",\"articleSection\":[\"Destaques\"],\"inLanguage\":\"pt-BR\",\"potentialAction\":[{\"@type\":\"CommentAction\",\"name\":\"Comment\",\"target\":[\"https:\/\/www.gaveanews.com\/index.php\/2022\/08\/16\/meia-do-flamengo-everton-ribeiro-elogia-dorival-jr-e-manda-indireta-para-paulo-sousa\/#respond\"]}],\"copyrightYear\":\"2022\",\"copyrightHolder\":{\"@id\":\"https:\/\/www.gaveanews.com\/#organization\"}},{\"@type\":\"WebPage\",\"@id\":\"https:\/\/www.gaveanews.com\/index.php\/2022\/08\/16\/meia-do-flamengo-everton-ribeiro-elogia-dorival-jr-e-manda-indireta-para-paulo-sousa\/\",\"url\":\"https:\/\/www.gaveanews.com\/index.php\/2022\/08\/16\/meia-do-flamengo-everton-ribeiro-elogia-dorival-jr-e-manda-indireta-para-paulo-sousa\/\",\"name\":\"Meia do Flamengo, Everton Ribeiro elogia Dorival Jr e manda indireta para Paulo Sousa\",\"isPartOf\":{\"@id\":\"https:\/\/www.gaveanews.com\/#website\"},\"primaryImageOfPage\":{\"@id\":\"https:\/\/www.gaveanews.com\/index.php\/2022\/08\/16\/meia-do-flamengo-everton-ribeiro-elogia-dorival-jr-e-manda-indireta-para-paulo-sousa\/#primaryimage\"},\"image\":{\"@id\":\"https:\/\/www.gaveanews.com\/index.php\/2022\/08\/16\/meia-do-flamengo-everton-ribeiro-elogia-dorival-jr-e-manda-indireta-para-paulo-sousa\/#primaryimage\"},\"thumbnailUrl\":\"https:\/\/www.gaveanews.com\/wp-content\/uploads\/Everton-Ribeiro-durante-treinamento-do-Flamengo-no-Ninho-do-Urubu.webp\",\"datePublished\":\"2022-08-17T00:38:35+00:00\",\"dateModified\":\"2022-08-17T00:38:40+00:00\",\"author\":{\"@id\":\"https:\/\/www.gaveanews.com\/#\/schema\/person\/2ec14f73fb96be2caf28f91afb14749d\"},\"breadcrumb\":{\"@id\":\"https:\/\/www.gaveanews.com\/index.php\/2022\/08\/16\/meia-do-flamengo-everton-ribeiro-elogia-dorival-jr-e-manda-indireta-para-paulo-sousa\/#breadcrumb\"},\"inLanguage\":\"pt-BR\",\"potentialAction\":[{\"@type\":\"ReadAction\",\"target\":[\"https:\/\/www.gaveanews.com\/index.php\/2022\/08\/16\/meia-do-flamengo-everton-ribeiro-elogia-dorival-jr-e-manda-indireta-para-paulo-sousa\/\"]}]},{\"@type\":\"ImageObject\",\"inLanguage\":\"pt-BR\",\"@id\":\"https:\/\/www.gaveanews.com\/index.php\/2022\/08\/16\/meia-do-flamengo-everton-ribeiro-elogia-dorival-jr-e-manda-indireta-para-paulo-sousa\/#primaryimage\",\"url\":\"https:\/\/www.gaveanews.com\/wp-content\/uploads\/Everton-Ribeiro-durante-treinamento-do-Flamengo-no-Ninho-do-Urubu.webp\",\"contentUrl\":\"https:\/\/www.gaveanews.com\/wp-content\/uploads\/Everton-Ribeiro-durante-treinamento-do-Flamengo-no-Ninho-do-Urubu.webp\",\"width\":800,\"height\":533,\"caption\":\"Everton Ribeiro durante treinamento do Flamengo no Ninho do Urubu (Foto: Alexandre Vidal\/Flamengo)\"},{\"@type\":\"BreadcrumbList\",\"@id\":\"https:\/\/www.gaveanews.com\/index.php\/2022\/08\/16\/meia-do-flamengo-everton-ribeiro-elogia-dorival-jr-e-manda-indireta-para-paulo-sousa\/#breadcrumb\",\"itemListElement\":[{\"@type\":\"ListItem\",\"position\":1,\"name\":\"Home\",\"item\":\"https:\/\/www.gaveanews.com\/\"},{\"@type\":\"ListItem\",\"position\":2,\"name\":\"Meia do Flamengo, Everton Ribeiro elogia Dorival Jr e manda indireta para Paulo Sousa\"}]},{\"@type\":\"WebSite\",\"@id\":\"https:\/\/www.gaveanews.com\/#website\",\"url\":\"https:\/\/www.gaveanews.com\/\",\"name\":\"G\u00e1vea News\",\"description\":\"Veja todas as not\u00edcias sobre o Flamengo: Contrata\u00e7\u00f5es, categorias de base, resultados das partidas, tabela de classifica\u00e7\u00e3o, pr\u00f3ximos jogos!\",\"potentialAction\":[{\"@type\":\"SearchAction\",\"target\":{\"@type\":\"EntryPoint\",\"urlTemplate\":\"https:\/\/www.gaveanews.com\/?s={search_term_string}\"},\"query-input\":{\"@type\":\"PropertyValueSpecification\",\"valueRequired\":true,\"valueName\":\"search_term_string\"}}],\"inLanguage\":\"pt-BR\"},{\"@type\":\"Person\",\"@id\":\"https:\/\/www.gaveanews.com\/#\/schema\/person\/2ec14f73fb96be2caf28f91afb14749d\",\"name\":\"Equipe G\u00e1vea News\",\"image\":{\"@type\":\"ImageObject\",\"inLanguage\":\"pt-BR\",\"@id\":\"https:\/\/www.gaveanews.com\/#\/schema\/person\/image\/\",\"url\":\"https:\/\/secure.gravatar.com\/avatar\/1e1956f1facbffd3f8fa53a326721950116b3b9dc9bd44939c01180fd4a745a9?s=96&d=mm&r=g\",\"contentUrl\":\"https:\/\/secure.gravatar.com\/avatar\/1e1956f1facbffd3f8fa53a326721950116b3b9dc9bd44939c01180fd4a745a9?s=96&d=mm&r=g\",\"caption\":\"Equipe G\u00e1vea News\"}}]}<\/script>\n<!-- \/ Yoast SEO Premium plugin. -->","yoast_head_json":{"title":"Meia do Flamengo, Everton Ribeiro elogia Dorival Jr e manda indireta para Paulo Sousa","robots":{"index":"index","follow":"follow","max-snippet":"max-snippet:-1","max-image-preview":"max-image-preview:large","max-video-preview":"max-video-preview:-1"},"canonical":"https:\/\/www.gaveanews.com\/index.php\/2022\/08\/16\/meia-do-flamengo-everton-ribeiro-elogia-dorival-jr-e-manda-indireta-para-paulo-sousa\/","og_locale":"pt_BR","og_type":"article","og_title":"Meia do Flamengo, Everton Ribeiro elogia Dorival Jr e manda indireta para Paulo Sousa","og_description":"Vivendo excelente fase desde a chegada de Dorival Jr, Everton Ribeiro tem sido um dos pilares do Flamengo nessa arrancada de fim de segunda metade de temporada. Em entrevista ao ge, o meia comentou a subida de crescimento pessoal e do time desde a mudan\u00e7a de treinador e afirmou que agora joga onde mais gosta, [&hellip;]","og_url":"https:\/\/www.gaveanews.com\/index.php\/2022\/08\/16\/meia-do-flamengo-everton-ribeiro-elogia-dorival-jr-e-manda-indireta-para-paulo-sousa\/","og_site_name":"G\u00e1vea News","article_publisher":"https:\/\/facebook.com\/gaveaNews\/","article_published_time":"2022-08-17T00:38:35+00:00","article_modified_time":"2022-08-17T00:38:40+00:00","og_image":[{"width":800,"height":533,"url":"https:\/\/www.gaveanews.com\/wp-content\/uploads\/Everton-Ribeiro-durante-treinamento-do-Flamengo-no-Ninho-do-Urubu.webp","type":"image\/jpeg"}],"author":"Equipe G\u00e1vea News","twitter_card":"summary_large_image","twitter_misc":{"Escrito por":"Equipe G\u00e1vea News","Est. tempo de leitura":"2 minutos"},"schema":{"@context":"https:\/\/schema.org","@graph":[{"@type":"NewsArticle","@id":"https:\/\/www.gaveanews.com\/index.php\/2022\/08\/16\/meia-do-flamengo-everton-ribeiro-elogia-dorival-jr-e-manda-indireta-para-paulo-sousa\/#article","isPartOf":{"@id":"https:\/\/www.gaveanews.com\/index.php\/2022\/08\/16\/meia-do-flamengo-everton-ribeiro-elogia-dorival-jr-e-manda-indireta-para-paulo-sousa\/"},"author":{"name":"Equipe G\u00e1vea News","@id":"https:\/\/www.gaveanews.com\/#\/schema\/person\/2ec14f73fb96be2caf28f91afb14749d"},"headline":"Meia do Flamengo, Everton Ribeiro elogia Dorival Jr e manda indireta para Paulo Sousa","datePublished":"2022-08-17T00:38:35+00:00","dateModified":"2022-08-17T00:38:40+00:00","mainEntityOfPage":{"@id":"https:\/\/www.gaveanews.com\/index.php\/2022\/08\/16\/meia-do-flamengo-everton-ribeiro-elogia-dorival-jr-e-manda-indireta-para-paulo-sousa\/"},"wordCount":317,"commentCount":0,"image":{"@id":"https:\/\/www.gaveanews.com\/index.php\/2022\/08\/16\/meia-do-flamengo-everton-ribeiro-elogia-dorival-jr-e-manda-indireta-para-paulo-sousa\/#primaryimage"},"thumbnailUrl":"https:\/\/www.gaveanews.com\/wp-content\/uploads\/Everton-Ribeiro-durante-treinamento-do-Flamengo-no-Ninho-do-Urubu.webp","articleSection":["Destaques"],"inLanguage":"pt-BR","potentialAction":[{"@type":"CommentAction","name":"Comment","target":["https:\/\/www.gaveanews.com\/index.php\/2022\/08\/16\/meia-do-flamengo-everton-ribeiro-elogia-dorival-jr-e-manda-indireta-para-paulo-sousa\/#respond"]}],"copyrightYear":"2022","copyrightHolder":{"@id":"https:\/\/www.gaveanews.com\/#organization"}},{"@type":"WebPage","@id":"https:\/\/www.gaveanews.com\/index.php\/2022\/08\/16\/meia-do-flamengo-everton-ribeiro-elogia-dorival-jr-e-manda-indireta-para-paulo-sousa\/","url":"https:\/\/www.gaveanews.com\/index.php\/2022\/08\/16\/meia-do-flamengo-everton-ribeiro-elogia-dorival-jr-e-manda-indireta-para-paulo-sousa\/","name":"Meia do Flamengo, Everton Ribeiro elogia Dorival Jr e manda indireta para Paulo Sousa","isPartOf":{"@id":"https:\/\/www.gaveanews.com\/#website"},"primaryImageOfPage":{"@id":"https:\/\/www.gaveanews.com\/index.php\/2022\/08\/16\/meia-do-flamengo-everton-ribeiro-elogia-dorival-jr-e-manda-indireta-para-paulo-sousa\/#primaryimage"},"image":{"@id":"https:\/\/www.gaveanews.com\/index.php\/2022\/08\/16\/meia-do-flamengo-everton-ribeiro-elogia-dorival-jr-e-manda-indireta-para-paulo-sousa\/#primaryimage"},"thumbnailUrl":"https:\/\/www.gaveanews.com\/wp-content\/uploads\/Everton-Ribeiro-durante-treinamento-do-Flamengo-no-Ninho-do-Urubu.webp","datePublished":"2022-08-17T00:38:35+00:00","dateModified":"2022-08-17T00:38:40+00:00","author":{"@id":"https:\/\/www.gaveanews.com\/#\/schema\/person\/2ec14f73fb96be2caf28f91afb14749d"},"breadcrumb":{"@id":"https:\/\/www.gaveanews.com\/index.php\/2022\/08\/16\/meia-do-flamengo-everton-ribeiro-elogia-dorival-jr-e-manda-indireta-para-paulo-sousa\/#breadcrumb"},"inLanguage":"pt-BR","potentialAction":[{"@type":"ReadAction","target":["https:\/\/www.gaveanews.com\/index.php\/2022\/08\/16\/meia-do-flamengo-everton-ribeiro-elogia-dorival-jr-e-manda-indireta-para-paulo-sousa\/"]}]},{"@type":"ImageObject","inLanguage":"pt-BR","@id":"https:\/\/www.gaveanews.com\/index.php\/2022\/08\/16\/meia-do-flamengo-everton-ribeiro-elogia-dorival-jr-e-manda-indireta-para-paulo-sousa\/#primaryimage","url":"https:\/\/www.gaveanews.com\/wp-content\/uploads\/Everton-Ribeiro-durante-treinamento-do-Flamengo-no-Ninho-do-Urubu.webp","contentUrl":"https:\/\/www.gaveanews.com\/wp-content\/uploads\/Everton-Ribeiro-durante-treinamento-do-Flamengo-no-Ninho-do-Urubu.webp","width":800,"height":533,"caption":"Everton Ribeiro durante treinamento do Flamengo no Ninho do Urubu (Foto: Alexandre Vidal\/Flamengo)"},{"@type":"BreadcrumbList","@id":"https:\/\/www.gaveanews.com\/index.php\/2022\/08\/16\/meia-do-flamengo-everton-ribeiro-elogia-dorival-jr-e-manda-indireta-para-paulo-sousa\/#breadcrumb","itemListElement":[{"@type":"ListItem","position":1,"name":"Home","item":"https:\/\/www.gaveanews.com\/"},{"@type":"ListItem","position":2,"name":"Meia do Flamengo, Everton Ribeiro elogia Dorival Jr e manda indireta para Paulo Sousa"}]},{"@type":"WebSite","@id":"https:\/\/www.gaveanews.com\/#website","url":"https:\/\/www.gaveanews.com\/","name":"G\u00e1vea News","description":"Veja todas as not\u00edcias sobre o Flamengo: Contrata\u00e7\u00f5es, categorias de base, resultados das partidas, tabela de classifica\u00e7\u00e3o, pr\u00f3ximos jogos!","potentialAction":[{"@type":"SearchAction","target":{"@type":"EntryPoint","urlTemplate":"https:\/\/www.gaveanews.com\/?s={search_term_string}"},"query-input":{"@type":"PropertyValueSpecification","valueRequired":true,"valueName":"search_term_string"}}],"inLanguage":"pt-BR"},{"@type":"Person","@id":"https:\/\/www.gaveanews.com\/#\/schema\/person\/2ec14f73fb96be2caf28f91afb14749d","name":"Equipe G\u00e1vea News","image":{"@type":"ImageObject","inLanguage":"pt-BR","@id":"https:\/\/www.gaveanews.com\/#\/schema\/person\/image\/","url":"https:\/\/secure.gravatar.com\/avatar\/1e1956f1facbffd3f8fa53a326721950116b3b9dc9bd44939c01180fd4a745a9?s=96&d=mm&r=g","contentUrl":"https:\/\/secure.gravatar.com\/avatar\/1e1956f1facbffd3f8fa53a326721950116b3b9dc9bd44939c01180fd4a745a9?s=96&d=mm&r=g","caption":"Equipe G\u00e1vea News"}}]}},"_links":{"self":[{"href":"https:\/\/www.gaveanews.com\/index.php\/wp-json\/wp\/v2\/posts\/85996","targetHints":{"allow":["GET"]}}],"collection":[{"href":"https:\/\/www.gaveanews.com\/index.php\/wp-json\/wp\/v2\/posts"}],"about":[{"href":"https:\/\/www.gaveanews.com\/index.php\/wp-json\/wp\/v2\/types\/post"}],"author":[{"embeddable":true,"href":"https:\/\/www.gaveanews.com\/index.php\/wp-json\/wp\/v2\/users\/1"}],"replies":[{"embeddable":true,"href":"https:\/\/www.gaveanews.com\/index.php\/wp-json\/wp\/v2\/comments?post=85996"}],"version-history":[{"count":0,"href":"https:\/\/www.gaveanews.com\/index.php\/wp-json\/wp\/v2\/posts\/85996\/revisions"}],"wp:featuredmedia":[{"embeddable":true,"href":"https:\/\/www.gaveanews.com\/index.php\/wp-json\/wp\/v2\/media\/46703"}],"wp:attachment":[{"href":"https:\/\/www.gaveanews.com\/index.php\/wp-json\/wp\/v2\/media?parent=85996"}],"wp:term":[{"taxonomy":"category","embeddable":true,"href":"https:\/\/www.gaveanews.com\/index.php\/wp-json\/wp\/v2\/categories?post=85996"},{"taxonomy":"post_tag","embeddable":true,"href":"https:\/\/www.gaveanews.com\/index.php\/wp-json\/wp\/v2\/tags?post=85996"}],"curies":[{"name":"wp","href":"https:\/\/api.w.org\/{rel}","templated":true}]}}